{"id":15124,"date":"2022-05-10T20:10:15","date_gmt":"2022-05-10T20:10:15","guid":{"rendered":"https:\/\/roz.si\/?p=15124"},"modified":"2023-02-04T18:25:59","modified_gmt":"2023-02-04T18:25:59","slug":"obmejne-pesmi-grenzgesange-2","status":"publish","type":"post","link":"https:\/\/roz.si\/de\/news\/zenski-zbor-roz\/obmejne-pesmi-grenzgesange-2\/","title":{"rendered":"OBMEJNE PESMI \/ GRENZGES\u00c4NGE"},"content":{"rendered":"<p>[vc_row][vc_column]<a itemprop=\"url\" href=\"https:\/\/docs.google.com\/forms\/d\/18BmIsSg8xJXx_WFWTEmNGpsLtTmSzQkRgqrOvTnTpk0\/prefill\" target=\"_self\" style=\"color: #ffffff;background-color: #f18f2d;font-weight: 700\" class=\"mkdf-btn mkdf-btn-large mkdf-btn-solid mkdf-btn-custom-hover-color mkdf-btn-animation\" data-hover-color=\"#f27900\" >\n\t\t<span class=\"mkdf-btn-text\">Rezervacija vstopnic \/ Kartenreservierung<\/span>\n    <\/a>[vc_empty_space][vc_column_text]<\/p>\n<blockquote><p>\u00bbMi pa ho\u010demo govoriti o mejah,<br \/>\npa \u010detudi gredo skozi vsako besedo &#8230;\u00ab<\/p>\n<p><em><strong>Ingeborg Bachmann<\/strong><\/em><\/p><\/blockquote>\n<p>HRNC_GRNZ Obmejne pesmi_Grenzges\u00e4nge\u00a0je tretji stilni koncert \u017dPZ Ro\u017e in prvi, ki ga je s 25 pevkami\u00a0na\u0161tudiral dirigent \u017diga Kert. Prvotno je bil na\u010drtovan kot\u00a0zaklju\u010dek spominskega leta ob 100 letnici koro\u0161kega\u00a0plebiscita \u2013 CarinthiJa 2020, pri katerem je dru\u0161tvo Ro\u017e\u00a0sodelovalo s projektom HRANCA_GRENZ.<\/p>\n<p>Kon\u010dno lahko zbor javnosti predstavi 14 pesmi, ki so bile\u00a0posebej zato napisane, nekaj pa si jih je tudi \u00bbsposodil\u00ab\u00a0od pesnic in pesnikov, ker so bile kot narejene v ta namen.\u00a0Vse pesmi pa so na novo uglasbene in prirejene.<\/p>\n<p>&nbsp;<\/p>\n<blockquote><p>\u00bbAll die Hu\u0308gel und T\u00e4ler hat die Linie zerteilt \u2013<br \/>\ndie erfundene, unsichtbare \u2013 alles in zwei H\u00e4lften geteilt\u00ab<\/p>\n<p><em><strong>Nejc Sajovic<\/strong><\/em><\/p><\/blockquote>\n<p>HRNC_GRNZ Obmejne pesmi_Grenzges\u00e4nge\u00a0ist das dritte Konzert des Frauenchores \u017dPZ Ro\u017e und\u00a0das erste, das die S\u00e4ngerinnen mit dem Chorleiter \u017diga\u00a0Kert einstudiert haben. Geplant war es als Abschluss von\u00a0HRANCA_GRENZ, einem Projekt des Slowenischen\u00a0Kulturvereines Ro\u017e im Rahmen von CarinthiJa 2020 \u2013\u00a0100 Jahre K\u00e4rntner Volksabstimmung, musste jedoch\u00a0wegen der Pandemie verschoben werden.<\/p>\n<p>Nun aber stellt der Chor 14 Lieder vor, die zu diesem\u00a0Anlass getextet und komponiert wurden oder die thematisch\u00a0dazu passen.[\/vc_column_text][vc_empty_space][\/vc_column][\/vc_row][vc_row][vc_column][vc_gallery interval=&#8220;3&#8243; images=&#8220;15125,15139,15133,15127,15129,15131,15137,15135,15143,15141&#8243;][vc_empty_space][vc_message message_box_style=&#8220;solid&#8220; style=&#8220;square&#8220; message_box_color=&#8220;danger&#8220;]<strong>Prireditve bodo potekale ob upo\u0161tevanju veljavnih pravil v povezavi s Covid-19.\u00a0Die Veranstaltungen finden unter Einhaltung der jeweils gu\u0308ltigen Covid-19-Bestimmungen statt.<\/strong>[\/vc_message][\/vc_column][\/vc_row]<\/p>\n","protected":false},"excerpt":{"rendered":"<p>[vc_row][vc_column][vc_empty_space][vc_column_text] \u00bbMi pa ho\u010demo govoriti o mejah, pa \u010detudi gredo skozi vsako besedo &#8230;\u00ab Ingeborg Bachmann HRNC_GRNZ Obmejne pesmi_Grenzges\u00e4nge\u00a0je tretji stilni koncert \u017dPZ Ro\u017e in prvi, ki ga je s 25 pevkami\u00a0na\u0161tudiral dirigent \u017diga Kert. Prvotno je bil na\u010drtovan kot\u00a0zaklju\u010dek spominskega leta ob 100 letnici koro\u0161kega\u00a0plebiscita \u2013 CarinthiJa 2020, pri katerem je dru\u0161tvo Ro\u017e\u00a0sodelovalo s projektom HRANCA_GRENZ. Kon\u010dno [&hellip;]<\/p>\n","protected":false},"author":2,"featured_media":15145,"comment_status":"open","ping_status":"open","sticky":false,"template":"","format":"standard","meta":{"_acf_changed":false,"footnotes":""},"categories":[56,57],"tags":[96,62],"class_list":["post-15124","post","type-post","status-publish","format-standard","has-post-thumbnail","hentry","category-roz","category-zenski-zbor-roz","tag-hranca_-_grenz","tag-koncert"],"acf":[],"yoast_head":"<!-- This site is optimized with the Yoast SEO plugin v24.8.1 - https:\/\/yoast.com\/wordpress\/plugins\/seo\/ -->\n<title>OBMEJNE PESMI \/ GRENZGES\u00c4NGE - RO\u017d - Slovensko prosvetno dru\u0161tvo<\/title>\n<meta name=\"robots\" content=\"index, follow, max-snippet:-1, max-image-preview:large, max-video-preview:-1\" \/>\n<link rel=\"canonical\" href=\"https:\/\/roz.si\/news\/zenski-zbor-roz\/obmejne-pesmi-grenzgesange-2\/\" \/>\n<meta property=\"og:locale\" content=\"de_DE\" \/>\n<meta property=\"og:type\" content=\"article\" \/>\n<meta property=\"og:title\" content=\"OBMEJNE PESMI \/ GRENZGES\u00c4NGE - RO\u017d - Slovensko prosvetno dru\u0161tvo\" \/>\n<meta property=\"og:description\" content=\"[vc_row][vc_column][vc_empty_space][vc_column_text] \u00bbMi pa ho\u010demo govoriti o mejah, pa \u010detudi gredo skozi vsako besedo &#8230;\u00ab Ingeborg Bachmann HRNC_GRNZ Obmejne pesmi_Grenzges\u00e4nge\u00a0je tretji stilni koncert \u017dPZ Ro\u017e in prvi, ki ga je s 25 pevkami\u00a0na\u0161tudiral dirigent \u017diga Kert. Prvotno je bil na\u010drtovan kot\u00a0zaklju\u010dek spominskega leta ob 100 letnici koro\u0161kega\u00a0plebiscita \u2013 CarinthiJa 2020, pri katerem je dru\u0161tvo Ro\u017e\u00a0sodelovalo s projektom HRANCA_GRENZ. Kon\u010dno [&hellip;]\" \/>\n<meta property=\"og:url\" content=\"https:\/\/roz.si\/news\/zenski-zbor-roz\/obmejne-pesmi-grenzgesange-2\/\" \/>\n<meta property=\"og:site_name\" content=\"RO\u017d - Slovensko prosvetno dru\u0161tvo\" \/>\n<meta property=\"article:published_time\" content=\"2022-05-10T20:10:15+00:00\" \/>\n<meta property=\"article:modified_time\" content=\"2023-02-04T18:25:59+00:00\" \/>\n<meta name=\"author\" content=\"Niko Me\u010dina\" \/>\n<meta name=\"twitter:card\" content=\"summary_large_image\" \/>\n<meta name=\"twitter:label1\" content=\"Verfasst von\" \/>\n\t<meta name=\"twitter:data1\" content=\"Niko Me\u010dina\" \/>\n\t<meta name=\"twitter:label2\" content=\"Gesch\u00e4tzte Lesezeit\" \/>\n\t<meta name=\"twitter:data2\" content=\"2\u00a0Minuten\" \/>\n<script type=\"application\/ld+json\" class=\"yoast-schema-graph\">{\"@context\":\"https:\/\/schema.org\",\"@graph\":[{\"@type\":\"Article\",\"@id\":\"https:\/\/roz.si\/news\/zenski-zbor-roz\/obmejne-pesmi-grenzgesange-2\/#article\",\"isPartOf\":{\"@id\":\"https:\/\/roz.si\/news\/zenski-zbor-roz\/obmejne-pesmi-grenzgesange-2\/\"},\"author\":{\"name\":\"Niko Me\u010dina\",\"@id\":\"https:\/\/roz.si\/#\/schema\/person\/7ec521d5c300eaecec30cb8406841442\"},\"headline\":\"OBMEJNE PESMI \/ GRENZGES\u00c4NGE\",\"datePublished\":\"2022-05-10T20:10:15+00:00\",\"dateModified\":\"2023-02-04T18:25:59+00:00\",\"mainEntityOfPage\":{\"@id\":\"https:\/\/roz.si\/news\/zenski-zbor-roz\/obmejne-pesmi-grenzgesange-2\/\"},\"wordCount\":321,\"commentCount\":0,\"publisher\":{\"@id\":\"https:\/\/roz.si\/#organization\"},\"image\":{\"@id\":\"https:\/\/roz.si\/news\/zenski-zbor-roz\/obmejne-pesmi-grenzgesange-2\/#primaryimage\"},\"thumbnailUrl\":\"https:\/\/roz.si\/wp-content\/uploads\/2022\/05\/2022_05_07_letak-pdf.jpg\",\"keywords\":[\"HRANCA_ . _GRENZ\",\"Koncert\"],\"articleSection\":[\"ro\u017e\",\"\u017eenski zbor ro\u017e\"],\"inLanguage\":\"de\",\"potentialAction\":[{\"@type\":\"CommentAction\",\"name\":\"Comment\",\"target\":[\"https:\/\/roz.si\/news\/zenski-zbor-roz\/obmejne-pesmi-grenzgesange-2\/#respond\"]}]},{\"@type\":\"WebPage\",\"@id\":\"https:\/\/roz.si\/news\/zenski-zbor-roz\/obmejne-pesmi-grenzgesange-2\/\",\"url\":\"https:\/\/roz.si\/news\/zenski-zbor-roz\/obmejne-pesmi-grenzgesange-2\/\",\"name\":\"OBMEJNE PESMI \/ GRENZGES\u00c4NGE - RO\u017d - Slovensko prosvetno dru\u0161tvo\",\"isPartOf\":{\"@id\":\"https:\/\/roz.si\/#website\"},\"primaryImageOfPage\":{\"@id\":\"https:\/\/roz.si\/news\/zenski-zbor-roz\/obmejne-pesmi-grenzgesange-2\/#primaryimage\"},\"image\":{\"@id\":\"https:\/\/roz.si\/news\/zenski-zbor-roz\/obmejne-pesmi-grenzgesange-2\/#primaryimage\"},\"thumbnailUrl\":\"https:\/\/roz.si\/wp-content\/uploads\/2022\/05\/2022_05_07_letak-pdf.jpg\",\"datePublished\":\"2022-05-10T20:10:15+00:00\",\"dateModified\":\"2023-02-04T18:25:59+00:00\",\"breadcrumb\":{\"@id\":\"https:\/\/roz.si\/news\/zenski-zbor-roz\/obmejne-pesmi-grenzgesange-2\/#breadcrumb\"},\"inLanguage\":\"de\",\"potentialAction\":[{\"@type\":\"ReadAction\",\"target\":[\"https:\/\/roz.si\/news\/zenski-zbor-roz\/obmejne-pesmi-grenzgesange-2\/\"]}]},{\"@type\":\"ImageObject\",\"inLanguage\":\"de\",\"@id\":\"https:\/\/roz.si\/news\/zenski-zbor-roz\/obmejne-pesmi-grenzgesange-2\/#primaryimage\",\"url\":\"https:\/\/roz.si\/wp-content\/uploads\/2022\/05\/2022_05_07_letak-pdf.jpg\",\"contentUrl\":\"https:\/\/roz.si\/wp-content\/uploads\/2022\/05\/2022_05_07_letak-pdf.jpg\"},{\"@type\":\"BreadcrumbList\",\"@id\":\"https:\/\/roz.si\/news\/zenski-zbor-roz\/obmejne-pesmi-grenzgesange-2\/#breadcrumb\",\"itemListElement\":[{\"@type\":\"ListItem\",\"position\":1,\"name\":\"Home\",\"item\":\"https:\/\/roz.si\/de\/\"},{\"@type\":\"ListItem\",\"position\":2,\"name\":\"OBMEJNE PESMI \/ GRENZGES\u00c4NGE\"}]},{\"@type\":\"WebSite\",\"@id\":\"https:\/\/roz.si\/#website\",\"url\":\"https:\/\/roz.si\/\",\"name\":\"RO\u017d - Slovensko prosvetno dru\u0161tvo\",\"description\":\"Slovensko prosvetno dru\u0161tvo Ro\u017e\",\"publisher\":{\"@id\":\"https:\/\/roz.si\/#organization\"},\"potentialAction\":[{\"@type\":\"SearchAction\",\"target\":{\"@type\":\"EntryPoint\",\"urlTemplate\":\"https:\/\/roz.si\/?s={search_term_string}\"},\"query-input\":{\"@type\":\"PropertyValueSpecification\",\"valueRequired\":true,\"valueName\":\"search_term_string\"}}],\"inLanguage\":\"de\"},{\"@type\":\"Organization\",\"@id\":\"https:\/\/roz.si\/#organization\",\"name\":\"RO\u017d - Slovensko prosvetno dru\u0161tvo\",\"url\":\"https:\/\/roz.si\/\",\"logo\":{\"@type\":\"ImageObject\",\"inLanguage\":\"de\",\"@id\":\"https:\/\/roz.si\/#\/schema\/logo\/image\/\",\"url\":\"https:\/\/roz.si\/wp-content\/uploads\/2022\/11\/ROZ_logo.ico\",\"contentUrl\":\"https:\/\/roz.si\/wp-content\/uploads\/2022\/11\/ROZ_logo.ico\",\"width\":199,\"height\":120,\"caption\":\"RO\u017d - Slovensko prosvetno dru\u0161tvo\"},\"image\":{\"@id\":\"https:\/\/roz.si\/#\/schema\/logo\/image\/\"}},{\"@type\":\"Person\",\"@id\":\"https:\/\/roz.si\/#\/schema\/person\/7ec521d5c300eaecec30cb8406841442\",\"name\":\"Niko Me\u010dina\",\"image\":{\"@type\":\"ImageObject\",\"inLanguage\":\"de\",\"@id\":\"https:\/\/roz.si\/#\/schema\/person\/image\/\",\"url\":\"https:\/\/secure.gravatar.com\/avatar\/63374db749f9ba5cd882f0f67e2241eef1ff48a30adac2b8e6a640b362da3598?s=96&d=mm&r=g\",\"contentUrl\":\"https:\/\/secure.gravatar.com\/avatar\/63374db749f9ba5cd882f0f67e2241eef1ff48a30adac2b8e6a640b362da3598?s=96&d=mm&r=g\",\"caption\":\"Niko Me\u010dina\"},\"url\":\"https:\/\/roz.si\/de\/author\/niko-mecinagmx-at\/\"}]}<\/script>\n<!-- \/ Yoast SEO plugin. -->","yoast_head_json":{"title":"OBMEJNE PESMI \/ GRENZGES\u00c4NGE - RO\u017d - Slovensko prosvetno dru\u0161tvo","robots":{"index":"index","follow":"follow","max-snippet":"max-snippet:-1","max-image-preview":"max-image-preview:large","max-video-preview":"max-video-preview:-1"},"canonical":"https:\/\/roz.si\/news\/zenski-zbor-roz\/obmejne-pesmi-grenzgesange-2\/","og_locale":"de_DE","og_type":"article","og_title":"OBMEJNE PESMI \/ GRENZGES\u00c4NGE - RO\u017d - Slovensko prosvetno dru\u0161tvo","og_description":"[vc_row][vc_column][vc_empty_space][vc_column_text] \u00bbMi pa ho\u010demo govoriti o mejah, pa \u010detudi gredo skozi vsako besedo &#8230;\u00ab Ingeborg Bachmann HRNC_GRNZ Obmejne pesmi_Grenzges\u00e4nge\u00a0je tretji stilni koncert \u017dPZ Ro\u017e in prvi, ki ga je s 25 pevkami\u00a0na\u0161tudiral dirigent \u017diga Kert. Prvotno je bil na\u010drtovan kot\u00a0zaklju\u010dek spominskega leta ob 100 letnici koro\u0161kega\u00a0plebiscita \u2013 CarinthiJa 2020, pri katerem je dru\u0161tvo Ro\u017e\u00a0sodelovalo s projektom HRANCA_GRENZ. Kon\u010dno [&hellip;]","og_url":"https:\/\/roz.si\/news\/zenski-zbor-roz\/obmejne-pesmi-grenzgesange-2\/","og_site_name":"RO\u017d - Slovensko prosvetno dru\u0161tvo","article_published_time":"2022-05-10T20:10:15+00:00","article_modified_time":"2023-02-04T18:25:59+00:00","author":"Niko Me\u010dina","twitter_card":"summary_large_image","twitter_misc":{"Verfasst von":"Niko Me\u010dina","Gesch\u00e4tzte Lesezeit":"2\u00a0Minuten"},"schema":{"@context":"https:\/\/schema.org","@graph":[{"@type":"Article","@id":"https:\/\/roz.si\/news\/zenski-zbor-roz\/obmejne-pesmi-grenzgesange-2\/#article","isPartOf":{"@id":"https:\/\/roz.si\/news\/zenski-zbor-roz\/obmejne-pesmi-grenzgesange-2\/"},"author":{"name":"Niko Me\u010dina","@id":"https:\/\/roz.si\/#\/schema\/person\/7ec521d5c300eaecec30cb8406841442"},"headline":"OBMEJNE PESMI \/ GRENZGES\u00c4NGE","datePublished":"2022-05-10T20:10:15+00:00","dateModified":"2023-02-04T18:25:59+00:00","mainEntityOfPage":{"@id":"https:\/\/roz.si\/news\/zenski-zbor-roz\/obmejne-pesmi-grenzgesange-2\/"},"wordCount":321,"commentCount":0,"publisher":{"@id":"https:\/\/roz.si\/#organization"},"image":{"@id":"https:\/\/roz.si\/news\/zenski-zbor-roz\/obmejne-pesmi-grenzgesange-2\/#primaryimage"},"thumbnailUrl":"https:\/\/roz.si\/wp-content\/uploads\/2022\/05\/2022_05_07_letak-pdf.jpg","keywords":["HRANCA_ . _GRENZ","Koncert"],"articleSection":["ro\u017e","\u017eenski zbor ro\u017e"],"inLanguage":"de","potentialAction":[{"@type":"CommentAction","name":"Comment","target":["https:\/\/roz.si\/news\/zenski-zbor-roz\/obmejne-pesmi-grenzgesange-2\/#respond"]}]},{"@type":"WebPage","@id":"https:\/\/roz.si\/news\/zenski-zbor-roz\/obmejne-pesmi-grenzgesange-2\/","url":"https:\/\/roz.si\/news\/zenski-zbor-roz\/obmejne-pesmi-grenzgesange-2\/","name":"OBMEJNE PESMI \/ GRENZGES\u00c4NGE - RO\u017d - Slovensko prosvetno dru\u0161tvo","isPartOf":{"@id":"https:\/\/roz.si\/#website"},"primaryImageOfPage":{"@id":"https:\/\/roz.si\/news\/zenski-zbor-roz\/obmejne-pesmi-grenzgesange-2\/#primaryimage"},"image":{"@id":"https:\/\/roz.si\/news\/zenski-zbor-roz\/obmejne-pesmi-grenzgesange-2\/#primaryimage"},"thumbnailUrl":"https:\/\/roz.si\/wp-content\/uploads\/2022\/05\/2022_05_07_letak-pdf.jpg","datePublished":"2022-05-10T20:10:15+00:00","dateModified":"2023-02-04T18:25:59+00:00","breadcrumb":{"@id":"https:\/\/roz.si\/news\/zenski-zbor-roz\/obmejne-pesmi-grenzgesange-2\/#breadcrumb"},"inLanguage":"de","potentialAction":[{"@type":"ReadAction","target":["https:\/\/roz.si\/news\/zenski-zbor-roz\/obmejne-pesmi-grenzgesange-2\/"]}]},{"@type":"ImageObject","inLanguage":"de","@id":"https:\/\/roz.si\/news\/zenski-zbor-roz\/obmejne-pesmi-grenzgesange-2\/#primaryimage","url":"https:\/\/roz.si\/wp-content\/uploads\/2022\/05\/2022_05_07_letak-pdf.jpg","contentUrl":"https:\/\/roz.si\/wp-content\/uploads\/2022\/05\/2022_05_07_letak-pdf.jpg"},{"@type":"BreadcrumbList","@id":"https:\/\/roz.si\/news\/zenski-zbor-roz\/obmejne-pesmi-grenzgesange-2\/#breadcrumb","itemListElement":[{"@type":"ListItem","position":1,"name":"Home","item":"https:\/\/roz.si\/de\/"},{"@type":"ListItem","position":2,"name":"OBMEJNE PESMI \/ GRENZGES\u00c4NGE"}]},{"@type":"WebSite","@id":"https:\/\/roz.si\/#website","url":"https:\/\/roz.si\/","name":"RO\u017d - Slovensko prosvetno dru\u0161tvo","description":"Slovensko prosvetno dru\u0161tvo Ro\u017e","publisher":{"@id":"https:\/\/roz.si\/#organization"},"potentialAction":[{"@type":"SearchAction","target":{"@type":"EntryPoint","urlTemplate":"https:\/\/roz.si\/?s={search_term_string}"},"query-input":{"@type":"PropertyValueSpecification","valueRequired":true,"valueName":"search_term_string"}}],"inLanguage":"de"},{"@type":"Organization","@id":"https:\/\/roz.si\/#organization","name":"RO\u017d - Slovensko prosvetno dru\u0161tvo","url":"https:\/\/roz.si\/","logo":{"@type":"ImageObject","inLanguage":"de","@id":"https:\/\/roz.si\/#\/schema\/logo\/image\/","url":"https:\/\/roz.si\/wp-content\/uploads\/2022\/11\/ROZ_logo.ico","contentUrl":"https:\/\/roz.si\/wp-content\/uploads\/2022\/11\/ROZ_logo.ico","width":199,"height":120,"caption":"RO\u017d - Slovensko prosvetno dru\u0161tvo"},"image":{"@id":"https:\/\/roz.si\/#\/schema\/logo\/image\/"}},{"@type":"Person","@id":"https:\/\/roz.si\/#\/schema\/person\/7ec521d5c300eaecec30cb8406841442","name":"Niko Me\u010dina","image":{"@type":"ImageObject","inLanguage":"de","@id":"https:\/\/roz.si\/#\/schema\/person\/image\/","url":"https:\/\/secure.gravatar.com\/avatar\/63374db749f9ba5cd882f0f67e2241eef1ff48a30adac2b8e6a640b362da3598?s=96&d=mm&r=g","contentUrl":"https:\/\/secure.gravatar.com\/avatar\/63374db749f9ba5cd882f0f67e2241eef1ff48a30adac2b8e6a640b362da3598?s=96&d=mm&r=g","caption":"Niko Me\u010dina"},"url":"https:\/\/roz.si\/de\/author\/niko-mecinagmx-at\/"}]}},"_links":{"self":[{"href":"https:\/\/roz.si\/de\/wp-json\/wp\/v2\/posts\/15124","targetHints":{"allow":["GET"]}}],"collection":[{"href":"https:\/\/roz.si\/de\/wp-json\/wp\/v2\/posts"}],"about":[{"href":"https:\/\/roz.si\/de\/wp-json\/wp\/v2\/types\/post"}],"author":[{"embeddable":true,"href":"https:\/\/roz.si\/de\/wp-json\/wp\/v2\/users\/2"}],"replies":[{"embeddable":true,"href":"https:\/\/roz.si\/de\/wp-json\/wp\/v2\/comments?post=15124"}],"version-history":[{"count":3,"href":"https:\/\/roz.si\/de\/wp-json\/wp\/v2\/posts\/15124\/revisions"}],"predecessor-version":[{"id":15675,"href":"https:\/\/roz.si\/de\/wp-json\/wp\/v2\/posts\/15124\/revisions\/15675"}],"wp:featuredmedia":[{"embeddable":true,"href":"https:\/\/roz.si\/de\/wp-json\/wp\/v2\/media\/15145"}],"wp:attachment":[{"href":"https:\/\/roz.si\/de\/wp-json\/wp\/v2\/media?parent=15124"}],"wp:term":[{"taxonomy":"category","embeddable":true,"href":"https:\/\/roz.si\/de\/wp-json\/wp\/v2\/categories?post=15124"},{"taxonomy":"post_tag","embeddable":true,"href":"https:\/\/roz.si\/de\/wp-json\/wp\/v2\/tags?post=15124"}],"curies":[{"name":"wp","href":"https:\/\/api.w.org\/{rel}","templated":true}]}}