{"id":15900,"date":"2023-07-10T19:33:10","date_gmt":"2023-07-10T19:33:10","guid":{"rendered":"https:\/\/roz.si\/?p=15900"},"modified":"2023-07-15T09:38:06","modified_gmt":"2023-07-15T09:38:06","slug":"kino-na-horici-im-hof-3","status":"publish","type":"post","link":"https:\/\/roz.si\/news\/roz\/kino-na-horici-im-hof-3\/","title":{"rendered":"KINO NA HORICI . IM HOF"},"content":{"rendered":"<p>[vc_row][vc_column][vc_single_image image=&#8220;15903&#8243; img_size=&#8220;full&#8220; alignment=&#8220;center&#8220;][\/vc_column][\/vc_row][vc_row][vc_column][vc_empty_space][\/vc_column][\/vc_row][vc_row][vc_column][vc_single_image image=&#8220;15915&#8243; img_size=&#8220;full&#8220; alignment=&#8220;center&#8220;][\/vc_column][\/vc_row][vc_row][vc_column][vc_empty_space][\/vc_column][\/vc_row][vc_row][vc_column][vc_column_text]Farov\u017e \u0160entjakob \/ Pfarrhof St. Jakob im Rosental &#8211; vsaki\u010d ob 21 uri \/ jeweils ab 21 Uhr<\/p>\n<p>&nbsp;<\/p>\n<p>vstopnina: prostovoljni prispevki!<\/p>\n<p>Eintritt: freiwillige Spende![\/vc_column_text][\/vc_column][\/vc_row]<\/p>\n","protected":false},"excerpt":{"rendered":"<p>[vc_row][vc_column][vc_single_image image=&#8220;15903&#8243; img_size=&#8220;full&#8220; alignment=&#8220;center&#8220;][\/vc_column][\/vc_row][vc_row][vc_column][vc_empty_space][\/vc_column][\/vc_row][vc_row][vc_column][vc_single_image image=&#8220;15915&#8243; img_size=&#8220;full&#8220; alignment=&#8220;center&#8220;][\/vc_column][\/vc_row][vc_row][vc_column][vc_empty_space][\/vc_column][\/vc_row][vc_row][vc_column][vc_column_text]Farov\u017e \u0160entjakob \/ Pfarrhof St. Jakob im Rosental &#8211; vsaki\u010d ob 21 uri \/ jeweils ab 21 Uhr &nbsp; vstopnina: prostovoljni prispevki! Eintritt: freiwillige Spende![\/vc_column_text][\/vc_column][\/vc_row]<\/p>\n","protected":false},"author":2,"featured_media":15907,"comment_status":"open","ping_status":"open","sticky":false,"template":"","format":"standard","meta":{"_acf_changed":false,"footnotes":""},"categories":[56,60],"tags":[63],"class_list":["post-15900","post","type-post","status-publish","format-standard","has-post-thumbnail","hentry","category-roz","category-teatr-trotamora","tag-film"],"acf":[],"yoast_head":"<!-- This site is optimized with the Yoast SEO plugin v24.8.1 - https:\/\/yoast.com\/wordpress\/plugins\/seo\/ -->\n<title>KINO NA HORICI . IM HOF - RO\u017d - Slovensko prosvetno dru\u0161tvo<\/title>\n<meta name=\"robots\" content=\"index, follow, max-snippet:-1, max-image-preview:large, max-video-preview:-1\" \/>\n<link rel=\"canonical\" href=\"https:\/\/roz.si\/news\/roz\/kino-na-horici-im-hof-3\/\" \/>\n<meta property=\"og:locale\" content=\"de_DE\" \/>\n<meta property=\"og:type\" content=\"article\" \/>\n<meta property=\"og:title\" content=\"KINO NA HORICI . IM HOF - RO\u017d - Slovensko prosvetno dru\u0161tvo\" \/>\n<meta property=\"og:description\" content=\"[vc_row][vc_column][vc_single_image image=&#8220;15903&#8243; img_size=&#8220;full&#8220; alignment=&#8220;center&#8220;][\/vc_column][\/vc_row][vc_row][vc_column][vc_empty_space][\/vc_column][\/vc_row][vc_row][vc_column][vc_single_image image=&#8220;15915&#8243; img_size=&#8220;full&#8220; alignment=&#8220;center&#8220;][\/vc_column][\/vc_row][vc_row][vc_column][vc_empty_space][\/vc_column][\/vc_row][vc_row][vc_column][vc_column_text]Farov\u017e \u0160entjakob \/ Pfarrhof St. Jakob im Rosental &#8211; vsaki\u010d ob 21 uri \/ jeweils ab 21 Uhr &nbsp; vstopnina: prostovoljni prispevki! Eintritt: freiwillige Spende![\/vc_column_text][\/vc_column][\/vc_row]\" \/>\n<meta property=\"og:url\" content=\"https:\/\/roz.si\/news\/roz\/kino-na-horici-im-hof-3\/\" \/>\n<meta property=\"og:site_name\" content=\"RO\u017d - Slovensko prosvetno dru\u0161tvo\" \/>\n<meta property=\"article:published_time\" content=\"2023-07-10T19:33:10+00:00\" \/>\n<meta property=\"article:modified_time\" content=\"2023-07-15T09:38:06+00:00\" \/>\n<meta property=\"og:image\" content=\"https:\/\/roz.si\/wp-content\/uploads\/2023\/07\/2023_07_10_vabilo-prva-stran-za-splet-scaled.jpg\" \/>\n\t<meta property=\"og:image:width\" content=\"2560\" \/>\n\t<meta property=\"og:image:height\" content=\"1706\" \/>\n\t<meta property=\"og:image:type\" content=\"image\/jpeg\" \/>\n<meta name=\"author\" content=\"Niko Me\u010dina\" \/>\n<meta name=\"twitter:card\" content=\"summary_large_image\" \/>\n<meta name=\"twitter:label1\" content=\"Verfasst von\" \/>\n\t<meta name=\"twitter:data1\" content=\"Niko Me\u010dina\" \/>\n\t<meta name=\"twitter:label2\" content=\"Gesch\u00e4tzte Lesezeit\" \/>\n\t<meta name=\"twitter:data2\" content=\"4\u00a0Minuten\" \/>\n<script type=\"application\/ld+json\" class=\"yoast-schema-graph\">{\"@context\":\"https:\/\/schema.org\",\"@graph\":[{\"@type\":\"Article\",\"@id\":\"https:\/\/roz.si\/news\/roz\/kino-na-horici-im-hof-3\/#article\",\"isPartOf\":{\"@id\":\"https:\/\/roz.si\/news\/roz\/kino-na-horici-im-hof-3\/\"},\"author\":{\"name\":\"Niko Me\u010dina\",\"@id\":\"https:\/\/roz.si\/#\/schema\/person\/7ec521d5c300eaecec30cb8406841442\"},\"headline\":\"KINO NA HORICI . IM HOF\",\"datePublished\":\"2023-07-10T19:33:10+00:00\",\"dateModified\":\"2023-07-15T09:38:06+00:00\",\"mainEntityOfPage\":{\"@id\":\"https:\/\/roz.si\/news\/roz\/kino-na-horici-im-hof-3\/\"},\"wordCount\":96,\"commentCount\":0,\"publisher\":{\"@id\":\"https:\/\/roz.si\/#organization\"},\"image\":{\"@id\":\"https:\/\/roz.si\/news\/roz\/kino-na-horici-im-hof-3\/#primaryimage\"},\"thumbnailUrl\":\"https:\/\/roz.si\/wp-content\/uploads\/2023\/07\/2023_07_10_vabilo-prva-stran-za-splet-scaled.jpg\",\"keywords\":[\"Film\"],\"articleSection\":[\"ro\u017e\",\"teatr trotamora\"],\"inLanguage\":\"de\",\"potentialAction\":[{\"@type\":\"CommentAction\",\"name\":\"Comment\",\"target\":[\"https:\/\/roz.si\/news\/roz\/kino-na-horici-im-hof-3\/#respond\"]}]},{\"@type\":\"WebPage\",\"@id\":\"https:\/\/roz.si\/news\/roz\/kino-na-horici-im-hof-3\/\",\"url\":\"https:\/\/roz.si\/news\/roz\/kino-na-horici-im-hof-3\/\",\"name\":\"KINO NA HORICI . IM HOF - RO\u017d - Slovensko prosvetno dru\u0161tvo\",\"isPartOf\":{\"@id\":\"https:\/\/roz.si\/#website\"},\"primaryImageOfPage\":{\"@id\":\"https:\/\/roz.si\/news\/roz\/kino-na-horici-im-hof-3\/#primaryimage\"},\"image\":{\"@id\":\"https:\/\/roz.si\/news\/roz\/kino-na-horici-im-hof-3\/#primaryimage\"},\"thumbnailUrl\":\"https:\/\/roz.si\/wp-content\/uploads\/2023\/07\/2023_07_10_vabilo-prva-stran-za-splet-scaled.jpg\",\"datePublished\":\"2023-07-10T19:33:10+00:00\",\"dateModified\":\"2023-07-15T09:38:06+00:00\",\"breadcrumb\":{\"@id\":\"https:\/\/roz.si\/news\/roz\/kino-na-horici-im-hof-3\/#breadcrumb\"},\"inLanguage\":\"de\",\"potentialAction\":[{\"@type\":\"ReadAction\",\"target\":[\"https:\/\/roz.si\/news\/roz\/kino-na-horici-im-hof-3\/\"]}]},{\"@type\":\"ImageObject\",\"inLanguage\":\"de\",\"@id\":\"https:\/\/roz.si\/news\/roz\/kino-na-horici-im-hof-3\/#primaryimage\",\"url\":\"https:\/\/roz.si\/wp-content\/uploads\/2023\/07\/2023_07_10_vabilo-prva-stran-za-splet-scaled.jpg\",\"contentUrl\":\"https:\/\/roz.si\/wp-content\/uploads\/2023\/07\/2023_07_10_vabilo-prva-stran-za-splet-scaled.jpg\",\"width\":2560,\"height\":1706},{\"@type\":\"BreadcrumbList\",\"@id\":\"https:\/\/roz.si\/news\/roz\/kino-na-horici-im-hof-3\/#breadcrumb\",\"itemListElement\":[{\"@type\":\"ListItem\",\"position\":1,\"name\":\"Home\",\"item\":\"https:\/\/roz.si\/de\/\"},{\"@type\":\"ListItem\",\"position\":2,\"name\":\"KINO NA HORICI . IM HOF\"}]},{\"@type\":\"WebSite\",\"@id\":\"https:\/\/roz.si\/#website\",\"url\":\"https:\/\/roz.si\/\",\"name\":\"RO\u017d - Slovensko prosvetno dru\u0161tvo\",\"description\":\"Slovensko prosvetno dru\u0161tvo Ro\u017e\",\"publisher\":{\"@id\":\"https:\/\/roz.si\/#organization\"},\"potentialAction\":[{\"@type\":\"SearchAction\",\"target\":{\"@type\":\"EntryPoint\",\"urlTemplate\":\"https:\/\/roz.si\/?s={search_term_string}\"},\"query-input\":{\"@type\":\"PropertyValueSpecification\",\"valueRequired\":true,\"valueName\":\"search_term_string\"}}],\"inLanguage\":\"de\"},{\"@type\":\"Organization\",\"@id\":\"https:\/\/roz.si\/#organization\",\"name\":\"RO\u017d - Slovensko prosvetno dru\u0161tvo\",\"url\":\"https:\/\/roz.si\/\",\"logo\":{\"@type\":\"ImageObject\",\"inLanguage\":\"de\",\"@id\":\"https:\/\/roz.si\/#\/schema\/logo\/image\/\",\"url\":\"https:\/\/roz.si\/wp-content\/uploads\/2022\/11\/ROZ_logo.ico\",\"contentUrl\":\"https:\/\/roz.si\/wp-content\/uploads\/2022\/11\/ROZ_logo.ico\",\"width\":199,\"height\":120,\"caption\":\"RO\u017d - Slovensko prosvetno dru\u0161tvo\"},\"image\":{\"@id\":\"https:\/\/roz.si\/#\/schema\/logo\/image\/\"}},{\"@type\":\"Person\",\"@id\":\"https:\/\/roz.si\/#\/schema\/person\/7ec521d5c300eaecec30cb8406841442\",\"name\":\"Niko Me\u010dina\",\"image\":{\"@type\":\"ImageObject\",\"inLanguage\":\"de\",\"@id\":\"https:\/\/roz.si\/#\/schema\/person\/image\/\",\"url\":\"https:\/\/secure.gravatar.com\/avatar\/63374db749f9ba5cd882f0f67e2241eef1ff48a30adac2b8e6a640b362da3598?s=96&d=mm&r=g\",\"contentUrl\":\"https:\/\/secure.gravatar.com\/avatar\/63374db749f9ba5cd882f0f67e2241eef1ff48a30adac2b8e6a640b362da3598?s=96&d=mm&r=g\",\"caption\":\"Niko Me\u010dina\"},\"url\":\"https:\/\/roz.si\/de\/author\/niko-mecinagmx-at\/\"}]}<\/script>\n<!-- \/ Yoast SEO plugin. -->","yoast_head_json":{"title":"KINO NA HORICI . IM HOF - RO\u017d - Slovensko prosvetno dru\u0161tvo","robots":{"index":"index","follow":"follow","max-snippet":"max-snippet:-1","max-image-preview":"max-image-preview:large","max-video-preview":"max-video-preview:-1"},"canonical":"https:\/\/roz.si\/news\/roz\/kino-na-horici-im-hof-3\/","og_locale":"de_DE","og_type":"article","og_title":"KINO NA HORICI . IM HOF - RO\u017d - Slovensko prosvetno dru\u0161tvo","og_description":"[vc_row][vc_column][vc_single_image image=&#8220;15903&#8243; img_size=&#8220;full&#8220; alignment=&#8220;center&#8220;][\/vc_column][\/vc_row][vc_row][vc_column][vc_empty_space][\/vc_column][\/vc_row][vc_row][vc_column][vc_single_image image=&#8220;15915&#8243; img_size=&#8220;full&#8220; alignment=&#8220;center&#8220;][\/vc_column][\/vc_row][vc_row][vc_column][vc_empty_space][\/vc_column][\/vc_row][vc_row][vc_column][vc_column_text]Farov\u017e \u0160entjakob \/ Pfarrhof St. Jakob im Rosental &#8211; vsaki\u010d ob 21 uri \/ jeweils ab 21 Uhr &nbsp; vstopnina: prostovoljni prispevki! Eintritt: freiwillige Spende![\/vc_column_text][\/vc_column][\/vc_row]","og_url":"https:\/\/roz.si\/news\/roz\/kino-na-horici-im-hof-3\/","og_site_name":"RO\u017d - Slovensko prosvetno dru\u0161tvo","article_published_time":"2023-07-10T19:33:10+00:00","article_modified_time":"2023-07-15T09:38:06+00:00","og_image":[{"width":2560,"height":1706,"url":"https:\/\/roz.si\/wp-content\/uploads\/2023\/07\/2023_07_10_vabilo-prva-stran-za-splet-scaled.jpg","type":"image\/jpeg"}],"author":"Niko Me\u010dina","twitter_card":"summary_large_image","twitter_misc":{"Verfasst von":"Niko Me\u010dina","Gesch\u00e4tzte Lesezeit":"4\u00a0Minuten"},"schema":{"@context":"https:\/\/schema.org","@graph":[{"@type":"Article","@id":"https:\/\/roz.si\/news\/roz\/kino-na-horici-im-hof-3\/#article","isPartOf":{"@id":"https:\/\/roz.si\/news\/roz\/kino-na-horici-im-hof-3\/"},"author":{"name":"Niko Me\u010dina","@id":"https:\/\/roz.si\/#\/schema\/person\/7ec521d5c300eaecec30cb8406841442"},"headline":"KINO NA HORICI . IM HOF","datePublished":"2023-07-10T19:33:10+00:00","dateModified":"2023-07-15T09:38:06+00:00","mainEntityOfPage":{"@id":"https:\/\/roz.si\/news\/roz\/kino-na-horici-im-hof-3\/"},"wordCount":96,"commentCount":0,"publisher":{"@id":"https:\/\/roz.si\/#organization"},"image":{"@id":"https:\/\/roz.si\/news\/roz\/kino-na-horici-im-hof-3\/#primaryimage"},"thumbnailUrl":"https:\/\/roz.si\/wp-content\/uploads\/2023\/07\/2023_07_10_vabilo-prva-stran-za-splet-scaled.jpg","keywords":["Film"],"articleSection":["ro\u017e","teatr trotamora"],"inLanguage":"de","potentialAction":[{"@type":"CommentAction","name":"Comment","target":["https:\/\/roz.si\/news\/roz\/kino-na-horici-im-hof-3\/#respond"]}]},{"@type":"WebPage","@id":"https:\/\/roz.si\/news\/roz\/kino-na-horici-im-hof-3\/","url":"https:\/\/roz.si\/news\/roz\/kino-na-horici-im-hof-3\/","name":"KINO NA HORICI . IM HOF - RO\u017d - Slovensko prosvetno dru\u0161tvo","isPartOf":{"@id":"https:\/\/roz.si\/#website"},"primaryImageOfPage":{"@id":"https:\/\/roz.si\/news\/roz\/kino-na-horici-im-hof-3\/#primaryimage"},"image":{"@id":"https:\/\/roz.si\/news\/roz\/kino-na-horici-im-hof-3\/#primaryimage"},"thumbnailUrl":"https:\/\/roz.si\/wp-content\/uploads\/2023\/07\/2023_07_10_vabilo-prva-stran-za-splet-scaled.jpg","datePublished":"2023-07-10T19:33:10+00:00","dateModified":"2023-07-15T09:38:06+00:00","breadcrumb":{"@id":"https:\/\/roz.si\/news\/roz\/kino-na-horici-im-hof-3\/#breadcrumb"},"inLanguage":"de","potentialAction":[{"@type":"ReadAction","target":["https:\/\/roz.si\/news\/roz\/kino-na-horici-im-hof-3\/"]}]},{"@type":"ImageObject","inLanguage":"de","@id":"https:\/\/roz.si\/news\/roz\/kino-na-horici-im-hof-3\/#primaryimage","url":"https:\/\/roz.si\/wp-content\/uploads\/2023\/07\/2023_07_10_vabilo-prva-stran-za-splet-scaled.jpg","contentUrl":"https:\/\/roz.si\/wp-content\/uploads\/2023\/07\/2023_07_10_vabilo-prva-stran-za-splet-scaled.jpg","width":2560,"height":1706},{"@type":"BreadcrumbList","@id":"https:\/\/roz.si\/news\/roz\/kino-na-horici-im-hof-3\/#breadcrumb","itemListElement":[{"@type":"ListItem","position":1,"name":"Home","item":"https:\/\/roz.si\/de\/"},{"@type":"ListItem","position":2,"name":"KINO NA HORICI . IM HOF"}]},{"@type":"WebSite","@id":"https:\/\/roz.si\/#website","url":"https:\/\/roz.si\/","name":"RO\u017d - Slovensko prosvetno dru\u0161tvo","description":"Slovensko prosvetno dru\u0161tvo Ro\u017e","publisher":{"@id":"https:\/\/roz.si\/#organization"},"potentialAction":[{"@type":"SearchAction","target":{"@type":"EntryPoint","urlTemplate":"https:\/\/roz.si\/?s={search_term_string}"},"query-input":{"@type":"PropertyValueSpecification","valueRequired":true,"valueName":"search_term_string"}}],"inLanguage":"de"},{"@type":"Organization","@id":"https:\/\/roz.si\/#organization","name":"RO\u017d - Slovensko prosvetno dru\u0161tvo","url":"https:\/\/roz.si\/","logo":{"@type":"ImageObject","inLanguage":"de","@id":"https:\/\/roz.si\/#\/schema\/logo\/image\/","url":"https:\/\/roz.si\/wp-content\/uploads\/2022\/11\/ROZ_logo.ico","contentUrl":"https:\/\/roz.si\/wp-content\/uploads\/2022\/11\/ROZ_logo.ico","width":199,"height":120,"caption":"RO\u017d - Slovensko prosvetno dru\u0161tvo"},"image":{"@id":"https:\/\/roz.si\/#\/schema\/logo\/image\/"}},{"@type":"Person","@id":"https:\/\/roz.si\/#\/schema\/person\/7ec521d5c300eaecec30cb8406841442","name":"Niko Me\u010dina","image":{"@type":"ImageObject","inLanguage":"de","@id":"https:\/\/roz.si\/#\/schema\/person\/image\/","url":"https:\/\/secure.gravatar.com\/avatar\/63374db749f9ba5cd882f0f67e2241eef1ff48a30adac2b8e6a640b362da3598?s=96&d=mm&r=g","contentUrl":"https:\/\/secure.gravatar.com\/avatar\/63374db749f9ba5cd882f0f67e2241eef1ff48a30adac2b8e6a640b362da3598?s=96&d=mm&r=g","caption":"Niko Me\u010dina"},"url":"https:\/\/roz.si\/de\/author\/niko-mecinagmx-at\/"}]}},"_links":{"self":[{"href":"https:\/\/roz.si\/de\/wp-json\/wp\/v2\/posts\/15900","targetHints":{"allow":["GET"]}}],"collection":[{"href":"https:\/\/roz.si\/de\/wp-json\/wp\/v2\/posts"}],"about":[{"href":"https:\/\/roz.si\/de\/wp-json\/wp\/v2\/types\/post"}],"author":[{"embeddable":true,"href":"https:\/\/roz.si\/de\/wp-json\/wp\/v2\/users\/2"}],"replies":[{"embeddable":true,"href":"https:\/\/roz.si\/de\/wp-json\/wp\/v2\/comments?post=15900"}],"version-history":[{"count":6,"href":"https:\/\/roz.si\/de\/wp-json\/wp\/v2\/posts\/15900\/revisions"}],"predecessor-version":[{"id":15932,"href":"https:\/\/roz.si\/de\/wp-json\/wp\/v2\/posts\/15900\/revisions\/15932"}],"wp:featuredmedia":[{"embeddable":true,"href":"https:\/\/roz.si\/de\/wp-json\/wp\/v2\/media\/15907"}],"wp:attachment":[{"href":"https:\/\/roz.si\/de\/wp-json\/wp\/v2\/media?parent=15900"}],"wp:term":[{"taxonomy":"category","embeddable":true,"href":"https:\/\/roz.si\/de\/wp-json\/wp\/v2\/categories?post=15900"},{"taxonomy":"post_tag","embeddable":true,"href":"https:\/\/roz.si\/de\/wp-json\/wp\/v2\/tags?post=15900"}],"curies":[{"name":"wp","href":"https:\/\/api.w.org\/{rel}","templated":true}]}}