{"id":16097,"date":"2024-01-09T20:40:29","date_gmt":"2024-01-09T20:40:29","guid":{"rendered":"https:\/\/roz.si\/?p=16097"},"modified":"2024-01-24T16:59:09","modified_gmt":"2024-01-24T16:59:09","slug":"ano-stimo-sem-jes-slisov","status":"publish","type":"post","link":"https:\/\/roz.si\/de\/news\/roz\/ano-stimo-sem-jes-slisov\/","title":{"rendered":"Ano \u0161timo sem jes sli\u0161ov"},"content":{"rendered":"<p>[vc_row][vc_column][vc_single_image image=&#8220;16099&#8243; img_size=&#8220;large&#8220; alignment=&#8220;center&#8220;][\/vc_column][\/vc_row][vc_row][vc_column][vc_empty_space][\/vc_column][\/vc_row][vc_row][vc_column][vc_column_text]Prisr\u010dno vabljeni na:<\/p>\n<p><span style=\"font-size: 14pt;\"><strong>ANO \u0160TIMO SEM JES SLI\u0160OV<\/strong> *<\/span><\/p>\n<p>Koncert ob 50-letnici prve vaje Me\u0161anega pevskega zbora Ro\u017e in v spomin na dirigenta zbora Lajka Milisavljevi\u010da<\/p>\n<p>&nbsp;<\/p>\n<p><span style=\"font-size: 12pt;\"><strong>nedelja, 21.1.24 &#8211; 14:30h | Farov\u017e \u0160entjakob<\/strong><\/span><\/p>\n<p>&nbsp;<\/p>\n<p>sodelujejo:<\/p>\n<p>&nbsp;<\/p>\n<p><em>&#8211; Vokalna skupina Lipa, dir. D.Hudl<\/em><\/p>\n<p><em>&#8211; Mladi akzent, dir. V. Lesjak<\/em><\/p>\n<p><em>&#8211; Svr\u017e, dir. A. Schuster<\/em><\/p>\n<p><em>&#8211; Starabanda, Hodi\u0161e<\/em><\/p>\n<p><em>&#8211; \u017dePZ Ro\u017e &amp; Lajkotov zbor, dir. \u017d.Kert<\/em><\/p>\n<p>&nbsp;<\/p>\n<p><strong>*<\/strong> naslov prve pesmi, ki jo je Lajko &#8211; pred 50-timi leti &#8211; s svojim zborom vadil<\/p>\n<p>____________________________________________________________<\/p>\n<p>Herzlichst laden wir zum Konzert anl\u00e4sslich des 50. Jahrestages der ersten Probe des Gemischten Chores Ro\u017e und zum Gedenken an den Dirigenten des Chores, Lajko Milisavljevi\u010d.<\/p>\n<p><span style=\"font-size: 12pt;\"><strong>Sonntag, 21.1.2024 &#8211; 14.30h | Pfarrhof St. Jakob\/Ros.<\/strong><\/span><\/p>\n<p>&nbsp;<\/p>\n<p>Mitwirkende:<\/p>\n<p><em>&#8211; Vokalensemble Lipa, dir. D. Hudl<\/em><\/p>\n<p><em>&#8211; Mladi akzent, dir. V. Lesjak<\/em><\/p>\n<p><em>&#8211; Svr\u017e, dir. A. Schuster<\/em><\/p>\n<p><em>&#8211; Starabanda, Hodi\u0161e\/Keutschach<\/em><\/p>\n<p><em>&#8211; Frauenchor Ro\u017e &amp; Lajkos Chor, dir. \u017d.Kert<\/em>[\/vc_column_text][\/vc_column][\/vc_row][vc_row][vc_column][vc_gallery interval=&#8220;3&#8243; images=&#8220;16125,16127,16129,16131,16133,16135,16137,16139,16141,16143,16145,16147,16149,16151,16153,16155,16157&#8243; img_size=&#8220;large&#8220;][\/vc_column][\/vc_row]<\/p>\n","protected":false},"excerpt":{"rendered":"<p>[vc_row][vc_column][vc_single_image image=&#8220;16099&#8243; img_size=&#8220;large&#8220; alignment=&#8220;center&#8220;][\/vc_column][\/vc_row][vc_row][vc_column][vc_empty_space][\/vc_column][\/vc_row][vc_row][vc_column][vc_column_text]Prisr\u010dno vabljeni na: ANO \u0160TIMO SEM JES SLI\u0160OV * Koncert ob 50-letnici prve vaje Me\u0161anega pevskega zbora Ro\u017e in v spomin na dirigenta zbora Lajka Milisavljevi\u010da &nbsp; nedelja, 21.1.24 &#8211; 14:30h | Farov\u017e \u0160entjakob &nbsp; sodelujejo: &nbsp; &#8211; Vokalna skupina Lipa, dir. D.Hudl &#8211; Mladi akzent, dir. V. Lesjak &#8211; Svr\u017e, dir. A. Schuster &#8211; [&hellip;]<\/p>\n","protected":false},"author":2,"featured_media":0,"comment_status":"open","ping_status":"open","sticky":false,"template":"","format":"standard","meta":{"_acf_changed":false,"footnotes":""},"categories":[56,57],"tags":[62],"class_list":["post-16097","post","type-post","status-publish","format-standard","hentry","category-roz","category-zenski-zbor-roz","tag-koncert"],"acf":[],"yoast_head":"<!-- This site is optimized with the Yoast SEO plugin v24.8.1 - https:\/\/yoast.com\/wordpress\/plugins\/seo\/ -->\n<title>Ano \u0161timo sem jes sli\u0161ov - RO\u017d - Slovensko prosvetno dru\u0161tvo<\/title>\n<meta name=\"robots\" content=\"index, follow, max-snippet:-1, max-image-preview:large, max-video-preview:-1\" \/>\n<link rel=\"canonical\" href=\"https:\/\/roz.si\/news\/roz\/ano-stimo-sem-jes-slisov\/\" \/>\n<meta property=\"og:locale\" content=\"de_DE\" \/>\n<meta property=\"og:type\" content=\"article\" \/>\n<meta property=\"og:title\" content=\"Ano \u0161timo sem jes sli\u0161ov - RO\u017d - Slovensko prosvetno dru\u0161tvo\" \/>\n<meta property=\"og:description\" content=\"[vc_row][vc_column][vc_single_image image=&#8220;16099&#8243; img_size=&#8220;large&#8220; alignment=&#8220;center&#8220;][\/vc_column][\/vc_row][vc_row][vc_column][vc_empty_space][\/vc_column][\/vc_row][vc_row][vc_column][vc_column_text]Prisr\u010dno vabljeni na: ANO \u0160TIMO SEM JES SLI\u0160OV * Koncert ob 50-letnici prve vaje Me\u0161anega pevskega zbora Ro\u017e in v spomin na dirigenta zbora Lajka Milisavljevi\u010da &nbsp; nedelja, 21.1.24 &#8211; 14:30h | Farov\u017e \u0160entjakob &nbsp; sodelujejo: &nbsp; &#8211; Vokalna skupina Lipa, dir. D.Hudl &#8211; Mladi akzent, dir. V. Lesjak &#8211; Svr\u017e, dir. A. Schuster &#8211; [&hellip;]\" \/>\n<meta property=\"og:url\" content=\"https:\/\/roz.si\/news\/roz\/ano-stimo-sem-jes-slisov\/\" \/>\n<meta property=\"og:site_name\" content=\"RO\u017d - Slovensko prosvetno dru\u0161tvo\" \/>\n<meta property=\"article:published_time\" content=\"2024-01-09T20:40:29+00:00\" \/>\n<meta property=\"article:modified_time\" content=\"2024-01-24T16:59:09+00:00\" \/>\n<meta name=\"author\" content=\"Niko Me\u010dina\" \/>\n<meta name=\"twitter:card\" content=\"summary_large_image\" \/>\n<meta name=\"twitter:label1\" content=\"Verfasst von\" \/>\n\t<meta name=\"twitter:data1\" content=\"Niko Me\u010dina\" \/>\n\t<meta name=\"twitter:label2\" content=\"Gesch\u00e4tzte Lesezeit\" \/>\n\t<meta name=\"twitter:data2\" content=\"4\u00a0Minuten\" \/>\n<script type=\"application\/ld+json\" class=\"yoast-schema-graph\">{\"@context\":\"https:\/\/schema.org\",\"@graph\":[{\"@type\":\"Article\",\"@id\":\"https:\/\/roz.si\/news\/roz\/ano-stimo-sem-jes-slisov\/#article\",\"isPartOf\":{\"@id\":\"https:\/\/roz.si\/news\/roz\/ano-stimo-sem-jes-slisov\/\"},\"author\":{\"name\":\"Niko Me\u010dina\",\"@id\":\"https:\/\/roz.si\/#\/schema\/person\/7ec521d5c300eaecec30cb8406841442\"},\"headline\":\"Ano \u0161timo sem jes sli\u0161ov\",\"datePublished\":\"2024-01-09T20:40:29+00:00\",\"dateModified\":\"2024-01-24T16:59:09+00:00\",\"mainEntityOfPage\":{\"@id\":\"https:\/\/roz.si\/news\/roz\/ano-stimo-sem-jes-slisov\/\"},\"wordCount\":213,\"commentCount\":0,\"publisher\":{\"@id\":\"https:\/\/roz.si\/#organization\"},\"keywords\":[\"Koncert\"],\"articleSection\":[\"ro\u017e\",\"\u017eenski zbor ro\u017e\"],\"inLanguage\":\"de\",\"potentialAction\":[{\"@type\":\"CommentAction\",\"name\":\"Comment\",\"target\":[\"https:\/\/roz.si\/news\/roz\/ano-stimo-sem-jes-slisov\/#respond\"]}]},{\"@type\":\"WebPage\",\"@id\":\"https:\/\/roz.si\/news\/roz\/ano-stimo-sem-jes-slisov\/\",\"url\":\"https:\/\/roz.si\/news\/roz\/ano-stimo-sem-jes-slisov\/\",\"name\":\"Ano \u0161timo sem jes sli\u0161ov - RO\u017d - Slovensko prosvetno dru\u0161tvo\",\"isPartOf\":{\"@id\":\"https:\/\/roz.si\/#website\"},\"datePublished\":\"2024-01-09T20:40:29+00:00\",\"dateModified\":\"2024-01-24T16:59:09+00:00\",\"breadcrumb\":{\"@id\":\"https:\/\/roz.si\/news\/roz\/ano-stimo-sem-jes-slisov\/#breadcrumb\"},\"inLanguage\":\"de\",\"potentialAction\":[{\"@type\":\"ReadAction\",\"target\":[\"https:\/\/roz.si\/news\/roz\/ano-stimo-sem-jes-slisov\/\"]}]},{\"@type\":\"BreadcrumbList\",\"@id\":\"https:\/\/roz.si\/news\/roz\/ano-stimo-sem-jes-slisov\/#breadcrumb\",\"itemListElement\":[{\"@type\":\"ListItem\",\"position\":1,\"name\":\"Home\",\"item\":\"https:\/\/roz.si\/de\/\"},{\"@type\":\"ListItem\",\"position\":2,\"name\":\"Ano \u0161timo sem jes sli\u0161ov\"}]},{\"@type\":\"WebSite\",\"@id\":\"https:\/\/roz.si\/#website\",\"url\":\"https:\/\/roz.si\/\",\"name\":\"RO\u017d - Slovensko prosvetno dru\u0161tvo\",\"description\":\"Slovensko prosvetno dru\u0161tvo Ro\u017e\",\"publisher\":{\"@id\":\"https:\/\/roz.si\/#organization\"},\"potentialAction\":[{\"@type\":\"SearchAction\",\"target\":{\"@type\":\"EntryPoint\",\"urlTemplate\":\"https:\/\/roz.si\/?s={search_term_string}\"},\"query-input\":{\"@type\":\"PropertyValueSpecification\",\"valueRequired\":true,\"valueName\":\"search_term_string\"}}],\"inLanguage\":\"de\"},{\"@type\":\"Organization\",\"@id\":\"https:\/\/roz.si\/#organization\",\"name\":\"RO\u017d - Slovensko prosvetno dru\u0161tvo\",\"url\":\"https:\/\/roz.si\/\",\"logo\":{\"@type\":\"ImageObject\",\"inLanguage\":\"de\",\"@id\":\"https:\/\/roz.si\/#\/schema\/logo\/image\/\",\"url\":\"https:\/\/roz.si\/wp-content\/uploads\/2022\/11\/ROZ_logo.ico\",\"contentUrl\":\"https:\/\/roz.si\/wp-content\/uploads\/2022\/11\/ROZ_logo.ico\",\"width\":199,\"height\":120,\"caption\":\"RO\u017d - Slovensko prosvetno dru\u0161tvo\"},\"image\":{\"@id\":\"https:\/\/roz.si\/#\/schema\/logo\/image\/\"}},{\"@type\":\"Person\",\"@id\":\"https:\/\/roz.si\/#\/schema\/person\/7ec521d5c300eaecec30cb8406841442\",\"name\":\"Niko Me\u010dina\",\"image\":{\"@type\":\"ImageObject\",\"inLanguage\":\"de\",\"@id\":\"https:\/\/roz.si\/#\/schema\/person\/image\/\",\"url\":\"https:\/\/secure.gravatar.com\/avatar\/63374db749f9ba5cd882f0f67e2241eef1ff48a30adac2b8e6a640b362da3598?s=96&d=mm&r=g\",\"contentUrl\":\"https:\/\/secure.gravatar.com\/avatar\/63374db749f9ba5cd882f0f67e2241eef1ff48a30adac2b8e6a640b362da3598?s=96&d=mm&r=g\",\"caption\":\"Niko Me\u010dina\"},\"url\":\"https:\/\/roz.si\/de\/author\/niko-mecinagmx-at\/\"}]}<\/script>\n<!-- \/ Yoast SEO plugin. -->","yoast_head_json":{"title":"Ano \u0161timo sem jes sli\u0161ov - RO\u017d - Slovensko prosvetno dru\u0161tvo","robots":{"index":"index","follow":"follow","max-snippet":"max-snippet:-1","max-image-preview":"max-image-preview:large","max-video-preview":"max-video-preview:-1"},"canonical":"https:\/\/roz.si\/news\/roz\/ano-stimo-sem-jes-slisov\/","og_locale":"de_DE","og_type":"article","og_title":"Ano \u0161timo sem jes sli\u0161ov - RO\u017d - Slovensko prosvetno dru\u0161tvo","og_description":"[vc_row][vc_column][vc_single_image image=&#8220;16099&#8243; img_size=&#8220;large&#8220; alignment=&#8220;center&#8220;][\/vc_column][\/vc_row][vc_row][vc_column][vc_empty_space][\/vc_column][\/vc_row][vc_row][vc_column][vc_column_text]Prisr\u010dno vabljeni na: ANO \u0160TIMO SEM JES SLI\u0160OV * Koncert ob 50-letnici prve vaje Me\u0161anega pevskega zbora Ro\u017e in v spomin na dirigenta zbora Lajka Milisavljevi\u010da &nbsp; nedelja, 21.1.24 &#8211; 14:30h | Farov\u017e \u0160entjakob &nbsp; sodelujejo: &nbsp; &#8211; Vokalna skupina Lipa, dir. D.Hudl &#8211; Mladi akzent, dir. V. Lesjak &#8211; Svr\u017e, dir. A. Schuster &#8211; [&hellip;]","og_url":"https:\/\/roz.si\/news\/roz\/ano-stimo-sem-jes-slisov\/","og_site_name":"RO\u017d - Slovensko prosvetno dru\u0161tvo","article_published_time":"2024-01-09T20:40:29+00:00","article_modified_time":"2024-01-24T16:59:09+00:00","author":"Niko Me\u010dina","twitter_card":"summary_large_image","twitter_misc":{"Verfasst von":"Niko Me\u010dina","Gesch\u00e4tzte Lesezeit":"4\u00a0Minuten"},"schema":{"@context":"https:\/\/schema.org","@graph":[{"@type":"Article","@id":"https:\/\/roz.si\/news\/roz\/ano-stimo-sem-jes-slisov\/#article","isPartOf":{"@id":"https:\/\/roz.si\/news\/roz\/ano-stimo-sem-jes-slisov\/"},"author":{"name":"Niko Me\u010dina","@id":"https:\/\/roz.si\/#\/schema\/person\/7ec521d5c300eaecec30cb8406841442"},"headline":"Ano \u0161timo sem jes sli\u0161ov","datePublished":"2024-01-09T20:40:29+00:00","dateModified":"2024-01-24T16:59:09+00:00","mainEntityOfPage":{"@id":"https:\/\/roz.si\/news\/roz\/ano-stimo-sem-jes-slisov\/"},"wordCount":213,"commentCount":0,"publisher":{"@id":"https:\/\/roz.si\/#organization"},"keywords":["Koncert"],"articleSection":["ro\u017e","\u017eenski zbor ro\u017e"],"inLanguage":"de","potentialAction":[{"@type":"CommentAction","name":"Comment","target":["https:\/\/roz.si\/news\/roz\/ano-stimo-sem-jes-slisov\/#respond"]}]},{"@type":"WebPage","@id":"https:\/\/roz.si\/news\/roz\/ano-stimo-sem-jes-slisov\/","url":"https:\/\/roz.si\/news\/roz\/ano-stimo-sem-jes-slisov\/","name":"Ano \u0161timo sem jes sli\u0161ov - RO\u017d - Slovensko prosvetno dru\u0161tvo","isPartOf":{"@id":"https:\/\/roz.si\/#website"},"datePublished":"2024-01-09T20:40:29+00:00","dateModified":"2024-01-24T16:59:09+00:00","breadcrumb":{"@id":"https:\/\/roz.si\/news\/roz\/ano-stimo-sem-jes-slisov\/#breadcrumb"},"inLanguage":"de","potentialAction":[{"@type":"ReadAction","target":["https:\/\/roz.si\/news\/roz\/ano-stimo-sem-jes-slisov\/"]}]},{"@type":"BreadcrumbList","@id":"https:\/\/roz.si\/news\/roz\/ano-stimo-sem-jes-slisov\/#breadcrumb","itemListElement":[{"@type":"ListItem","position":1,"name":"Home","item":"https:\/\/roz.si\/de\/"},{"@type":"ListItem","position":2,"name":"Ano \u0161timo sem jes sli\u0161ov"}]},{"@type":"WebSite","@id":"https:\/\/roz.si\/#website","url":"https:\/\/roz.si\/","name":"RO\u017d - Slovensko prosvetno dru\u0161tvo","description":"Slovensko prosvetno dru\u0161tvo Ro\u017e","publisher":{"@id":"https:\/\/roz.si\/#organization"},"potentialAction":[{"@type":"SearchAction","target":{"@type":"EntryPoint","urlTemplate":"https:\/\/roz.si\/?s={search_term_string}"},"query-input":{"@type":"PropertyValueSpecification","valueRequired":true,"valueName":"search_term_string"}}],"inLanguage":"de"},{"@type":"Organization","@id":"https:\/\/roz.si\/#organization","name":"RO\u017d - Slovensko prosvetno dru\u0161tvo","url":"https:\/\/roz.si\/","logo":{"@type":"ImageObject","inLanguage":"de","@id":"https:\/\/roz.si\/#\/schema\/logo\/image\/","url":"https:\/\/roz.si\/wp-content\/uploads\/2022\/11\/ROZ_logo.ico","contentUrl":"https:\/\/roz.si\/wp-content\/uploads\/2022\/11\/ROZ_logo.ico","width":199,"height":120,"caption":"RO\u017d - Slovensko prosvetno dru\u0161tvo"},"image":{"@id":"https:\/\/roz.si\/#\/schema\/logo\/image\/"}},{"@type":"Person","@id":"https:\/\/roz.si\/#\/schema\/person\/7ec521d5c300eaecec30cb8406841442","name":"Niko Me\u010dina","image":{"@type":"ImageObject","inLanguage":"de","@id":"https:\/\/roz.si\/#\/schema\/person\/image\/","url":"https:\/\/secure.gravatar.com\/avatar\/63374db749f9ba5cd882f0f67e2241eef1ff48a30adac2b8e6a640b362da3598?s=96&d=mm&r=g","contentUrl":"https:\/\/secure.gravatar.com\/avatar\/63374db749f9ba5cd882f0f67e2241eef1ff48a30adac2b8e6a640b362da3598?s=96&d=mm&r=g","caption":"Niko Me\u010dina"},"url":"https:\/\/roz.si\/de\/author\/niko-mecinagmx-at\/"}]}},"_links":{"self":[{"href":"https:\/\/roz.si\/de\/wp-json\/wp\/v2\/posts\/16097","targetHints":{"allow":["GET"]}}],"collection":[{"href":"https:\/\/roz.si\/de\/wp-json\/wp\/v2\/posts"}],"about":[{"href":"https:\/\/roz.si\/de\/wp-json\/wp\/v2\/types\/post"}],"author":[{"embeddable":true,"href":"https:\/\/roz.si\/de\/wp-json\/wp\/v2\/users\/2"}],"replies":[{"embeddable":true,"href":"https:\/\/roz.si\/de\/wp-json\/wp\/v2\/comments?post=16097"}],"version-history":[{"count":7,"href":"https:\/\/roz.si\/de\/wp-json\/wp\/v2\/posts\/16097\/revisions"}],"predecessor-version":[{"id":16159,"href":"https:\/\/roz.si\/de\/wp-json\/wp\/v2\/posts\/16097\/revisions\/16159"}],"wp:attachment":[{"href":"https:\/\/roz.si\/de\/wp-json\/wp\/v2\/media?parent=16097"}],"wp:term":[{"taxonomy":"category","embeddable":true,"href":"https:\/\/roz.si\/de\/wp-json\/wp\/v2\/categories?post=16097"},{"taxonomy":"post_tag","embeddable":true,"href":"https:\/\/roz.si\/de\/wp-json\/wp\/v2\/tags?post=16097"}],"curies":[{"name":"wp","href":"https:\/\/api.w.org\/{rel}","templated":true}]}}