{"id":16114,"date":"2024-01-23T11:07:21","date_gmt":"2024-01-23T11:07:21","guid":{"rendered":"https:\/\/roz.si\/?p=16114"},"modified":"2024-01-23T11:07:21","modified_gmt":"2024-01-23T11:07:21","slug":"kontra-plazu_lawine-2","status":"publish","type":"post","link":"https:\/\/roz.si\/de\/news\/roz\/kontra-plazu_lawine-2\/","title":{"rendered":"KONTRA PLAZU_LAWINE"},"content":{"rendered":"<p>[vc_row][vc_column][vc_column_text]<\/p>\n<h4>KONTRA PLAZU_LAWINE<\/h4>\n<h5><em>v spomin na masaker pod Arihovovo pe\u010djo<\/em><\/h5>\n<h5><em>im Gedenken an das Massaker unter der Arichwand 1945<\/em><\/h5>\n<p>&nbsp;<\/p>\n<p>&nbsp;<\/p>\n<p><span style=\"font-size: 12pt;\">Isabel Frey \u201eJiddische Revolutions\u2013 und Widerstandslieder\u201c\u00a0<\/span><\/p>\n<p><span style=\"font-size: 12pt;\">Judovske delavske in uporni\u0161ke pesmi<\/span><\/p>\n<p>&nbsp;<\/p>\n<p>&nbsp;<\/p>\n<p><span style=\"font-size: 12pt;\">Isabel Frey singt auf Jiddisch, der Sprache der osteurop\u00e4ischen J\u00fcdinnen und Juden. Insbesondere haben es ihr jiddische Revolutions- und Widerstandslieder angetan. Mit ihren Liedern l\u00e4sst die geb\u00fcrtige Wiener J\u00fcdin die Geschichte des j\u00fcdischen Klassenkampfes wieder aufflammen und verbindet sie mit den brennenden politischen Themen unserer Zeit. Im Programm sind auch Widerstandslieder der j\u00fcdischen Partisaninnen und Partisanen, die gegen die Nazis k\u00e4mpften \u2013 ein nahezu vergessenes Kapitel der antifaschistischen Geschichte, das auch mit der Geschichte der K\u00e4rntner Sloweninnen und Slowenen viele Gemeinsamkeiten aufweist.\u00a0\u00a0\u00a0<\/span><\/p>\n<p>&nbsp;<\/p>\n<p><span style=\"font-size: 12pt;\">Isabel Frey poje v jidi\u0161u, jeziku vzhodnoevropskih Judov. Posebej rada poje uporni\u0161ke in revolucionarne pesmi judovskega proletariata Vzhodne Evrope. S svojim petjem na Dunaju rojena Judinja o\u017eivlja zgodovino judovskega razrednega boja in jo povezuje s pere\u010dimi politi\u010dnimi vpra\u0161anji na\u0161ega \u010dasa. Na sporedu so tudi uporni\u0161ke pesmi judovskih partizanov in partizank, ki so se borili proti nacistom \u2013 to je skoraj pozabljeno poglavje antifa\u0161isti\u010dne zgodovine, ki spominja tudi na usodo koro\u0161kih Slovencev in Slovenk.<\/span><\/p>\n<p>&nbsp;<\/p>\n<p>&nbsp;<\/p>\n<p>Farov\u017e \u0160entjakob\/Pfarrhof St.Jakob_Ros.<\/p>\n<p>sob\/Sa. 10.2. &#8211; 19:30h<\/p>\n<p>[\/vc_column_text][\/vc_column][\/vc_row][vc_row][vc_column][vc_empty_space][\/vc_column][\/vc_row]<\/p>\n","protected":false},"excerpt":{"rendered":"<p>[vc_row][vc_column][vc_column_text] KONTRA PLAZU_LAWINE v spomin na masaker pod Arihovovo pe\u010djo im Gedenken an das Massaker unter der Arichwand 1945 &nbsp; &nbsp; Isabel Frey \u201eJiddische Revolutions\u2013 und Widerstandslieder\u201c\u00a0 Judovske delavske in uporni\u0161ke pesmi &nbsp; &nbsp; Isabel Frey singt auf Jiddisch, der Sprache der osteurop\u00e4ischen J\u00fcdinnen und Juden. Insbesondere haben es ihr jiddische Revolutions- und Widerstandslieder angetan. Mit ihren Liedern [&hellip;]<\/p>\n","protected":false},"author":2,"featured_media":16116,"comment_status":"open","ping_status":"open","sticky":false,"template":"","format":"standard","meta":{"_acf_changed":false,"footnotes":""},"categories":[56],"tags":[62],"class_list":["post-16114","post","type-post","status-publish","format-standard","has-post-thumbnail","hentry","category-roz","tag-koncert"],"acf":[],"yoast_head":"<!-- This site is optimized with the Yoast SEO plugin v24.8.1 - https:\/\/yoast.com\/wordpress\/plugins\/seo\/ -->\n<title>KONTRA PLAZU_LAWINE - RO\u017d - Slovensko prosvetno dru\u0161tvo<\/title>\n<meta name=\"robots\" content=\"index, follow, max-snippet:-1, max-image-preview:large, max-video-preview:-1\" \/>\n<link rel=\"canonical\" href=\"https:\/\/roz.si\/news\/roz\/kontra-plazu_lawine-2\/\" \/>\n<meta property=\"og:locale\" content=\"de_DE\" \/>\n<meta property=\"og:type\" content=\"article\" \/>\n<meta property=\"og:title\" content=\"KONTRA PLAZU_LAWINE - RO\u017d - Slovensko prosvetno dru\u0161tvo\" \/>\n<meta property=\"og:description\" content=\"[vc_row][vc_column][vc_column_text] KONTRA PLAZU_LAWINE v spomin na masaker pod Arihovovo pe\u010djo im Gedenken an das Massaker unter der Arichwand 1945 &nbsp; &nbsp; Isabel Frey \u201eJiddische Revolutions\u2013 und Widerstandslieder\u201c\u00a0 Judovske delavske in uporni\u0161ke pesmi &nbsp; &nbsp; Isabel Frey singt auf Jiddisch, der Sprache der osteurop\u00e4ischen J\u00fcdinnen und Juden. Insbesondere haben es ihr jiddische Revolutions- und Widerstandslieder angetan. Mit ihren Liedern [&hellip;]\" \/>\n<meta property=\"og:url\" content=\"https:\/\/roz.si\/news\/roz\/kontra-plazu_lawine-2\/\" \/>\n<meta property=\"og:site_name\" content=\"RO\u017d - Slovensko prosvetno dru\u0161tvo\" \/>\n<meta property=\"article:published_time\" content=\"2024-01-23T11:07:21+00:00\" \/>\n<meta property=\"og:image\" content=\"https:\/\/roz.si\/wp-content\/uploads\/2024\/01\/2024_01_23_vabilo-prva-stran-za-splet-scaled.jpg\" \/>\n\t<meta property=\"og:image:width\" content=\"2560\" \/>\n\t<meta property=\"og:image:height\" content=\"1706\" \/>\n\t<meta property=\"og:image:type\" content=\"image\/jpeg\" \/>\n<meta name=\"author\" content=\"Niko Me\u010dina\" \/>\n<meta name=\"twitter:card\" content=\"summary_large_image\" \/>\n<meta name=\"twitter:label1\" content=\"Verfasst von\" \/>\n\t<meta name=\"twitter:data1\" content=\"Niko Me\u010dina\" \/>\n\t<meta name=\"twitter:label2\" content=\"Gesch\u00e4tzte Lesezeit\" \/>\n\t<meta name=\"twitter:data2\" content=\"4\u00a0Minuten\" \/>\n<script type=\"application\/ld+json\" class=\"yoast-schema-graph\">{\"@context\":\"https:\/\/schema.org\",\"@graph\":[{\"@type\":\"Article\",\"@id\":\"https:\/\/roz.si\/news\/roz\/kontra-plazu_lawine-2\/#article\",\"isPartOf\":{\"@id\":\"https:\/\/roz.si\/news\/roz\/kontra-plazu_lawine-2\/\"},\"author\":{\"name\":\"Niko Me\u010dina\",\"@id\":\"https:\/\/roz.si\/#\/schema\/person\/7ec521d5c300eaecec30cb8406841442\"},\"headline\":\"KONTRA PLAZU_LAWINE\",\"datePublished\":\"2024-01-23T11:07:21+00:00\",\"mainEntityOfPage\":{\"@id\":\"https:\/\/roz.si\/news\/roz\/kontra-plazu_lawine-2\/\"},\"wordCount\":249,\"commentCount\":0,\"publisher\":{\"@id\":\"https:\/\/roz.si\/#organization\"},\"image\":{\"@id\":\"https:\/\/roz.si\/news\/roz\/kontra-plazu_lawine-2\/#primaryimage\"},\"thumbnailUrl\":\"https:\/\/roz.si\/wp-content\/uploads\/2024\/01\/2024_01_23_vabilo-prva-stran-za-splet-scaled.jpg\",\"keywords\":[\"Koncert\"],\"articleSection\":[\"ro\u017e\"],\"inLanguage\":\"de\",\"potentialAction\":[{\"@type\":\"CommentAction\",\"name\":\"Comment\",\"target\":[\"https:\/\/roz.si\/news\/roz\/kontra-plazu_lawine-2\/#respond\"]}]},{\"@type\":\"WebPage\",\"@id\":\"https:\/\/roz.si\/news\/roz\/kontra-plazu_lawine-2\/\",\"url\":\"https:\/\/roz.si\/news\/roz\/kontra-plazu_lawine-2\/\",\"name\":\"KONTRA PLAZU_LAWINE - RO\u017d - Slovensko prosvetno dru\u0161tvo\",\"isPartOf\":{\"@id\":\"https:\/\/roz.si\/#website\"},\"primaryImageOfPage\":{\"@id\":\"https:\/\/roz.si\/news\/roz\/kontra-plazu_lawine-2\/#primaryimage\"},\"image\":{\"@id\":\"https:\/\/roz.si\/news\/roz\/kontra-plazu_lawine-2\/#primaryimage\"},\"thumbnailUrl\":\"https:\/\/roz.si\/wp-content\/uploads\/2024\/01\/2024_01_23_vabilo-prva-stran-za-splet-scaled.jpg\",\"datePublished\":\"2024-01-23T11:07:21+00:00\",\"breadcrumb\":{\"@id\":\"https:\/\/roz.si\/news\/roz\/kontra-plazu_lawine-2\/#breadcrumb\"},\"inLanguage\":\"de\",\"potentialAction\":[{\"@type\":\"ReadAction\",\"target\":[\"https:\/\/roz.si\/news\/roz\/kontra-plazu_lawine-2\/\"]}]},{\"@type\":\"ImageObject\",\"inLanguage\":\"de\",\"@id\":\"https:\/\/roz.si\/news\/roz\/kontra-plazu_lawine-2\/#primaryimage\",\"url\":\"https:\/\/roz.si\/wp-content\/uploads\/2024\/01\/2024_01_23_vabilo-prva-stran-za-splet-scaled.jpg\",\"contentUrl\":\"https:\/\/roz.si\/wp-content\/uploads\/2024\/01\/2024_01_23_vabilo-prva-stran-za-splet-scaled.jpg\",\"width\":2560,\"height\":1706},{\"@type\":\"BreadcrumbList\",\"@id\":\"https:\/\/roz.si\/news\/roz\/kontra-plazu_lawine-2\/#breadcrumb\",\"itemListElement\":[{\"@type\":\"ListItem\",\"position\":1,\"name\":\"Home\",\"item\":\"https:\/\/roz.si\/de\/\"},{\"@type\":\"ListItem\",\"position\":2,\"name\":\"KONTRA PLAZU_LAWINE\"}]},{\"@type\":\"WebSite\",\"@id\":\"https:\/\/roz.si\/#website\",\"url\":\"https:\/\/roz.si\/\",\"name\":\"RO\u017d - Slovensko prosvetno dru\u0161tvo\",\"description\":\"Slovensko prosvetno dru\u0161tvo Ro\u017e\",\"publisher\":{\"@id\":\"https:\/\/roz.si\/#organization\"},\"potentialAction\":[{\"@type\":\"SearchAction\",\"target\":{\"@type\":\"EntryPoint\",\"urlTemplate\":\"https:\/\/roz.si\/?s={search_term_string}\"},\"query-input\":{\"@type\":\"PropertyValueSpecification\",\"valueRequired\":true,\"valueName\":\"search_term_string\"}}],\"inLanguage\":\"de\"},{\"@type\":\"Organization\",\"@id\":\"https:\/\/roz.si\/#organization\",\"name\":\"RO\u017d - Slovensko prosvetno dru\u0161tvo\",\"url\":\"https:\/\/roz.si\/\",\"logo\":{\"@type\":\"ImageObject\",\"inLanguage\":\"de\",\"@id\":\"https:\/\/roz.si\/#\/schema\/logo\/image\/\",\"url\":\"https:\/\/roz.si\/wp-content\/uploads\/2022\/11\/ROZ_logo.ico\",\"contentUrl\":\"https:\/\/roz.si\/wp-content\/uploads\/2022\/11\/ROZ_logo.ico\",\"width\":199,\"height\":120,\"caption\":\"RO\u017d - Slovensko prosvetno dru\u0161tvo\"},\"image\":{\"@id\":\"https:\/\/roz.si\/#\/schema\/logo\/image\/\"}},{\"@type\":\"Person\",\"@id\":\"https:\/\/roz.si\/#\/schema\/person\/7ec521d5c300eaecec30cb8406841442\",\"name\":\"Niko Me\u010dina\",\"image\":{\"@type\":\"ImageObject\",\"inLanguage\":\"de\",\"@id\":\"https:\/\/roz.si\/#\/schema\/person\/image\/\",\"url\":\"https:\/\/secure.gravatar.com\/avatar\/63374db749f9ba5cd882f0f67e2241eef1ff48a30adac2b8e6a640b362da3598?s=96&d=mm&r=g\",\"contentUrl\":\"https:\/\/secure.gravatar.com\/avatar\/63374db749f9ba5cd882f0f67e2241eef1ff48a30adac2b8e6a640b362da3598?s=96&d=mm&r=g\",\"caption\":\"Niko Me\u010dina\"},\"url\":\"https:\/\/roz.si\/de\/author\/niko-mecinagmx-at\/\"}]}<\/script>\n<!-- \/ Yoast SEO plugin. -->","yoast_head_json":{"title":"KONTRA PLAZU_LAWINE - RO\u017d - Slovensko prosvetno dru\u0161tvo","robots":{"index":"index","follow":"follow","max-snippet":"max-snippet:-1","max-image-preview":"max-image-preview:large","max-video-preview":"max-video-preview:-1"},"canonical":"https:\/\/roz.si\/news\/roz\/kontra-plazu_lawine-2\/","og_locale":"de_DE","og_type":"article","og_title":"KONTRA PLAZU_LAWINE - RO\u017d - Slovensko prosvetno dru\u0161tvo","og_description":"[vc_row][vc_column][vc_column_text] KONTRA PLAZU_LAWINE v spomin na masaker pod Arihovovo pe\u010djo im Gedenken an das Massaker unter der Arichwand 1945 &nbsp; &nbsp; Isabel Frey \u201eJiddische Revolutions\u2013 und Widerstandslieder\u201c\u00a0 Judovske delavske in uporni\u0161ke pesmi &nbsp; &nbsp; Isabel Frey singt auf Jiddisch, der Sprache der osteurop\u00e4ischen J\u00fcdinnen und Juden. Insbesondere haben es ihr jiddische Revolutions- und Widerstandslieder angetan. Mit ihren Liedern [&hellip;]","og_url":"https:\/\/roz.si\/news\/roz\/kontra-plazu_lawine-2\/","og_site_name":"RO\u017d - Slovensko prosvetno dru\u0161tvo","article_published_time":"2024-01-23T11:07:21+00:00","og_image":[{"width":2560,"height":1706,"url":"https:\/\/roz.si\/wp-content\/uploads\/2024\/01\/2024_01_23_vabilo-prva-stran-za-splet-scaled.jpg","type":"image\/jpeg"}],"author":"Niko Me\u010dina","twitter_card":"summary_large_image","twitter_misc":{"Verfasst von":"Niko Me\u010dina","Gesch\u00e4tzte Lesezeit":"4\u00a0Minuten"},"schema":{"@context":"https:\/\/schema.org","@graph":[{"@type":"Article","@id":"https:\/\/roz.si\/news\/roz\/kontra-plazu_lawine-2\/#article","isPartOf":{"@id":"https:\/\/roz.si\/news\/roz\/kontra-plazu_lawine-2\/"},"author":{"name":"Niko Me\u010dina","@id":"https:\/\/roz.si\/#\/schema\/person\/7ec521d5c300eaecec30cb8406841442"},"headline":"KONTRA PLAZU_LAWINE","datePublished":"2024-01-23T11:07:21+00:00","mainEntityOfPage":{"@id":"https:\/\/roz.si\/news\/roz\/kontra-plazu_lawine-2\/"},"wordCount":249,"commentCount":0,"publisher":{"@id":"https:\/\/roz.si\/#organization"},"image":{"@id":"https:\/\/roz.si\/news\/roz\/kontra-plazu_lawine-2\/#primaryimage"},"thumbnailUrl":"https:\/\/roz.si\/wp-content\/uploads\/2024\/01\/2024_01_23_vabilo-prva-stran-za-splet-scaled.jpg","keywords":["Koncert"],"articleSection":["ro\u017e"],"inLanguage":"de","potentialAction":[{"@type":"CommentAction","name":"Comment","target":["https:\/\/roz.si\/news\/roz\/kontra-plazu_lawine-2\/#respond"]}]},{"@type":"WebPage","@id":"https:\/\/roz.si\/news\/roz\/kontra-plazu_lawine-2\/","url":"https:\/\/roz.si\/news\/roz\/kontra-plazu_lawine-2\/","name":"KONTRA PLAZU_LAWINE - RO\u017d - Slovensko prosvetno dru\u0161tvo","isPartOf":{"@id":"https:\/\/roz.si\/#website"},"primaryImageOfPage":{"@id":"https:\/\/roz.si\/news\/roz\/kontra-plazu_lawine-2\/#primaryimage"},"image":{"@id":"https:\/\/roz.si\/news\/roz\/kontra-plazu_lawine-2\/#primaryimage"},"thumbnailUrl":"https:\/\/roz.si\/wp-content\/uploads\/2024\/01\/2024_01_23_vabilo-prva-stran-za-splet-scaled.jpg","datePublished":"2024-01-23T11:07:21+00:00","breadcrumb":{"@id":"https:\/\/roz.si\/news\/roz\/kontra-plazu_lawine-2\/#breadcrumb"},"inLanguage":"de","potentialAction":[{"@type":"ReadAction","target":["https:\/\/roz.si\/news\/roz\/kontra-plazu_lawine-2\/"]}]},{"@type":"ImageObject","inLanguage":"de","@id":"https:\/\/roz.si\/news\/roz\/kontra-plazu_lawine-2\/#primaryimage","url":"https:\/\/roz.si\/wp-content\/uploads\/2024\/01\/2024_01_23_vabilo-prva-stran-za-splet-scaled.jpg","contentUrl":"https:\/\/roz.si\/wp-content\/uploads\/2024\/01\/2024_01_23_vabilo-prva-stran-za-splet-scaled.jpg","width":2560,"height":1706},{"@type":"BreadcrumbList","@id":"https:\/\/roz.si\/news\/roz\/kontra-plazu_lawine-2\/#breadcrumb","itemListElement":[{"@type":"ListItem","position":1,"name":"Home","item":"https:\/\/roz.si\/de\/"},{"@type":"ListItem","position":2,"name":"KONTRA PLAZU_LAWINE"}]},{"@type":"WebSite","@id":"https:\/\/roz.si\/#website","url":"https:\/\/roz.si\/","name":"RO\u017d - Slovensko prosvetno dru\u0161tvo","description":"Slovensko prosvetno dru\u0161tvo Ro\u017e","publisher":{"@id":"https:\/\/roz.si\/#organization"},"potentialAction":[{"@type":"SearchAction","target":{"@type":"EntryPoint","urlTemplate":"https:\/\/roz.si\/?s={search_term_string}"},"query-input":{"@type":"PropertyValueSpecification","valueRequired":true,"valueName":"search_term_string"}}],"inLanguage":"de"},{"@type":"Organization","@id":"https:\/\/roz.si\/#organization","name":"RO\u017d - Slovensko prosvetno dru\u0161tvo","url":"https:\/\/roz.si\/","logo":{"@type":"ImageObject","inLanguage":"de","@id":"https:\/\/roz.si\/#\/schema\/logo\/image\/","url":"https:\/\/roz.si\/wp-content\/uploads\/2022\/11\/ROZ_logo.ico","contentUrl":"https:\/\/roz.si\/wp-content\/uploads\/2022\/11\/ROZ_logo.ico","width":199,"height":120,"caption":"RO\u017d - Slovensko prosvetno dru\u0161tvo"},"image":{"@id":"https:\/\/roz.si\/#\/schema\/logo\/image\/"}},{"@type":"Person","@id":"https:\/\/roz.si\/#\/schema\/person\/7ec521d5c300eaecec30cb8406841442","name":"Niko Me\u010dina","image":{"@type":"ImageObject","inLanguage":"de","@id":"https:\/\/roz.si\/#\/schema\/person\/image\/","url":"https:\/\/secure.gravatar.com\/avatar\/63374db749f9ba5cd882f0f67e2241eef1ff48a30adac2b8e6a640b362da3598?s=96&d=mm&r=g","contentUrl":"https:\/\/secure.gravatar.com\/avatar\/63374db749f9ba5cd882f0f67e2241eef1ff48a30adac2b8e6a640b362da3598?s=96&d=mm&r=g","caption":"Niko Me\u010dina"},"url":"https:\/\/roz.si\/de\/author\/niko-mecinagmx-at\/"}]}},"_links":{"self":[{"href":"https:\/\/roz.si\/de\/wp-json\/wp\/v2\/posts\/16114","targetHints":{"allow":["GET"]}}],"collection":[{"href":"https:\/\/roz.si\/de\/wp-json\/wp\/v2\/posts"}],"about":[{"href":"https:\/\/roz.si\/de\/wp-json\/wp\/v2\/types\/post"}],"author":[{"embeddable":true,"href":"https:\/\/roz.si\/de\/wp-json\/wp\/v2\/users\/2"}],"replies":[{"embeddable":true,"href":"https:\/\/roz.si\/de\/wp-json\/wp\/v2\/comments?post=16114"}],"version-history":[{"count":1,"href":"https:\/\/roz.si\/de\/wp-json\/wp\/v2\/posts\/16114\/revisions"}],"predecessor-version":[{"id":16120,"href":"https:\/\/roz.si\/de\/wp-json\/wp\/v2\/posts\/16114\/revisions\/16120"}],"wp:featuredmedia":[{"embeddable":true,"href":"https:\/\/roz.si\/de\/wp-json\/wp\/v2\/media\/16116"}],"wp:attachment":[{"href":"https:\/\/roz.si\/de\/wp-json\/wp\/v2\/media?parent=16114"}],"wp:term":[{"taxonomy":"category","embeddable":true,"href":"https:\/\/roz.si\/de\/wp-json\/wp\/v2\/categories?post=16114"},{"taxonomy":"post_tag","embeddable":true,"href":"https:\/\/roz.si\/de\/wp-json\/wp\/v2\/tags?post=16114"}],"curies":[{"name":"wp","href":"https:\/\/api.w.org\/{rel}","templated":true}]}}