{"id":16161,"date":"2024-02-14T17:13:13","date_gmt":"2024-02-14T17:13:13","guid":{"rendered":"https:\/\/roz.si\/?p=16161"},"modified":"2024-02-14T17:13:13","modified_gmt":"2024-02-14T17:13:13","slug":"mariana-ein-liederzyklus-wegen-maria","status":"publish","type":"post","link":"https:\/\/roz.si\/de\/news\/roz\/mariana-ein-liederzyklus-wegen-maria\/","title":{"rendered":"Mariana &#8211;  Ein Liederzyklus wegen Maria"},"content":{"rendered":"<p>[vc_row][vc_column][vc_column_text]<span style=\"font-size: 14pt;\"><em>Mariana &#8211; Ein Liederzyklus wegen Maria<\/em><\/span><\/p>\n<p><span style=\"font-size: 14pt;\"><em>Marijana \u2013 cikel pesmi zavoljo Marije<\/em><\/span><\/p>\n<p>&nbsp;<\/p>\n<p>pet\/Frei 1.3. &#8211; 19:30<\/p>\n<p>Farov\u017e \u0160entjakob_Pfarrhof St.Jakob_Ros<\/p>\n<p>&nbsp;<\/p>\n<p>info:<em><br \/>\n<\/em><\/p>\n<table style=\"border-collapse: collapse; width: 100%;\">\n<tbody>\n<tr>\n<td style=\"width: 55.9962%; text-align: left;\"><em>Maria liegt am Ende ihres Lebens.<br \/>\n<\/em><em>Ihr Geist r\u00fchrt im trostlosen Teil der Vergangenheit. <\/em><br \/>\n<em>Ihr K\u00f6rper r\u00fchrt sich nicht mehr.\u00a0\u00a0\u00a0\u00a0<\/em><\/td>\n<td style=\"width: 44.0038%; text-align: right;\"><em>Marija je na koncu svojega \u017eivljenja.<\/em><br \/>\n<em>Njene misli se su\u010dejo okoli brezupne preteklosti.<\/em><br \/>\n<em>Njeno telo se ne premika ve\u010d.<\/em><\/td>\n<\/tr>\n<\/tbody>\n<\/table>\n<p>Eine musikalische Momentaufnahme gegen die lange Tradition der Verschwiegenheit und fu\u0308r das bessere Versta\u0308ndnis einer Verhaltensweise, die vom Verschwiegenen bestimmt wird. &#8222;Mariana&#8220; ist ein Besuch in Marias Lage. Ein Versuch in mehreren Liedern.<\/p>\n<p>\u201eMarijana\u201c je glasbeni zapis proti dolgi tradiciji mol\u010danja in za bolj\u0161e razumevanje vedenja, ki ga je dolo\u010dala trda mol\u010de\u010dnost. Je poiskus v\u017eiveti se v Marijin polo\u017eaj.<\/p>\n<p>&nbsp;<\/p>\n<p>Text, Musik, Gesang_besedilo, glasba, vokal:<br \/>\nBirgit Radeschnig<br \/>\nKontrabass, Gesang_kontrabas &amp; vokal:<br \/>\nMathias Krispin Bucher<br \/>\nSchlagzeug, Gesang_bobni &amp; vokal:<br \/>\nFlorian Steinringer<\/p>\n<p>&nbsp;<\/p>\n<p>Birgit Radeschnig ist Kabarettistin (Duo RaDeschnig), Musikerin (Klakradl), Autorin, sowie FM4 Radiokolumnistin. In ihrem ersten Liederzyklus &#8222;Mariana&#8220; begibt sich die gebu\u0308rtige Ka\u0308rntnerin mit Hilfe von Musikstu\u0308cken in Mundarttexten auf die Spuren einer traumatisierten Gro\u00dfelterngeneration.<br \/>\n_______________<\/p>\n<p>Birgit Radeschnig je kabaretistka (Duo RaDeschnig), glasbenica (Klakradl), avtorica in kolumnistka radia FM4. V svojem prvem ciklu pesmi &#8222;Mariana&#8220; se na Koro\u0161kem rojena umetnica s pomo\u010djo glasbenih del v nare\u010dnih besedilih podaja po sledeh travmatizirane generacije starih star\u0161ev.[\/vc_column_text][\/vc_column][\/vc_row][vc_row][vc_column][vc_empty_space][\/vc_column][\/vc_row]<\/p>\n","protected":false},"excerpt":{"rendered":"<p>[vc_row][vc_column][vc_column_text]Mariana &#8211; Ein Liederzyklus wegen Maria Marijana \u2013 cikel pesmi zavoljo Marije &nbsp; pet\/Frei 1.3. &#8211; 19:30 Farov\u017e \u0160entjakob_Pfarrhof St.Jakob_Ros &nbsp; info: Maria liegt am Ende ihres Lebens. Ihr Geist r\u00fchrt im trostlosen Teil der Vergangenheit. Ihr K\u00f6rper r\u00fchrt sich nicht mehr.\u00a0\u00a0\u00a0\u00a0 Marija je na koncu svojega \u017eivljenja. Njene misli se su\u010dejo okoli brezupne preteklosti. Njeno telo se [&hellip;]<\/p>\n","protected":false},"author":2,"featured_media":16169,"comment_status":"open","ping_status":"open","sticky":false,"template":"","format":"standard","meta":{"_acf_changed":false,"footnotes":""},"categories":[56],"tags":[62],"class_list":["post-16161","post","type-post","status-publish","format-standard","has-post-thumbnail","hentry","category-roz","tag-koncert"],"acf":[],"yoast_head":"<!-- This site is optimized with the Yoast SEO plugin v24.8.1 - https:\/\/yoast.com\/wordpress\/plugins\/seo\/ -->\n<title>Mariana - Ein Liederzyklus wegen Maria - RO\u017d - Slovensko prosvetno dru\u0161tvo<\/title>\n<meta name=\"robots\" content=\"index, follow, max-snippet:-1, max-image-preview:large, max-video-preview:-1\" \/>\n<link rel=\"canonical\" href=\"https:\/\/roz.si\/news\/roz\/mariana-ein-liederzyklus-wegen-maria\/\" \/>\n<meta property=\"og:locale\" content=\"de_DE\" \/>\n<meta property=\"og:type\" content=\"article\" \/>\n<meta property=\"og:title\" content=\"Mariana - Ein Liederzyklus wegen Maria - RO\u017d - Slovensko prosvetno dru\u0161tvo\" \/>\n<meta property=\"og:description\" content=\"[vc_row][vc_column][vc_column_text]Mariana &#8211; Ein Liederzyklus wegen Maria Marijana \u2013 cikel pesmi zavoljo Marije &nbsp; pet\/Frei 1.3. &#8211; 19:30 Farov\u017e \u0160entjakob_Pfarrhof St.Jakob_Ros &nbsp; info: Maria liegt am Ende ihres Lebens. Ihr Geist r\u00fchrt im trostlosen Teil der Vergangenheit. Ihr K\u00f6rper r\u00fchrt sich nicht mehr.\u00a0\u00a0\u00a0\u00a0 Marija je na koncu svojega \u017eivljenja. Njene misli se su\u010dejo okoli brezupne preteklosti. Njeno telo se [&hellip;]\" \/>\n<meta property=\"og:url\" content=\"https:\/\/roz.si\/news\/roz\/mariana-ein-liederzyklus-wegen-maria\/\" \/>\n<meta property=\"og:site_name\" content=\"RO\u017d - Slovensko prosvetno dru\u0161tvo\" \/>\n<meta property=\"article:published_time\" content=\"2024-02-14T17:13:13+00:00\" \/>\n<meta property=\"og:image\" content=\"https:\/\/roz.si\/wp-content\/uploads\/2024\/02\/vabilo-splet-scaled.jpg\" \/>\n\t<meta property=\"og:image:width\" content=\"667\" \/>\n\t<meta property=\"og:image:height\" content=\"2560\" \/>\n\t<meta property=\"og:image:type\" content=\"image\/jpeg\" \/>\n<meta name=\"author\" content=\"Niko Me\u010dina\" \/>\n<meta name=\"twitter:card\" content=\"summary_large_image\" \/>\n<meta name=\"twitter:label1\" content=\"Verfasst von\" \/>\n\t<meta name=\"twitter:data1\" content=\"Niko Me\u010dina\" \/>\n\t<meta name=\"twitter:label2\" content=\"Gesch\u00e4tzte Lesezeit\" \/>\n\t<meta name=\"twitter:data2\" content=\"4\u00a0Minuten\" \/>\n<script type=\"application\/ld+json\" class=\"yoast-schema-graph\">{\"@context\":\"https:\/\/schema.org\",\"@graph\":[{\"@type\":\"Article\",\"@id\":\"https:\/\/roz.si\/news\/roz\/mariana-ein-liederzyklus-wegen-maria\/#article\",\"isPartOf\":{\"@id\":\"https:\/\/roz.si\/news\/roz\/mariana-ein-liederzyklus-wegen-maria\/\"},\"author\":{\"name\":\"Niko Me\u010dina\",\"@id\":\"https:\/\/roz.si\/#\/schema\/person\/7ec521d5c300eaecec30cb8406841442\"},\"headline\":\"Mariana &#8211; Ein Liederzyklus wegen Maria\",\"datePublished\":\"2024-02-14T17:13:13+00:00\",\"mainEntityOfPage\":{\"@id\":\"https:\/\/roz.si\/news\/roz\/mariana-ein-liederzyklus-wegen-maria\/\"},\"wordCount\":270,\"commentCount\":0,\"publisher\":{\"@id\":\"https:\/\/roz.si\/#organization\"},\"image\":{\"@id\":\"https:\/\/roz.si\/news\/roz\/mariana-ein-liederzyklus-wegen-maria\/#primaryimage\"},\"thumbnailUrl\":\"https:\/\/roz.si\/wp-content\/uploads\/2024\/02\/vabilo-splet-scaled.jpg\",\"keywords\":[\"Koncert\"],\"articleSection\":[\"ro\u017e\"],\"inLanguage\":\"de\",\"potentialAction\":[{\"@type\":\"CommentAction\",\"name\":\"Comment\",\"target\":[\"https:\/\/roz.si\/news\/roz\/mariana-ein-liederzyklus-wegen-maria\/#respond\"]}]},{\"@type\":\"WebPage\",\"@id\":\"https:\/\/roz.si\/news\/roz\/mariana-ein-liederzyklus-wegen-maria\/\",\"url\":\"https:\/\/roz.si\/news\/roz\/mariana-ein-liederzyklus-wegen-maria\/\",\"name\":\"Mariana - Ein Liederzyklus wegen Maria - RO\u017d - Slovensko prosvetno dru\u0161tvo\",\"isPartOf\":{\"@id\":\"https:\/\/roz.si\/#website\"},\"primaryImageOfPage\":{\"@id\":\"https:\/\/roz.si\/news\/roz\/mariana-ein-liederzyklus-wegen-maria\/#primaryimage\"},\"image\":{\"@id\":\"https:\/\/roz.si\/news\/roz\/mariana-ein-liederzyklus-wegen-maria\/#primaryimage\"},\"thumbnailUrl\":\"https:\/\/roz.si\/wp-content\/uploads\/2024\/02\/vabilo-splet-scaled.jpg\",\"datePublished\":\"2024-02-14T17:13:13+00:00\",\"breadcrumb\":{\"@id\":\"https:\/\/roz.si\/news\/roz\/mariana-ein-liederzyklus-wegen-maria\/#breadcrumb\"},\"inLanguage\":\"de\",\"potentialAction\":[{\"@type\":\"ReadAction\",\"target\":[\"https:\/\/roz.si\/news\/roz\/mariana-ein-liederzyklus-wegen-maria\/\"]}]},{\"@type\":\"ImageObject\",\"inLanguage\":\"de\",\"@id\":\"https:\/\/roz.si\/news\/roz\/mariana-ein-liederzyklus-wegen-maria\/#primaryimage\",\"url\":\"https:\/\/roz.si\/wp-content\/uploads\/2024\/02\/vabilo-splet-scaled.jpg\",\"contentUrl\":\"https:\/\/roz.si\/wp-content\/uploads\/2024\/02\/vabilo-splet-scaled.jpg\",\"width\":667,\"height\":2560},{\"@type\":\"BreadcrumbList\",\"@id\":\"https:\/\/roz.si\/news\/roz\/mariana-ein-liederzyklus-wegen-maria\/#breadcrumb\",\"itemListElement\":[{\"@type\":\"ListItem\",\"position\":1,\"name\":\"Home\",\"item\":\"https:\/\/roz.si\/de\/\"},{\"@type\":\"ListItem\",\"position\":2,\"name\":\"Mariana &#8211; Ein Liederzyklus wegen Maria\"}]},{\"@type\":\"WebSite\",\"@id\":\"https:\/\/roz.si\/#website\",\"url\":\"https:\/\/roz.si\/\",\"name\":\"RO\u017d - Slovensko prosvetno dru\u0161tvo\",\"description\":\"Slovensko prosvetno dru\u0161tvo Ro\u017e\",\"publisher\":{\"@id\":\"https:\/\/roz.si\/#organization\"},\"potentialAction\":[{\"@type\":\"SearchAction\",\"target\":{\"@type\":\"EntryPoint\",\"urlTemplate\":\"https:\/\/roz.si\/?s={search_term_string}\"},\"query-input\":{\"@type\":\"PropertyValueSpecification\",\"valueRequired\":true,\"valueName\":\"search_term_string\"}}],\"inLanguage\":\"de\"},{\"@type\":\"Organization\",\"@id\":\"https:\/\/roz.si\/#organization\",\"name\":\"RO\u017d - Slovensko prosvetno dru\u0161tvo\",\"url\":\"https:\/\/roz.si\/\",\"logo\":{\"@type\":\"ImageObject\",\"inLanguage\":\"de\",\"@id\":\"https:\/\/roz.si\/#\/schema\/logo\/image\/\",\"url\":\"https:\/\/roz.si\/wp-content\/uploads\/2022\/11\/ROZ_logo.ico\",\"contentUrl\":\"https:\/\/roz.si\/wp-content\/uploads\/2022\/11\/ROZ_logo.ico\",\"width\":199,\"height\":120,\"caption\":\"RO\u017d - Slovensko prosvetno dru\u0161tvo\"},\"image\":{\"@id\":\"https:\/\/roz.si\/#\/schema\/logo\/image\/\"}},{\"@type\":\"Person\",\"@id\":\"https:\/\/roz.si\/#\/schema\/person\/7ec521d5c300eaecec30cb8406841442\",\"name\":\"Niko Me\u010dina\",\"image\":{\"@type\":\"ImageObject\",\"inLanguage\":\"de\",\"@id\":\"https:\/\/roz.si\/#\/schema\/person\/image\/\",\"url\":\"https:\/\/secure.gravatar.com\/avatar\/63374db749f9ba5cd882f0f67e2241eef1ff48a30adac2b8e6a640b362da3598?s=96&d=mm&r=g\",\"contentUrl\":\"https:\/\/secure.gravatar.com\/avatar\/63374db749f9ba5cd882f0f67e2241eef1ff48a30adac2b8e6a640b362da3598?s=96&d=mm&r=g\",\"caption\":\"Niko Me\u010dina\"},\"url\":\"https:\/\/roz.si\/de\/author\/niko-mecinagmx-at\/\"}]}<\/script>\n<!-- \/ Yoast SEO plugin. -->","yoast_head_json":{"title":"Mariana - Ein Liederzyklus wegen Maria - RO\u017d - Slovensko prosvetno dru\u0161tvo","robots":{"index":"index","follow":"follow","max-snippet":"max-snippet:-1","max-image-preview":"max-image-preview:large","max-video-preview":"max-video-preview:-1"},"canonical":"https:\/\/roz.si\/news\/roz\/mariana-ein-liederzyklus-wegen-maria\/","og_locale":"de_DE","og_type":"article","og_title":"Mariana - Ein Liederzyklus wegen Maria - RO\u017d - Slovensko prosvetno dru\u0161tvo","og_description":"[vc_row][vc_column][vc_column_text]Mariana &#8211; Ein Liederzyklus wegen Maria Marijana \u2013 cikel pesmi zavoljo Marije &nbsp; pet\/Frei 1.3. &#8211; 19:30 Farov\u017e \u0160entjakob_Pfarrhof St.Jakob_Ros &nbsp; info: Maria liegt am Ende ihres Lebens. Ihr Geist r\u00fchrt im trostlosen Teil der Vergangenheit. Ihr K\u00f6rper r\u00fchrt sich nicht mehr.\u00a0\u00a0\u00a0\u00a0 Marija je na koncu svojega \u017eivljenja. Njene misli se su\u010dejo okoli brezupne preteklosti. Njeno telo se [&hellip;]","og_url":"https:\/\/roz.si\/news\/roz\/mariana-ein-liederzyklus-wegen-maria\/","og_site_name":"RO\u017d - Slovensko prosvetno dru\u0161tvo","article_published_time":"2024-02-14T17:13:13+00:00","og_image":[{"width":667,"height":2560,"url":"https:\/\/roz.si\/wp-content\/uploads\/2024\/02\/vabilo-splet-scaled.jpg","type":"image\/jpeg"}],"author":"Niko Me\u010dina","twitter_card":"summary_large_image","twitter_misc":{"Verfasst von":"Niko Me\u010dina","Gesch\u00e4tzte Lesezeit":"4\u00a0Minuten"},"schema":{"@context":"https:\/\/schema.org","@graph":[{"@type":"Article","@id":"https:\/\/roz.si\/news\/roz\/mariana-ein-liederzyklus-wegen-maria\/#article","isPartOf":{"@id":"https:\/\/roz.si\/news\/roz\/mariana-ein-liederzyklus-wegen-maria\/"},"author":{"name":"Niko Me\u010dina","@id":"https:\/\/roz.si\/#\/schema\/person\/7ec521d5c300eaecec30cb8406841442"},"headline":"Mariana &#8211; Ein Liederzyklus wegen Maria","datePublished":"2024-02-14T17:13:13+00:00","mainEntityOfPage":{"@id":"https:\/\/roz.si\/news\/roz\/mariana-ein-liederzyklus-wegen-maria\/"},"wordCount":270,"commentCount":0,"publisher":{"@id":"https:\/\/roz.si\/#organization"},"image":{"@id":"https:\/\/roz.si\/news\/roz\/mariana-ein-liederzyklus-wegen-maria\/#primaryimage"},"thumbnailUrl":"https:\/\/roz.si\/wp-content\/uploads\/2024\/02\/vabilo-splet-scaled.jpg","keywords":["Koncert"],"articleSection":["ro\u017e"],"inLanguage":"de","potentialAction":[{"@type":"CommentAction","name":"Comment","target":["https:\/\/roz.si\/news\/roz\/mariana-ein-liederzyklus-wegen-maria\/#respond"]}]},{"@type":"WebPage","@id":"https:\/\/roz.si\/news\/roz\/mariana-ein-liederzyklus-wegen-maria\/","url":"https:\/\/roz.si\/news\/roz\/mariana-ein-liederzyklus-wegen-maria\/","name":"Mariana - Ein Liederzyklus wegen Maria - RO\u017d - Slovensko prosvetno dru\u0161tvo","isPartOf":{"@id":"https:\/\/roz.si\/#website"},"primaryImageOfPage":{"@id":"https:\/\/roz.si\/news\/roz\/mariana-ein-liederzyklus-wegen-maria\/#primaryimage"},"image":{"@id":"https:\/\/roz.si\/news\/roz\/mariana-ein-liederzyklus-wegen-maria\/#primaryimage"},"thumbnailUrl":"https:\/\/roz.si\/wp-content\/uploads\/2024\/02\/vabilo-splet-scaled.jpg","datePublished":"2024-02-14T17:13:13+00:00","breadcrumb":{"@id":"https:\/\/roz.si\/news\/roz\/mariana-ein-liederzyklus-wegen-maria\/#breadcrumb"},"inLanguage":"de","potentialAction":[{"@type":"ReadAction","target":["https:\/\/roz.si\/news\/roz\/mariana-ein-liederzyklus-wegen-maria\/"]}]},{"@type":"ImageObject","inLanguage":"de","@id":"https:\/\/roz.si\/news\/roz\/mariana-ein-liederzyklus-wegen-maria\/#primaryimage","url":"https:\/\/roz.si\/wp-content\/uploads\/2024\/02\/vabilo-splet-scaled.jpg","contentUrl":"https:\/\/roz.si\/wp-content\/uploads\/2024\/02\/vabilo-splet-scaled.jpg","width":667,"height":2560},{"@type":"BreadcrumbList","@id":"https:\/\/roz.si\/news\/roz\/mariana-ein-liederzyklus-wegen-maria\/#breadcrumb","itemListElement":[{"@type":"ListItem","position":1,"name":"Home","item":"https:\/\/roz.si\/de\/"},{"@type":"ListItem","position":2,"name":"Mariana &#8211; Ein Liederzyklus wegen Maria"}]},{"@type":"WebSite","@id":"https:\/\/roz.si\/#website","url":"https:\/\/roz.si\/","name":"RO\u017d - Slovensko prosvetno dru\u0161tvo","description":"Slovensko prosvetno dru\u0161tvo Ro\u017e","publisher":{"@id":"https:\/\/roz.si\/#organization"},"potentialAction":[{"@type":"SearchAction","target":{"@type":"EntryPoint","urlTemplate":"https:\/\/roz.si\/?s={search_term_string}"},"query-input":{"@type":"PropertyValueSpecification","valueRequired":true,"valueName":"search_term_string"}}],"inLanguage":"de"},{"@type":"Organization","@id":"https:\/\/roz.si\/#organization","name":"RO\u017d - Slovensko prosvetno dru\u0161tvo","url":"https:\/\/roz.si\/","logo":{"@type":"ImageObject","inLanguage":"de","@id":"https:\/\/roz.si\/#\/schema\/logo\/image\/","url":"https:\/\/roz.si\/wp-content\/uploads\/2022\/11\/ROZ_logo.ico","contentUrl":"https:\/\/roz.si\/wp-content\/uploads\/2022\/11\/ROZ_logo.ico","width":199,"height":120,"caption":"RO\u017d - Slovensko prosvetno dru\u0161tvo"},"image":{"@id":"https:\/\/roz.si\/#\/schema\/logo\/image\/"}},{"@type":"Person","@id":"https:\/\/roz.si\/#\/schema\/person\/7ec521d5c300eaecec30cb8406841442","name":"Niko Me\u010dina","image":{"@type":"ImageObject","inLanguage":"de","@id":"https:\/\/roz.si\/#\/schema\/person\/image\/","url":"https:\/\/secure.gravatar.com\/avatar\/63374db749f9ba5cd882f0f67e2241eef1ff48a30adac2b8e6a640b362da3598?s=96&d=mm&r=g","contentUrl":"https:\/\/secure.gravatar.com\/avatar\/63374db749f9ba5cd882f0f67e2241eef1ff48a30adac2b8e6a640b362da3598?s=96&d=mm&r=g","caption":"Niko Me\u010dina"},"url":"https:\/\/roz.si\/de\/author\/niko-mecinagmx-at\/"}]}},"_links":{"self":[{"href":"https:\/\/roz.si\/de\/wp-json\/wp\/v2\/posts\/16161","targetHints":{"allow":["GET"]}}],"collection":[{"href":"https:\/\/roz.si\/de\/wp-json\/wp\/v2\/posts"}],"about":[{"href":"https:\/\/roz.si\/de\/wp-json\/wp\/v2\/types\/post"}],"author":[{"embeddable":true,"href":"https:\/\/roz.si\/de\/wp-json\/wp\/v2\/users\/2"}],"replies":[{"embeddable":true,"href":"https:\/\/roz.si\/de\/wp-json\/wp\/v2\/comments?post=16161"}],"version-history":[{"count":4,"href":"https:\/\/roz.si\/de\/wp-json\/wp\/v2\/posts\/16161\/revisions"}],"predecessor-version":[{"id":16174,"href":"https:\/\/roz.si\/de\/wp-json\/wp\/v2\/posts\/16161\/revisions\/16174"}],"wp:featuredmedia":[{"embeddable":true,"href":"https:\/\/roz.si\/de\/wp-json\/wp\/v2\/media\/16169"}],"wp:attachment":[{"href":"https:\/\/roz.si\/de\/wp-json\/wp\/v2\/media?parent=16161"}],"wp:term":[{"taxonomy":"category","embeddable":true,"href":"https:\/\/roz.si\/de\/wp-json\/wp\/v2\/categories?post=16161"},{"taxonomy":"post_tag","embeddable":true,"href":"https:\/\/roz.si\/de\/wp-json\/wp\/v2\/tags?post=16161"}],"curies":[{"name":"wp","href":"https:\/\/api.w.org\/{rel}","templated":true}]}}