{"id":16271,"date":"2024-06-05T19:17:14","date_gmt":"2024-06-05T19:17:14","guid":{"rendered":"https:\/\/roz.si\/?p=16271"},"modified":"2024-06-21T20:00:42","modified_gmt":"2024-06-21T20:00:42","slug":"meinallesaufderwelt","status":"publish","type":"post","link":"https:\/\/roz.si\/de\/news\/roz\/meinallesaufderwelt\/","title":{"rendered":"MeinAllesaufderWelt"},"content":{"rendered":"<p>[vc_row][vc_column][vc_column_text]<\/p>\n<h1><span style=\"color: #800000;\"><strong>MeinAllesaufderWelt<\/strong><\/span><\/h1>\n<p>Eine Tanzperformance \u00fcber die Suche nach der eigenen Identit\u00e4t<\/p>\n<p>Mojvsenasvetu &#8211; Plesni performans o iskanju lastne identitete<\/p>\n<p><strong>\u00a0<\/strong><\/p>\n<p><strong><u>Konzept &amp; Choreografie<\/u><\/strong><u>:<\/u> Leonie Humitsch, Stefanie Sternig<\/p>\n<p>&nbsp;<\/p>\n<p><em>\u00bbDer wahre Schauplatz ist das Innen von Menschen\u00ab. <\/em>I. Bachmann\u00a0 <em>(\u00bbV notranjosti \u010dloveka je pravo prizori\u0161\u010de.\u00ab) <\/em><\/p>\n<p>&nbsp;<\/p>\n<p>In Anlehnung an Texte von Ingeborg Bachmann und pers\u00f6nlichen Gedanken, W\u00fcnschen und Sehns\u00fcchten der PerformerInnen: 6\u00a0JungdarstellerInnen, 3 PerformerInnen und 2 Musikern. Bei \u00bbMeinAllesaufderWelt\u00ab dreht sich alles um Tanz, Musik und Sprache und um den mehrere Meter langen Holzsto\u00df, der da liegt wie aufgeschichtete Worte, der vielleicht das System, in welchem wir leben, abbildet oder als un\u00fcberwindbare Grenze gilt, die die Eindringlichkeit der Gedanken, W\u00fcnsche und Sehns\u00fcchte auff\u00e4ngt und wie ein Spiegel wieder zur\u00fcckwirft.<\/p>\n<p>&nbsp;<\/p>\n<p>Plesna predstava temelji na besedilih Ingeborg Bachmann ter na mislih, \u017eeljah in hrepenenjih nastopajo\u010dih: \u0161est mladih igralcev, trije performerji in dva glasbenika. Pri \u00bbMojvsenasvetu\u00ab se vrti vse okoli glasbe in jeziku ter ve\u010d metrov dolge grede lesa, ki le\u017ei na odru kot nakopi\u010dene besede in morda ponazarja sistem, v katerem \u017eivimo, ali pa predstavlja nepremostljivo mejo, ki ujame nujnost misli, \u017eelja in hrepenenj in jih kot ogledalo odseva nazaj.<\/p>\n<p>&nbsp;<\/p>\n<p>\u00bbFeinf\u00fchlig erz\u00e4hlt die Performance vom Suchen nach dem Ausbruch und dem Entlangschreiten von Grenzen. \u2026 Die ausgekl\u00fcgelte Choreografie l\u00e4sst Bilder auf der B\u00fchne entstehen, die h\u00e4ngen bleiben \u2026 und bewegen.\u00ab Sarah Haidenthaler: Wolfgang Magazin<\/p>\n<p>&nbsp;<\/p>\n<p style=\"text-align: center;\">rezervacija kart_Kartenreservierung: tel. +43 680 133 2112, mail: <a href=\"mailto:info@roz.si\">info@roz.si<\/a><\/p>\n<p style=\"text-align: center;\">vstopnina_Eintritt: 15.-EUR<\/p>\n<p>[\/vc_column_text][\/vc_column][\/vc_row][vc_row][vc_column][vc_empty_space][\/vc_column][\/vc_row][vc_row][vc_column][vc_message message_box_color=&#8220;warning&#8220;]<\/p>\n<p style=\"text-align: center;\"><span style=\"font-family: tahoma, arial, helvetica, sans-serif; color: #ff0000; font-size: 14pt;\"><strong>Va\u017ena informacija!! Prireditev se za\u010dne pol ure kasneje &#8211; torej ob 20. uri!!!<\/strong><\/span><\/p>\n<p style=\"text-align: center;\"><span style=\"font-family: tahoma, arial, helvetica, sans-serif; color: #ff0000; font-size: 14pt;\"><strong>ACHTUNG !!! Die Vorstellung wird um eine halbe Stunde nach hinten verschoben. Beginn somit um 20 Uhr!!<\/strong><\/span><\/p>\n<p>[\/vc_message][\/vc_column][\/vc_row]<\/p>\n","protected":false},"excerpt":{"rendered":"<p>[vc_row][vc_column][vc_column_text] MeinAllesaufderWelt Eine Tanzperformance \u00fcber die Suche nach der eigenen Identit\u00e4t Mojvsenasvetu &#8211; Plesni performans o iskanju lastne identitete \u00a0 Konzept &amp; Choreografie: Leonie Humitsch, Stefanie Sternig &nbsp; \u00bbDer wahre Schauplatz ist das Innen von Menschen\u00ab. I. Bachmann\u00a0 (\u00bbV notranjosti \u010dloveka je pravo prizori\u0161\u010de.\u00ab) &nbsp; In Anlehnung an Texte von Ingeborg Bachmann und pers\u00f6nlichen Gedanken, W\u00fcnschen und Sehns\u00fcchten [&hellip;]<\/p>\n","protected":false},"author":2,"featured_media":16272,"comment_status":"open","ping_status":"open","sticky":false,"template":"","format":"standard","meta":{"_acf_changed":false,"footnotes":""},"categories":[56],"tags":[111],"class_list":["post-16271","post","type-post","status-publish","format-standard","has-post-thumbnail","hentry","category-roz","tag-glasbeno-plesni-performans"],"acf":[],"yoast_head":"<!-- This site is optimized with the Yoast SEO plugin v24.8.1 - https:\/\/yoast.com\/wordpress\/plugins\/seo\/ -->\n<title>MeinAllesaufderWelt - RO\u017d - Slovensko prosvetno dru\u0161tvo<\/title>\n<meta name=\"robots\" content=\"index, follow, max-snippet:-1, max-image-preview:large, max-video-preview:-1\" \/>\n<link rel=\"canonical\" href=\"https:\/\/roz.si\/news\/roz\/meinallesaufderwelt\/\" \/>\n<meta property=\"og:locale\" content=\"de_DE\" \/>\n<meta property=\"og:type\" content=\"article\" \/>\n<meta property=\"og:title\" content=\"MeinAllesaufderWelt - RO\u017d - Slovensko prosvetno dru\u0161tvo\" \/>\n<meta property=\"og:description\" content=\"[vc_row][vc_column][vc_column_text] MeinAllesaufderWelt Eine Tanzperformance \u00fcber die Suche nach der eigenen Identit\u00e4t Mojvsenasvetu &#8211; Plesni performans o iskanju lastne identitete \u00a0 Konzept &amp; Choreografie: Leonie Humitsch, Stefanie Sternig &nbsp; \u00bbDer wahre Schauplatz ist das Innen von Menschen\u00ab. I. Bachmann\u00a0 (\u00bbV notranjosti \u010dloveka je pravo prizori\u0161\u010de.\u00ab) &nbsp; In Anlehnung an Texte von Ingeborg Bachmann und pers\u00f6nlichen Gedanken, W\u00fcnschen und Sehns\u00fcchten [&hellip;]\" \/>\n<meta property=\"og:url\" content=\"https:\/\/roz.si\/news\/roz\/meinallesaufderwelt\/\" \/>\n<meta property=\"og:site_name\" content=\"RO\u017d - Slovensko prosvetno dru\u0161tvo\" \/>\n<meta property=\"article:published_time\" content=\"2024-06-05T19:17:14+00:00\" \/>\n<meta property=\"article:modified_time\" content=\"2024-06-21T20:00:42+00:00\" \/>\n<meta property=\"og:image\" content=\"https:\/\/roz.si\/wp-content\/uploads\/2024\/06\/splet-prva-stran-scaled.jpg\" \/>\n\t<meta property=\"og:image:width\" content=\"2560\" \/>\n\t<meta property=\"og:image:height\" content=\"1706\" \/>\n\t<meta property=\"og:image:type\" content=\"image\/jpeg\" \/>\n<meta name=\"author\" content=\"Niko Me\u010dina\" \/>\n<meta name=\"twitter:card\" content=\"summary_large_image\" \/>\n<meta name=\"twitter:label1\" content=\"Verfasst von\" \/>\n\t<meta name=\"twitter:data1\" content=\"Niko Me\u010dina\" \/>\n\t<meta name=\"twitter:label2\" content=\"Gesch\u00e4tzte Lesezeit\" \/>\n\t<meta name=\"twitter:data2\" content=\"2\u00a0Minuten\" \/>\n<script type=\"application\/ld+json\" class=\"yoast-schema-graph\">{\"@context\":\"https:\/\/schema.org\",\"@graph\":[{\"@type\":\"Article\",\"@id\":\"https:\/\/roz.si\/news\/roz\/meinallesaufderwelt\/#article\",\"isPartOf\":{\"@id\":\"https:\/\/roz.si\/news\/roz\/meinallesaufderwelt\/\"},\"author\":{\"name\":\"Niko Me\u010dina\",\"@id\":\"https:\/\/roz.si\/#\/schema\/person\/7ec521d5c300eaecec30cb8406841442\"},\"headline\":\"MeinAllesaufderWelt\",\"datePublished\":\"2024-06-05T19:17:14+00:00\",\"dateModified\":\"2024-06-21T20:00:42+00:00\",\"mainEntityOfPage\":{\"@id\":\"https:\/\/roz.si\/news\/roz\/meinallesaufderwelt\/\"},\"wordCount\":319,\"commentCount\":0,\"publisher\":{\"@id\":\"https:\/\/roz.si\/#organization\"},\"image\":{\"@id\":\"https:\/\/roz.si\/news\/roz\/meinallesaufderwelt\/#primaryimage\"},\"thumbnailUrl\":\"https:\/\/roz.si\/wp-content\/uploads\/2024\/06\/splet-prva-stran-scaled.jpg\",\"keywords\":[\"glasbeno-plesni performans\"],\"articleSection\":[\"ro\u017e\"],\"inLanguage\":\"de\",\"potentialAction\":[{\"@type\":\"CommentAction\",\"name\":\"Comment\",\"target\":[\"https:\/\/roz.si\/news\/roz\/meinallesaufderwelt\/#respond\"]}]},{\"@type\":\"WebPage\",\"@id\":\"https:\/\/roz.si\/news\/roz\/meinallesaufderwelt\/\",\"url\":\"https:\/\/roz.si\/news\/roz\/meinallesaufderwelt\/\",\"name\":\"MeinAllesaufderWelt - RO\u017d - Slovensko prosvetno dru\u0161tvo\",\"isPartOf\":{\"@id\":\"https:\/\/roz.si\/#website\"},\"primaryImageOfPage\":{\"@id\":\"https:\/\/roz.si\/news\/roz\/meinallesaufderwelt\/#primaryimage\"},\"image\":{\"@id\":\"https:\/\/roz.si\/news\/roz\/meinallesaufderwelt\/#primaryimage\"},\"thumbnailUrl\":\"https:\/\/roz.si\/wp-content\/uploads\/2024\/06\/splet-prva-stran-scaled.jpg\",\"datePublished\":\"2024-06-05T19:17:14+00:00\",\"dateModified\":\"2024-06-21T20:00:42+00:00\",\"breadcrumb\":{\"@id\":\"https:\/\/roz.si\/news\/roz\/meinallesaufderwelt\/#breadcrumb\"},\"inLanguage\":\"de\",\"potentialAction\":[{\"@type\":\"ReadAction\",\"target\":[\"https:\/\/roz.si\/news\/roz\/meinallesaufderwelt\/\"]}]},{\"@type\":\"ImageObject\",\"inLanguage\":\"de\",\"@id\":\"https:\/\/roz.si\/news\/roz\/meinallesaufderwelt\/#primaryimage\",\"url\":\"https:\/\/roz.si\/wp-content\/uploads\/2024\/06\/splet-prva-stran-scaled.jpg\",\"contentUrl\":\"https:\/\/roz.si\/wp-content\/uploads\/2024\/06\/splet-prva-stran-scaled.jpg\",\"width\":2560,\"height\":1706},{\"@type\":\"BreadcrumbList\",\"@id\":\"https:\/\/roz.si\/news\/roz\/meinallesaufderwelt\/#breadcrumb\",\"itemListElement\":[{\"@type\":\"ListItem\",\"position\":1,\"name\":\"Home\",\"item\":\"https:\/\/roz.si\/de\/\"},{\"@type\":\"ListItem\",\"position\":2,\"name\":\"MeinAllesaufderWelt\"}]},{\"@type\":\"WebSite\",\"@id\":\"https:\/\/roz.si\/#website\",\"url\":\"https:\/\/roz.si\/\",\"name\":\"RO\u017d - Slovensko prosvetno dru\u0161tvo\",\"description\":\"Slovensko prosvetno dru\u0161tvo Ro\u017e\",\"publisher\":{\"@id\":\"https:\/\/roz.si\/#organization\"},\"potentialAction\":[{\"@type\":\"SearchAction\",\"target\":{\"@type\":\"EntryPoint\",\"urlTemplate\":\"https:\/\/roz.si\/?s={search_term_string}\"},\"query-input\":{\"@type\":\"PropertyValueSpecification\",\"valueRequired\":true,\"valueName\":\"search_term_string\"}}],\"inLanguage\":\"de\"},{\"@type\":\"Organization\",\"@id\":\"https:\/\/roz.si\/#organization\",\"name\":\"RO\u017d - Slovensko prosvetno dru\u0161tvo\",\"url\":\"https:\/\/roz.si\/\",\"logo\":{\"@type\":\"ImageObject\",\"inLanguage\":\"de\",\"@id\":\"https:\/\/roz.si\/#\/schema\/logo\/image\/\",\"url\":\"https:\/\/roz.si\/wp-content\/uploads\/2022\/11\/ROZ_logo.ico\",\"contentUrl\":\"https:\/\/roz.si\/wp-content\/uploads\/2022\/11\/ROZ_logo.ico\",\"width\":199,\"height\":120,\"caption\":\"RO\u017d - Slovensko prosvetno dru\u0161tvo\"},\"image\":{\"@id\":\"https:\/\/roz.si\/#\/schema\/logo\/image\/\"}},{\"@type\":\"Person\",\"@id\":\"https:\/\/roz.si\/#\/schema\/person\/7ec521d5c300eaecec30cb8406841442\",\"name\":\"Niko Me\u010dina\",\"image\":{\"@type\":\"ImageObject\",\"inLanguage\":\"de\",\"@id\":\"https:\/\/roz.si\/#\/schema\/person\/image\/\",\"url\":\"https:\/\/secure.gravatar.com\/avatar\/63374db749f9ba5cd882f0f67e2241eef1ff48a30adac2b8e6a640b362da3598?s=96&d=mm&r=g\",\"contentUrl\":\"https:\/\/secure.gravatar.com\/avatar\/63374db749f9ba5cd882f0f67e2241eef1ff48a30adac2b8e6a640b362da3598?s=96&d=mm&r=g\",\"caption\":\"Niko Me\u010dina\"},\"url\":\"https:\/\/roz.si\/de\/author\/niko-mecinagmx-at\/\"}]}<\/script>\n<!-- \/ Yoast SEO plugin. -->","yoast_head_json":{"title":"MeinAllesaufderWelt - RO\u017d - Slovensko prosvetno dru\u0161tvo","robots":{"index":"index","follow":"follow","max-snippet":"max-snippet:-1","max-image-preview":"max-image-preview:large","max-video-preview":"max-video-preview:-1"},"canonical":"https:\/\/roz.si\/news\/roz\/meinallesaufderwelt\/","og_locale":"de_DE","og_type":"article","og_title":"MeinAllesaufderWelt - RO\u017d - Slovensko prosvetno dru\u0161tvo","og_description":"[vc_row][vc_column][vc_column_text] MeinAllesaufderWelt Eine Tanzperformance \u00fcber die Suche nach der eigenen Identit\u00e4t Mojvsenasvetu &#8211; Plesni performans o iskanju lastne identitete \u00a0 Konzept &amp; Choreografie: Leonie Humitsch, Stefanie Sternig &nbsp; \u00bbDer wahre Schauplatz ist das Innen von Menschen\u00ab. I. Bachmann\u00a0 (\u00bbV notranjosti \u010dloveka je pravo prizori\u0161\u010de.\u00ab) &nbsp; In Anlehnung an Texte von Ingeborg Bachmann und pers\u00f6nlichen Gedanken, W\u00fcnschen und Sehns\u00fcchten [&hellip;]","og_url":"https:\/\/roz.si\/news\/roz\/meinallesaufderwelt\/","og_site_name":"RO\u017d - Slovensko prosvetno dru\u0161tvo","article_published_time":"2024-06-05T19:17:14+00:00","article_modified_time":"2024-06-21T20:00:42+00:00","og_image":[{"width":2560,"height":1706,"url":"https:\/\/roz.si\/wp-content\/uploads\/2024\/06\/splet-prva-stran-scaled.jpg","type":"image\/jpeg"}],"author":"Niko Me\u010dina","twitter_card":"summary_large_image","twitter_misc":{"Verfasst von":"Niko Me\u010dina","Gesch\u00e4tzte Lesezeit":"2\u00a0Minuten"},"schema":{"@context":"https:\/\/schema.org","@graph":[{"@type":"Article","@id":"https:\/\/roz.si\/news\/roz\/meinallesaufderwelt\/#article","isPartOf":{"@id":"https:\/\/roz.si\/news\/roz\/meinallesaufderwelt\/"},"author":{"name":"Niko Me\u010dina","@id":"https:\/\/roz.si\/#\/schema\/person\/7ec521d5c300eaecec30cb8406841442"},"headline":"MeinAllesaufderWelt","datePublished":"2024-06-05T19:17:14+00:00","dateModified":"2024-06-21T20:00:42+00:00","mainEntityOfPage":{"@id":"https:\/\/roz.si\/news\/roz\/meinallesaufderwelt\/"},"wordCount":319,"commentCount":0,"publisher":{"@id":"https:\/\/roz.si\/#organization"},"image":{"@id":"https:\/\/roz.si\/news\/roz\/meinallesaufderwelt\/#primaryimage"},"thumbnailUrl":"https:\/\/roz.si\/wp-content\/uploads\/2024\/06\/splet-prva-stran-scaled.jpg","keywords":["glasbeno-plesni performans"],"articleSection":["ro\u017e"],"inLanguage":"de","potentialAction":[{"@type":"CommentAction","name":"Comment","target":["https:\/\/roz.si\/news\/roz\/meinallesaufderwelt\/#respond"]}]},{"@type":"WebPage","@id":"https:\/\/roz.si\/news\/roz\/meinallesaufderwelt\/","url":"https:\/\/roz.si\/news\/roz\/meinallesaufderwelt\/","name":"MeinAllesaufderWelt - RO\u017d - Slovensko prosvetno dru\u0161tvo","isPartOf":{"@id":"https:\/\/roz.si\/#website"},"primaryImageOfPage":{"@id":"https:\/\/roz.si\/news\/roz\/meinallesaufderwelt\/#primaryimage"},"image":{"@id":"https:\/\/roz.si\/news\/roz\/meinallesaufderwelt\/#primaryimage"},"thumbnailUrl":"https:\/\/roz.si\/wp-content\/uploads\/2024\/06\/splet-prva-stran-scaled.jpg","datePublished":"2024-06-05T19:17:14+00:00","dateModified":"2024-06-21T20:00:42+00:00","breadcrumb":{"@id":"https:\/\/roz.si\/news\/roz\/meinallesaufderwelt\/#breadcrumb"},"inLanguage":"de","potentialAction":[{"@type":"ReadAction","target":["https:\/\/roz.si\/news\/roz\/meinallesaufderwelt\/"]}]},{"@type":"ImageObject","inLanguage":"de","@id":"https:\/\/roz.si\/news\/roz\/meinallesaufderwelt\/#primaryimage","url":"https:\/\/roz.si\/wp-content\/uploads\/2024\/06\/splet-prva-stran-scaled.jpg","contentUrl":"https:\/\/roz.si\/wp-content\/uploads\/2024\/06\/splet-prva-stran-scaled.jpg","width":2560,"height":1706},{"@type":"BreadcrumbList","@id":"https:\/\/roz.si\/news\/roz\/meinallesaufderwelt\/#breadcrumb","itemListElement":[{"@type":"ListItem","position":1,"name":"Home","item":"https:\/\/roz.si\/de\/"},{"@type":"ListItem","position":2,"name":"MeinAllesaufderWelt"}]},{"@type":"WebSite","@id":"https:\/\/roz.si\/#website","url":"https:\/\/roz.si\/","name":"RO\u017d - Slovensko prosvetno dru\u0161tvo","description":"Slovensko prosvetno dru\u0161tvo Ro\u017e","publisher":{"@id":"https:\/\/roz.si\/#organization"},"potentialAction":[{"@type":"SearchAction","target":{"@type":"EntryPoint","urlTemplate":"https:\/\/roz.si\/?s={search_term_string}"},"query-input":{"@type":"PropertyValueSpecification","valueRequired":true,"valueName":"search_term_string"}}],"inLanguage":"de"},{"@type":"Organization","@id":"https:\/\/roz.si\/#organization","name":"RO\u017d - Slovensko prosvetno dru\u0161tvo","url":"https:\/\/roz.si\/","logo":{"@type":"ImageObject","inLanguage":"de","@id":"https:\/\/roz.si\/#\/schema\/logo\/image\/","url":"https:\/\/roz.si\/wp-content\/uploads\/2022\/11\/ROZ_logo.ico","contentUrl":"https:\/\/roz.si\/wp-content\/uploads\/2022\/11\/ROZ_logo.ico","width":199,"height":120,"caption":"RO\u017d - Slovensko prosvetno dru\u0161tvo"},"image":{"@id":"https:\/\/roz.si\/#\/schema\/logo\/image\/"}},{"@type":"Person","@id":"https:\/\/roz.si\/#\/schema\/person\/7ec521d5c300eaecec30cb8406841442","name":"Niko Me\u010dina","image":{"@type":"ImageObject","inLanguage":"de","@id":"https:\/\/roz.si\/#\/schema\/person\/image\/","url":"https:\/\/secure.gravatar.com\/avatar\/63374db749f9ba5cd882f0f67e2241eef1ff48a30adac2b8e6a640b362da3598?s=96&d=mm&r=g","contentUrl":"https:\/\/secure.gravatar.com\/avatar\/63374db749f9ba5cd882f0f67e2241eef1ff48a30adac2b8e6a640b362da3598?s=96&d=mm&r=g","caption":"Niko Me\u010dina"},"url":"https:\/\/roz.si\/de\/author\/niko-mecinagmx-at\/"}]}},"_links":{"self":[{"href":"https:\/\/roz.si\/de\/wp-json\/wp\/v2\/posts\/16271","targetHints":{"allow":["GET"]}}],"collection":[{"href":"https:\/\/roz.si\/de\/wp-json\/wp\/v2\/posts"}],"about":[{"href":"https:\/\/roz.si\/de\/wp-json\/wp\/v2\/types\/post"}],"author":[{"embeddable":true,"href":"https:\/\/roz.si\/de\/wp-json\/wp\/v2\/users\/2"}],"replies":[{"embeddable":true,"href":"https:\/\/roz.si\/de\/wp-json\/wp\/v2\/comments?post=16271"}],"version-history":[{"count":6,"href":"https:\/\/roz.si\/de\/wp-json\/wp\/v2\/posts\/16271\/revisions"}],"predecessor-version":[{"id":16320,"href":"https:\/\/roz.si\/de\/wp-json\/wp\/v2\/posts\/16271\/revisions\/16320"}],"wp:featuredmedia":[{"embeddable":true,"href":"https:\/\/roz.si\/de\/wp-json\/wp\/v2\/media\/16272"}],"wp:attachment":[{"href":"https:\/\/roz.si\/de\/wp-json\/wp\/v2\/media?parent=16271"}],"wp:term":[{"taxonomy":"category","embeddable":true,"href":"https:\/\/roz.si\/de\/wp-json\/wp\/v2\/categories?post=16271"},{"taxonomy":"post_tag","embeddable":true,"href":"https:\/\/roz.si\/de\/wp-json\/wp\/v2\/tags?post=16271"}],"curies":[{"name":"wp","href":"https:\/\/api.w.org\/{rel}","templated":true}]}}