{"id":16280,"date":"2024-06-11T15:52:24","date_gmt":"2024-06-11T15:52:24","guid":{"rendered":"https:\/\/roz.si\/?p=16280"},"modified":"2024-06-18T17:24:30","modified_gmt":"2024-06-18T17:24:30","slug":"roz-festa-5","status":"publish","type":"post","link":"https:\/\/roz.si\/de\/news\/roz\/roz-festa-5\/","title":{"rendered":"RO\u017d fe\u0161ta"},"content":{"rendered":"<p>[vc_row][vc_column][vc_column_text]\u010compe kniso koj za jest\u0259, so tud\u0259 ajnmolig za po\u0161u\u0161at\u0259.<\/p>\n<p>\u010compe je etno, jazz skupina iz Ljubljane, ki jo vodijo sam \u0160kof, Janez. On ni le imeniten igralec ljubljanske Drame, je tudi odli\u010den pevec in harmonika\u0161.<\/p>\n<p>\u010compe pe\u010dejo in kuhajo svojo zirano glasbo na pesmi Daneta Zajca, Milana Jesiha, Edvarda Kocbeka in Andreja Rozmana \u2013 Roze. Zato lahko pri\u010dakujemo izvrsten, humoristi\u010den etno kabaret, ki nas bo sprostil sivega vsakdana. Osrednje mesto v \u010compah pripada diatoni\u010dni harmoniki in raznoliki vokalni interpretaciji frontmana J. \u0160kofa, v kateri se ka\u017ee uspe\u0161en spoj poezije in glasbe. Skupina vedno znova navdu\u0161uje s svojevrstno in originalno cirkusantsko kabaretno glasbo, zavezano akusti\u010dnemu zvoku, s svojim edinstvenim repertoarjem, s hrupnim elanom ter razgla\u0161eno uigranostjo.<\/p>\n<p>Poleg tega bo leto\u0161njo Ro\u017e fe\u0161to popestril klovnski duo ALMA &amp; ALOISIA. L\u0259pu vablan\u0259! Bo fejst hec!<\/p>\n<p>&nbsp;<\/p>\n<p>&nbsp;<\/p>\n<p>\u010compe hei\u00dfen im slowenischen Dialekt \u00bbErd\u00e4pfel\u00ab.<\/p>\n<p>In Ljubljana ist das DER Begriff f\u00fcr gute, wilde, originelle Ethno-Jazz-Musik, deren Frontman einer der renommiertesten Schauspieler Sloweniens ist. Die Liedtexte der aufheiternden, spritzigen Musik der Band stammen alle von bekannten slowenischen Poeten. Es erwartet uns ein gro\u00dfartiges Ethno-Kabarett, ein hervorragender, entspannter und unterhaltsamer Abend. Die gelungene Verschmelzung von Poesie und Musik und die abwechslungsreiche Gesangsinterpretation zeichnet Janez \u0160kof an seiner diatonischen Harmonika aus. Die Gruppe beeindruckt immer wieder mit ihrer originellen Zirkus-Kabarettmusik, die sich dem akustischen Sound mit ihrem einzigartigen Repertoire, ihrem rauen Elan und ihrer bekannten Harmonie verschrieben hat.<\/p>\n<p>Nicht nur \u010compe, auch das Clownduo ALMA &amp; ALOISIA wird uns an diesem Freitagabend unterhalten. Kommen sie, es wird gewiss ein humorvoller und entspannter Abend.<\/p>\n<p>&nbsp;<\/p>\n<p>PE\/FR 5.7. \u2013 21 h<br \/>\nFarov\u017e \u0160entjakob\/Pfarrhof St. Jakob[\/vc_column_text][\/vc_column][\/vc_row]<\/p>\n","protected":false},"excerpt":{"rendered":"<p>[vc_row][vc_column][vc_column_text]\u010compe kniso koj za jest\u0259, so tud\u0259 ajnmolig za po\u0161u\u0161at\u0259. \u010compe je etno, jazz skupina iz Ljubljane, ki jo vodijo sam \u0160kof, Janez. On ni le imeniten igralec ljubljanske Drame, je tudi odli\u010den pevec in harmonika\u0161. \u010compe pe\u010dejo in kuhajo svojo zirano glasbo na pesmi Daneta Zajca, Milana Jesiha, Edvarda Kocbeka in Andreja Rozmana \u2013 Roze. Zato lahko [&hellip;]<\/p>\n","protected":false},"author":2,"featured_media":16285,"comment_status":"open","ping_status":"open","sticky":false,"template":"","format":"standard","meta":{"_acf_changed":false,"footnotes":""},"categories":[56],"tags":[62],"class_list":["post-16280","post","type-post","status-publish","format-standard","has-post-thumbnail","hentry","category-roz","tag-koncert"],"acf":[],"yoast_head":"<!-- This site is optimized with the Yoast SEO plugin v24.8.1 - https:\/\/yoast.com\/wordpress\/plugins\/seo\/ -->\n<title>RO\u017d fe\u0161ta - RO\u017d - Slovensko prosvetno dru\u0161tvo<\/title>\n<meta name=\"robots\" content=\"index, follow, max-snippet:-1, max-image-preview:large, max-video-preview:-1\" \/>\n<link rel=\"canonical\" href=\"https:\/\/roz.si\/news\/roz\/roz-festa-5\/\" \/>\n<meta property=\"og:locale\" content=\"de_DE\" \/>\n<meta property=\"og:type\" content=\"article\" \/>\n<meta property=\"og:title\" content=\"RO\u017d fe\u0161ta - RO\u017d - Slovensko prosvetno dru\u0161tvo\" \/>\n<meta property=\"og:description\" content=\"[vc_row][vc_column][vc_column_text]\u010compe kniso koj za jest\u0259, so tud\u0259 ajnmolig za po\u0161u\u0161at\u0259. \u010compe je etno, jazz skupina iz Ljubljane, ki jo vodijo sam \u0160kof, Janez. On ni le imeniten igralec ljubljanske Drame, je tudi odli\u010den pevec in harmonika\u0161. \u010compe pe\u010dejo in kuhajo svojo zirano glasbo na pesmi Daneta Zajca, Milana Jesiha, Edvarda Kocbeka in Andreja Rozmana \u2013 Roze. Zato lahko [&hellip;]\" \/>\n<meta property=\"og:url\" content=\"https:\/\/roz.si\/news\/roz\/roz-festa-5\/\" \/>\n<meta property=\"og:site_name\" content=\"RO\u017d - Slovensko prosvetno dru\u0161tvo\" \/>\n<meta property=\"article:published_time\" content=\"2024-06-11T15:52:24+00:00\" \/>\n<meta property=\"article:modified_time\" content=\"2024-06-18T17:24:30+00:00\" \/>\n<meta property=\"og:image\" content=\"https:\/\/roz.si\/wp-content\/uploads\/2024\/06\/splet-prva-stran-compe-scaled.jpg\" \/>\n\t<meta property=\"og:image:width\" content=\"2560\" \/>\n\t<meta property=\"og:image:height\" content=\"1706\" \/>\n\t<meta property=\"og:image:type\" content=\"image\/jpeg\" \/>\n<meta name=\"author\" content=\"Niko Me\u010dina\" \/>\n<meta name=\"twitter:card\" content=\"summary_large_image\" \/>\n<meta name=\"twitter:label1\" content=\"Verfasst von\" \/>\n\t<meta name=\"twitter:data1\" content=\"Niko Me\u010dina\" \/>\n\t<meta name=\"twitter:label2\" content=\"Gesch\u00e4tzte Lesezeit\" \/>\n\t<meta name=\"twitter:data2\" content=\"4\u00a0Minuten\" \/>\n<script type=\"application\/ld+json\" class=\"yoast-schema-graph\">{\"@context\":\"https:\/\/schema.org\",\"@graph\":[{\"@type\":\"Article\",\"@id\":\"https:\/\/roz.si\/news\/roz\/roz-festa-5\/#article\",\"isPartOf\":{\"@id\":\"https:\/\/roz.si\/news\/roz\/roz-festa-5\/\"},\"author\":{\"name\":\"Niko Me\u010dina\",\"@id\":\"https:\/\/roz.si\/#\/schema\/person\/7ec521d5c300eaecec30cb8406841442\"},\"headline\":\"RO\u017d fe\u0161ta\",\"datePublished\":\"2024-06-11T15:52:24+00:00\",\"dateModified\":\"2024-06-18T17:24:30+00:00\",\"mainEntityOfPage\":{\"@id\":\"https:\/\/roz.si\/news\/roz\/roz-festa-5\/\"},\"wordCount\":301,\"commentCount\":0,\"publisher\":{\"@id\":\"https:\/\/roz.si\/#organization\"},\"image\":{\"@id\":\"https:\/\/roz.si\/news\/roz\/roz-festa-5\/#primaryimage\"},\"thumbnailUrl\":\"https:\/\/roz.si\/wp-content\/uploads\/2024\/06\/splet-prva-stran-compe-scaled.jpg\",\"keywords\":[\"Koncert\"],\"articleSection\":[\"ro\u017e\"],\"inLanguage\":\"de\",\"potentialAction\":[{\"@type\":\"CommentAction\",\"name\":\"Comment\",\"target\":[\"https:\/\/roz.si\/news\/roz\/roz-festa-5\/#respond\"]}]},{\"@type\":\"WebPage\",\"@id\":\"https:\/\/roz.si\/news\/roz\/roz-festa-5\/\",\"url\":\"https:\/\/roz.si\/news\/roz\/roz-festa-5\/\",\"name\":\"RO\u017d fe\u0161ta - RO\u017d - Slovensko prosvetno dru\u0161tvo\",\"isPartOf\":{\"@id\":\"https:\/\/roz.si\/#website\"},\"primaryImageOfPage\":{\"@id\":\"https:\/\/roz.si\/news\/roz\/roz-festa-5\/#primaryimage\"},\"image\":{\"@id\":\"https:\/\/roz.si\/news\/roz\/roz-festa-5\/#primaryimage\"},\"thumbnailUrl\":\"https:\/\/roz.si\/wp-content\/uploads\/2024\/06\/splet-prva-stran-compe-scaled.jpg\",\"datePublished\":\"2024-06-11T15:52:24+00:00\",\"dateModified\":\"2024-06-18T17:24:30+00:00\",\"breadcrumb\":{\"@id\":\"https:\/\/roz.si\/news\/roz\/roz-festa-5\/#breadcrumb\"},\"inLanguage\":\"de\",\"potentialAction\":[{\"@type\":\"ReadAction\",\"target\":[\"https:\/\/roz.si\/news\/roz\/roz-festa-5\/\"]}]},{\"@type\":\"ImageObject\",\"inLanguage\":\"de\",\"@id\":\"https:\/\/roz.si\/news\/roz\/roz-festa-5\/#primaryimage\",\"url\":\"https:\/\/roz.si\/wp-content\/uploads\/2024\/06\/splet-prva-stran-compe-scaled.jpg\",\"contentUrl\":\"https:\/\/roz.si\/wp-content\/uploads\/2024\/06\/splet-prva-stran-compe-scaled.jpg\",\"width\":2560,\"height\":1706},{\"@type\":\"BreadcrumbList\",\"@id\":\"https:\/\/roz.si\/news\/roz\/roz-festa-5\/#breadcrumb\",\"itemListElement\":[{\"@type\":\"ListItem\",\"position\":1,\"name\":\"Home\",\"item\":\"https:\/\/roz.si\/de\/\"},{\"@type\":\"ListItem\",\"position\":2,\"name\":\"RO\u017d fe\u0161ta\"}]},{\"@type\":\"WebSite\",\"@id\":\"https:\/\/roz.si\/#website\",\"url\":\"https:\/\/roz.si\/\",\"name\":\"RO\u017d - Slovensko prosvetno dru\u0161tvo\",\"description\":\"Slovensko prosvetno dru\u0161tvo Ro\u017e\",\"publisher\":{\"@id\":\"https:\/\/roz.si\/#organization\"},\"potentialAction\":[{\"@type\":\"SearchAction\",\"target\":{\"@type\":\"EntryPoint\",\"urlTemplate\":\"https:\/\/roz.si\/?s={search_term_string}\"},\"query-input\":{\"@type\":\"PropertyValueSpecification\",\"valueRequired\":true,\"valueName\":\"search_term_string\"}}],\"inLanguage\":\"de\"},{\"@type\":\"Organization\",\"@id\":\"https:\/\/roz.si\/#organization\",\"name\":\"RO\u017d - Slovensko prosvetno dru\u0161tvo\",\"url\":\"https:\/\/roz.si\/\",\"logo\":{\"@type\":\"ImageObject\",\"inLanguage\":\"de\",\"@id\":\"https:\/\/roz.si\/#\/schema\/logo\/image\/\",\"url\":\"https:\/\/roz.si\/wp-content\/uploads\/2022\/11\/ROZ_logo.ico\",\"contentUrl\":\"https:\/\/roz.si\/wp-content\/uploads\/2022\/11\/ROZ_logo.ico\",\"width\":199,\"height\":120,\"caption\":\"RO\u017d - Slovensko prosvetno dru\u0161tvo\"},\"image\":{\"@id\":\"https:\/\/roz.si\/#\/schema\/logo\/image\/\"}},{\"@type\":\"Person\",\"@id\":\"https:\/\/roz.si\/#\/schema\/person\/7ec521d5c300eaecec30cb8406841442\",\"name\":\"Niko Me\u010dina\",\"image\":{\"@type\":\"ImageObject\",\"inLanguage\":\"de\",\"@id\":\"https:\/\/roz.si\/#\/schema\/person\/image\/\",\"url\":\"https:\/\/secure.gravatar.com\/avatar\/63374db749f9ba5cd882f0f67e2241eef1ff48a30adac2b8e6a640b362da3598?s=96&d=mm&r=g\",\"contentUrl\":\"https:\/\/secure.gravatar.com\/avatar\/63374db749f9ba5cd882f0f67e2241eef1ff48a30adac2b8e6a640b362da3598?s=96&d=mm&r=g\",\"caption\":\"Niko Me\u010dina\"},\"url\":\"https:\/\/roz.si\/de\/author\/niko-mecinagmx-at\/\"}]}<\/script>\n<!-- \/ Yoast SEO plugin. -->","yoast_head_json":{"title":"RO\u017d fe\u0161ta - RO\u017d - Slovensko prosvetno dru\u0161tvo","robots":{"index":"index","follow":"follow","max-snippet":"max-snippet:-1","max-image-preview":"max-image-preview:large","max-video-preview":"max-video-preview:-1"},"canonical":"https:\/\/roz.si\/news\/roz\/roz-festa-5\/","og_locale":"de_DE","og_type":"article","og_title":"RO\u017d fe\u0161ta - RO\u017d - Slovensko prosvetno dru\u0161tvo","og_description":"[vc_row][vc_column][vc_column_text]\u010compe kniso koj za jest\u0259, so tud\u0259 ajnmolig za po\u0161u\u0161at\u0259. \u010compe je etno, jazz skupina iz Ljubljane, ki jo vodijo sam \u0160kof, Janez. On ni le imeniten igralec ljubljanske Drame, je tudi odli\u010den pevec in harmonika\u0161. \u010compe pe\u010dejo in kuhajo svojo zirano glasbo na pesmi Daneta Zajca, Milana Jesiha, Edvarda Kocbeka in Andreja Rozmana \u2013 Roze. Zato lahko [&hellip;]","og_url":"https:\/\/roz.si\/news\/roz\/roz-festa-5\/","og_site_name":"RO\u017d - Slovensko prosvetno dru\u0161tvo","article_published_time":"2024-06-11T15:52:24+00:00","article_modified_time":"2024-06-18T17:24:30+00:00","og_image":[{"width":2560,"height":1706,"url":"https:\/\/roz.si\/wp-content\/uploads\/2024\/06\/splet-prva-stran-compe-scaled.jpg","type":"image\/jpeg"}],"author":"Niko Me\u010dina","twitter_card":"summary_large_image","twitter_misc":{"Verfasst von":"Niko Me\u010dina","Gesch\u00e4tzte Lesezeit":"4\u00a0Minuten"},"schema":{"@context":"https:\/\/schema.org","@graph":[{"@type":"Article","@id":"https:\/\/roz.si\/news\/roz\/roz-festa-5\/#article","isPartOf":{"@id":"https:\/\/roz.si\/news\/roz\/roz-festa-5\/"},"author":{"name":"Niko Me\u010dina","@id":"https:\/\/roz.si\/#\/schema\/person\/7ec521d5c300eaecec30cb8406841442"},"headline":"RO\u017d fe\u0161ta","datePublished":"2024-06-11T15:52:24+00:00","dateModified":"2024-06-18T17:24:30+00:00","mainEntityOfPage":{"@id":"https:\/\/roz.si\/news\/roz\/roz-festa-5\/"},"wordCount":301,"commentCount":0,"publisher":{"@id":"https:\/\/roz.si\/#organization"},"image":{"@id":"https:\/\/roz.si\/news\/roz\/roz-festa-5\/#primaryimage"},"thumbnailUrl":"https:\/\/roz.si\/wp-content\/uploads\/2024\/06\/splet-prva-stran-compe-scaled.jpg","keywords":["Koncert"],"articleSection":["ro\u017e"],"inLanguage":"de","potentialAction":[{"@type":"CommentAction","name":"Comment","target":["https:\/\/roz.si\/news\/roz\/roz-festa-5\/#respond"]}]},{"@type":"WebPage","@id":"https:\/\/roz.si\/news\/roz\/roz-festa-5\/","url":"https:\/\/roz.si\/news\/roz\/roz-festa-5\/","name":"RO\u017d fe\u0161ta - RO\u017d - Slovensko prosvetno dru\u0161tvo","isPartOf":{"@id":"https:\/\/roz.si\/#website"},"primaryImageOfPage":{"@id":"https:\/\/roz.si\/news\/roz\/roz-festa-5\/#primaryimage"},"image":{"@id":"https:\/\/roz.si\/news\/roz\/roz-festa-5\/#primaryimage"},"thumbnailUrl":"https:\/\/roz.si\/wp-content\/uploads\/2024\/06\/splet-prva-stran-compe-scaled.jpg","datePublished":"2024-06-11T15:52:24+00:00","dateModified":"2024-06-18T17:24:30+00:00","breadcrumb":{"@id":"https:\/\/roz.si\/news\/roz\/roz-festa-5\/#breadcrumb"},"inLanguage":"de","potentialAction":[{"@type":"ReadAction","target":["https:\/\/roz.si\/news\/roz\/roz-festa-5\/"]}]},{"@type":"ImageObject","inLanguage":"de","@id":"https:\/\/roz.si\/news\/roz\/roz-festa-5\/#primaryimage","url":"https:\/\/roz.si\/wp-content\/uploads\/2024\/06\/splet-prva-stran-compe-scaled.jpg","contentUrl":"https:\/\/roz.si\/wp-content\/uploads\/2024\/06\/splet-prva-stran-compe-scaled.jpg","width":2560,"height":1706},{"@type":"BreadcrumbList","@id":"https:\/\/roz.si\/news\/roz\/roz-festa-5\/#breadcrumb","itemListElement":[{"@type":"ListItem","position":1,"name":"Home","item":"https:\/\/roz.si\/de\/"},{"@type":"ListItem","position":2,"name":"RO\u017d fe\u0161ta"}]},{"@type":"WebSite","@id":"https:\/\/roz.si\/#website","url":"https:\/\/roz.si\/","name":"RO\u017d - Slovensko prosvetno dru\u0161tvo","description":"Slovensko prosvetno dru\u0161tvo Ro\u017e","publisher":{"@id":"https:\/\/roz.si\/#organization"},"potentialAction":[{"@type":"SearchAction","target":{"@type":"EntryPoint","urlTemplate":"https:\/\/roz.si\/?s={search_term_string}"},"query-input":{"@type":"PropertyValueSpecification","valueRequired":true,"valueName":"search_term_string"}}],"inLanguage":"de"},{"@type":"Organization","@id":"https:\/\/roz.si\/#organization","name":"RO\u017d - Slovensko prosvetno dru\u0161tvo","url":"https:\/\/roz.si\/","logo":{"@type":"ImageObject","inLanguage":"de","@id":"https:\/\/roz.si\/#\/schema\/logo\/image\/","url":"https:\/\/roz.si\/wp-content\/uploads\/2022\/11\/ROZ_logo.ico","contentUrl":"https:\/\/roz.si\/wp-content\/uploads\/2022\/11\/ROZ_logo.ico","width":199,"height":120,"caption":"RO\u017d - Slovensko prosvetno dru\u0161tvo"},"image":{"@id":"https:\/\/roz.si\/#\/schema\/logo\/image\/"}},{"@type":"Person","@id":"https:\/\/roz.si\/#\/schema\/person\/7ec521d5c300eaecec30cb8406841442","name":"Niko Me\u010dina","image":{"@type":"ImageObject","inLanguage":"de","@id":"https:\/\/roz.si\/#\/schema\/person\/image\/","url":"https:\/\/secure.gravatar.com\/avatar\/63374db749f9ba5cd882f0f67e2241eef1ff48a30adac2b8e6a640b362da3598?s=96&d=mm&r=g","contentUrl":"https:\/\/secure.gravatar.com\/avatar\/63374db749f9ba5cd882f0f67e2241eef1ff48a30adac2b8e6a640b362da3598?s=96&d=mm&r=g","caption":"Niko Me\u010dina"},"url":"https:\/\/roz.si\/de\/author\/niko-mecinagmx-at\/"}]}},"_links":{"self":[{"href":"https:\/\/roz.si\/de\/wp-json\/wp\/v2\/posts\/16280","targetHints":{"allow":["GET"]}}],"collection":[{"href":"https:\/\/roz.si\/de\/wp-json\/wp\/v2\/posts"}],"about":[{"href":"https:\/\/roz.si\/de\/wp-json\/wp\/v2\/types\/post"}],"author":[{"embeddable":true,"href":"https:\/\/roz.si\/de\/wp-json\/wp\/v2\/users\/2"}],"replies":[{"embeddable":true,"href":"https:\/\/roz.si\/de\/wp-json\/wp\/v2\/comments?post=16280"}],"version-history":[{"count":4,"href":"https:\/\/roz.si\/de\/wp-json\/wp\/v2\/posts\/16280\/revisions"}],"predecessor-version":[{"id":16310,"href":"https:\/\/roz.si\/de\/wp-json\/wp\/v2\/posts\/16280\/revisions\/16310"}],"wp:featuredmedia":[{"embeddable":true,"href":"https:\/\/roz.si\/de\/wp-json\/wp\/v2\/media\/16285"}],"wp:attachment":[{"href":"https:\/\/roz.si\/de\/wp-json\/wp\/v2\/media?parent=16280"}],"wp:term":[{"taxonomy":"category","embeddable":true,"href":"https:\/\/roz.si\/de\/wp-json\/wp\/v2\/categories?post=16280"},{"taxonomy":"post_tag","embeddable":true,"href":"https:\/\/roz.si\/de\/wp-json\/wp\/v2\/tags?post=16280"}],"curies":[{"name":"wp","href":"https:\/\/api.w.org\/{rel}","templated":true}]}}