{"id":16521,"date":"2024-12-31T11:17:42","date_gmt":"2024-12-31T11:17:42","guid":{"rendered":"https:\/\/roz.si\/?p=16521"},"modified":"2025-01-26T18:44:44","modified_gmt":"2025-01-26T18:44:44","slug":"zima-se-se-ni-izpela-10","status":"publish","type":"post","link":"https:\/\/roz.si\/de\/news\/roz\/zima-se-se-ni-izpela-10\/","title":{"rendered":"Zima se \u0161e ni izpela"},"content":{"rendered":"<p>[vc_row][vc_column][vc_single_image image=&#8220;16522&#8243; img_size=&#8220;large&#8220; alignment=&#8220;center&#8220;][\/vc_column][\/vc_row][vc_row][vc_column][vc_column_text]<span class=\"x193iq5w xeuugli x13faqbe x1vvkbs x1xmvt09 x1lliihq x1s928wv xhkezso x1gmr53x x1cpjm7i x1fgarty x1943h6x xudqn12 x3x7a5m x6prxxf xvq8zen xo1l8bm xzsf02u x1yc453h\" dir=\"auto\" style=\"font-size: 14pt; color: #ff0000;\">prostovoljni prispevki || Eintritt: freiwillige Spende !<\/span>[\/vc_column_text][\/vc_column][\/vc_row][vc_row][vc_column][vc_empty_space][\/vc_column][\/vc_row][vc_row][vc_column width=&#8220;1\/4&#8243;][vc_images_carousel images=&#8220;16555,16557,16559,16561,16563,16565,16567,16569,16571,16573,16575,16577,16579,16581,16583,16585,16587,16589,16591,16593&#8243; img_size=&#8220;large&#8220; autoplay=&#8220;yes&#8220;][\/vc_column][vc_column width=&#8220;1\/2&#8243;][\/vc_column][vc_column width=&#8220;1\/4&#8243;][\/vc_column][\/vc_row]<\/p>\n","protected":false},"excerpt":{"rendered":"<p>[vc_row][vc_column][vc_single_image image=&#8220;16522&#8243; img_size=&#8220;large&#8220; alignment=&#8220;center&#8220;][\/vc_column][\/vc_row][vc_row][vc_column][vc_column_text]prostovoljni prispevki || Eintritt: freiwillige Spende ![\/vc_column_text][\/vc_column][\/vc_row][vc_row][vc_column][vc_empty_space][\/vc_column][\/vc_row][vc_row][vc_column width=&#8220;1\/4&#8243;][vc_images_carousel images=&#8220;16555,16557,16559,16561,16563,16565,16567,16569,16571,16573,16575,16577,16579,16581,16583,16585,16587,16589,16591,16593&#8243; img_size=&#8220;large&#8220; autoplay=&#8220;yes&#8220;][\/vc_column][vc_column width=&#8220;1\/2&#8243;][\/vc_column][vc_column width=&#8220;1\/4&#8243;][\/vc_column][\/vc_row]<\/p>\n","protected":false},"author":2,"featured_media":0,"comment_status":"open","ping_status":"open","sticky":false,"template":"","format":"standard","meta":{"_acf_changed":false,"footnotes":""},"categories":[81,56],"tags":[62],"class_list":["post-16521","post","type-post","status-publish","format-standard","hentry","category-news","category-roz","tag-koncert"],"acf":[],"yoast_head":"<!-- This site is optimized with the Yoast SEO plugin v24.8.1 - https:\/\/yoast.com\/wordpress\/plugins\/seo\/ -->\n<title>Zima se \u0161e ni izpela - RO\u017d - Slovensko prosvetno dru\u0161tvo<\/title>\n<meta name=\"robots\" content=\"index, follow, max-snippet:-1, max-image-preview:large, max-video-preview:-1\" \/>\n<link rel=\"canonical\" href=\"https:\/\/roz.si\/news\/roz\/zima-se-se-ni-izpela-10\/\" \/>\n<meta property=\"og:locale\" content=\"de_DE\" \/>\n<meta property=\"og:type\" content=\"article\" \/>\n<meta property=\"og:title\" content=\"Zima se \u0161e ni izpela - RO\u017d - Slovensko prosvetno dru\u0161tvo\" \/>\n<meta property=\"og:description\" content=\"[vc_row][vc_column][vc_single_image image=&#8220;16522&#8243; img_size=&#8220;large&#8220; alignment=&#8220;center&#8220;][\/vc_column][\/vc_row][vc_row][vc_column][vc_column_text]prostovoljni prispevki || Eintritt: freiwillige Spende ![\/vc_column_text][\/vc_column][\/vc_row][vc_row][vc_column][vc_empty_space][\/vc_column][\/vc_row][vc_row][vc_column width=&#8220;1\/4&#8243;][vc_images_carousel images=&#8220;16555,16557,16559,16561,16563,16565,16567,16569,16571,16573,16575,16577,16579,16581,16583,16585,16587,16589,16591,16593&#8243; img_size=&#8220;large&#8220; autoplay=&#8220;yes&#8220;][\/vc_column][vc_column width=&#8220;1\/2&#8243;][\/vc_column][vc_column width=&#8220;1\/4&#8243;][\/vc_column][\/vc_row]\" \/>\n<meta property=\"og:url\" content=\"https:\/\/roz.si\/news\/roz\/zima-se-se-ni-izpela-10\/\" \/>\n<meta property=\"og:site_name\" content=\"RO\u017d - Slovensko prosvetno dru\u0161tvo\" \/>\n<meta property=\"article:published_time\" content=\"2024-12-31T11:17:42+00:00\" \/>\n<meta property=\"article:modified_time\" content=\"2025-01-26T18:44:44+00:00\" \/>\n<meta name=\"author\" content=\"Niko Me\u010dina\" \/>\n<meta name=\"twitter:card\" content=\"summary_large_image\" \/>\n<meta name=\"twitter:label1\" content=\"Verfasst von\" \/>\n\t<meta name=\"twitter:data1\" content=\"Niko Me\u010dina\" \/>\n\t<meta name=\"twitter:label2\" content=\"Gesch\u00e4tzte Lesezeit\" \/>\n\t<meta name=\"twitter:data2\" content=\"5\u00a0Minuten\" \/>\n<script type=\"application\/ld+json\" class=\"yoast-schema-graph\">{\"@context\":\"https:\/\/schema.org\",\"@graph\":[{\"@type\":\"Article\",\"@id\":\"https:\/\/roz.si\/news\/roz\/zima-se-se-ni-izpela-10\/#article\",\"isPartOf\":{\"@id\":\"https:\/\/roz.si\/news\/roz\/zima-se-se-ni-izpela-10\/\"},\"author\":{\"name\":\"Niko Me\u010dina\",\"@id\":\"https:\/\/roz.si\/#\/schema\/person\/7ec521d5c300eaecec30cb8406841442\"},\"headline\":\"Zima se \u0161e ni izpela\",\"datePublished\":\"2024-12-31T11:17:42+00:00\",\"dateModified\":\"2025-01-26T18:44:44+00:00\",\"mainEntityOfPage\":{\"@id\":\"https:\/\/roz.si\/news\/roz\/zima-se-se-ni-izpela-10\/\"},\"wordCount\":80,\"commentCount\":0,\"publisher\":{\"@id\":\"https:\/\/roz.si\/#organization\"},\"keywords\":[\"Koncert\"],\"articleSection\":[\"news\",\"ro\u017e\"],\"inLanguage\":\"de\",\"potentialAction\":[{\"@type\":\"CommentAction\",\"name\":\"Comment\",\"target\":[\"https:\/\/roz.si\/news\/roz\/zima-se-se-ni-izpela-10\/#respond\"]}]},{\"@type\":\"WebPage\",\"@id\":\"https:\/\/roz.si\/news\/roz\/zima-se-se-ni-izpela-10\/\",\"url\":\"https:\/\/roz.si\/news\/roz\/zima-se-se-ni-izpela-10\/\",\"name\":\"Zima se \u0161e ni izpela - RO\u017d - Slovensko prosvetno dru\u0161tvo\",\"isPartOf\":{\"@id\":\"https:\/\/roz.si\/#website\"},\"datePublished\":\"2024-12-31T11:17:42+00:00\",\"dateModified\":\"2025-01-26T18:44:44+00:00\",\"breadcrumb\":{\"@id\":\"https:\/\/roz.si\/news\/roz\/zima-se-se-ni-izpela-10\/#breadcrumb\"},\"inLanguage\":\"de\",\"potentialAction\":[{\"@type\":\"ReadAction\",\"target\":[\"https:\/\/roz.si\/news\/roz\/zima-se-se-ni-izpela-10\/\"]}]},{\"@type\":\"BreadcrumbList\",\"@id\":\"https:\/\/roz.si\/news\/roz\/zima-se-se-ni-izpela-10\/#breadcrumb\",\"itemListElement\":[{\"@type\":\"ListItem\",\"position\":1,\"name\":\"Home\",\"item\":\"https:\/\/roz.si\/de\/\"},{\"@type\":\"ListItem\",\"position\":2,\"name\":\"Zima se \u0161e ni izpela\"}]},{\"@type\":\"WebSite\",\"@id\":\"https:\/\/roz.si\/#website\",\"url\":\"https:\/\/roz.si\/\",\"name\":\"RO\u017d - Slovensko prosvetno dru\u0161tvo\",\"description\":\"Slovensko prosvetno dru\u0161tvo Ro\u017e\",\"publisher\":{\"@id\":\"https:\/\/roz.si\/#organization\"},\"potentialAction\":[{\"@type\":\"SearchAction\",\"target\":{\"@type\":\"EntryPoint\",\"urlTemplate\":\"https:\/\/roz.si\/?s={search_term_string}\"},\"query-input\":{\"@type\":\"PropertyValueSpecification\",\"valueRequired\":true,\"valueName\":\"search_term_string\"}}],\"inLanguage\":\"de\"},{\"@type\":\"Organization\",\"@id\":\"https:\/\/roz.si\/#organization\",\"name\":\"RO\u017d - Slovensko prosvetno dru\u0161tvo\",\"url\":\"https:\/\/roz.si\/\",\"logo\":{\"@type\":\"ImageObject\",\"inLanguage\":\"de\",\"@id\":\"https:\/\/roz.si\/#\/schema\/logo\/image\/\",\"url\":\"https:\/\/roz.si\/wp-content\/uploads\/2022\/11\/ROZ_logo.ico\",\"contentUrl\":\"https:\/\/roz.si\/wp-content\/uploads\/2022\/11\/ROZ_logo.ico\",\"width\":199,\"height\":120,\"caption\":\"RO\u017d - Slovensko prosvetno dru\u0161tvo\"},\"image\":{\"@id\":\"https:\/\/roz.si\/#\/schema\/logo\/image\/\"}},{\"@type\":\"Person\",\"@id\":\"https:\/\/roz.si\/#\/schema\/person\/7ec521d5c300eaecec30cb8406841442\",\"name\":\"Niko Me\u010dina\",\"image\":{\"@type\":\"ImageObject\",\"inLanguage\":\"de\",\"@id\":\"https:\/\/roz.si\/#\/schema\/person\/image\/\",\"url\":\"https:\/\/secure.gravatar.com\/avatar\/63374db749f9ba5cd882f0f67e2241eef1ff48a30adac2b8e6a640b362da3598?s=96&d=mm&r=g\",\"contentUrl\":\"https:\/\/secure.gravatar.com\/avatar\/63374db749f9ba5cd882f0f67e2241eef1ff48a30adac2b8e6a640b362da3598?s=96&d=mm&r=g\",\"caption\":\"Niko Me\u010dina\"},\"url\":\"https:\/\/roz.si\/de\/author\/niko-mecinagmx-at\/\"}]}<\/script>\n<!-- \/ Yoast SEO plugin. -->","yoast_head_json":{"title":"Zima se \u0161e ni izpela - RO\u017d - Slovensko prosvetno dru\u0161tvo","robots":{"index":"index","follow":"follow","max-snippet":"max-snippet:-1","max-image-preview":"max-image-preview:large","max-video-preview":"max-video-preview:-1"},"canonical":"https:\/\/roz.si\/news\/roz\/zima-se-se-ni-izpela-10\/","og_locale":"de_DE","og_type":"article","og_title":"Zima se \u0161e ni izpela - RO\u017d - Slovensko prosvetno dru\u0161tvo","og_description":"[vc_row][vc_column][vc_single_image image=&#8220;16522&#8243; img_size=&#8220;large&#8220; alignment=&#8220;center&#8220;][\/vc_column][\/vc_row][vc_row][vc_column][vc_column_text]prostovoljni prispevki || Eintritt: freiwillige Spende ![\/vc_column_text][\/vc_column][\/vc_row][vc_row][vc_column][vc_empty_space][\/vc_column][\/vc_row][vc_row][vc_column width=&#8220;1\/4&#8243;][vc_images_carousel images=&#8220;16555,16557,16559,16561,16563,16565,16567,16569,16571,16573,16575,16577,16579,16581,16583,16585,16587,16589,16591,16593&#8243; img_size=&#8220;large&#8220; autoplay=&#8220;yes&#8220;][\/vc_column][vc_column width=&#8220;1\/2&#8243;][\/vc_column][vc_column width=&#8220;1\/4&#8243;][\/vc_column][\/vc_row]","og_url":"https:\/\/roz.si\/news\/roz\/zima-se-se-ni-izpela-10\/","og_site_name":"RO\u017d - Slovensko prosvetno dru\u0161tvo","article_published_time":"2024-12-31T11:17:42+00:00","article_modified_time":"2025-01-26T18:44:44+00:00","author":"Niko Me\u010dina","twitter_card":"summary_large_image","twitter_misc":{"Verfasst von":"Niko Me\u010dina","Gesch\u00e4tzte Lesezeit":"5\u00a0Minuten"},"schema":{"@context":"https:\/\/schema.org","@graph":[{"@type":"Article","@id":"https:\/\/roz.si\/news\/roz\/zima-se-se-ni-izpela-10\/#article","isPartOf":{"@id":"https:\/\/roz.si\/news\/roz\/zima-se-se-ni-izpela-10\/"},"author":{"name":"Niko Me\u010dina","@id":"https:\/\/roz.si\/#\/schema\/person\/7ec521d5c300eaecec30cb8406841442"},"headline":"Zima se \u0161e ni izpela","datePublished":"2024-12-31T11:17:42+00:00","dateModified":"2025-01-26T18:44:44+00:00","mainEntityOfPage":{"@id":"https:\/\/roz.si\/news\/roz\/zima-se-se-ni-izpela-10\/"},"wordCount":80,"commentCount":0,"publisher":{"@id":"https:\/\/roz.si\/#organization"},"keywords":["Koncert"],"articleSection":["news","ro\u017e"],"inLanguage":"de","potentialAction":[{"@type":"CommentAction","name":"Comment","target":["https:\/\/roz.si\/news\/roz\/zima-se-se-ni-izpela-10\/#respond"]}]},{"@type":"WebPage","@id":"https:\/\/roz.si\/news\/roz\/zima-se-se-ni-izpela-10\/","url":"https:\/\/roz.si\/news\/roz\/zima-se-se-ni-izpela-10\/","name":"Zima se \u0161e ni izpela - RO\u017d - Slovensko prosvetno dru\u0161tvo","isPartOf":{"@id":"https:\/\/roz.si\/#website"},"datePublished":"2024-12-31T11:17:42+00:00","dateModified":"2025-01-26T18:44:44+00:00","breadcrumb":{"@id":"https:\/\/roz.si\/news\/roz\/zima-se-se-ni-izpela-10\/#breadcrumb"},"inLanguage":"de","potentialAction":[{"@type":"ReadAction","target":["https:\/\/roz.si\/news\/roz\/zima-se-se-ni-izpela-10\/"]}]},{"@type":"BreadcrumbList","@id":"https:\/\/roz.si\/news\/roz\/zima-se-se-ni-izpela-10\/#breadcrumb","itemListElement":[{"@type":"ListItem","position":1,"name":"Home","item":"https:\/\/roz.si\/de\/"},{"@type":"ListItem","position":2,"name":"Zima se \u0161e ni izpela"}]},{"@type":"WebSite","@id":"https:\/\/roz.si\/#website","url":"https:\/\/roz.si\/","name":"RO\u017d - Slovensko prosvetno dru\u0161tvo","description":"Slovensko prosvetno dru\u0161tvo Ro\u017e","publisher":{"@id":"https:\/\/roz.si\/#organization"},"potentialAction":[{"@type":"SearchAction","target":{"@type":"EntryPoint","urlTemplate":"https:\/\/roz.si\/?s={search_term_string}"},"query-input":{"@type":"PropertyValueSpecification","valueRequired":true,"valueName":"search_term_string"}}],"inLanguage":"de"},{"@type":"Organization","@id":"https:\/\/roz.si\/#organization","name":"RO\u017d - Slovensko prosvetno dru\u0161tvo","url":"https:\/\/roz.si\/","logo":{"@type":"ImageObject","inLanguage":"de","@id":"https:\/\/roz.si\/#\/schema\/logo\/image\/","url":"https:\/\/roz.si\/wp-content\/uploads\/2022\/11\/ROZ_logo.ico","contentUrl":"https:\/\/roz.si\/wp-content\/uploads\/2022\/11\/ROZ_logo.ico","width":199,"height":120,"caption":"RO\u017d - Slovensko prosvetno dru\u0161tvo"},"image":{"@id":"https:\/\/roz.si\/#\/schema\/logo\/image\/"}},{"@type":"Person","@id":"https:\/\/roz.si\/#\/schema\/person\/7ec521d5c300eaecec30cb8406841442","name":"Niko Me\u010dina","image":{"@type":"ImageObject","inLanguage":"de","@id":"https:\/\/roz.si\/#\/schema\/person\/image\/","url":"https:\/\/secure.gravatar.com\/avatar\/63374db749f9ba5cd882f0f67e2241eef1ff48a30adac2b8e6a640b362da3598?s=96&d=mm&r=g","contentUrl":"https:\/\/secure.gravatar.com\/avatar\/63374db749f9ba5cd882f0f67e2241eef1ff48a30adac2b8e6a640b362da3598?s=96&d=mm&r=g","caption":"Niko Me\u010dina"},"url":"https:\/\/roz.si\/de\/author\/niko-mecinagmx-at\/"}]}},"_links":{"self":[{"href":"https:\/\/roz.si\/de\/wp-json\/wp\/v2\/posts\/16521","targetHints":{"allow":["GET"]}}],"collection":[{"href":"https:\/\/roz.si\/de\/wp-json\/wp\/v2\/posts"}],"about":[{"href":"https:\/\/roz.si\/de\/wp-json\/wp\/v2\/types\/post"}],"author":[{"embeddable":true,"href":"https:\/\/roz.si\/de\/wp-json\/wp\/v2\/users\/2"}],"replies":[{"embeddable":true,"href":"https:\/\/roz.si\/de\/wp-json\/wp\/v2\/comments?post=16521"}],"version-history":[{"count":6,"href":"https:\/\/roz.si\/de\/wp-json\/wp\/v2\/posts\/16521\/revisions"}],"predecessor-version":[{"id":16554,"href":"https:\/\/roz.si\/de\/wp-json\/wp\/v2\/posts\/16521\/revisions\/16554"}],"wp:attachment":[{"href":"https:\/\/roz.si\/de\/wp-json\/wp\/v2\/media?parent=16521"}],"wp:term":[{"taxonomy":"category","embeddable":true,"href":"https:\/\/roz.si\/de\/wp-json\/wp\/v2\/categories?post=16521"},{"taxonomy":"post_tag","embeddable":true,"href":"https:\/\/roz.si\/de\/wp-json\/wp\/v2\/tags?post=16521"}],"curies":[{"name":"wp","href":"https:\/\/api.w.org\/{rel}","templated":true}]}}