{"id":16606,"date":"2025-02-11T16:39:49","date_gmt":"2025-02-11T16:39:49","guid":{"rendered":"https:\/\/roz.si\/?p=16606"},"modified":"2025-03-28T10:05:49","modified_gmt":"2025-03-28T10:05:49","slug":"obrazi-ljubezni_gesichter-der-liebe","status":"publish","type":"post","link":"https:\/\/roz.si\/de\/news\/roz\/obrazi-ljubezni_gesichter-der-liebe\/","title":{"rendered":"OBRAZI LJUBEZNI_GESICHTER DER LIEBE"},"content":{"rendered":"<p>[vc_row][vc_column][vc_column_text]<span style=\"font-size: 14pt;\"><strong>OBRAZI LJUBEZNI<\/strong><\/span><\/p>\n<blockquote><p><em>\u00bbBistven je bil zame vsekakor trenutek, ko me je kratko malo ob\u0161lo, da je najve\u010dja mo\u017ena anga\u017eiranost v dana\u0161njem \u010dasu pravzaprav v tem, da govori\u0161 o ljubezni.\u00ab \u00a0\u00a0\u00a0\u00a0\u00a0\u00a0\u00a0\u00a0\u00a0\u00a0 <\/em><\/p><\/blockquote>\n<p><em>\u00a0\u00a0\u00a0\u00a0\u00a0\u00a0\u00a0\u00a0\u00a0\u00a0\u00a0 (F. Lain\u0161\u010dek)<\/em><\/p>\n<p>&nbsp;<\/p>\n<p>\u00bbDanes, ko se nam \u2013 po 80-ih letih \u2013 spet nevarno bli\u017ea vojna vihra, ko se po celem svetu spet dvigujejo sile zla, sovra\u0161tva in uni\u010devanja, se zdi skorajda nemogo\u010de peti ljubezenske in mirovne pesmi. Pa vendar je to treba storiti prav zdaj bolj kot kdajkoli prej!\u00ab pravijo pevke \u017denskega pevskega zbora Ro\u017e, ki so se odlo\u010dile pripraviti stilni koncert ljubezenskih pesmi.<\/p>\n<p>Izbor pesmi sega od slovenske narodne, prek popularne do umetne pesmi. Ljubezen do petja pevke zdru\u017euje, da si druga drugi dajejo mo\u010d in veselje do \u017eivljenja, za strpnost in za mir.<\/p>\n<p>&nbsp;<\/p>\n<p><span style=\"font-size: 14pt;\"><strong>GESICHTER DER LIEBE<\/strong><\/span><\/p>\n<blockquote><p><em>\u00bbDiese Liebe \u2013 jenseits von patriarchaler Besetzung und romantischen Idealen \u2013 gilt es zu bewahren und als Aufbruch in eine freie und demokratische Gesellschaft auszuweiten.\u00ab <\/em><\/p><\/blockquote>\n<p><em>\u00a0\u00a0\u00a0\u00a0\u00a0\u00a0\u00a0\u00a0\u00a0\u00a0\u00a0\u00a0\u00a0\u00a0\u00a0\u00a0\u00a0\u00a0\u00a0\u00a0\u00a0\u00a0\u00a0\u00a0\u00a0\u00a0\u00a0\u00a0\u00a0\u00a0\u00a0\u00a0\u00a0\u00a0 (M. Streeruwitz)<\/em><\/p>\n<p>&nbsp;<\/p>\n<p>\u00bbWenn wir auf der B\u00fchne stehen m\u00f6chten wir Haltung zeigen. Gerade jetzt, wo Kriege immer n\u00e4her r\u00fccken und Menschen f\u00fcr ihre Formen der Liebe gehasst und verfolgt werden, braucht es doch etwas Positives, damit wir nicht v\u00f6llig verzweifeln.\u00ab meinen die S\u00e4ngerinnen des Frauenchores Ro\u017e.<\/p>\n<p>Sie haben ein Konzert mit Liebes- und Friedensliedern einstudiert \u2013 vom K\u00e4rntner Volkslied, \u00fcber popul\u00e4re Lieder bis hin zu Liedern, die zu diesem Anlass komponiert wurden.<\/p>\n<p>&nbsp;<\/p>\n<p>Dirigent: \u017diga Kert<\/p>\n<p>re\u017eija_Regie: Marjan \u0160tikar<\/p>\n<p>vmesna besedila, dramaturgija_Zwischentexte, Dramaturgie: Laura Ippen<\/p>\n<p>kostumografka_Kost\u00fcmbild: Mira Urbajs<\/p>\n<p>scenografija_B\u00fchnenbild: Romana Egartner<\/p>\n<p>vodja tehnike_technischer Leiter: Kristijan Rehsmann<\/p>\n<p>&nbsp;<\/p>\n<p><strong>\u017dENSKI PEVSKI ZBOR \u2013 RO\u017d \u2013 FRAUENCHOR:<\/strong><\/p>\n<p>Lisa Baldwin\u00a0\u2022\u00a0Ulli Bauer\u00a0\u2022\u00a0Elisabeth Dobernigg\u00a0\u2022\u00a0Ute Hellich-Thausing\u00a0\u2022\u00a0Krista Jane\u017ei\u010d\u00a0\u2022\u00a0Silvia Jelinek\u00a0\u2022\u00a0Veronika Kerschenbauer\u00a0\u2022\u00a0Melanie Kleinferchner\u00a0\u2022\u00a0Sara Knafl\u00a0\u2022 Hanni Kohlweg \u2022 Sonja Kolter \u2022 Nadja Krautzer \u2022 Terezija Krautzer \u2022 Lucia Kula\u0161iak\u00a0\u2022 Andreja Lepuschitz \u2022 Iris Mikula-Bogensberger \u2022 Mika Palmisano \u2022 Hanca P\u00f6rtsch \u2022 Eva Rasinger\u00a0\u2022 Fini Ribitsch \u2022 Zalka Sitter \u2022 Elke Sch\u00e4fer \u2022 Sa\u0161a Schlapper \u2022 Evelin Schorn\u00a0\u2022 Julia Spitzer \u2022 Martina Steiner \u2022 Breda Sticker \u2022 Leni Sticker \u2022 Rozi Sticker \u2022 Marion Urbajs\u00a0\u2022 Elisabeth Wutti \u2022 Majda W\u00fcster &amp; Timon Kri\u0161tof k. g., Lan Sticker k. g<\/p>\n<p>[\/vc_column_text][\/vc_column][\/vc_row][vc_row][vc_column][vc_empty_space][\/vc_column][\/vc_row]<\/p>\n","protected":false},"excerpt":{"rendered":"<p>[vc_row][vc_column][vc_column_text]OBRAZI LJUBEZNI \u00bbBistven je bil zame vsekakor trenutek, ko me je kratko malo ob\u0161lo, da je najve\u010dja mo\u017ena anga\u017eiranost v dana\u0161njem \u010dasu pravzaprav v tem, da govori\u0161 o ljubezni.\u00ab \u00a0\u00a0\u00a0\u00a0\u00a0\u00a0\u00a0\u00a0\u00a0\u00a0 \u00a0\u00a0\u00a0\u00a0\u00a0\u00a0\u00a0\u00a0\u00a0\u00a0\u00a0 (F. Lain\u0161\u010dek) &nbsp; \u00bbDanes, ko se nam \u2013 po 80-ih letih \u2013 spet nevarno bli\u017ea vojna vihra, ko se po celem svetu spet dvigujejo sile zla, sovra\u0161tva [&hellip;]<\/p>\n","protected":false},"author":2,"featured_media":16607,"comment_status":"open","ping_status":"open","sticky":false,"template":"","format":"standard","meta":{"_acf_changed":false,"footnotes":""},"categories":[81,79,56,57,84],"tags":[62],"class_list":["post-16606","post","type-post","status-publish","format-standard","has-post-thumbnail","hentry","category-news","category-projects","category-roz","category-zenski-zbor-roz","category-zenski-zbor-roz-projekt","tag-koncert"],"acf":[],"yoast_head":"<!-- This site is optimized with the Yoast SEO plugin v24.8.1 - https:\/\/yoast.com\/wordpress\/plugins\/seo\/ -->\n<title>OBRAZI LJUBEZNI_GESICHTER DER LIEBE - RO\u017d - Slovensko prosvetno dru\u0161tvo<\/title>\n<meta name=\"robots\" content=\"index, follow, max-snippet:-1, max-image-preview:large, max-video-preview:-1\" \/>\n<link rel=\"canonical\" href=\"https:\/\/roz.si\/news\/roz\/obrazi-ljubezni_gesichter-der-liebe\/\" \/>\n<meta property=\"og:locale\" content=\"de_DE\" \/>\n<meta property=\"og:type\" content=\"article\" \/>\n<meta property=\"og:title\" content=\"OBRAZI LJUBEZNI_GESICHTER DER LIEBE - RO\u017d - Slovensko prosvetno dru\u0161tvo\" \/>\n<meta property=\"og:description\" content=\"[vc_row][vc_column][vc_column_text]OBRAZI LJUBEZNI \u00bbBistven je bil zame vsekakor trenutek, ko me je kratko malo ob\u0161lo, da je najve\u010dja mo\u017ena anga\u017eiranost v dana\u0161njem \u010dasu pravzaprav v tem, da govori\u0161 o ljubezni.\u00ab \u00a0\u00a0\u00a0\u00a0\u00a0\u00a0\u00a0\u00a0\u00a0\u00a0 \u00a0\u00a0\u00a0\u00a0\u00a0\u00a0\u00a0\u00a0\u00a0\u00a0\u00a0 (F. Lain\u0161\u010dek) &nbsp; \u00bbDanes, ko se nam \u2013 po 80-ih letih \u2013 spet nevarno bli\u017ea vojna vihra, ko se po celem svetu spet dvigujejo sile zla, sovra\u0161tva [&hellip;]\" \/>\n<meta property=\"og:url\" content=\"https:\/\/roz.si\/news\/roz\/obrazi-ljubezni_gesichter-der-liebe\/\" \/>\n<meta property=\"og:site_name\" content=\"RO\u017d - Slovensko prosvetno dru\u0161tvo\" \/>\n<meta property=\"article:published_time\" content=\"2025-02-11T16:39:49+00:00\" \/>\n<meta property=\"article:modified_time\" content=\"2025-03-28T10:05:49+00:00\" \/>\n<meta property=\"og:image\" content=\"https:\/\/roz.si\/wp-content\/uploads\/2025\/02\/prva-stran-za-splet-koncert-scaled.jpg\" \/>\n\t<meta property=\"og:image:width\" content=\"2560\" \/>\n\t<meta property=\"og:image:height\" content=\"1706\" \/>\n\t<meta property=\"og:image:type\" content=\"image\/jpeg\" \/>\n<meta name=\"author\" content=\"Niko Me\u010dina\" \/>\n<meta name=\"twitter:card\" content=\"summary_large_image\" \/>\n<meta name=\"twitter:label1\" content=\"Verfasst von\" \/>\n\t<meta name=\"twitter:data1\" content=\"Niko Me\u010dina\" \/>\n\t<meta name=\"twitter:label2\" content=\"Gesch\u00e4tzte Lesezeit\" \/>\n\t<meta name=\"twitter:data2\" content=\"2\u00a0Minuten\" \/>\n<script type=\"application\/ld+json\" class=\"yoast-schema-graph\">{\"@context\":\"https:\/\/schema.org\",\"@graph\":[{\"@type\":\"Article\",\"@id\":\"https:\/\/roz.si\/news\/roz\/obrazi-ljubezni_gesichter-der-liebe\/#article\",\"isPartOf\":{\"@id\":\"https:\/\/roz.si\/news\/roz\/obrazi-ljubezni_gesichter-der-liebe\/\"},\"author\":{\"name\":\"Niko Me\u010dina\",\"@id\":\"https:\/\/roz.si\/#\/schema\/person\/7ec521d5c300eaecec30cb8406841442\"},\"headline\":\"OBRAZI LJUBEZNI_GESICHTER DER LIEBE\",\"datePublished\":\"2025-02-11T16:39:49+00:00\",\"dateModified\":\"2025-03-28T10:05:49+00:00\",\"mainEntityOfPage\":{\"@id\":\"https:\/\/roz.si\/news\/roz\/obrazi-ljubezni_gesichter-der-liebe\/\"},\"wordCount\":391,\"commentCount\":0,\"publisher\":{\"@id\":\"https:\/\/roz.si\/#organization\"},\"image\":{\"@id\":\"https:\/\/roz.si\/news\/roz\/obrazi-ljubezni_gesichter-der-liebe\/#primaryimage\"},\"thumbnailUrl\":\"https:\/\/roz.si\/wp-content\/uploads\/2025\/02\/prva-stran-za-splet-koncert-scaled.jpg\",\"keywords\":[\"Koncert\"],\"articleSection\":[\"news\",\"projects\",\"ro\u017e\",\"\u017eenski zbor ro\u017e\",\"\u017eenski zbor ro\u017e projekt\"],\"inLanguage\":\"de\",\"potentialAction\":[{\"@type\":\"CommentAction\",\"name\":\"Comment\",\"target\":[\"https:\/\/roz.si\/news\/roz\/obrazi-ljubezni_gesichter-der-liebe\/#respond\"]}]},{\"@type\":\"WebPage\",\"@id\":\"https:\/\/roz.si\/news\/roz\/obrazi-ljubezni_gesichter-der-liebe\/\",\"url\":\"https:\/\/roz.si\/news\/roz\/obrazi-ljubezni_gesichter-der-liebe\/\",\"name\":\"OBRAZI LJUBEZNI_GESICHTER DER LIEBE - RO\u017d - Slovensko prosvetno dru\u0161tvo\",\"isPartOf\":{\"@id\":\"https:\/\/roz.si\/#website\"},\"primaryImageOfPage\":{\"@id\":\"https:\/\/roz.si\/news\/roz\/obrazi-ljubezni_gesichter-der-liebe\/#primaryimage\"},\"image\":{\"@id\":\"https:\/\/roz.si\/news\/roz\/obrazi-ljubezni_gesichter-der-liebe\/#primaryimage\"},\"thumbnailUrl\":\"https:\/\/roz.si\/wp-content\/uploads\/2025\/02\/prva-stran-za-splet-koncert-scaled.jpg\",\"datePublished\":\"2025-02-11T16:39:49+00:00\",\"dateModified\":\"2025-03-28T10:05:49+00:00\",\"breadcrumb\":{\"@id\":\"https:\/\/roz.si\/news\/roz\/obrazi-ljubezni_gesichter-der-liebe\/#breadcrumb\"},\"inLanguage\":\"de\",\"potentialAction\":[{\"@type\":\"ReadAction\",\"target\":[\"https:\/\/roz.si\/news\/roz\/obrazi-ljubezni_gesichter-der-liebe\/\"]}]},{\"@type\":\"ImageObject\",\"inLanguage\":\"de\",\"@id\":\"https:\/\/roz.si\/news\/roz\/obrazi-ljubezni_gesichter-der-liebe\/#primaryimage\",\"url\":\"https:\/\/roz.si\/wp-content\/uploads\/2025\/02\/prva-stran-za-splet-koncert-scaled.jpg\",\"contentUrl\":\"https:\/\/roz.si\/wp-content\/uploads\/2025\/02\/prva-stran-za-splet-koncert-scaled.jpg\",\"width\":2560,\"height\":1706},{\"@type\":\"BreadcrumbList\",\"@id\":\"https:\/\/roz.si\/news\/roz\/obrazi-ljubezni_gesichter-der-liebe\/#breadcrumb\",\"itemListElement\":[{\"@type\":\"ListItem\",\"position\":1,\"name\":\"Home\",\"item\":\"https:\/\/roz.si\/de\/\"},{\"@type\":\"ListItem\",\"position\":2,\"name\":\"OBRAZI LJUBEZNI_GESICHTER DER LIEBE\"}]},{\"@type\":\"WebSite\",\"@id\":\"https:\/\/roz.si\/#website\",\"url\":\"https:\/\/roz.si\/\",\"name\":\"RO\u017d - Slovensko prosvetno dru\u0161tvo\",\"description\":\"Slovensko prosvetno dru\u0161tvo Ro\u017e\",\"publisher\":{\"@id\":\"https:\/\/roz.si\/#organization\"},\"potentialAction\":[{\"@type\":\"SearchAction\",\"target\":{\"@type\":\"EntryPoint\",\"urlTemplate\":\"https:\/\/roz.si\/?s={search_term_string}\"},\"query-input\":{\"@type\":\"PropertyValueSpecification\",\"valueRequired\":true,\"valueName\":\"search_term_string\"}}],\"inLanguage\":\"de\"},{\"@type\":\"Organization\",\"@id\":\"https:\/\/roz.si\/#organization\",\"name\":\"RO\u017d - Slovensko prosvetno dru\u0161tvo\",\"url\":\"https:\/\/roz.si\/\",\"logo\":{\"@type\":\"ImageObject\",\"inLanguage\":\"de\",\"@id\":\"https:\/\/roz.si\/#\/schema\/logo\/image\/\",\"url\":\"https:\/\/roz.si\/wp-content\/uploads\/2022\/11\/ROZ_logo.ico\",\"contentUrl\":\"https:\/\/roz.si\/wp-content\/uploads\/2022\/11\/ROZ_logo.ico\",\"width\":199,\"height\":120,\"caption\":\"RO\u017d - Slovensko prosvetno dru\u0161tvo\"},\"image\":{\"@id\":\"https:\/\/roz.si\/#\/schema\/logo\/image\/\"}},{\"@type\":\"Person\",\"@id\":\"https:\/\/roz.si\/#\/schema\/person\/7ec521d5c300eaecec30cb8406841442\",\"name\":\"Niko Me\u010dina\",\"image\":{\"@type\":\"ImageObject\",\"inLanguage\":\"de\",\"@id\":\"https:\/\/roz.si\/#\/schema\/person\/image\/\",\"url\":\"https:\/\/secure.gravatar.com\/avatar\/63374db749f9ba5cd882f0f67e2241eef1ff48a30adac2b8e6a640b362da3598?s=96&d=mm&r=g\",\"contentUrl\":\"https:\/\/secure.gravatar.com\/avatar\/63374db749f9ba5cd882f0f67e2241eef1ff48a30adac2b8e6a640b362da3598?s=96&d=mm&r=g\",\"caption\":\"Niko Me\u010dina\"},\"url\":\"https:\/\/roz.si\/de\/author\/niko-mecinagmx-at\/\"}]}<\/script>\n<!-- \/ Yoast SEO plugin. -->","yoast_head_json":{"title":"OBRAZI LJUBEZNI_GESICHTER DER LIEBE - RO\u017d - Slovensko prosvetno dru\u0161tvo","robots":{"index":"index","follow":"follow","max-snippet":"max-snippet:-1","max-image-preview":"max-image-preview:large","max-video-preview":"max-video-preview:-1"},"canonical":"https:\/\/roz.si\/news\/roz\/obrazi-ljubezni_gesichter-der-liebe\/","og_locale":"de_DE","og_type":"article","og_title":"OBRAZI LJUBEZNI_GESICHTER DER LIEBE - RO\u017d - Slovensko prosvetno dru\u0161tvo","og_description":"[vc_row][vc_column][vc_column_text]OBRAZI LJUBEZNI \u00bbBistven je bil zame vsekakor trenutek, ko me je kratko malo ob\u0161lo, da je najve\u010dja mo\u017ena anga\u017eiranost v dana\u0161njem \u010dasu pravzaprav v tem, da govori\u0161 o ljubezni.\u00ab \u00a0\u00a0\u00a0\u00a0\u00a0\u00a0\u00a0\u00a0\u00a0\u00a0 \u00a0\u00a0\u00a0\u00a0\u00a0\u00a0\u00a0\u00a0\u00a0\u00a0\u00a0 (F. Lain\u0161\u010dek) &nbsp; \u00bbDanes, ko se nam \u2013 po 80-ih letih \u2013 spet nevarno bli\u017ea vojna vihra, ko se po celem svetu spet dvigujejo sile zla, sovra\u0161tva [&hellip;]","og_url":"https:\/\/roz.si\/news\/roz\/obrazi-ljubezni_gesichter-der-liebe\/","og_site_name":"RO\u017d - Slovensko prosvetno dru\u0161tvo","article_published_time":"2025-02-11T16:39:49+00:00","article_modified_time":"2025-03-28T10:05:49+00:00","og_image":[{"width":2560,"height":1706,"url":"https:\/\/roz.si\/wp-content\/uploads\/2025\/02\/prva-stran-za-splet-koncert-scaled.jpg","type":"image\/jpeg"}],"author":"Niko Me\u010dina","twitter_card":"summary_large_image","twitter_misc":{"Verfasst von":"Niko Me\u010dina","Gesch\u00e4tzte Lesezeit":"2\u00a0Minuten"},"schema":{"@context":"https:\/\/schema.org","@graph":[{"@type":"Article","@id":"https:\/\/roz.si\/news\/roz\/obrazi-ljubezni_gesichter-der-liebe\/#article","isPartOf":{"@id":"https:\/\/roz.si\/news\/roz\/obrazi-ljubezni_gesichter-der-liebe\/"},"author":{"name":"Niko Me\u010dina","@id":"https:\/\/roz.si\/#\/schema\/person\/7ec521d5c300eaecec30cb8406841442"},"headline":"OBRAZI LJUBEZNI_GESICHTER DER LIEBE","datePublished":"2025-02-11T16:39:49+00:00","dateModified":"2025-03-28T10:05:49+00:00","mainEntityOfPage":{"@id":"https:\/\/roz.si\/news\/roz\/obrazi-ljubezni_gesichter-der-liebe\/"},"wordCount":391,"commentCount":0,"publisher":{"@id":"https:\/\/roz.si\/#organization"},"image":{"@id":"https:\/\/roz.si\/news\/roz\/obrazi-ljubezni_gesichter-der-liebe\/#primaryimage"},"thumbnailUrl":"https:\/\/roz.si\/wp-content\/uploads\/2025\/02\/prva-stran-za-splet-koncert-scaled.jpg","keywords":["Koncert"],"articleSection":["news","projects","ro\u017e","\u017eenski zbor ro\u017e","\u017eenski zbor ro\u017e projekt"],"inLanguage":"de","potentialAction":[{"@type":"CommentAction","name":"Comment","target":["https:\/\/roz.si\/news\/roz\/obrazi-ljubezni_gesichter-der-liebe\/#respond"]}]},{"@type":"WebPage","@id":"https:\/\/roz.si\/news\/roz\/obrazi-ljubezni_gesichter-der-liebe\/","url":"https:\/\/roz.si\/news\/roz\/obrazi-ljubezni_gesichter-der-liebe\/","name":"OBRAZI LJUBEZNI_GESICHTER DER LIEBE - RO\u017d - Slovensko prosvetno dru\u0161tvo","isPartOf":{"@id":"https:\/\/roz.si\/#website"},"primaryImageOfPage":{"@id":"https:\/\/roz.si\/news\/roz\/obrazi-ljubezni_gesichter-der-liebe\/#primaryimage"},"image":{"@id":"https:\/\/roz.si\/news\/roz\/obrazi-ljubezni_gesichter-der-liebe\/#primaryimage"},"thumbnailUrl":"https:\/\/roz.si\/wp-content\/uploads\/2025\/02\/prva-stran-za-splet-koncert-scaled.jpg","datePublished":"2025-02-11T16:39:49+00:00","dateModified":"2025-03-28T10:05:49+00:00","breadcrumb":{"@id":"https:\/\/roz.si\/news\/roz\/obrazi-ljubezni_gesichter-der-liebe\/#breadcrumb"},"inLanguage":"de","potentialAction":[{"@type":"ReadAction","target":["https:\/\/roz.si\/news\/roz\/obrazi-ljubezni_gesichter-der-liebe\/"]}]},{"@type":"ImageObject","inLanguage":"de","@id":"https:\/\/roz.si\/news\/roz\/obrazi-ljubezni_gesichter-der-liebe\/#primaryimage","url":"https:\/\/roz.si\/wp-content\/uploads\/2025\/02\/prva-stran-za-splet-koncert-scaled.jpg","contentUrl":"https:\/\/roz.si\/wp-content\/uploads\/2025\/02\/prva-stran-za-splet-koncert-scaled.jpg","width":2560,"height":1706},{"@type":"BreadcrumbList","@id":"https:\/\/roz.si\/news\/roz\/obrazi-ljubezni_gesichter-der-liebe\/#breadcrumb","itemListElement":[{"@type":"ListItem","position":1,"name":"Home","item":"https:\/\/roz.si\/de\/"},{"@type":"ListItem","position":2,"name":"OBRAZI LJUBEZNI_GESICHTER DER LIEBE"}]},{"@type":"WebSite","@id":"https:\/\/roz.si\/#website","url":"https:\/\/roz.si\/","name":"RO\u017d - Slovensko prosvetno dru\u0161tvo","description":"Slovensko prosvetno dru\u0161tvo Ro\u017e","publisher":{"@id":"https:\/\/roz.si\/#organization"},"potentialAction":[{"@type":"SearchAction","target":{"@type":"EntryPoint","urlTemplate":"https:\/\/roz.si\/?s={search_term_string}"},"query-input":{"@type":"PropertyValueSpecification","valueRequired":true,"valueName":"search_term_string"}}],"inLanguage":"de"},{"@type":"Organization","@id":"https:\/\/roz.si\/#organization","name":"RO\u017d - Slovensko prosvetno dru\u0161tvo","url":"https:\/\/roz.si\/","logo":{"@type":"ImageObject","inLanguage":"de","@id":"https:\/\/roz.si\/#\/schema\/logo\/image\/","url":"https:\/\/roz.si\/wp-content\/uploads\/2022\/11\/ROZ_logo.ico","contentUrl":"https:\/\/roz.si\/wp-content\/uploads\/2022\/11\/ROZ_logo.ico","width":199,"height":120,"caption":"RO\u017d - Slovensko prosvetno dru\u0161tvo"},"image":{"@id":"https:\/\/roz.si\/#\/schema\/logo\/image\/"}},{"@type":"Person","@id":"https:\/\/roz.si\/#\/schema\/person\/7ec521d5c300eaecec30cb8406841442","name":"Niko Me\u010dina","image":{"@type":"ImageObject","inLanguage":"de","@id":"https:\/\/roz.si\/#\/schema\/person\/image\/","url":"https:\/\/secure.gravatar.com\/avatar\/63374db749f9ba5cd882f0f67e2241eef1ff48a30adac2b8e6a640b362da3598?s=96&d=mm&r=g","contentUrl":"https:\/\/secure.gravatar.com\/avatar\/63374db749f9ba5cd882f0f67e2241eef1ff48a30adac2b8e6a640b362da3598?s=96&d=mm&r=g","caption":"Niko Me\u010dina"},"url":"https:\/\/roz.si\/de\/author\/niko-mecinagmx-at\/"}]}},"_links":{"self":[{"href":"https:\/\/roz.si\/de\/wp-json\/wp\/v2\/posts\/16606","targetHints":{"allow":["GET"]}}],"collection":[{"href":"https:\/\/roz.si\/de\/wp-json\/wp\/v2\/posts"}],"about":[{"href":"https:\/\/roz.si\/de\/wp-json\/wp\/v2\/types\/post"}],"author":[{"embeddable":true,"href":"https:\/\/roz.si\/de\/wp-json\/wp\/v2\/users\/2"}],"replies":[{"embeddable":true,"href":"https:\/\/roz.si\/de\/wp-json\/wp\/v2\/comments?post=16606"}],"version-history":[{"count":11,"href":"https:\/\/roz.si\/de\/wp-json\/wp\/v2\/posts\/16606\/revisions"}],"predecessor-version":[{"id":16683,"href":"https:\/\/roz.si\/de\/wp-json\/wp\/v2\/posts\/16606\/revisions\/16683"}],"wp:featuredmedia":[{"embeddable":true,"href":"https:\/\/roz.si\/de\/wp-json\/wp\/v2\/media\/16607"}],"wp:attachment":[{"href":"https:\/\/roz.si\/de\/wp-json\/wp\/v2\/media?parent=16606"}],"wp:term":[{"taxonomy":"category","embeddable":true,"href":"https:\/\/roz.si\/de\/wp-json\/wp\/v2\/categories?post=16606"},{"taxonomy":"post_tag","embeddable":true,"href":"https:\/\/roz.si\/de\/wp-json\/wp\/v2\/tags?post=16606"}],"curies":[{"name":"wp","href":"https:\/\/api.w.org\/{rel}","templated":true}]}}