{"id":16938,"date":"2025-11-24T18:46:08","date_gmt":"2025-11-24T18:46:08","guid":{"rendered":"https:\/\/roz.si\/?p=16938"},"modified":"2025-11-24T18:46:45","modified_gmt":"2025-11-24T18:46:45","slug":"temporalnost-drugih_die-zeitlichkeit-der-anderen","status":"publish","type":"post","link":"https:\/\/roz.si\/de\/news\/roz\/temporalnost-drugih_die-zeitlichkeit-der-anderen\/","title":{"rendered":"TEMPORALNOST DRUGIH_DIE ZEITLICHKEIT DER ANDEREN"},"content":{"rendered":"<p>[vc_row][vc_column][vc_column_text]<span style=\"color: #ff0000; font-size: 12pt;\"><strong>Ob svetovnem dnevu \u010dlovekovih pravic _ Zum Internationalen Tag der Menschenrechte<\/strong><\/span><\/p>\n<p>&nbsp;<\/p>\n<p><span style=\"font-size: 18pt;\"><strong>TEMPORALNOST DRUGIH_DIE ZEITLICHKEIT DER ANDEREN<\/strong><\/span><\/p>\n<p>&nbsp;<\/p>\n<p>je plesna predstava je interdisciplinarna in dekolonialna predstava, ki skozi ples, zvok in besedo raziskuje teme afri\u0161ke zgodovine, identitete in predsodkov. Predstava temeljito dekonstruira mit o afri\u0161ki ahistori\u010dnosti in vabi k \u0161ir\u0161emu razmisleku o predsodkih, ki so vsidrani v na\u0161e sisteme vednosti. Nastala je v okviru Iniciative Afrike, ki zdru\u017euje literarna in teoretska besedila, ples in glasbo, da bi na interdisciplinarni na\u010din pristopila k razli\u010dnim temam iz afri\u0161kih realnosti.<\/p>\n<p>&nbsp;<\/p>\n<p>Die Tanzperformance Die Zeitlichkeit der Anderen ist eine interdisziplin\u00e4re und dekoloniale Performance, die durch Tanz, Klang und Sprache Themen der afrikanischen Geschichte, Identit\u00e4t und Vorurteile untersucht. Die Auff\u00fchrung dekonstruiert gr\u00fcndlich den Mythos der Ahistorizit\u00e4t Afrikas und l\u00e4dt zu einer umfassenderen Reflexion \u00fcber die Vorurteile ein, die in unseren Wissenssystemen verankert sind. Sie entstand im Rahmen der Initiative Afrika, die literarische und theoretische Texte, Tanz und Musik vereint, um verschiedene Themen aus der afrikanischen Realit\u00e4t auf interdisziplin\u00e4re Weise anzugehen.<\/p>\n<p><strong><br \/>\n<\/strong>Rez\u030cija, koreografija_Regie, Choreografie: <strong>Dalanda Diallo, Mas\u030ca Kagao Knez<br \/>\n<\/strong>v sodelovanju z_Mitarbeit: <strong>Joseph Nzobandora \u2013 Jose <\/strong><\/p>\n<p>Avtorska glasba_Musik: <strong>Damir Mazrek in Kristijan Korat <\/strong><\/p>\n<p>Nastopajoc\u030ci_mit: <strong>Joseph Nzobandora-Jose, Mas\u030ca Kagao Knez, Dalanda Diallo, vokal, Kristijan Korat, Damir Mazrek <\/strong><\/p>\n<p>Kostumografija: <strong>Miri Strnad<br \/>\n<\/strong>Oblikovanje svetlobe: <strong>Danilo Pec\u030car <\/strong><\/p>\n<p>&nbsp;<\/p>\n<p><em>12.12.25 \u2013 19:30<\/em><\/p>\n<p><em>Farov\u017e \u0160entjakob_Pfarrhof St.Jakob i.R.<\/em>[\/vc_column_text][\/vc_column][\/vc_row]<\/p>\n","protected":false},"excerpt":{"rendered":"<p>[vc_row][vc_column][vc_column_text]Ob svetovnem dnevu \u010dlovekovih pravic _ Zum Internationalen Tag der Menschenrechte &nbsp; TEMPORALNOST DRUGIH_DIE ZEITLICHKEIT DER ANDEREN &nbsp; je plesna predstava je interdisciplinarna in dekolonialna predstava, ki skozi ples, zvok in besedo raziskuje teme afri\u0161ke zgodovine, identitete in predsodkov. Predstava temeljito dekonstruira mit o afri\u0161ki ahistori\u010dnosti in vabi k \u0161ir\u0161emu razmisleku o predsodkih, ki so vsidrani v na\u0161e [&hellip;]<\/p>\n","protected":false},"author":2,"featured_media":16941,"comment_status":"open","ping_status":"open","sticky":false,"template":"","format":"standard","meta":{"_acf_changed":false,"footnotes":""},"categories":[81,56],"tags":[111],"class_list":["post-16938","post","type-post","status-publish","format-standard","has-post-thumbnail","hentry","category-news","category-roz","tag-glasbeno-plesni-performans"],"acf":[],"yoast_head":"<!-- This site is optimized with the Yoast SEO plugin v24.8.1 - https:\/\/yoast.com\/wordpress\/plugins\/seo\/ -->\n<title>TEMPORALNOST DRUGIH_DIE ZEITLICHKEIT DER ANDEREN - RO\u017d - Slovensko prosvetno dru\u0161tvo<\/title>\n<meta name=\"robots\" content=\"index, follow, max-snippet:-1, max-image-preview:large, max-video-preview:-1\" \/>\n<link rel=\"canonical\" href=\"https:\/\/roz.si\/news\/roz\/temporalnost-drugih_die-zeitlichkeit-der-anderen\/\" \/>\n<meta property=\"og:locale\" content=\"de_DE\" \/>\n<meta property=\"og:type\" content=\"article\" \/>\n<meta property=\"og:title\" content=\"TEMPORALNOST DRUGIH_DIE ZEITLICHKEIT DER ANDEREN - RO\u017d - Slovensko prosvetno dru\u0161tvo\" \/>\n<meta property=\"og:description\" content=\"[vc_row][vc_column][vc_column_text]Ob svetovnem dnevu \u010dlovekovih pravic _ Zum Internationalen Tag der Menschenrechte &nbsp; TEMPORALNOST DRUGIH_DIE ZEITLICHKEIT DER ANDEREN &nbsp; je plesna predstava je interdisciplinarna in dekolonialna predstava, ki skozi ples, zvok in besedo raziskuje teme afri\u0161ke zgodovine, identitete in predsodkov. Predstava temeljito dekonstruira mit o afri\u0161ki ahistori\u010dnosti in vabi k \u0161ir\u0161emu razmisleku o predsodkih, ki so vsidrani v na\u0161e [&hellip;]\" \/>\n<meta property=\"og:url\" content=\"https:\/\/roz.si\/news\/roz\/temporalnost-drugih_die-zeitlichkeit-der-anderen\/\" \/>\n<meta property=\"og:site_name\" content=\"RO\u017d - Slovensko prosvetno dru\u0161tvo\" \/>\n<meta property=\"article:published_time\" content=\"2025-11-24T18:46:08+00:00\" \/>\n<meta property=\"article:modified_time\" content=\"2025-11-24T18:46:45+00:00\" \/>\n<meta property=\"og:image\" content=\"https:\/\/roz.si\/wp-content\/uploads\/2025\/11\/prva-stran-za-splet-scaled.jpg\" \/>\n\t<meta property=\"og:image:width\" content=\"2560\" \/>\n\t<meta property=\"og:image:height\" content=\"1706\" \/>\n\t<meta property=\"og:image:type\" content=\"image\/jpeg\" \/>\n<meta name=\"author\" content=\"Niko Me\u010dina\" \/>\n<meta name=\"twitter:card\" content=\"summary_large_image\" \/>\n<meta name=\"twitter:label1\" content=\"Verfasst von\" \/>\n\t<meta name=\"twitter:data1\" content=\"Niko Me\u010dina\" \/>\n\t<meta name=\"twitter:label2\" content=\"Gesch\u00e4tzte Lesezeit\" \/>\n\t<meta name=\"twitter:data2\" content=\"2\u00a0Minuten\" \/>\n<script type=\"application\/ld+json\" class=\"yoast-schema-graph\">{\"@context\":\"https:\/\/schema.org\",\"@graph\":[{\"@type\":\"Article\",\"@id\":\"https:\/\/roz.si\/news\/roz\/temporalnost-drugih_die-zeitlichkeit-der-anderen\/#article\",\"isPartOf\":{\"@id\":\"https:\/\/roz.si\/news\/roz\/temporalnost-drugih_die-zeitlichkeit-der-anderen\/\"},\"author\":{\"name\":\"Niko Me\u010dina\",\"@id\":\"https:\/\/roz.si\/#\/schema\/person\/7ec521d5c300eaecec30cb8406841442\"},\"headline\":\"TEMPORALNOST DRUGIH_DIE ZEITLICHKEIT DER ANDEREN\",\"datePublished\":\"2025-11-24T18:46:08+00:00\",\"dateModified\":\"2025-11-24T18:46:45+00:00\",\"mainEntityOfPage\":{\"@id\":\"https:\/\/roz.si\/news\/roz\/temporalnost-drugih_die-zeitlichkeit-der-anderen\/\"},\"wordCount\":261,\"commentCount\":0,\"publisher\":{\"@id\":\"https:\/\/roz.si\/#organization\"},\"image\":{\"@id\":\"https:\/\/roz.si\/news\/roz\/temporalnost-drugih_die-zeitlichkeit-der-anderen\/#primaryimage\"},\"thumbnailUrl\":\"https:\/\/roz.si\/wp-content\/uploads\/2025\/11\/prva-stran-za-splet-scaled.jpg\",\"keywords\":[\"glasbeno-plesni performans\"],\"articleSection\":[\"news\",\"ro\u017e\"],\"inLanguage\":\"de\",\"potentialAction\":[{\"@type\":\"CommentAction\",\"name\":\"Comment\",\"target\":[\"https:\/\/roz.si\/news\/roz\/temporalnost-drugih_die-zeitlichkeit-der-anderen\/#respond\"]}]},{\"@type\":\"WebPage\",\"@id\":\"https:\/\/roz.si\/news\/roz\/temporalnost-drugih_die-zeitlichkeit-der-anderen\/\",\"url\":\"https:\/\/roz.si\/news\/roz\/temporalnost-drugih_die-zeitlichkeit-der-anderen\/\",\"name\":\"TEMPORALNOST DRUGIH_DIE ZEITLICHKEIT DER ANDEREN - RO\u017d - Slovensko prosvetno dru\u0161tvo\",\"isPartOf\":{\"@id\":\"https:\/\/roz.si\/#website\"},\"primaryImageOfPage\":{\"@id\":\"https:\/\/roz.si\/news\/roz\/temporalnost-drugih_die-zeitlichkeit-der-anderen\/#primaryimage\"},\"image\":{\"@id\":\"https:\/\/roz.si\/news\/roz\/temporalnost-drugih_die-zeitlichkeit-der-anderen\/#primaryimage\"},\"thumbnailUrl\":\"https:\/\/roz.si\/wp-content\/uploads\/2025\/11\/prva-stran-za-splet-scaled.jpg\",\"datePublished\":\"2025-11-24T18:46:08+00:00\",\"dateModified\":\"2025-11-24T18:46:45+00:00\",\"breadcrumb\":{\"@id\":\"https:\/\/roz.si\/news\/roz\/temporalnost-drugih_die-zeitlichkeit-der-anderen\/#breadcrumb\"},\"inLanguage\":\"de\",\"potentialAction\":[{\"@type\":\"ReadAction\",\"target\":[\"https:\/\/roz.si\/news\/roz\/temporalnost-drugih_die-zeitlichkeit-der-anderen\/\"]}]},{\"@type\":\"ImageObject\",\"inLanguage\":\"de\",\"@id\":\"https:\/\/roz.si\/news\/roz\/temporalnost-drugih_die-zeitlichkeit-der-anderen\/#primaryimage\",\"url\":\"https:\/\/roz.si\/wp-content\/uploads\/2025\/11\/prva-stran-za-splet-scaled.jpg\",\"contentUrl\":\"https:\/\/roz.si\/wp-content\/uploads\/2025\/11\/prva-stran-za-splet-scaled.jpg\",\"width\":2560,\"height\":1706},{\"@type\":\"BreadcrumbList\",\"@id\":\"https:\/\/roz.si\/news\/roz\/temporalnost-drugih_die-zeitlichkeit-der-anderen\/#breadcrumb\",\"itemListElement\":[{\"@type\":\"ListItem\",\"position\":1,\"name\":\"Home\",\"item\":\"https:\/\/roz.si\/de\/\"},{\"@type\":\"ListItem\",\"position\":2,\"name\":\"TEMPORALNOST DRUGIH_DIE ZEITLICHKEIT DER ANDEREN\"}]},{\"@type\":\"WebSite\",\"@id\":\"https:\/\/roz.si\/#website\",\"url\":\"https:\/\/roz.si\/\",\"name\":\"RO\u017d - Slovensko prosvetno dru\u0161tvo\",\"description\":\"Slovensko prosvetno dru\u0161tvo Ro\u017e\",\"publisher\":{\"@id\":\"https:\/\/roz.si\/#organization\"},\"potentialAction\":[{\"@type\":\"SearchAction\",\"target\":{\"@type\":\"EntryPoint\",\"urlTemplate\":\"https:\/\/roz.si\/?s={search_term_string}\"},\"query-input\":{\"@type\":\"PropertyValueSpecification\",\"valueRequired\":true,\"valueName\":\"search_term_string\"}}],\"inLanguage\":\"de\"},{\"@type\":\"Organization\",\"@id\":\"https:\/\/roz.si\/#organization\",\"name\":\"RO\u017d - Slovensko prosvetno dru\u0161tvo\",\"url\":\"https:\/\/roz.si\/\",\"logo\":{\"@type\":\"ImageObject\",\"inLanguage\":\"de\",\"@id\":\"https:\/\/roz.si\/#\/schema\/logo\/image\/\",\"url\":\"https:\/\/roz.si\/wp-content\/uploads\/2022\/11\/ROZ_logo.ico\",\"contentUrl\":\"https:\/\/roz.si\/wp-content\/uploads\/2022\/11\/ROZ_logo.ico\",\"width\":199,\"height\":120,\"caption\":\"RO\u017d - Slovensko prosvetno dru\u0161tvo\"},\"image\":{\"@id\":\"https:\/\/roz.si\/#\/schema\/logo\/image\/\"}},{\"@type\":\"Person\",\"@id\":\"https:\/\/roz.si\/#\/schema\/person\/7ec521d5c300eaecec30cb8406841442\",\"name\":\"Niko Me\u010dina\",\"image\":{\"@type\":\"ImageObject\",\"inLanguage\":\"de\",\"@id\":\"https:\/\/roz.si\/#\/schema\/person\/image\/\",\"url\":\"https:\/\/secure.gravatar.com\/avatar\/63374db749f9ba5cd882f0f67e2241eef1ff48a30adac2b8e6a640b362da3598?s=96&d=mm&r=g\",\"contentUrl\":\"https:\/\/secure.gravatar.com\/avatar\/63374db749f9ba5cd882f0f67e2241eef1ff48a30adac2b8e6a640b362da3598?s=96&d=mm&r=g\",\"caption\":\"Niko Me\u010dina\"},\"url\":\"https:\/\/roz.si\/de\/author\/niko-mecinagmx-at\/\"}]}<\/script>\n<!-- \/ Yoast SEO plugin. -->","yoast_head_json":{"title":"TEMPORALNOST DRUGIH_DIE ZEITLICHKEIT DER ANDEREN - RO\u017d - Slovensko prosvetno dru\u0161tvo","robots":{"index":"index","follow":"follow","max-snippet":"max-snippet:-1","max-image-preview":"max-image-preview:large","max-video-preview":"max-video-preview:-1"},"canonical":"https:\/\/roz.si\/news\/roz\/temporalnost-drugih_die-zeitlichkeit-der-anderen\/","og_locale":"de_DE","og_type":"article","og_title":"TEMPORALNOST DRUGIH_DIE ZEITLICHKEIT DER ANDEREN - RO\u017d - Slovensko prosvetno dru\u0161tvo","og_description":"[vc_row][vc_column][vc_column_text]Ob svetovnem dnevu \u010dlovekovih pravic _ Zum Internationalen Tag der Menschenrechte &nbsp; TEMPORALNOST DRUGIH_DIE ZEITLICHKEIT DER ANDEREN &nbsp; je plesna predstava je interdisciplinarna in dekolonialna predstava, ki skozi ples, zvok in besedo raziskuje teme afri\u0161ke zgodovine, identitete in predsodkov. Predstava temeljito dekonstruira mit o afri\u0161ki ahistori\u010dnosti in vabi k \u0161ir\u0161emu razmisleku o predsodkih, ki so vsidrani v na\u0161e [&hellip;]","og_url":"https:\/\/roz.si\/news\/roz\/temporalnost-drugih_die-zeitlichkeit-der-anderen\/","og_site_name":"RO\u017d - Slovensko prosvetno dru\u0161tvo","article_published_time":"2025-11-24T18:46:08+00:00","article_modified_time":"2025-11-24T18:46:45+00:00","og_image":[{"width":2560,"height":1706,"url":"https:\/\/roz.si\/wp-content\/uploads\/2025\/11\/prva-stran-za-splet-scaled.jpg","type":"image\/jpeg"}],"author":"Niko Me\u010dina","twitter_card":"summary_large_image","twitter_misc":{"Verfasst von":"Niko Me\u010dina","Gesch\u00e4tzte Lesezeit":"2\u00a0Minuten"},"schema":{"@context":"https:\/\/schema.org","@graph":[{"@type":"Article","@id":"https:\/\/roz.si\/news\/roz\/temporalnost-drugih_die-zeitlichkeit-der-anderen\/#article","isPartOf":{"@id":"https:\/\/roz.si\/news\/roz\/temporalnost-drugih_die-zeitlichkeit-der-anderen\/"},"author":{"name":"Niko Me\u010dina","@id":"https:\/\/roz.si\/#\/schema\/person\/7ec521d5c300eaecec30cb8406841442"},"headline":"TEMPORALNOST DRUGIH_DIE ZEITLICHKEIT DER ANDEREN","datePublished":"2025-11-24T18:46:08+00:00","dateModified":"2025-11-24T18:46:45+00:00","mainEntityOfPage":{"@id":"https:\/\/roz.si\/news\/roz\/temporalnost-drugih_die-zeitlichkeit-der-anderen\/"},"wordCount":261,"commentCount":0,"publisher":{"@id":"https:\/\/roz.si\/#organization"},"image":{"@id":"https:\/\/roz.si\/news\/roz\/temporalnost-drugih_die-zeitlichkeit-der-anderen\/#primaryimage"},"thumbnailUrl":"https:\/\/roz.si\/wp-content\/uploads\/2025\/11\/prva-stran-za-splet-scaled.jpg","keywords":["glasbeno-plesni performans"],"articleSection":["news","ro\u017e"],"inLanguage":"de","potentialAction":[{"@type":"CommentAction","name":"Comment","target":["https:\/\/roz.si\/news\/roz\/temporalnost-drugih_die-zeitlichkeit-der-anderen\/#respond"]}]},{"@type":"WebPage","@id":"https:\/\/roz.si\/news\/roz\/temporalnost-drugih_die-zeitlichkeit-der-anderen\/","url":"https:\/\/roz.si\/news\/roz\/temporalnost-drugih_die-zeitlichkeit-der-anderen\/","name":"TEMPORALNOST DRUGIH_DIE ZEITLICHKEIT DER ANDEREN - RO\u017d - Slovensko prosvetno dru\u0161tvo","isPartOf":{"@id":"https:\/\/roz.si\/#website"},"primaryImageOfPage":{"@id":"https:\/\/roz.si\/news\/roz\/temporalnost-drugih_die-zeitlichkeit-der-anderen\/#primaryimage"},"image":{"@id":"https:\/\/roz.si\/news\/roz\/temporalnost-drugih_die-zeitlichkeit-der-anderen\/#primaryimage"},"thumbnailUrl":"https:\/\/roz.si\/wp-content\/uploads\/2025\/11\/prva-stran-za-splet-scaled.jpg","datePublished":"2025-11-24T18:46:08+00:00","dateModified":"2025-11-24T18:46:45+00:00","breadcrumb":{"@id":"https:\/\/roz.si\/news\/roz\/temporalnost-drugih_die-zeitlichkeit-der-anderen\/#breadcrumb"},"inLanguage":"de","potentialAction":[{"@type":"ReadAction","target":["https:\/\/roz.si\/news\/roz\/temporalnost-drugih_die-zeitlichkeit-der-anderen\/"]}]},{"@type":"ImageObject","inLanguage":"de","@id":"https:\/\/roz.si\/news\/roz\/temporalnost-drugih_die-zeitlichkeit-der-anderen\/#primaryimage","url":"https:\/\/roz.si\/wp-content\/uploads\/2025\/11\/prva-stran-za-splet-scaled.jpg","contentUrl":"https:\/\/roz.si\/wp-content\/uploads\/2025\/11\/prva-stran-za-splet-scaled.jpg","width":2560,"height":1706},{"@type":"BreadcrumbList","@id":"https:\/\/roz.si\/news\/roz\/temporalnost-drugih_die-zeitlichkeit-der-anderen\/#breadcrumb","itemListElement":[{"@type":"ListItem","position":1,"name":"Home","item":"https:\/\/roz.si\/de\/"},{"@type":"ListItem","position":2,"name":"TEMPORALNOST DRUGIH_DIE ZEITLICHKEIT DER ANDEREN"}]},{"@type":"WebSite","@id":"https:\/\/roz.si\/#website","url":"https:\/\/roz.si\/","name":"RO\u017d - Slovensko prosvetno dru\u0161tvo","description":"Slovensko prosvetno dru\u0161tvo Ro\u017e","publisher":{"@id":"https:\/\/roz.si\/#organization"},"potentialAction":[{"@type":"SearchAction","target":{"@type":"EntryPoint","urlTemplate":"https:\/\/roz.si\/?s={search_term_string}"},"query-input":{"@type":"PropertyValueSpecification","valueRequired":true,"valueName":"search_term_string"}}],"inLanguage":"de"},{"@type":"Organization","@id":"https:\/\/roz.si\/#organization","name":"RO\u017d - Slovensko prosvetno dru\u0161tvo","url":"https:\/\/roz.si\/","logo":{"@type":"ImageObject","inLanguage":"de","@id":"https:\/\/roz.si\/#\/schema\/logo\/image\/","url":"https:\/\/roz.si\/wp-content\/uploads\/2022\/11\/ROZ_logo.ico","contentUrl":"https:\/\/roz.si\/wp-content\/uploads\/2022\/11\/ROZ_logo.ico","width":199,"height":120,"caption":"RO\u017d - Slovensko prosvetno dru\u0161tvo"},"image":{"@id":"https:\/\/roz.si\/#\/schema\/logo\/image\/"}},{"@type":"Person","@id":"https:\/\/roz.si\/#\/schema\/person\/7ec521d5c300eaecec30cb8406841442","name":"Niko Me\u010dina","image":{"@type":"ImageObject","inLanguage":"de","@id":"https:\/\/roz.si\/#\/schema\/person\/image\/","url":"https:\/\/secure.gravatar.com\/avatar\/63374db749f9ba5cd882f0f67e2241eef1ff48a30adac2b8e6a640b362da3598?s=96&d=mm&r=g","contentUrl":"https:\/\/secure.gravatar.com\/avatar\/63374db749f9ba5cd882f0f67e2241eef1ff48a30adac2b8e6a640b362da3598?s=96&d=mm&r=g","caption":"Niko Me\u010dina"},"url":"https:\/\/roz.si\/de\/author\/niko-mecinagmx-at\/"}]}},"_links":{"self":[{"href":"https:\/\/roz.si\/de\/wp-json\/wp\/v2\/posts\/16938","targetHints":{"allow":["GET"]}}],"collection":[{"href":"https:\/\/roz.si\/de\/wp-json\/wp\/v2\/posts"}],"about":[{"href":"https:\/\/roz.si\/de\/wp-json\/wp\/v2\/types\/post"}],"author":[{"embeddable":true,"href":"https:\/\/roz.si\/de\/wp-json\/wp\/v2\/users\/2"}],"replies":[{"embeddable":true,"href":"https:\/\/roz.si\/de\/wp-json\/wp\/v2\/comments?post=16938"}],"version-history":[{"count":2,"href":"https:\/\/roz.si\/de\/wp-json\/wp\/v2\/posts\/16938\/revisions"}],"predecessor-version":[{"id":16944,"href":"https:\/\/roz.si\/de\/wp-json\/wp\/v2\/posts\/16938\/revisions\/16944"}],"wp:featuredmedia":[{"embeddable":true,"href":"https:\/\/roz.si\/de\/wp-json\/wp\/v2\/media\/16941"}],"wp:attachment":[{"href":"https:\/\/roz.si\/de\/wp-json\/wp\/v2\/media?parent=16938"}],"wp:term":[{"taxonomy":"category","embeddable":true,"href":"https:\/\/roz.si\/de\/wp-json\/wp\/v2\/categories?post=16938"},{"taxonomy":"post_tag","embeddable":true,"href":"https:\/\/roz.si\/de\/wp-json\/wp\/v2\/tags?post=16938"}],"curies":[{"name":"wp","href":"https:\/\/api.w.org\/{rel}","templated":true}]}}