{"id":17106,"date":"2026-03-02T19:51:35","date_gmt":"2026-03-02T19:51:35","guid":{"rendered":"https:\/\/roz.si\/?p=17106"},"modified":"2026-03-02T19:51:35","modified_gmt":"2026-03-02T19:51:35","slug":"podaj-roko_die-hand-reichen","status":"publish","type":"post","link":"https:\/\/roz.si\/de\/news\/roz\/podaj-roko_die-hand-reichen\/","title":{"rendered":"&#8222;Podaj roko&#8220;_&#8220;Die Hand reichen&#8220;"},"content":{"rendered":"<p>[vc_row][vc_column][vc_single_image image=&#8220;17115&#8243; img_size=&#8220;large&#8220; alignment=&#8220;center&#8220;][vc_empty_space][vc_column_text]<\/p>\n<p style=\"text-align: left;\"><span style=\"font-size: 12pt;\">Die Textilinstallation von Ina Loitzl in Form einer \u00fcbergro\u00dfen Hand h\u00e4ngt zur Osterzeit in der Filialkirche von St. Peter\/ \u0160entpeter. Ein Videoscreening mit H\u00e4nden von Menschen aus der Gemeinde und ein historisches Foto ihrer Schwiegereltern, die in dieser Kirche geheiratet haben, komplettieren die Installation. Ihre eigene Identit\u00e4t hinterfragt die K\u00fcnstlerin Ina Loitzl als \u00bbZuagraste\u00ab mit zehn Fingerprintportraits. Im Rahmen der \u00d6ffnungstage steht die Hand als \u00fcbergro\u00dfes optisches Symbol f\u00fcr Urvertrauen, Schutz, Ber\u00fchrung, Kommunikation, Diversit\u00e4t, Geborgenheit, Hilfe und Zuversicht in einem speziellen Care-System. W\u00e4hrend der Ausstellungsdauer erm\u00f6glicht die K\u00fcnstlerin den Besucher:innen mit bereitgestellten papierenen H\u00e4nden, das Gesamtbild der Installation interaktiv zu erweitern. F\u00fchrungen, Handmassagen mit wohlriechenden \u00d6len und Gespr\u00e4che zu den Bedeutungen von H\u00e4nden werden durch Loitzl angeboten.<\/span><\/p>\n<p style=\"text-align: left;\"><span style=\"font-size: 12pt;\">Zur Finissage l\u00e4dt die K\u00fcnstlerin dazu ein, sich in die abgenommene liegende Hand hineinzulegen und aufgefangen zu f\u00fchlen. Diese Care-Arbeit erzeugt in unserer digitalen und anonymen Zeit eine selten gewordene N\u00e4he.<\/span><\/p>\n<p style=\"text-align: left;\"><span style=\"font-size: 12pt;\">Tekstilna in\u0161talacija Ine Loitzl v obliki velike roke visi v velikono\u010dnem \u010dasu v cerkvi v \u0160entpetru. In\u0161talacijo dopolnjujejo videoprojekcije rok ljudi iz vasi in fotografija tasta in ta\u0161\u010de umetnice, ki sta se pred davnimi leti poro\u010dila v tej cerkvi. Umetnica Ina Loitzl kot \u00bbpritepenka\u00ab s svojimi desetimi portreti prstnih odtisov prevpra\u0161uje svojo lastno identiteto. Umetnica ponuja obiskovalcem, da s papirnatimi rokami, ki jih najdejo tam, interaktivno raz\u0161irijo podobo in\u0161talacije. Loitzl ponuja vodene oglede, masa\u017ee rok z di\u0161e\u010dimi olji in pogovore o pomenu in simboliki rok.<\/span><\/p>\n<p style=\"text-align: left;\"><span style=\"font-size: 12pt;\">Na ve\u010der zaprtja razstave umetnica vabi, da se obiskovalke in obiskovalci ule\u017eejo v odstranjeno, le\u017ee\u010do roko in u\u017eivajo v njenem varnem objemu. To skrbni\u0161tvo v na\u0161i digitalno anonimni dobi naj zbuja pogre\u0161ano bli\u017eino.<\/span><\/p>\n<p>[\/vc_column_text][vc_empty_space][\/vc_column][\/vc_row]<\/p>\n","protected":false},"excerpt":{"rendered":"<p>[vc_row][vc_column][vc_single_image image=&#8220;17115&#8243; img_size=&#8220;large&#8220; alignment=&#8220;center&#8220;][vc_empty_space][vc_column_text] Die Textilinstallation von Ina Loitzl in Form einer \u00fcbergro\u00dfen Hand h\u00e4ngt zur Osterzeit in der Filialkirche von St. Peter\/ \u0160entpeter. Ein Videoscreening mit H\u00e4nden von Menschen aus der Gemeinde und ein historisches Foto ihrer Schwiegereltern, die in dieser Kirche geheiratet haben, komplettieren die Installation. Ihre eigene Identit\u00e4t hinterfragt die K\u00fcnstlerin Ina Loitzl als \u00bbZuagraste\u00ab [&hellip;]<\/p>\n","protected":false},"author":2,"featured_media":17107,"comment_status":"open","ping_status":"open","sticky":false,"template":"","format":"standard","meta":{"_acf_changed":false,"footnotes":""},"categories":[81,56],"tags":[68],"class_list":["post-17106","post","type-post","status-publish","format-standard","has-post-thumbnail","hentry","category-news","category-roz","tag-razstava"],"acf":[],"yoast_head":"<!-- This site is optimized with the Yoast SEO plugin v24.8.1 - https:\/\/yoast.com\/wordpress\/plugins\/seo\/ -->\n<title>&quot;Podaj roko&quot;_&quot;Die Hand reichen&quot; - RO\u017d - Slovensko prosvetno dru\u0161tvo<\/title>\n<meta name=\"robots\" content=\"index, follow, max-snippet:-1, max-image-preview:large, max-video-preview:-1\" \/>\n<link rel=\"canonical\" href=\"https:\/\/roz.si\/news\/roz\/podaj-roko_die-hand-reichen\/\" \/>\n<meta property=\"og:locale\" content=\"de_DE\" \/>\n<meta property=\"og:type\" content=\"article\" \/>\n<meta property=\"og:title\" content=\"&quot;Podaj roko&quot;_&quot;Die Hand reichen&quot; - RO\u017d - Slovensko prosvetno dru\u0161tvo\" \/>\n<meta property=\"og:description\" content=\"[vc_row][vc_column][vc_single_image image=&#8220;17115&#8243; img_size=&#8220;large&#8220; alignment=&#8220;center&#8220;][vc_empty_space][vc_column_text] Die Textilinstallation von Ina Loitzl in Form einer \u00fcbergro\u00dfen Hand h\u00e4ngt zur Osterzeit in der Filialkirche von St. Peter\/ \u0160entpeter. Ein Videoscreening mit H\u00e4nden von Menschen aus der Gemeinde und ein historisches Foto ihrer Schwiegereltern, die in dieser Kirche geheiratet haben, komplettieren die Installation. Ihre eigene Identit\u00e4t hinterfragt die K\u00fcnstlerin Ina Loitzl als \u00bbZuagraste\u00ab [&hellip;]\" \/>\n<meta property=\"og:url\" content=\"https:\/\/roz.si\/news\/roz\/podaj-roko_die-hand-reichen\/\" \/>\n<meta property=\"og:site_name\" content=\"RO\u017d - Slovensko prosvetno dru\u0161tvo\" \/>\n<meta property=\"article:published_time\" content=\"2026-03-02T19:51:35+00:00\" \/>\n<meta name=\"author\" content=\"Niko Me\u010dina\" \/>\n<meta name=\"twitter:card\" content=\"summary_large_image\" \/>\n<meta name=\"twitter:label1\" content=\"Verfasst von\" \/>\n\t<meta name=\"twitter:data1\" content=\"Niko Me\u010dina\" \/>\n\t<meta name=\"twitter:label2\" content=\"Gesch\u00e4tzte Lesezeit\" \/>\n\t<meta name=\"twitter:data2\" content=\"2\u00a0Minuten\" \/>\n<script type=\"application\/ld+json\" class=\"yoast-schema-graph\">{\"@context\":\"https:\/\/schema.org\",\"@graph\":[{\"@type\":\"Article\",\"@id\":\"https:\/\/roz.si\/news\/roz\/podaj-roko_die-hand-reichen\/#article\",\"isPartOf\":{\"@id\":\"https:\/\/roz.si\/news\/roz\/podaj-roko_die-hand-reichen\/\"},\"author\":{\"name\":\"Niko Me\u010dina\",\"@id\":\"https:\/\/roz.si\/#\/schema\/person\/7ec521d5c300eaecec30cb8406841442\"},\"headline\":\"&#8222;Podaj roko&#8220;_&#8220;Die Hand reichen&#8220;\",\"datePublished\":\"2026-03-02T19:51:35+00:00\",\"mainEntityOfPage\":{\"@id\":\"https:\/\/roz.si\/news\/roz\/podaj-roko_die-hand-reichen\/\"},\"wordCount\":341,\"commentCount\":0,\"publisher\":{\"@id\":\"https:\/\/roz.si\/#organization\"},\"image\":{\"@id\":\"https:\/\/roz.si\/news\/roz\/podaj-roko_die-hand-reichen\/#primaryimage\"},\"thumbnailUrl\":\"https:\/\/roz.si\/wp-content\/uploads\/2026\/03\/splet-Loitzl-pdf.jpg\",\"keywords\":[\"Razstava\"],\"articleSection\":[\"news\",\"ro\u017e\"],\"inLanguage\":\"de\",\"potentialAction\":[{\"@type\":\"CommentAction\",\"name\":\"Comment\",\"target\":[\"https:\/\/roz.si\/news\/roz\/podaj-roko_die-hand-reichen\/#respond\"]}]},{\"@type\":\"WebPage\",\"@id\":\"https:\/\/roz.si\/news\/roz\/podaj-roko_die-hand-reichen\/\",\"url\":\"https:\/\/roz.si\/news\/roz\/podaj-roko_die-hand-reichen\/\",\"name\":\"\\\"Podaj roko\\\"_\\\"Die Hand reichen\\\" - RO\u017d - Slovensko prosvetno dru\u0161tvo\",\"isPartOf\":{\"@id\":\"https:\/\/roz.si\/#website\"},\"primaryImageOfPage\":{\"@id\":\"https:\/\/roz.si\/news\/roz\/podaj-roko_die-hand-reichen\/#primaryimage\"},\"image\":{\"@id\":\"https:\/\/roz.si\/news\/roz\/podaj-roko_die-hand-reichen\/#primaryimage\"},\"thumbnailUrl\":\"https:\/\/roz.si\/wp-content\/uploads\/2026\/03\/splet-Loitzl-pdf.jpg\",\"datePublished\":\"2026-03-02T19:51:35+00:00\",\"breadcrumb\":{\"@id\":\"https:\/\/roz.si\/news\/roz\/podaj-roko_die-hand-reichen\/#breadcrumb\"},\"inLanguage\":\"de\",\"potentialAction\":[{\"@type\":\"ReadAction\",\"target\":[\"https:\/\/roz.si\/news\/roz\/podaj-roko_die-hand-reichen\/\"]}]},{\"@type\":\"ImageObject\",\"inLanguage\":\"de\",\"@id\":\"https:\/\/roz.si\/news\/roz\/podaj-roko_die-hand-reichen\/#primaryimage\",\"url\":\"https:\/\/roz.si\/wp-content\/uploads\/2026\/03\/splet-Loitzl-pdf.jpg\",\"contentUrl\":\"https:\/\/roz.si\/wp-content\/uploads\/2026\/03\/splet-Loitzl-pdf.jpg\"},{\"@type\":\"BreadcrumbList\",\"@id\":\"https:\/\/roz.si\/news\/roz\/podaj-roko_die-hand-reichen\/#breadcrumb\",\"itemListElement\":[{\"@type\":\"ListItem\",\"position\":1,\"name\":\"Home\",\"item\":\"https:\/\/roz.si\/de\/\"},{\"@type\":\"ListItem\",\"position\":2,\"name\":\"&#8222;Podaj roko&#8220;_&#8220;Die Hand reichen&#8220;\"}]},{\"@type\":\"WebSite\",\"@id\":\"https:\/\/roz.si\/#website\",\"url\":\"https:\/\/roz.si\/\",\"name\":\"RO\u017d - Slovensko prosvetno dru\u0161tvo\",\"description\":\"Slovensko prosvetno dru\u0161tvo Ro\u017e\",\"publisher\":{\"@id\":\"https:\/\/roz.si\/#organization\"},\"potentialAction\":[{\"@type\":\"SearchAction\",\"target\":{\"@type\":\"EntryPoint\",\"urlTemplate\":\"https:\/\/roz.si\/?s={search_term_string}\"},\"query-input\":{\"@type\":\"PropertyValueSpecification\",\"valueRequired\":true,\"valueName\":\"search_term_string\"}}],\"inLanguage\":\"de\"},{\"@type\":\"Organization\",\"@id\":\"https:\/\/roz.si\/#organization\",\"name\":\"RO\u017d - Slovensko prosvetno dru\u0161tvo\",\"url\":\"https:\/\/roz.si\/\",\"logo\":{\"@type\":\"ImageObject\",\"inLanguage\":\"de\",\"@id\":\"https:\/\/roz.si\/#\/schema\/logo\/image\/\",\"url\":\"https:\/\/roz.si\/wp-content\/uploads\/2022\/11\/ROZ_logo.ico\",\"contentUrl\":\"https:\/\/roz.si\/wp-content\/uploads\/2022\/11\/ROZ_logo.ico\",\"width\":199,\"height\":120,\"caption\":\"RO\u017d - Slovensko prosvetno dru\u0161tvo\"},\"image\":{\"@id\":\"https:\/\/roz.si\/#\/schema\/logo\/image\/\"}},{\"@type\":\"Person\",\"@id\":\"https:\/\/roz.si\/#\/schema\/person\/7ec521d5c300eaecec30cb8406841442\",\"name\":\"Niko Me\u010dina\",\"image\":{\"@type\":\"ImageObject\",\"inLanguage\":\"de\",\"@id\":\"https:\/\/roz.si\/#\/schema\/person\/image\/\",\"url\":\"https:\/\/secure.gravatar.com\/avatar\/63374db749f9ba5cd882f0f67e2241eef1ff48a30adac2b8e6a640b362da3598?s=96&d=mm&r=g\",\"contentUrl\":\"https:\/\/secure.gravatar.com\/avatar\/63374db749f9ba5cd882f0f67e2241eef1ff48a30adac2b8e6a640b362da3598?s=96&d=mm&r=g\",\"caption\":\"Niko Me\u010dina\"},\"url\":\"https:\/\/roz.si\/de\/author\/niko-mecinagmx-at\/\"}]}<\/script>\n<!-- \/ Yoast SEO plugin. -->","yoast_head_json":{"title":"\"Podaj roko\"_\"Die Hand reichen\" - RO\u017d - Slovensko prosvetno dru\u0161tvo","robots":{"index":"index","follow":"follow","max-snippet":"max-snippet:-1","max-image-preview":"max-image-preview:large","max-video-preview":"max-video-preview:-1"},"canonical":"https:\/\/roz.si\/news\/roz\/podaj-roko_die-hand-reichen\/","og_locale":"de_DE","og_type":"article","og_title":"\"Podaj roko\"_\"Die Hand reichen\" - RO\u017d - Slovensko prosvetno dru\u0161tvo","og_description":"[vc_row][vc_column][vc_single_image image=&#8220;17115&#8243; img_size=&#8220;large&#8220; alignment=&#8220;center&#8220;][vc_empty_space][vc_column_text] Die Textilinstallation von Ina Loitzl in Form einer \u00fcbergro\u00dfen Hand h\u00e4ngt zur Osterzeit in der Filialkirche von St. Peter\/ \u0160entpeter. Ein Videoscreening mit H\u00e4nden von Menschen aus der Gemeinde und ein historisches Foto ihrer Schwiegereltern, die in dieser Kirche geheiratet haben, komplettieren die Installation. Ihre eigene Identit\u00e4t hinterfragt die K\u00fcnstlerin Ina Loitzl als \u00bbZuagraste\u00ab [&hellip;]","og_url":"https:\/\/roz.si\/news\/roz\/podaj-roko_die-hand-reichen\/","og_site_name":"RO\u017d - Slovensko prosvetno dru\u0161tvo","article_published_time":"2026-03-02T19:51:35+00:00","author":"Niko Me\u010dina","twitter_card":"summary_large_image","twitter_misc":{"Verfasst von":"Niko Me\u010dina","Gesch\u00e4tzte Lesezeit":"2\u00a0Minuten"},"schema":{"@context":"https:\/\/schema.org","@graph":[{"@type":"Article","@id":"https:\/\/roz.si\/news\/roz\/podaj-roko_die-hand-reichen\/#article","isPartOf":{"@id":"https:\/\/roz.si\/news\/roz\/podaj-roko_die-hand-reichen\/"},"author":{"name":"Niko Me\u010dina","@id":"https:\/\/roz.si\/#\/schema\/person\/7ec521d5c300eaecec30cb8406841442"},"headline":"&#8222;Podaj roko&#8220;_&#8220;Die Hand reichen&#8220;","datePublished":"2026-03-02T19:51:35+00:00","mainEntityOfPage":{"@id":"https:\/\/roz.si\/news\/roz\/podaj-roko_die-hand-reichen\/"},"wordCount":341,"commentCount":0,"publisher":{"@id":"https:\/\/roz.si\/#organization"},"image":{"@id":"https:\/\/roz.si\/news\/roz\/podaj-roko_die-hand-reichen\/#primaryimage"},"thumbnailUrl":"https:\/\/roz.si\/wp-content\/uploads\/2026\/03\/splet-Loitzl-pdf.jpg","keywords":["Razstava"],"articleSection":["news","ro\u017e"],"inLanguage":"de","potentialAction":[{"@type":"CommentAction","name":"Comment","target":["https:\/\/roz.si\/news\/roz\/podaj-roko_die-hand-reichen\/#respond"]}]},{"@type":"WebPage","@id":"https:\/\/roz.si\/news\/roz\/podaj-roko_die-hand-reichen\/","url":"https:\/\/roz.si\/news\/roz\/podaj-roko_die-hand-reichen\/","name":"\"Podaj roko\"_\"Die Hand reichen\" - RO\u017d - Slovensko prosvetno dru\u0161tvo","isPartOf":{"@id":"https:\/\/roz.si\/#website"},"primaryImageOfPage":{"@id":"https:\/\/roz.si\/news\/roz\/podaj-roko_die-hand-reichen\/#primaryimage"},"image":{"@id":"https:\/\/roz.si\/news\/roz\/podaj-roko_die-hand-reichen\/#primaryimage"},"thumbnailUrl":"https:\/\/roz.si\/wp-content\/uploads\/2026\/03\/splet-Loitzl-pdf.jpg","datePublished":"2026-03-02T19:51:35+00:00","breadcrumb":{"@id":"https:\/\/roz.si\/news\/roz\/podaj-roko_die-hand-reichen\/#breadcrumb"},"inLanguage":"de","potentialAction":[{"@type":"ReadAction","target":["https:\/\/roz.si\/news\/roz\/podaj-roko_die-hand-reichen\/"]}]},{"@type":"ImageObject","inLanguage":"de","@id":"https:\/\/roz.si\/news\/roz\/podaj-roko_die-hand-reichen\/#primaryimage","url":"https:\/\/roz.si\/wp-content\/uploads\/2026\/03\/splet-Loitzl-pdf.jpg","contentUrl":"https:\/\/roz.si\/wp-content\/uploads\/2026\/03\/splet-Loitzl-pdf.jpg"},{"@type":"BreadcrumbList","@id":"https:\/\/roz.si\/news\/roz\/podaj-roko_die-hand-reichen\/#breadcrumb","itemListElement":[{"@type":"ListItem","position":1,"name":"Home","item":"https:\/\/roz.si\/de\/"},{"@type":"ListItem","position":2,"name":"&#8222;Podaj roko&#8220;_&#8220;Die Hand reichen&#8220;"}]},{"@type":"WebSite","@id":"https:\/\/roz.si\/#website","url":"https:\/\/roz.si\/","name":"RO\u017d - Slovensko prosvetno dru\u0161tvo","description":"Slovensko prosvetno dru\u0161tvo Ro\u017e","publisher":{"@id":"https:\/\/roz.si\/#organization"},"potentialAction":[{"@type":"SearchAction","target":{"@type":"EntryPoint","urlTemplate":"https:\/\/roz.si\/?s={search_term_string}"},"query-input":{"@type":"PropertyValueSpecification","valueRequired":true,"valueName":"search_term_string"}}],"inLanguage":"de"},{"@type":"Organization","@id":"https:\/\/roz.si\/#organization","name":"RO\u017d - Slovensko prosvetno dru\u0161tvo","url":"https:\/\/roz.si\/","logo":{"@type":"ImageObject","inLanguage":"de","@id":"https:\/\/roz.si\/#\/schema\/logo\/image\/","url":"https:\/\/roz.si\/wp-content\/uploads\/2022\/11\/ROZ_logo.ico","contentUrl":"https:\/\/roz.si\/wp-content\/uploads\/2022\/11\/ROZ_logo.ico","width":199,"height":120,"caption":"RO\u017d - Slovensko prosvetno dru\u0161tvo"},"image":{"@id":"https:\/\/roz.si\/#\/schema\/logo\/image\/"}},{"@type":"Person","@id":"https:\/\/roz.si\/#\/schema\/person\/7ec521d5c300eaecec30cb8406841442","name":"Niko Me\u010dina","image":{"@type":"ImageObject","inLanguage":"de","@id":"https:\/\/roz.si\/#\/schema\/person\/image\/","url":"https:\/\/secure.gravatar.com\/avatar\/63374db749f9ba5cd882f0f67e2241eef1ff48a30adac2b8e6a640b362da3598?s=96&d=mm&r=g","contentUrl":"https:\/\/secure.gravatar.com\/avatar\/63374db749f9ba5cd882f0f67e2241eef1ff48a30adac2b8e6a640b362da3598?s=96&d=mm&r=g","caption":"Niko Me\u010dina"},"url":"https:\/\/roz.si\/de\/author\/niko-mecinagmx-at\/"}]}},"_links":{"self":[{"href":"https:\/\/roz.si\/de\/wp-json\/wp\/v2\/posts\/17106","targetHints":{"allow":["GET"]}}],"collection":[{"href":"https:\/\/roz.si\/de\/wp-json\/wp\/v2\/posts"}],"about":[{"href":"https:\/\/roz.si\/de\/wp-json\/wp\/v2\/types\/post"}],"author":[{"embeddable":true,"href":"https:\/\/roz.si\/de\/wp-json\/wp\/v2\/users\/2"}],"replies":[{"embeddable":true,"href":"https:\/\/roz.si\/de\/wp-json\/wp\/v2\/comments?post=17106"}],"version-history":[{"count":2,"href":"https:\/\/roz.si\/de\/wp-json\/wp\/v2\/posts\/17106\/revisions"}],"predecessor-version":[{"id":17118,"href":"https:\/\/roz.si\/de\/wp-json\/wp\/v2\/posts\/17106\/revisions\/17118"}],"wp:featuredmedia":[{"embeddable":true,"href":"https:\/\/roz.si\/de\/wp-json\/wp\/v2\/media\/17107"}],"wp:attachment":[{"href":"https:\/\/roz.si\/de\/wp-json\/wp\/v2\/media?parent=17106"}],"wp:term":[{"taxonomy":"category","embeddable":true,"href":"https:\/\/roz.si\/de\/wp-json\/wp\/v2\/categories?post=17106"},{"taxonomy":"post_tag","embeddable":true,"href":"https:\/\/roz.si\/de\/wp-json\/wp\/v2\/tags?post=17106"}],"curies":[{"name":"wp","href":"https:\/\/api.w.org\/{rel}","templated":true}]}}