{"id":17232,"date":"2026-04-29T16:15:19","date_gmt":"2026-04-29T16:15:19","guid":{"rendered":"https:\/\/roz.si\/?p=17232"},"modified":"2026-04-29T19:10:19","modified_gmt":"2026-04-29T19:10:19","slug":"nas-marinj-slowenischer-dialekt","status":"publish","type":"post","link":"https:\/\/roz.si\/de\/news\/roz\/nas-marinj-slowenischer-dialekt\/","title":{"rendered":"Na\u0161 marinj\/Slowenischer Dialekt"},"content":{"rendered":"<p>[vc_row][vc_column][vc_empty_space][vc_column_text]Das <strong>Projekt<\/strong> <em><span style=\"color: #800000;\"><strong>\u201eNa\u0161 marinj\/Slowenischer Dialekt\u201c<\/strong><\/span><\/em> (Arbeitstitel) im Rosental\/Ro\u017e ist ein Projekt zur Geschichtsvermittlung in der Migrationsgesellschaft, das in Kooperation zwischen dem Slowenischen Kulturverein RO\u017d\/Slovensko prosvetno dru\u0161tvo RO\u017d und dem OeAD initiiert und durchgef\u00fchrt wird.<\/p>\n<p>Das Projekt wird mit Sch\u00fcler:innen der Mittelschule St. Jakob\/\u0160entjakob erarbeitet und von zora.pictures (Filmkollektiv des SPD Ro\u017e) begleitet und realisiert.<\/p>\n<p>&nbsp;<\/p>\n<p><strong><u>Inhalt:<\/u><\/strong><\/p>\n<p>1955 begann in K\u00e4rnten\/Koro\u0161ka eine Germanisierungspolitik, die im Jahr 1972 im sogenannten Ortstafelsturm ihren H\u00f6hepunkt fand. Ein wichtiger Teil dieser Germanisierungspolitik fand darin seinen Ausdruck, dass die slowenische Sprache als minderwertig und als eine Art Mischsprache verunglimpft wurde. In der politischen Erz\u00e4hlung des \u00f6ffentlichen K\u00e4rntens etablierte sich der Begriff &#8222;Windisch&#8220; f\u00fcr Slowenisch, mit welchem zum Ausdruck gebracht werden sollte, dass es \u201egute\u201c und \u201eschlechte\u201c Slowen:innen gibt. Der Begriff &#8222;Windisch&#8220; hat sich bis heute gehalten und wird in S\u00fcdk\u00e4rnten hartn\u00e4ckig als politischer Kampfbegriff verwendet.<\/p>\n<p>&nbsp;<\/p>\n<p>Die Sch\u00fcler:innen setzen sich im Unterricht mit der Deportation der slowenischen Familien aus ihrer Heimatgemeinde auseinander. Sie lernen, dass der einzige Grund f\u00fcr die Vertreibung im Jahr 1942 der Umstand war, dass die Vertriebenen Slowenisch sprachen. Mit dem Team von zora.pictures gestalten sie Interviews mit Zeitzeug:innen und mit Gleichaltrigen einen Film zum Begriff \u201eWindisch\u201c.<\/p>\n<p>&nbsp;<\/p>\n<p>Konzeption, Organisation, Durchf\u00fchrung und Dokumentation des Projektes <em><span style=\"color: #800000;\"><strong>\u201eNa\u0161 marinj\/Slowenischer Dialekt&#8220;<\/strong> <\/span><\/em>(Arbeitstitel) im Rosental\/Ro\u017e mit Sch\u00fcler:innen der Mittelschule St. Jakob\/\u0160entjakob erfolgt auf Basis der vorgelegten Konzepte und den Kriterien des Kulturvermittlungsprojektes zum <strong>ERINNERN:AT-Jahresschwerpunkt 2026<\/strong> <em>\u201e50 Jahre Volksgruppengesetz: Zur Geschichte und Gegenwart der K\u00e4rntner Sloweninnen und Slowenen\/Koro\u0161ki Slovenci\u201c<\/em>[\/vc_column_text][vc_empty_space][vc_single_image image=&#8220;17241&#8243; img_size=&#8220;large&#8220; alignment=&#8220;center&#8220;][vc_column_text]<\/p>\n<p style=\"text-align: center;\">napisi iz \u0160entjakoba iz \u010dasa, ko sta bila \u0161e oba jezika (skorajda) enaopravna \/<\/p>\n<p style=\"text-align: center;\">Inschriften aus St. Jakob\/ \u0160entjakob\u00a0 aus einer Zeit, als beide Sprachen (fast) gleichberechtigt waren<\/p>\n<p>[\/vc_column_text][vc_empty_space][vc_column_text]<strong>Projekt <\/strong><span style=\"color: #800000;\"><strong>\u201eNa\u0161 marinj\/Slovenski nare\u010dje\u201c<\/strong> <\/span>(delovni naslov) je projekt za posredovanje zgodovine v migracijski dru\u017ebi, ki ga v sodelovanju med Slovenskim prosvetnim dru\u0161tvom RO\u017d in OeAD pobudita in izvajata.<br \/>\nProjekt se razvija skupaj z u\u010denci in u\u010denkami srednje \u0161ole St. Jakob\/\u0160entjakob, spremlja in izvaja pa ga zora.pictures (filmski kolektiv SPD Ro\u017e).<\/p>\n<p>&nbsp;<\/p>\n<p><strong><u>Vsebina:<\/u> <\/strong><br \/>\nLeta 1955 se je na Koro\u0161kem za\u010dela politika germanizacije, ki je leta 1972 dosegla vrhunec v tako imenovanem &#8222;ortstafelsturmu&#8220;. Pomemben del te germanizacijske politike se je izra\u017eal v tem, da je bil slovenski jezik razvrednoten kot manjvreden in kot nekak\u0161en me\u0161ani jezik. V politi\u010dnem diskurzu javne Koro\u0161ke se je za sloven\u0161\u010dino uveljavil izraz &#8222;windisch&#8220;, s katerim naj bi se izrazilo, da obstajajo &#8222;dobri&#8220; in &#8222;slabi&#8220; Slovenci. Izraz &#8222;windisch&#8220; se je ohranil do danes in se na Ju\u017eni Koro\u0161ki vztrajno uporablja kot politi\u010dni bojni izraz.<\/p>\n<p>&nbsp;<\/p>\n<p>U\u010denci se v pouku ukvarjajo z izgonom slovenskih dru\u017ein iz njihove doma\u010de ob\u010dine. Nau\u010dijo se, da je bil edini razlog za izgon leta 1942 dejstvo, da so izgnanci govorili slovensko. Skupaj z ekipo zora.pictures, pripravijo intervjuje s pri\u010dami tistega \u010dasa in skupaj s sovrstniki posnamejo film o izrazu &#8222;Windisch&#8220;.<\/p>\n<p>&nbsp;<\/p>\n<p>Zasnova, organizacija, izvedba in dokumentacija <strong>projekta &#8222;<\/strong><span style=\"color: #800000;\"><strong>Na\u0161 marinj\/slovenski nare\u010dje&#8220;<\/strong><\/span>\u00a0(delovni naslov) v Ro\u017eu z u\u010denci in u\u010denkami osnovne \u0161ole St. Jakob\/\u0160entjakob, poteka na podlagi predlo\u017eenih konceptov in meril projekta kulturne mediacije v okviru letne teme <strong>ERINNERN:AT 2026<\/strong> <em>\u201e50 let zakon o narodni skupnosti: o zgodovini in sedanjosti Koro\u0161kih Slovencev\/ Koro\u0161kih Slovenk\u201c.<\/em>[\/vc_column_text][\/vc_column][\/vc_row][vc_row][vc_column][vc_empty_space][\/vc_column][\/vc_row][vc_row][vc_column width=&#8220;1\/2&#8243;][vc_single_image image=&#8220;17235&#8243; img_size=&#8220;medium&#8220;][\/vc_column][vc_column width=&#8220;1\/2&#8243;][vc_single_image image=&#8220;17237&#8243; img_size=&#8220;medium&#8220;][vc_column_text]Mittelschule St. Jakob\/\u0160entjakob[\/vc_column_text][\/vc_column][\/vc_row][vc_row][vc_column][vc_empty_space][\/vc_column][\/vc_row][vc_row][vc_column][vc_column_text]<em>in Koopertation mit \/ v sodelovanju z:<\/em>[\/vc_column_text][vc_single_image image=&#8220;17245&#8243; img_size=&#8220;medium&#8220; onclick=&#8220;custom_link&#8220; link=&#8220;https:\/\/oead.at\/de\/&#8220;][\/vc_column][\/vc_row]<\/p>\n","protected":false},"excerpt":{"rendered":"<p>[vc_row][vc_column][vc_empty_space][vc_column_text]Das Projekt \u201eNa\u0161 marinj\/Slowenischer Dialekt\u201c (Arbeitstitel) im Rosental\/Ro\u017e ist ein Projekt zur Geschichtsvermittlung in der Migrationsgesellschaft, das in Kooperation zwischen dem Slowenischen Kulturverein RO\u017d\/Slovensko prosvetno dru\u0161tvo RO\u017d und dem OeAD initiiert und durchgef\u00fchrt wird. Das Projekt wird mit Sch\u00fcler:innen der Mittelschule St. Jakob\/\u0160entjakob erarbeitet und von zora.pictures (Filmkollektiv des SPD Ro\u017e) begleitet und realisiert. &nbsp; Inhalt: 1955 begann [&hellip;]<\/p>\n","protected":false},"author":2,"featured_media":17233,"comment_status":"open","ping_status":"open","sticky":false,"template":"","format":"standard","meta":{"_acf_changed":false,"footnotes":""},"categories":[80,81,56,86],"tags":[69],"class_list":["post-17232","post","type-post","status-publish","format-standard","has-post-thumbnail","hentry","category-cooperations","category-news","category-roz","category-roz-projekt-projects","tag-drustvo"],"acf":[],"yoast_head":"<!-- This site is optimized with the Yoast SEO plugin v24.8.1 - https:\/\/yoast.com\/wordpress\/plugins\/seo\/ -->\n<title>Na\u0161 marinj\/Slowenischer Dialekt - RO\u017d - Slovensko prosvetno dru\u0161tvo<\/title>\n<meta name=\"robots\" content=\"index, follow, max-snippet:-1, max-image-preview:large, max-video-preview:-1\" \/>\n<link rel=\"canonical\" href=\"https:\/\/roz.si\/news\/roz\/nas-marinj-slowenischer-dialekt\/\" \/>\n<meta property=\"og:locale\" content=\"de_DE\" \/>\n<meta property=\"og:type\" content=\"article\" \/>\n<meta property=\"og:title\" content=\"Na\u0161 marinj\/Slowenischer Dialekt - RO\u017d - Slovensko prosvetno dru\u0161tvo\" \/>\n<meta property=\"og:description\" content=\"[vc_row][vc_column][vc_empty_space][vc_column_text]Das Projekt \u201eNa\u0161 marinj\/Slowenischer Dialekt\u201c (Arbeitstitel) im Rosental\/Ro\u017e ist ein Projekt zur Geschichtsvermittlung in der Migrationsgesellschaft, das in Kooperation zwischen dem Slowenischen Kulturverein RO\u017d\/Slovensko prosvetno dru\u0161tvo RO\u017d und dem OeAD initiiert und durchgef\u00fchrt wird. Das Projekt wird mit Sch\u00fcler:innen der Mittelschule St. Jakob\/\u0160entjakob erarbeitet und von zora.pictures (Filmkollektiv des SPD Ro\u017e) begleitet und realisiert. &nbsp; Inhalt: 1955 begann [&hellip;]\" \/>\n<meta property=\"og:url\" content=\"https:\/\/roz.si\/news\/roz\/nas-marinj-slowenischer-dialekt\/\" \/>\n<meta property=\"og:site_name\" content=\"RO\u017d - Slovensko prosvetno dru\u0161tvo\" \/>\n<meta property=\"article:published_time\" content=\"2026-04-29T16:15:19+00:00\" \/>\n<meta property=\"article:modified_time\" content=\"2026-04-29T19:10:19+00:00\" \/>\n<meta property=\"og:image\" content=\"https:\/\/roz.si\/wp-content\/uploads\/2026\/04\/Buchenwald_Martinjak-Simej.jpg\" \/>\n\t<meta property=\"og:image:width\" content=\"984\" \/>\n\t<meta property=\"og:image:height\" content=\"1600\" \/>\n\t<meta property=\"og:image:type\" content=\"image\/jpeg\" \/>\n<meta name=\"author\" content=\"Niko Me\u010dina\" \/>\n<meta name=\"twitter:card\" content=\"summary_large_image\" \/>\n<meta name=\"twitter:label1\" content=\"Verfasst von\" \/>\n\t<meta name=\"twitter:data1\" content=\"Niko Me\u010dina\" \/>\n\t<meta name=\"twitter:label2\" content=\"Gesch\u00e4tzte Lesezeit\" \/>\n\t<meta name=\"twitter:data2\" content=\"4\u00a0Minuten\" \/>\n<script type=\"application\/ld+json\" class=\"yoast-schema-graph\">{\"@context\":\"https:\/\/schema.org\",\"@graph\":[{\"@type\":\"Article\",\"@id\":\"https:\/\/roz.si\/news\/roz\/nas-marinj-slowenischer-dialekt\/#article\",\"isPartOf\":{\"@id\":\"https:\/\/roz.si\/news\/roz\/nas-marinj-slowenischer-dialekt\/\"},\"author\":{\"name\":\"Niko Me\u010dina\",\"@id\":\"https:\/\/roz.si\/#\/schema\/person\/7ec521d5c300eaecec30cb8406841442\"},\"headline\":\"Na\u0161 marinj\/Slowenischer Dialekt\",\"datePublished\":\"2026-04-29T16:15:19+00:00\",\"dateModified\":\"2026-04-29T19:10:19+00:00\",\"mainEntityOfPage\":{\"@id\":\"https:\/\/roz.si\/news\/roz\/nas-marinj-slowenischer-dialekt\/\"},\"wordCount\":710,\"commentCount\":0,\"publisher\":{\"@id\":\"https:\/\/roz.si\/#organization\"},\"image\":{\"@id\":\"https:\/\/roz.si\/news\/roz\/nas-marinj-slowenischer-dialekt\/#primaryimage\"},\"thumbnailUrl\":\"https:\/\/roz.si\/wp-content\/uploads\/2026\/04\/Buchenwald_Martinjak-Simej.jpg\",\"keywords\":[\"Dru\u0161tvo\"],\"articleSection\":[\"cooperations\",\"news\",\"ro\u017e\",\"ro\u017e projekt\"],\"inLanguage\":\"de\",\"potentialAction\":[{\"@type\":\"CommentAction\",\"name\":\"Comment\",\"target\":[\"https:\/\/roz.si\/news\/roz\/nas-marinj-slowenischer-dialekt\/#respond\"]}]},{\"@type\":\"WebPage\",\"@id\":\"https:\/\/roz.si\/news\/roz\/nas-marinj-slowenischer-dialekt\/\",\"url\":\"https:\/\/roz.si\/news\/roz\/nas-marinj-slowenischer-dialekt\/\",\"name\":\"Na\u0161 marinj\/Slowenischer Dialekt - RO\u017d - Slovensko prosvetno dru\u0161tvo\",\"isPartOf\":{\"@id\":\"https:\/\/roz.si\/#website\"},\"primaryImageOfPage\":{\"@id\":\"https:\/\/roz.si\/news\/roz\/nas-marinj-slowenischer-dialekt\/#primaryimage\"},\"image\":{\"@id\":\"https:\/\/roz.si\/news\/roz\/nas-marinj-slowenischer-dialekt\/#primaryimage\"},\"thumbnailUrl\":\"https:\/\/roz.si\/wp-content\/uploads\/2026\/04\/Buchenwald_Martinjak-Simej.jpg\",\"datePublished\":\"2026-04-29T16:15:19+00:00\",\"dateModified\":\"2026-04-29T19:10:19+00:00\",\"breadcrumb\":{\"@id\":\"https:\/\/roz.si\/news\/roz\/nas-marinj-slowenischer-dialekt\/#breadcrumb\"},\"inLanguage\":\"de\",\"potentialAction\":[{\"@type\":\"ReadAction\",\"target\":[\"https:\/\/roz.si\/news\/roz\/nas-marinj-slowenischer-dialekt\/\"]}]},{\"@type\":\"ImageObject\",\"inLanguage\":\"de\",\"@id\":\"https:\/\/roz.si\/news\/roz\/nas-marinj-slowenischer-dialekt\/#primaryimage\",\"url\":\"https:\/\/roz.si\/wp-content\/uploads\/2026\/04\/Buchenwald_Martinjak-Simej.jpg\",\"contentUrl\":\"https:\/\/roz.si\/wp-content\/uploads\/2026\/04\/Buchenwald_Martinjak-Simej.jpg\",\"width\":984,\"height\":1600},{\"@type\":\"BreadcrumbList\",\"@id\":\"https:\/\/roz.si\/news\/roz\/nas-marinj-slowenischer-dialekt\/#breadcrumb\",\"itemListElement\":[{\"@type\":\"ListItem\",\"position\":1,\"name\":\"Home\",\"item\":\"https:\/\/roz.si\/de\/\"},{\"@type\":\"ListItem\",\"position\":2,\"name\":\"Na\u0161 marinj\/Slowenischer Dialekt\"}]},{\"@type\":\"WebSite\",\"@id\":\"https:\/\/roz.si\/#website\",\"url\":\"https:\/\/roz.si\/\",\"name\":\"RO\u017d - Slovensko prosvetno dru\u0161tvo\",\"description\":\"Slovensko prosvetno dru\u0161tvo Ro\u017e\",\"publisher\":{\"@id\":\"https:\/\/roz.si\/#organization\"},\"potentialAction\":[{\"@type\":\"SearchAction\",\"target\":{\"@type\":\"EntryPoint\",\"urlTemplate\":\"https:\/\/roz.si\/?s={search_term_string}\"},\"query-input\":{\"@type\":\"PropertyValueSpecification\",\"valueRequired\":true,\"valueName\":\"search_term_string\"}}],\"inLanguage\":\"de\"},{\"@type\":\"Organization\",\"@id\":\"https:\/\/roz.si\/#organization\",\"name\":\"RO\u017d - Slovensko prosvetno dru\u0161tvo\",\"url\":\"https:\/\/roz.si\/\",\"logo\":{\"@type\":\"ImageObject\",\"inLanguage\":\"de\",\"@id\":\"https:\/\/roz.si\/#\/schema\/logo\/image\/\",\"url\":\"https:\/\/roz.si\/wp-content\/uploads\/2022\/11\/ROZ_logo.ico\",\"contentUrl\":\"https:\/\/roz.si\/wp-content\/uploads\/2022\/11\/ROZ_logo.ico\",\"width\":199,\"height\":120,\"caption\":\"RO\u017d - Slovensko prosvetno dru\u0161tvo\"},\"image\":{\"@id\":\"https:\/\/roz.si\/#\/schema\/logo\/image\/\"}},{\"@type\":\"Person\",\"@id\":\"https:\/\/roz.si\/#\/schema\/person\/7ec521d5c300eaecec30cb8406841442\",\"name\":\"Niko Me\u010dina\",\"image\":{\"@type\":\"ImageObject\",\"inLanguage\":\"de\",\"@id\":\"https:\/\/roz.si\/#\/schema\/person\/image\/\",\"url\":\"https:\/\/secure.gravatar.com\/avatar\/63374db749f9ba5cd882f0f67e2241eef1ff48a30adac2b8e6a640b362da3598?s=96&d=mm&r=g\",\"contentUrl\":\"https:\/\/secure.gravatar.com\/avatar\/63374db749f9ba5cd882f0f67e2241eef1ff48a30adac2b8e6a640b362da3598?s=96&d=mm&r=g\",\"caption\":\"Niko Me\u010dina\"},\"url\":\"https:\/\/roz.si\/de\/author\/niko-mecinagmx-at\/\"}]}<\/script>\n<!-- \/ Yoast SEO plugin. -->","yoast_head_json":{"title":"Na\u0161 marinj\/Slowenischer Dialekt - RO\u017d - Slovensko prosvetno dru\u0161tvo","robots":{"index":"index","follow":"follow","max-snippet":"max-snippet:-1","max-image-preview":"max-image-preview:large","max-video-preview":"max-video-preview:-1"},"canonical":"https:\/\/roz.si\/news\/roz\/nas-marinj-slowenischer-dialekt\/","og_locale":"de_DE","og_type":"article","og_title":"Na\u0161 marinj\/Slowenischer Dialekt - RO\u017d - Slovensko prosvetno dru\u0161tvo","og_description":"[vc_row][vc_column][vc_empty_space][vc_column_text]Das Projekt \u201eNa\u0161 marinj\/Slowenischer Dialekt\u201c (Arbeitstitel) im Rosental\/Ro\u017e ist ein Projekt zur Geschichtsvermittlung in der Migrationsgesellschaft, das in Kooperation zwischen dem Slowenischen Kulturverein RO\u017d\/Slovensko prosvetno dru\u0161tvo RO\u017d und dem OeAD initiiert und durchgef\u00fchrt wird. Das Projekt wird mit Sch\u00fcler:innen der Mittelschule St. Jakob\/\u0160entjakob erarbeitet und von zora.pictures (Filmkollektiv des SPD Ro\u017e) begleitet und realisiert. &nbsp; Inhalt: 1955 begann [&hellip;]","og_url":"https:\/\/roz.si\/news\/roz\/nas-marinj-slowenischer-dialekt\/","og_site_name":"RO\u017d - Slovensko prosvetno dru\u0161tvo","article_published_time":"2026-04-29T16:15:19+00:00","article_modified_time":"2026-04-29T19:10:19+00:00","og_image":[{"width":984,"height":1600,"url":"https:\/\/roz.si\/wp-content\/uploads\/2026\/04\/Buchenwald_Martinjak-Simej.jpg","type":"image\/jpeg"}],"author":"Niko Me\u010dina","twitter_card":"summary_large_image","twitter_misc":{"Verfasst von":"Niko Me\u010dina","Gesch\u00e4tzte Lesezeit":"4\u00a0Minuten"},"schema":{"@context":"https:\/\/schema.org","@graph":[{"@type":"Article","@id":"https:\/\/roz.si\/news\/roz\/nas-marinj-slowenischer-dialekt\/#article","isPartOf":{"@id":"https:\/\/roz.si\/news\/roz\/nas-marinj-slowenischer-dialekt\/"},"author":{"name":"Niko Me\u010dina","@id":"https:\/\/roz.si\/#\/schema\/person\/7ec521d5c300eaecec30cb8406841442"},"headline":"Na\u0161 marinj\/Slowenischer Dialekt","datePublished":"2026-04-29T16:15:19+00:00","dateModified":"2026-04-29T19:10:19+00:00","mainEntityOfPage":{"@id":"https:\/\/roz.si\/news\/roz\/nas-marinj-slowenischer-dialekt\/"},"wordCount":710,"commentCount":0,"publisher":{"@id":"https:\/\/roz.si\/#organization"},"image":{"@id":"https:\/\/roz.si\/news\/roz\/nas-marinj-slowenischer-dialekt\/#primaryimage"},"thumbnailUrl":"https:\/\/roz.si\/wp-content\/uploads\/2026\/04\/Buchenwald_Martinjak-Simej.jpg","keywords":["Dru\u0161tvo"],"articleSection":["cooperations","news","ro\u017e","ro\u017e projekt"],"inLanguage":"de","potentialAction":[{"@type":"CommentAction","name":"Comment","target":["https:\/\/roz.si\/news\/roz\/nas-marinj-slowenischer-dialekt\/#respond"]}]},{"@type":"WebPage","@id":"https:\/\/roz.si\/news\/roz\/nas-marinj-slowenischer-dialekt\/","url":"https:\/\/roz.si\/news\/roz\/nas-marinj-slowenischer-dialekt\/","name":"Na\u0161 marinj\/Slowenischer Dialekt - RO\u017d - Slovensko prosvetno dru\u0161tvo","isPartOf":{"@id":"https:\/\/roz.si\/#website"},"primaryImageOfPage":{"@id":"https:\/\/roz.si\/news\/roz\/nas-marinj-slowenischer-dialekt\/#primaryimage"},"image":{"@id":"https:\/\/roz.si\/news\/roz\/nas-marinj-slowenischer-dialekt\/#primaryimage"},"thumbnailUrl":"https:\/\/roz.si\/wp-content\/uploads\/2026\/04\/Buchenwald_Martinjak-Simej.jpg","datePublished":"2026-04-29T16:15:19+00:00","dateModified":"2026-04-29T19:10:19+00:00","breadcrumb":{"@id":"https:\/\/roz.si\/news\/roz\/nas-marinj-slowenischer-dialekt\/#breadcrumb"},"inLanguage":"de","potentialAction":[{"@type":"ReadAction","target":["https:\/\/roz.si\/news\/roz\/nas-marinj-slowenischer-dialekt\/"]}]},{"@type":"ImageObject","inLanguage":"de","@id":"https:\/\/roz.si\/news\/roz\/nas-marinj-slowenischer-dialekt\/#primaryimage","url":"https:\/\/roz.si\/wp-content\/uploads\/2026\/04\/Buchenwald_Martinjak-Simej.jpg","contentUrl":"https:\/\/roz.si\/wp-content\/uploads\/2026\/04\/Buchenwald_Martinjak-Simej.jpg","width":984,"height":1600},{"@type":"BreadcrumbList","@id":"https:\/\/roz.si\/news\/roz\/nas-marinj-slowenischer-dialekt\/#breadcrumb","itemListElement":[{"@type":"ListItem","position":1,"name":"Home","item":"https:\/\/roz.si\/de\/"},{"@type":"ListItem","position":2,"name":"Na\u0161 marinj\/Slowenischer Dialekt"}]},{"@type":"WebSite","@id":"https:\/\/roz.si\/#website","url":"https:\/\/roz.si\/","name":"RO\u017d - Slovensko prosvetno dru\u0161tvo","description":"Slovensko prosvetno dru\u0161tvo Ro\u017e","publisher":{"@id":"https:\/\/roz.si\/#organization"},"potentialAction":[{"@type":"SearchAction","target":{"@type":"EntryPoint","urlTemplate":"https:\/\/roz.si\/?s={search_term_string}"},"query-input":{"@type":"PropertyValueSpecification","valueRequired":true,"valueName":"search_term_string"}}],"inLanguage":"de"},{"@type":"Organization","@id":"https:\/\/roz.si\/#organization","name":"RO\u017d - Slovensko prosvetno dru\u0161tvo","url":"https:\/\/roz.si\/","logo":{"@type":"ImageObject","inLanguage":"de","@id":"https:\/\/roz.si\/#\/schema\/logo\/image\/","url":"https:\/\/roz.si\/wp-content\/uploads\/2022\/11\/ROZ_logo.ico","contentUrl":"https:\/\/roz.si\/wp-content\/uploads\/2022\/11\/ROZ_logo.ico","width":199,"height":120,"caption":"RO\u017d - Slovensko prosvetno dru\u0161tvo"},"image":{"@id":"https:\/\/roz.si\/#\/schema\/logo\/image\/"}},{"@type":"Person","@id":"https:\/\/roz.si\/#\/schema\/person\/7ec521d5c300eaecec30cb8406841442","name":"Niko Me\u010dina","image":{"@type":"ImageObject","inLanguage":"de","@id":"https:\/\/roz.si\/#\/schema\/person\/image\/","url":"https:\/\/secure.gravatar.com\/avatar\/63374db749f9ba5cd882f0f67e2241eef1ff48a30adac2b8e6a640b362da3598?s=96&d=mm&r=g","contentUrl":"https:\/\/secure.gravatar.com\/avatar\/63374db749f9ba5cd882f0f67e2241eef1ff48a30adac2b8e6a640b362da3598?s=96&d=mm&r=g","caption":"Niko Me\u010dina"},"url":"https:\/\/roz.si\/de\/author\/niko-mecinagmx-at\/"}]}},"_links":{"self":[{"href":"https:\/\/roz.si\/de\/wp-json\/wp\/v2\/posts\/17232","targetHints":{"allow":["GET"]}}],"collection":[{"href":"https:\/\/roz.si\/de\/wp-json\/wp\/v2\/posts"}],"about":[{"href":"https:\/\/roz.si\/de\/wp-json\/wp\/v2\/types\/post"}],"author":[{"embeddable":true,"href":"https:\/\/roz.si\/de\/wp-json\/wp\/v2\/users\/2"}],"replies":[{"embeddable":true,"href":"https:\/\/roz.si\/de\/wp-json\/wp\/v2\/comments?post=17232"}],"version-history":[{"count":7,"href":"https:\/\/roz.si\/de\/wp-json\/wp\/v2\/posts\/17232\/revisions"}],"predecessor-version":[{"id":17260,"href":"https:\/\/roz.si\/de\/wp-json\/wp\/v2\/posts\/17232\/revisions\/17260"}],"wp:featuredmedia":[{"embeddable":true,"href":"https:\/\/roz.si\/de\/wp-json\/wp\/v2\/media\/17233"}],"wp:attachment":[{"href":"https:\/\/roz.si\/de\/wp-json\/wp\/v2\/media?parent=17232"}],"wp:term":[{"taxonomy":"category","embeddable":true,"href":"https:\/\/roz.si\/de\/wp-json\/wp\/v2\/categories?post=17232"},{"taxonomy":"post_tag","embeddable":true,"href":"https:\/\/roz.si\/de\/wp-json\/wp\/v2\/tags?post=17232"}],"curies":[{"name":"wp","href":"https:\/\/api.w.org\/{rel}","templated":true}]}}