{"id":5388,"date":"2021-03-02T18:55:24","date_gmt":"2021-03-02T18:55:24","guid":{"rendered":"http:\/\/roz.si\/?p=5388"},"modified":"2021-03-03T07:58:00","modified_gmt":"2021-03-03T07:58:00","slug":"denk-mal-nach-fahren-s-pot-minjanja","status":"publish","type":"post","link":"https:\/\/roz.si\/de\/news\/roz\/denk-mal-nach-fahren-s-pot-minjanja\/","title":{"rendered":"denk.mal. nach.fahren \/ s.po(t).minjanja"},"content":{"rendered":"<p>[vc_row][vc_column][vc_column_text]<b>Achtung:\u00a0Die Veranstaltung wurde\u00a0wegen\u00a0Schlechtwetters am 26.09. auf den 03.10.2010 verschoben!!!<\/b><\/p>\n<p><b>Sonntag\/nedelja, 03.\u00a0Oktober 2010 (Ersatztermin!)<\/b><br \/>\nTreffpunkt: 11 Uhr vor dem Pfarrhof St. Jakob\/\u0160entjakob<\/p>\n<p>Bei der Wanderung von Rosegg nach St. Jakob werden Lebensgeschichten von Rosegger und St. Jakober NS-Opfer erz\u00e4hlt. Wir wandern mit Musik und Gesang und freuen uns auf Ihre Begleitung.<\/p>\n<p>Der Nachmittag wird im Pfarrhof St. Jakob mit Musik von\u00a0<b>Rolf Holub<\/b>\u00a0und\u00a0<b>Peter Raab<\/b>\u00a0und gesammelter Musik der\u00a0<b>DJ\u2019s Herbert Schiller\u00a0<\/b>und\u00a0<b>Dr. Ali G\u00f6tz<\/b>\u00a0ausklingen.<\/p>\n<p>Die Wanderung beginnt in Rosegg und endet in St. Jakob. Wenn Sie Ihr Fahrzeug schon zu Beginn nach St. Jakob stellen wollen, bieten wir einen Bustransport von St. Jakob nach Rosegg.<\/p>\n<p>Telefonische Voranmeldung\u00a0<b>bis sp\u00e4testens 22. Sept.<\/b>\u00a0erw\u00fcnscht:<br \/>\nO664-5025671, 04274-4373 oder 0664-73537161.<\/p>\n<p>Na pohodu iz Ro\u017eeka v \u0160entjakob bomo sli\u0161ali \u017eivljenjske zgodbe ro\u017ee\u0161kih in \u0161entjakobskih \u017ertev nacionalsocializma. Pot bomo prehodili ob spremljavi glasbe in petja, veseli bomo vsakega, ki se nam bo pridru\u017eil.<\/p>\n<p>Popoldan bo izzvenel v farov\u017eu v \u0160entjakobu z glasbo\u00a0<b>Rolfa Holuba<\/b>\u00a0in\u00a0<b>Petra Raaba<\/b>\u00a0ter z disco-glasbo, za katero bosta poskrbela\u00a0<b>Herbert Schiller<\/b>\u00a0in\u00a0<b>Dr. Ali G\u00f6tz.<br \/>\n<\/b><\/p>\n<p><b>STATIONEN DER WANDERUNG \/ POSTAJE POHODA<\/b><\/p>\n<p>11.55:\u00a0<b>St. Lamprecht\/Semislav\u010de<\/b>\u00a0\u2013 Rosegger Opfer<br \/>\n13.05:\u00a0<b>Kapelle in Fr\u00f6g\/Kapelica na Bregu<\/b>\u00a0\u2013 Euthanasie<br \/>\n13.45:\u00a0<b>Keltenwelt\/Keltska vas<\/b>\u00a0\u2013 Psychologische (Sp\u00e4t)folgen des Krieges<br \/>\n15.35:\u00a0<b>St. Peter\/\u0160entpeter<\/b>\u00a0\u2013 Aussiedlung<br \/>\n16.25:\u00a0<b>T\u00f6sching\/Te\u0161inja<\/b>\u00a0\u2013 Massaker unter der Arichwand<br \/>\n17.05:\u00a0<b>St. Jakob\/\u0160entjakob<\/b>\u00a0\u2013 Entstehungsgeschichte des Denkmals<br \/>\n17.30:\u00a0<b>Pfarrhof\/Farov\u017e<\/b>\u00a0\u2013 Fest mit Grill, Musik, B\u00fcchertisch[\/vc_column_text][\/vc_column][\/vc_row]<\/p>\n","protected":false},"excerpt":{"rendered":"<p>[vc_row][vc_column][vc_column_text]Achtung:\u00a0Die Veranstaltung wurde\u00a0wegen\u00a0Schlechtwetters am 26.09. auf den 03.10.2010 verschoben!!! Sonntag\/nedelja, 03.\u00a0Oktober 2010 (Ersatztermin!) Treffpunkt: 11 Uhr vor dem Pfarrhof St. Jakob\/\u0160entjakob Bei der Wanderung von Rosegg nach St. Jakob werden Lebensgeschichten von Rosegger und St. Jakober NS-Opfer erz\u00e4hlt. Wir wandern mit Musik und Gesang und freuen uns auf Ihre Begleitung. Der Nachmittag wird im Pfarrhof St. Jakob mit [&hellip;]<\/p>\n","protected":false},"author":1,"featured_media":5389,"comment_status":"open","ping_status":"open","sticky":false,"template":"","format":"standard","meta":{"_acf_changed":false,"footnotes":""},"categories":[56],"tags":[62,64],"class_list":["post-5388","post","type-post","status-publish","format-standard","has-post-thumbnail","hentry","category-roz","tag-koncert","tag-pohod"],"acf":[],"yoast_head":"<!-- This site is optimized with the Yoast SEO plugin v24.8.1 - https:\/\/yoast.com\/wordpress\/plugins\/seo\/ -->\n<title>denk.mal. nach.fahren \/ s.po(t).minjanja - RO\u017d - Slovensko prosvetno dru\u0161tvo<\/title>\n<meta name=\"robots\" content=\"index, follow, max-snippet:-1, max-image-preview:large, max-video-preview:-1\" \/>\n<link rel=\"canonical\" href=\"https:\/\/roz.si\/news\/roz\/denk-mal-nach-fahren-s-pot-minjanja\/\" \/>\n<meta property=\"og:locale\" content=\"de_DE\" \/>\n<meta property=\"og:type\" content=\"article\" \/>\n<meta property=\"og:title\" content=\"denk.mal. nach.fahren \/ s.po(t).minjanja - RO\u017d - Slovensko prosvetno dru\u0161tvo\" \/>\n<meta property=\"og:description\" content=\"[vc_row][vc_column][vc_column_text]Achtung:\u00a0Die Veranstaltung wurde\u00a0wegen\u00a0Schlechtwetters am 26.09. auf den 03.10.2010 verschoben!!! Sonntag\/nedelja, 03.\u00a0Oktober 2010 (Ersatztermin!) Treffpunkt: 11 Uhr vor dem Pfarrhof St. Jakob\/\u0160entjakob Bei der Wanderung von Rosegg nach St. Jakob werden Lebensgeschichten von Rosegger und St. Jakober NS-Opfer erz\u00e4hlt. Wir wandern mit Musik und Gesang und freuen uns auf Ihre Begleitung. Der Nachmittag wird im Pfarrhof St. Jakob mit [&hellip;]\" \/>\n<meta property=\"og:url\" content=\"https:\/\/roz.si\/news\/roz\/denk-mal-nach-fahren-s-pot-minjanja\/\" \/>\n<meta property=\"og:site_name\" content=\"RO\u017d - Slovensko prosvetno dru\u0161tvo\" \/>\n<meta property=\"article:published_time\" content=\"2021-03-02T18:55:24+00:00\" \/>\n<meta property=\"article:modified_time\" content=\"2021-03-03T07:58:00+00:00\" \/>\n<meta property=\"og:image\" content=\"https:\/\/roz.si\/wp-content\/uploads\/2021\/03\/csm_rozek-se-spominja_6710bbf9ea.png\" \/>\n\t<meta property=\"og:image:width\" content=\"289\" \/>\n\t<meta property=\"og:image:height\" content=\"600\" \/>\n\t<meta property=\"og:image:type\" content=\"image\/png\" \/>\n<meta name=\"author\" content=\"polonajencic@gmail.com\" \/>\n<meta name=\"twitter:card\" content=\"summary_large_image\" \/>\n<meta name=\"twitter:label1\" content=\"Verfasst von\" \/>\n\t<meta name=\"twitter:data1\" content=\"polonajencic@gmail.com\" \/>\n\t<meta name=\"twitter:label2\" content=\"Gesch\u00e4tzte Lesezeit\" \/>\n\t<meta name=\"twitter:data2\" content=\"1\u00a0Minute\" \/>\n<script type=\"application\/ld+json\" class=\"yoast-schema-graph\">{\"@context\":\"https:\/\/schema.org\",\"@graph\":[{\"@type\":\"Article\",\"@id\":\"https:\/\/roz.si\/news\/roz\/denk-mal-nach-fahren-s-pot-minjanja\/#article\",\"isPartOf\":{\"@id\":\"https:\/\/roz.si\/news\/roz\/denk-mal-nach-fahren-s-pot-minjanja\/\"},\"author\":{\"name\":\"polonajencic@gmail.com\",\"@id\":\"https:\/\/roz.si\/#\/schema\/person\/c17674bb115dc13e5ac70b99a5fe7d4e\"},\"headline\":\"denk.mal. nach.fahren \/ s.po(t).minjanja\",\"datePublished\":\"2021-03-02T18:55:24+00:00\",\"dateModified\":\"2021-03-03T07:58:00+00:00\",\"mainEntityOfPage\":{\"@id\":\"https:\/\/roz.si\/news\/roz\/denk-mal-nach-fahren-s-pot-minjanja\/\"},\"wordCount\":266,\"commentCount\":0,\"publisher\":{\"@id\":\"https:\/\/roz.si\/#organization\"},\"image\":{\"@id\":\"https:\/\/roz.si\/news\/roz\/denk-mal-nach-fahren-s-pot-minjanja\/#primaryimage\"},\"thumbnailUrl\":\"https:\/\/roz.si\/wp-content\/uploads\/2021\/03\/csm_rozek-se-spominja_6710bbf9ea.png\",\"keywords\":[\"Koncert\",\"Pohodi\"],\"articleSection\":[\"ro\u017e\"],\"inLanguage\":\"de\",\"potentialAction\":[{\"@type\":\"CommentAction\",\"name\":\"Comment\",\"target\":[\"https:\/\/roz.si\/news\/roz\/denk-mal-nach-fahren-s-pot-minjanja\/#respond\"]}]},{\"@type\":\"WebPage\",\"@id\":\"https:\/\/roz.si\/news\/roz\/denk-mal-nach-fahren-s-pot-minjanja\/\",\"url\":\"https:\/\/roz.si\/news\/roz\/denk-mal-nach-fahren-s-pot-minjanja\/\",\"name\":\"denk.mal. nach.fahren \/ s.po(t).minjanja - RO\u017d - Slovensko prosvetno dru\u0161tvo\",\"isPartOf\":{\"@id\":\"https:\/\/roz.si\/#website\"},\"primaryImageOfPage\":{\"@id\":\"https:\/\/roz.si\/news\/roz\/denk-mal-nach-fahren-s-pot-minjanja\/#primaryimage\"},\"image\":{\"@id\":\"https:\/\/roz.si\/news\/roz\/denk-mal-nach-fahren-s-pot-minjanja\/#primaryimage\"},\"thumbnailUrl\":\"https:\/\/roz.si\/wp-content\/uploads\/2021\/03\/csm_rozek-se-spominja_6710bbf9ea.png\",\"datePublished\":\"2021-03-02T18:55:24+00:00\",\"dateModified\":\"2021-03-03T07:58:00+00:00\",\"breadcrumb\":{\"@id\":\"https:\/\/roz.si\/news\/roz\/denk-mal-nach-fahren-s-pot-minjanja\/#breadcrumb\"},\"inLanguage\":\"de\",\"potentialAction\":[{\"@type\":\"ReadAction\",\"target\":[\"https:\/\/roz.si\/news\/roz\/denk-mal-nach-fahren-s-pot-minjanja\/\"]}]},{\"@type\":\"ImageObject\",\"inLanguage\":\"de\",\"@id\":\"https:\/\/roz.si\/news\/roz\/denk-mal-nach-fahren-s-pot-minjanja\/#primaryimage\",\"url\":\"https:\/\/roz.si\/wp-content\/uploads\/2021\/03\/csm_rozek-se-spominja_6710bbf9ea.png\",\"contentUrl\":\"https:\/\/roz.si\/wp-content\/uploads\/2021\/03\/csm_rozek-se-spominja_6710bbf9ea.png\",\"width\":289,\"height\":600},{\"@type\":\"BreadcrumbList\",\"@id\":\"https:\/\/roz.si\/news\/roz\/denk-mal-nach-fahren-s-pot-minjanja\/#breadcrumb\",\"itemListElement\":[{\"@type\":\"ListItem\",\"position\":1,\"name\":\"Home\",\"item\":\"https:\/\/roz.si\/de\/\"},{\"@type\":\"ListItem\",\"position\":2,\"name\":\"denk.mal. nach.fahren \/ s.po(t).minjanja\"}]},{\"@type\":\"WebSite\",\"@id\":\"https:\/\/roz.si\/#website\",\"url\":\"https:\/\/roz.si\/\",\"name\":\"RO\u017d - Slovensko prosvetno dru\u0161tvo\",\"description\":\"Slovensko prosvetno dru\u0161tvo Ro\u017e\",\"publisher\":{\"@id\":\"https:\/\/roz.si\/#organization\"},\"potentialAction\":[{\"@type\":\"SearchAction\",\"target\":{\"@type\":\"EntryPoint\",\"urlTemplate\":\"https:\/\/roz.si\/?s={search_term_string}\"},\"query-input\":{\"@type\":\"PropertyValueSpecification\",\"valueRequired\":true,\"valueName\":\"search_term_string\"}}],\"inLanguage\":\"de\"},{\"@type\":\"Organization\",\"@id\":\"https:\/\/roz.si\/#organization\",\"name\":\"RO\u017d - Slovensko prosvetno dru\u0161tvo\",\"url\":\"https:\/\/roz.si\/\",\"logo\":{\"@type\":\"ImageObject\",\"inLanguage\":\"de\",\"@id\":\"https:\/\/roz.si\/#\/schema\/logo\/image\/\",\"url\":\"https:\/\/roz.si\/wp-content\/uploads\/2022\/11\/ROZ_logo.ico\",\"contentUrl\":\"https:\/\/roz.si\/wp-content\/uploads\/2022\/11\/ROZ_logo.ico\",\"width\":199,\"height\":120,\"caption\":\"RO\u017d - Slovensko prosvetno dru\u0161tvo\"},\"image\":{\"@id\":\"https:\/\/roz.si\/#\/schema\/logo\/image\/\"}},{\"@type\":\"Person\",\"@id\":\"https:\/\/roz.si\/#\/schema\/person\/c17674bb115dc13e5ac70b99a5fe7d4e\",\"name\":\"polonajencic@gmail.com\",\"image\":{\"@type\":\"ImageObject\",\"inLanguage\":\"de\",\"@id\":\"https:\/\/roz.si\/#\/schema\/person\/image\/\",\"url\":\"https:\/\/secure.gravatar.com\/avatar\/7bdbe1292afd0a9772e0f495079f8ef952b2320efdaed099df74beba51b524fc?s=96&d=mm&r=g\",\"contentUrl\":\"https:\/\/secure.gravatar.com\/avatar\/7bdbe1292afd0a9772e0f495079f8ef952b2320efdaed099df74beba51b524fc?s=96&d=mm&r=g\",\"caption\":\"polonajencic@gmail.com\"},\"sameAs\":[\"http:\/\/roz.si\"],\"url\":\"https:\/\/roz.si\/de\/author\/polonajencicgmail-com\/\"}]}<\/script>\n<!-- \/ Yoast SEO plugin. -->","yoast_head_json":{"title":"denk.mal. nach.fahren \/ s.po(t).minjanja - RO\u017d - Slovensko prosvetno dru\u0161tvo","robots":{"index":"index","follow":"follow","max-snippet":"max-snippet:-1","max-image-preview":"max-image-preview:large","max-video-preview":"max-video-preview:-1"},"canonical":"https:\/\/roz.si\/news\/roz\/denk-mal-nach-fahren-s-pot-minjanja\/","og_locale":"de_DE","og_type":"article","og_title":"denk.mal. nach.fahren \/ s.po(t).minjanja - RO\u017d - Slovensko prosvetno dru\u0161tvo","og_description":"[vc_row][vc_column][vc_column_text]Achtung:\u00a0Die Veranstaltung wurde\u00a0wegen\u00a0Schlechtwetters am 26.09. auf den 03.10.2010 verschoben!!! Sonntag\/nedelja, 03.\u00a0Oktober 2010 (Ersatztermin!) Treffpunkt: 11 Uhr vor dem Pfarrhof St. Jakob\/\u0160entjakob Bei der Wanderung von Rosegg nach St. Jakob werden Lebensgeschichten von Rosegger und St. Jakober NS-Opfer erz\u00e4hlt. Wir wandern mit Musik und Gesang und freuen uns auf Ihre Begleitung. Der Nachmittag wird im Pfarrhof St. Jakob mit [&hellip;]","og_url":"https:\/\/roz.si\/news\/roz\/denk-mal-nach-fahren-s-pot-minjanja\/","og_site_name":"RO\u017d - Slovensko prosvetno dru\u0161tvo","article_published_time":"2021-03-02T18:55:24+00:00","article_modified_time":"2021-03-03T07:58:00+00:00","og_image":[{"width":289,"height":600,"url":"https:\/\/roz.si\/wp-content\/uploads\/2021\/03\/csm_rozek-se-spominja_6710bbf9ea.png","type":"image\/png"}],"author":"polonajencic@gmail.com","twitter_card":"summary_large_image","twitter_misc":{"Verfasst von":"polonajencic@gmail.com","Gesch\u00e4tzte Lesezeit":"1\u00a0Minute"},"schema":{"@context":"https:\/\/schema.org","@graph":[{"@type":"Article","@id":"https:\/\/roz.si\/news\/roz\/denk-mal-nach-fahren-s-pot-minjanja\/#article","isPartOf":{"@id":"https:\/\/roz.si\/news\/roz\/denk-mal-nach-fahren-s-pot-minjanja\/"},"author":{"name":"polonajencic@gmail.com","@id":"https:\/\/roz.si\/#\/schema\/person\/c17674bb115dc13e5ac70b99a5fe7d4e"},"headline":"denk.mal. nach.fahren \/ s.po(t).minjanja","datePublished":"2021-03-02T18:55:24+00:00","dateModified":"2021-03-03T07:58:00+00:00","mainEntityOfPage":{"@id":"https:\/\/roz.si\/news\/roz\/denk-mal-nach-fahren-s-pot-minjanja\/"},"wordCount":266,"commentCount":0,"publisher":{"@id":"https:\/\/roz.si\/#organization"},"image":{"@id":"https:\/\/roz.si\/news\/roz\/denk-mal-nach-fahren-s-pot-minjanja\/#primaryimage"},"thumbnailUrl":"https:\/\/roz.si\/wp-content\/uploads\/2021\/03\/csm_rozek-se-spominja_6710bbf9ea.png","keywords":["Koncert","Pohodi"],"articleSection":["ro\u017e"],"inLanguage":"de","potentialAction":[{"@type":"CommentAction","name":"Comment","target":["https:\/\/roz.si\/news\/roz\/denk-mal-nach-fahren-s-pot-minjanja\/#respond"]}]},{"@type":"WebPage","@id":"https:\/\/roz.si\/news\/roz\/denk-mal-nach-fahren-s-pot-minjanja\/","url":"https:\/\/roz.si\/news\/roz\/denk-mal-nach-fahren-s-pot-minjanja\/","name":"denk.mal. nach.fahren \/ s.po(t).minjanja - RO\u017d - Slovensko prosvetno dru\u0161tvo","isPartOf":{"@id":"https:\/\/roz.si\/#website"},"primaryImageOfPage":{"@id":"https:\/\/roz.si\/news\/roz\/denk-mal-nach-fahren-s-pot-minjanja\/#primaryimage"},"image":{"@id":"https:\/\/roz.si\/news\/roz\/denk-mal-nach-fahren-s-pot-minjanja\/#primaryimage"},"thumbnailUrl":"https:\/\/roz.si\/wp-content\/uploads\/2021\/03\/csm_rozek-se-spominja_6710bbf9ea.png","datePublished":"2021-03-02T18:55:24+00:00","dateModified":"2021-03-03T07:58:00+00:00","breadcrumb":{"@id":"https:\/\/roz.si\/news\/roz\/denk-mal-nach-fahren-s-pot-minjanja\/#breadcrumb"},"inLanguage":"de","potentialAction":[{"@type":"ReadAction","target":["https:\/\/roz.si\/news\/roz\/denk-mal-nach-fahren-s-pot-minjanja\/"]}]},{"@type":"ImageObject","inLanguage":"de","@id":"https:\/\/roz.si\/news\/roz\/denk-mal-nach-fahren-s-pot-minjanja\/#primaryimage","url":"https:\/\/roz.si\/wp-content\/uploads\/2021\/03\/csm_rozek-se-spominja_6710bbf9ea.png","contentUrl":"https:\/\/roz.si\/wp-content\/uploads\/2021\/03\/csm_rozek-se-spominja_6710bbf9ea.png","width":289,"height":600},{"@type":"BreadcrumbList","@id":"https:\/\/roz.si\/news\/roz\/denk-mal-nach-fahren-s-pot-minjanja\/#breadcrumb","itemListElement":[{"@type":"ListItem","position":1,"name":"Home","item":"https:\/\/roz.si\/de\/"},{"@type":"ListItem","position":2,"name":"denk.mal. nach.fahren \/ s.po(t).minjanja"}]},{"@type":"WebSite","@id":"https:\/\/roz.si\/#website","url":"https:\/\/roz.si\/","name":"RO\u017d - Slovensko prosvetno dru\u0161tvo","description":"Slovensko prosvetno dru\u0161tvo Ro\u017e","publisher":{"@id":"https:\/\/roz.si\/#organization"},"potentialAction":[{"@type":"SearchAction","target":{"@type":"EntryPoint","urlTemplate":"https:\/\/roz.si\/?s={search_term_string}"},"query-input":{"@type":"PropertyValueSpecification","valueRequired":true,"valueName":"search_term_string"}}],"inLanguage":"de"},{"@type":"Organization","@id":"https:\/\/roz.si\/#organization","name":"RO\u017d - Slovensko prosvetno dru\u0161tvo","url":"https:\/\/roz.si\/","logo":{"@type":"ImageObject","inLanguage":"de","@id":"https:\/\/roz.si\/#\/schema\/logo\/image\/","url":"https:\/\/roz.si\/wp-content\/uploads\/2022\/11\/ROZ_logo.ico","contentUrl":"https:\/\/roz.si\/wp-content\/uploads\/2022\/11\/ROZ_logo.ico","width":199,"height":120,"caption":"RO\u017d - Slovensko prosvetno dru\u0161tvo"},"image":{"@id":"https:\/\/roz.si\/#\/schema\/logo\/image\/"}},{"@type":"Person","@id":"https:\/\/roz.si\/#\/schema\/person\/c17674bb115dc13e5ac70b99a5fe7d4e","name":"polonajencic@gmail.com","image":{"@type":"ImageObject","inLanguage":"de","@id":"https:\/\/roz.si\/#\/schema\/person\/image\/","url":"https:\/\/secure.gravatar.com\/avatar\/7bdbe1292afd0a9772e0f495079f8ef952b2320efdaed099df74beba51b524fc?s=96&d=mm&r=g","contentUrl":"https:\/\/secure.gravatar.com\/avatar\/7bdbe1292afd0a9772e0f495079f8ef952b2320efdaed099df74beba51b524fc?s=96&d=mm&r=g","caption":"polonajencic@gmail.com"},"sameAs":["http:\/\/roz.si"],"url":"https:\/\/roz.si\/de\/author\/polonajencicgmail-com\/"}]}},"_links":{"self":[{"href":"https:\/\/roz.si\/de\/wp-json\/wp\/v2\/posts\/5388","targetHints":{"allow":["GET"]}}],"collection":[{"href":"https:\/\/roz.si\/de\/wp-json\/wp\/v2\/posts"}],"about":[{"href":"https:\/\/roz.si\/de\/wp-json\/wp\/v2\/types\/post"}],"author":[{"embeddable":true,"href":"https:\/\/roz.si\/de\/wp-json\/wp\/v2\/users\/1"}],"replies":[{"embeddable":true,"href":"https:\/\/roz.si\/de\/wp-json\/wp\/v2\/comments?post=5388"}],"version-history":[{"count":2,"href":"https:\/\/roz.si\/de\/wp-json\/wp\/v2\/posts\/5388\/revisions"}],"predecessor-version":[{"id":5392,"href":"https:\/\/roz.si\/de\/wp-json\/wp\/v2\/posts\/5388\/revisions\/5392"}],"wp:featuredmedia":[{"embeddable":true,"href":"https:\/\/roz.si\/de\/wp-json\/wp\/v2\/media\/5389"}],"wp:attachment":[{"href":"https:\/\/roz.si\/de\/wp-json\/wp\/v2\/media?parent=5388"}],"wp:term":[{"taxonomy":"category","embeddable":true,"href":"https:\/\/roz.si\/de\/wp-json\/wp\/v2\/categories?post=5388"},{"taxonomy":"post_tag","embeddable":true,"href":"https:\/\/roz.si\/de\/wp-json\/wp\/v2\/tags?post=5388"}],"curies":[{"name":"wp","href":"https:\/\/api.w.org\/{rel}","templated":true}]}}