{"id":5404,"date":"2021-03-02T19:11:02","date_gmt":"2021-03-02T19:11:02","guid":{"rendered":"http:\/\/roz.si\/?p=5404"},"modified":"2021-03-03T07:58:51","modified_gmt":"2021-03-03T07:58:51","slug":"schlussstrich-bindebogen-koncaj-povezovalni-lok","status":"publish","type":"post","link":"https:\/\/roz.si\/de\/news\/roz\/schlussstrich-bindebogen-koncaj-povezovalni-lok\/","title":{"rendered":"Schlussstrich Bindebogen \/ Kon\u010daj Povezovalni Lok"},"content":{"rendered":"<p>[vc_row][vc_column][vc_column_text]Musik und Literatur zum Abschied.<br \/>\nGlasba in literatura v slovo.<\/p>\n<p><i>Musik \/ glasba:<br \/>\n<\/i>Heinrich Isaac, Dieter Kaufmann Burkhard<br \/>\nStangl, Angelica Castello, Maja Osojnik,<br \/>\nMatija Schellander, Jozej Sticker, Karen Asatrian,<br \/>\nWolfgang Liebhardt<\/p>\n<p><i>Texte \/ besedila:<br \/>\n<\/i>Janko Messner in Jani Oswald<\/p>\n<p><i>Mitwirkende \/ sodelujo\u010di:<br \/>\n<\/i>Hortus Musicus, Voxon, Etnoplo\u010d, Extra3, Rde\u010da Raketa<\/p>\n<p><b>25. 10. 2010 | 20.00<br \/>\nFarov\u017e \u0160entjakob<br \/>\nPfarrhof St. Jakob<\/b><\/p>\n<p><i>Eintritt \/ vstopnina:<br \/>\n<\/i>eur 10,\u2013 mit Kartenreservierung \/ z rezervacijo vstopnic<br \/>\neur 12,\u2013 Abendkassa \/ vecerna blaganja<br \/>\nKartenreservierung \/ rezervacija vstopnic:<br \/>\n0463 514300 20, 22 &#8211;\u00a0<a>spz(-\u00e4t-)slo.at<\/a><\/p>\n<p><b>\u00c4u\u00dferer Anlass f\u00fcr das Projekt ist<\/b>\u00a0zum einen die 90-j\u00e4hrige Wiederkehr der Volksabstimmung in K\u00e4rnten. SCHLUSSSTRICH und BINDEBOGEN sind musikalische Termini, sollen aber als programmatische Klammer der Struktur des Projekts verstanden werden. Mittels Musik und Literatur soll die politische Situation reflektiert und mit \u00e4sthetischen Mitteln beleuchtet werden.<\/p>\n<p>Zum anderen ist die zunehmend prek\u00e4re Lage der Migration Hintergrund und Anlass f\u00fcr das Projekt. In die Fremde gehen bedeutet immer auch Abschied von Vertrautem, Sicherheit und sozialem Gef\u00fcge, aber auch M\u00f6glichkeit von Neubeginn mit Risiko und Chancen. De genannten Komponistinnen gie\u00dfen diese Themen in musikalische Formen, die Ensembles bringen sie zum Klingen. Als musikalischer Nukleus, gleichsam als \u00bbOrientierung\u00ab dient das Lied \u00bbInnsbruck, ich muss dich lassen\u00ab von Heinrich Isaac (1450\u20131517).<\/p>\n<p>Zu guter letzt will das Projekt das Verbindende zwischen den Volksgruppen sichtbar machen: S\u00e4ngerinnen und Musikerinnen aus Slowenien und Italien musizieren gemeinsam mit deutsch- und gemischtsprachigen Ensembles aus K\u00e4rnten\/Koro\u0161ka; Jani Oswald wiederum, Sprachartist und Drahtzieher zwischen den beiden K\u00e4rntner Landessprachen, liefert die Texte dazu.<\/p>\n<p><b>Zunanji povod za projekt je<\/b>\u00a0po eni strani 90. obletnica Koro\u0161kega plebiscita. KON\u010cAJ in POVEZOVALNI LOK sta glasbena termina, ki pa v tem primeru povezujeta programati\u010dno strukturo projekta. S pomo\u010djo glasbe in literature bomo razglablajli o politi\u010dni situaciji in jo osvetili z estetskimi sredstvi.<\/p>\n<p>Po drugi strani pa je ozadje projekta nara\u0161\u010dajo\u010da negotovost migracije. Odhod v tujino pomeni vedno tudi slovo od znanega, varnega dru\u017ebenega okolja, a isto\u010dasno obeta nov za\u010detek, je oboje, tveganje in prilo\u017enost. Navedeni komponisti bodo te teme uglasbili, ansambli pa jih bodo izvajali. Glasbeno sredi\u0161\u010de in \u00bborientacija\u00ab je pesem \u00bbinnsbruck, ich muss dich lassen\u00ab, ki jo je uglasbil komponist Heinrich Isaac (1450\u20131517).<\/p>\n<p>Nenazadnje pa projekt \u017eeli poudariti povezujo\u010de elemente med etni\u010dnimi skupinami: pevci in glasbeniki iz Slovenije in Italije nastopajo skupaj z nem\u0161ko govore\u010dimi in jezikovno me\u0161animi ansambli iz Koro\u0161ke\/K\u00e4rnten; Jani Oswald, jezikovni artist in povezovalec obeh de\u017eelnih jezikov na<br \/>\nKoro\u0161kem, pa bo prispeval besedila.[\/vc_column_text][\/vc_column][\/vc_row]<\/p>\n","protected":false},"excerpt":{"rendered":"<p>[vc_row][vc_column][vc_column_text]Musik und Literatur zum Abschied. Glasba in literatura v slovo. Musik \/ glasba: Heinrich Isaac, Dieter Kaufmann Burkhard Stangl, Angelica Castello, Maja Osojnik, Matija Schellander, Jozej Sticker, Karen Asatrian, Wolfgang Liebhardt Texte \/ besedila: Janko Messner in Jani Oswald Mitwirkende \/ sodelujo\u010di: Hortus Musicus, Voxon, Etnoplo\u010d, Extra3, Rde\u010da Raketa 25. 10. 2010 | 20.00 Farov\u017e \u0160entjakob Pfarrhof St. [&hellip;]<\/p>\n","protected":false},"author":1,"featured_media":5405,"comment_status":"open","ping_status":"open","sticky":false,"template":"","format":"standard","meta":{"_acf_changed":false,"footnotes":""},"categories":[56],"tags":[67,62],"class_list":["post-5404","post","type-post","status-publish","format-standard","has-post-thumbnail","hentry","category-roz","tag-branje","tag-koncert"],"acf":[],"yoast_head":"<!-- This site is optimized with the Yoast SEO plugin v24.8.1 - https:\/\/yoast.com\/wordpress\/plugins\/seo\/ -->\n<title>Schlussstrich Bindebogen \/ Kon\u010daj Povezovalni Lok - RO\u017d - Slovensko prosvetno dru\u0161tvo<\/title>\n<meta name=\"robots\" content=\"index, follow, max-snippet:-1, max-image-preview:large, max-video-preview:-1\" \/>\n<link rel=\"canonical\" href=\"https:\/\/roz.si\/news\/roz\/schlussstrich-bindebogen-koncaj-povezovalni-lok\/\" \/>\n<meta property=\"og:locale\" content=\"de_DE\" \/>\n<meta property=\"og:type\" content=\"article\" \/>\n<meta property=\"og:title\" content=\"Schlussstrich Bindebogen \/ Kon\u010daj Povezovalni Lok - RO\u017d - Slovensko prosvetno dru\u0161tvo\" \/>\n<meta property=\"og:description\" content=\"[vc_row][vc_column][vc_column_text]Musik und Literatur zum Abschied. Glasba in literatura v slovo. Musik \/ glasba: Heinrich Isaac, Dieter Kaufmann Burkhard Stangl, Angelica Castello, Maja Osojnik, Matija Schellander, Jozej Sticker, Karen Asatrian, Wolfgang Liebhardt Texte \/ besedila: Janko Messner in Jani Oswald Mitwirkende \/ sodelujo\u010di: Hortus Musicus, Voxon, Etnoplo\u010d, Extra3, Rde\u010da Raketa 25. 10. 2010 | 20.00 Farov\u017e \u0160entjakob Pfarrhof St. [&hellip;]\" \/>\n<meta property=\"og:url\" content=\"https:\/\/roz.si\/news\/roz\/schlussstrich-bindebogen-koncaj-povezovalni-lok\/\" \/>\n<meta property=\"og:site_name\" content=\"RO\u017d - Slovensko prosvetno dru\u0161tvo\" \/>\n<meta property=\"article:published_time\" content=\"2021-03-02T19:11:02+00:00\" \/>\n<meta property=\"article:modified_time\" content=\"2021-03-03T07:58:51+00:00\" \/>\n<meta property=\"og:image\" content=\"https:\/\/roz.si\/wp-content\/uploads\/2021\/03\/csm_schlussstrich_f4c7219d69.jpg\" \/>\n\t<meta property=\"og:image:width\" content=\"800\" \/>\n\t<meta property=\"og:image:height\" content=\"512\" \/>\n\t<meta property=\"og:image:type\" content=\"image\/jpeg\" \/>\n<meta name=\"author\" content=\"polonajencic@gmail.com\" \/>\n<meta name=\"twitter:card\" content=\"summary_large_image\" \/>\n<meta name=\"twitter:label1\" content=\"Verfasst von\" \/>\n\t<meta name=\"twitter:data1\" content=\"polonajencic@gmail.com\" \/>\n\t<meta name=\"twitter:label2\" content=\"Gesch\u00e4tzte Lesezeit\" \/>\n\t<meta name=\"twitter:data2\" content=\"2\u00a0Minuten\" \/>\n<script type=\"application\/ld+json\" class=\"yoast-schema-graph\">{\"@context\":\"https:\/\/schema.org\",\"@graph\":[{\"@type\":\"Article\",\"@id\":\"https:\/\/roz.si\/news\/roz\/schlussstrich-bindebogen-koncaj-povezovalni-lok\/#article\",\"isPartOf\":{\"@id\":\"https:\/\/roz.si\/news\/roz\/schlussstrich-bindebogen-koncaj-povezovalni-lok\/\"},\"author\":{\"name\":\"polonajencic@gmail.com\",\"@id\":\"https:\/\/roz.si\/#\/schema\/person\/c17674bb115dc13e5ac70b99a5fe7d4e\"},\"headline\":\"Schlussstrich Bindebogen \/ Kon\u010daj Povezovalni Lok\",\"datePublished\":\"2021-03-02T19:11:02+00:00\",\"dateModified\":\"2021-03-03T07:58:51+00:00\",\"mainEntityOfPage\":{\"@id\":\"https:\/\/roz.si\/news\/roz\/schlussstrich-bindebogen-koncaj-povezovalni-lok\/\"},\"wordCount\":438,\"commentCount\":0,\"publisher\":{\"@id\":\"https:\/\/roz.si\/#organization\"},\"image\":{\"@id\":\"https:\/\/roz.si\/news\/roz\/schlussstrich-bindebogen-koncaj-povezovalni-lok\/#primaryimage\"},\"thumbnailUrl\":\"https:\/\/roz.si\/wp-content\/uploads\/2021\/03\/csm_schlussstrich_f4c7219d69.jpg\",\"keywords\":[\"Branje\",\"Koncert\"],\"articleSection\":[\"ro\u017e\"],\"inLanguage\":\"de\",\"potentialAction\":[{\"@type\":\"CommentAction\",\"name\":\"Comment\",\"target\":[\"https:\/\/roz.si\/news\/roz\/schlussstrich-bindebogen-koncaj-povezovalni-lok\/#respond\"]}]},{\"@type\":\"WebPage\",\"@id\":\"https:\/\/roz.si\/news\/roz\/schlussstrich-bindebogen-koncaj-povezovalni-lok\/\",\"url\":\"https:\/\/roz.si\/news\/roz\/schlussstrich-bindebogen-koncaj-povezovalni-lok\/\",\"name\":\"Schlussstrich Bindebogen \/ Kon\u010daj Povezovalni Lok - RO\u017d - Slovensko prosvetno dru\u0161tvo\",\"isPartOf\":{\"@id\":\"https:\/\/roz.si\/#website\"},\"primaryImageOfPage\":{\"@id\":\"https:\/\/roz.si\/news\/roz\/schlussstrich-bindebogen-koncaj-povezovalni-lok\/#primaryimage\"},\"image\":{\"@id\":\"https:\/\/roz.si\/news\/roz\/schlussstrich-bindebogen-koncaj-povezovalni-lok\/#primaryimage\"},\"thumbnailUrl\":\"https:\/\/roz.si\/wp-content\/uploads\/2021\/03\/csm_schlussstrich_f4c7219d69.jpg\",\"datePublished\":\"2021-03-02T19:11:02+00:00\",\"dateModified\":\"2021-03-03T07:58:51+00:00\",\"breadcrumb\":{\"@id\":\"https:\/\/roz.si\/news\/roz\/schlussstrich-bindebogen-koncaj-povezovalni-lok\/#breadcrumb\"},\"inLanguage\":\"de\",\"potentialAction\":[{\"@type\":\"ReadAction\",\"target\":[\"https:\/\/roz.si\/news\/roz\/schlussstrich-bindebogen-koncaj-povezovalni-lok\/\"]}]},{\"@type\":\"ImageObject\",\"inLanguage\":\"de\",\"@id\":\"https:\/\/roz.si\/news\/roz\/schlussstrich-bindebogen-koncaj-povezovalni-lok\/#primaryimage\",\"url\":\"https:\/\/roz.si\/wp-content\/uploads\/2021\/03\/csm_schlussstrich_f4c7219d69.jpg\",\"contentUrl\":\"https:\/\/roz.si\/wp-content\/uploads\/2021\/03\/csm_schlussstrich_f4c7219d69.jpg\",\"width\":800,\"height\":512},{\"@type\":\"BreadcrumbList\",\"@id\":\"https:\/\/roz.si\/news\/roz\/schlussstrich-bindebogen-koncaj-povezovalni-lok\/#breadcrumb\",\"itemListElement\":[{\"@type\":\"ListItem\",\"position\":1,\"name\":\"Home\",\"item\":\"https:\/\/roz.si\/de\/\"},{\"@type\":\"ListItem\",\"position\":2,\"name\":\"Schlussstrich Bindebogen \/ Kon\u010daj Povezovalni Lok\"}]},{\"@type\":\"WebSite\",\"@id\":\"https:\/\/roz.si\/#website\",\"url\":\"https:\/\/roz.si\/\",\"name\":\"RO\u017d - Slovensko prosvetno dru\u0161tvo\",\"description\":\"Slovensko prosvetno dru\u0161tvo Ro\u017e\",\"publisher\":{\"@id\":\"https:\/\/roz.si\/#organization\"},\"potentialAction\":[{\"@type\":\"SearchAction\",\"target\":{\"@type\":\"EntryPoint\",\"urlTemplate\":\"https:\/\/roz.si\/?s={search_term_string}\"},\"query-input\":{\"@type\":\"PropertyValueSpecification\",\"valueRequired\":true,\"valueName\":\"search_term_string\"}}],\"inLanguage\":\"de\"},{\"@type\":\"Organization\",\"@id\":\"https:\/\/roz.si\/#organization\",\"name\":\"RO\u017d - Slovensko prosvetno dru\u0161tvo\",\"url\":\"https:\/\/roz.si\/\",\"logo\":{\"@type\":\"ImageObject\",\"inLanguage\":\"de\",\"@id\":\"https:\/\/roz.si\/#\/schema\/logo\/image\/\",\"url\":\"https:\/\/roz.si\/wp-content\/uploads\/2022\/11\/ROZ_logo.ico\",\"contentUrl\":\"https:\/\/roz.si\/wp-content\/uploads\/2022\/11\/ROZ_logo.ico\",\"width\":199,\"height\":120,\"caption\":\"RO\u017d - Slovensko prosvetno dru\u0161tvo\"},\"image\":{\"@id\":\"https:\/\/roz.si\/#\/schema\/logo\/image\/\"}},{\"@type\":\"Person\",\"@id\":\"https:\/\/roz.si\/#\/schema\/person\/c17674bb115dc13e5ac70b99a5fe7d4e\",\"name\":\"polonajencic@gmail.com\",\"image\":{\"@type\":\"ImageObject\",\"inLanguage\":\"de\",\"@id\":\"https:\/\/roz.si\/#\/schema\/person\/image\/\",\"url\":\"https:\/\/secure.gravatar.com\/avatar\/7bdbe1292afd0a9772e0f495079f8ef952b2320efdaed099df74beba51b524fc?s=96&d=mm&r=g\",\"contentUrl\":\"https:\/\/secure.gravatar.com\/avatar\/7bdbe1292afd0a9772e0f495079f8ef952b2320efdaed099df74beba51b524fc?s=96&d=mm&r=g\",\"caption\":\"polonajencic@gmail.com\"},\"sameAs\":[\"http:\/\/roz.si\"],\"url\":\"https:\/\/roz.si\/de\/author\/polonajencicgmail-com\/\"}]}<\/script>\n<!-- \/ Yoast SEO plugin. -->","yoast_head_json":{"title":"Schlussstrich Bindebogen \/ Kon\u010daj Povezovalni Lok - RO\u017d - Slovensko prosvetno dru\u0161tvo","robots":{"index":"index","follow":"follow","max-snippet":"max-snippet:-1","max-image-preview":"max-image-preview:large","max-video-preview":"max-video-preview:-1"},"canonical":"https:\/\/roz.si\/news\/roz\/schlussstrich-bindebogen-koncaj-povezovalni-lok\/","og_locale":"de_DE","og_type":"article","og_title":"Schlussstrich Bindebogen \/ Kon\u010daj Povezovalni Lok - RO\u017d - Slovensko prosvetno dru\u0161tvo","og_description":"[vc_row][vc_column][vc_column_text]Musik und Literatur zum Abschied. Glasba in literatura v slovo. Musik \/ glasba: Heinrich Isaac, Dieter Kaufmann Burkhard Stangl, Angelica Castello, Maja Osojnik, Matija Schellander, Jozej Sticker, Karen Asatrian, Wolfgang Liebhardt Texte \/ besedila: Janko Messner in Jani Oswald Mitwirkende \/ sodelujo\u010di: Hortus Musicus, Voxon, Etnoplo\u010d, Extra3, Rde\u010da Raketa 25. 10. 2010 | 20.00 Farov\u017e \u0160entjakob Pfarrhof St. [&hellip;]","og_url":"https:\/\/roz.si\/news\/roz\/schlussstrich-bindebogen-koncaj-povezovalni-lok\/","og_site_name":"RO\u017d - Slovensko prosvetno dru\u0161tvo","article_published_time":"2021-03-02T19:11:02+00:00","article_modified_time":"2021-03-03T07:58:51+00:00","og_image":[{"width":800,"height":512,"url":"https:\/\/roz.si\/wp-content\/uploads\/2021\/03\/csm_schlussstrich_f4c7219d69.jpg","type":"image\/jpeg"}],"author":"polonajencic@gmail.com","twitter_card":"summary_large_image","twitter_misc":{"Verfasst von":"polonajencic@gmail.com","Gesch\u00e4tzte Lesezeit":"2\u00a0Minuten"},"schema":{"@context":"https:\/\/schema.org","@graph":[{"@type":"Article","@id":"https:\/\/roz.si\/news\/roz\/schlussstrich-bindebogen-koncaj-povezovalni-lok\/#article","isPartOf":{"@id":"https:\/\/roz.si\/news\/roz\/schlussstrich-bindebogen-koncaj-povezovalni-lok\/"},"author":{"name":"polonajencic@gmail.com","@id":"https:\/\/roz.si\/#\/schema\/person\/c17674bb115dc13e5ac70b99a5fe7d4e"},"headline":"Schlussstrich Bindebogen \/ Kon\u010daj Povezovalni Lok","datePublished":"2021-03-02T19:11:02+00:00","dateModified":"2021-03-03T07:58:51+00:00","mainEntityOfPage":{"@id":"https:\/\/roz.si\/news\/roz\/schlussstrich-bindebogen-koncaj-povezovalni-lok\/"},"wordCount":438,"commentCount":0,"publisher":{"@id":"https:\/\/roz.si\/#organization"},"image":{"@id":"https:\/\/roz.si\/news\/roz\/schlussstrich-bindebogen-koncaj-povezovalni-lok\/#primaryimage"},"thumbnailUrl":"https:\/\/roz.si\/wp-content\/uploads\/2021\/03\/csm_schlussstrich_f4c7219d69.jpg","keywords":["Branje","Koncert"],"articleSection":["ro\u017e"],"inLanguage":"de","potentialAction":[{"@type":"CommentAction","name":"Comment","target":["https:\/\/roz.si\/news\/roz\/schlussstrich-bindebogen-koncaj-povezovalni-lok\/#respond"]}]},{"@type":"WebPage","@id":"https:\/\/roz.si\/news\/roz\/schlussstrich-bindebogen-koncaj-povezovalni-lok\/","url":"https:\/\/roz.si\/news\/roz\/schlussstrich-bindebogen-koncaj-povezovalni-lok\/","name":"Schlussstrich Bindebogen \/ Kon\u010daj Povezovalni Lok - RO\u017d - Slovensko prosvetno dru\u0161tvo","isPartOf":{"@id":"https:\/\/roz.si\/#website"},"primaryImageOfPage":{"@id":"https:\/\/roz.si\/news\/roz\/schlussstrich-bindebogen-koncaj-povezovalni-lok\/#primaryimage"},"image":{"@id":"https:\/\/roz.si\/news\/roz\/schlussstrich-bindebogen-koncaj-povezovalni-lok\/#primaryimage"},"thumbnailUrl":"https:\/\/roz.si\/wp-content\/uploads\/2021\/03\/csm_schlussstrich_f4c7219d69.jpg","datePublished":"2021-03-02T19:11:02+00:00","dateModified":"2021-03-03T07:58:51+00:00","breadcrumb":{"@id":"https:\/\/roz.si\/news\/roz\/schlussstrich-bindebogen-koncaj-povezovalni-lok\/#breadcrumb"},"inLanguage":"de","potentialAction":[{"@type":"ReadAction","target":["https:\/\/roz.si\/news\/roz\/schlussstrich-bindebogen-koncaj-povezovalni-lok\/"]}]},{"@type":"ImageObject","inLanguage":"de","@id":"https:\/\/roz.si\/news\/roz\/schlussstrich-bindebogen-koncaj-povezovalni-lok\/#primaryimage","url":"https:\/\/roz.si\/wp-content\/uploads\/2021\/03\/csm_schlussstrich_f4c7219d69.jpg","contentUrl":"https:\/\/roz.si\/wp-content\/uploads\/2021\/03\/csm_schlussstrich_f4c7219d69.jpg","width":800,"height":512},{"@type":"BreadcrumbList","@id":"https:\/\/roz.si\/news\/roz\/schlussstrich-bindebogen-koncaj-povezovalni-lok\/#breadcrumb","itemListElement":[{"@type":"ListItem","position":1,"name":"Home","item":"https:\/\/roz.si\/de\/"},{"@type":"ListItem","position":2,"name":"Schlussstrich Bindebogen \/ Kon\u010daj Povezovalni Lok"}]},{"@type":"WebSite","@id":"https:\/\/roz.si\/#website","url":"https:\/\/roz.si\/","name":"RO\u017d - Slovensko prosvetno dru\u0161tvo","description":"Slovensko prosvetno dru\u0161tvo Ro\u017e","publisher":{"@id":"https:\/\/roz.si\/#organization"},"potentialAction":[{"@type":"SearchAction","target":{"@type":"EntryPoint","urlTemplate":"https:\/\/roz.si\/?s={search_term_string}"},"query-input":{"@type":"PropertyValueSpecification","valueRequired":true,"valueName":"search_term_string"}}],"inLanguage":"de"},{"@type":"Organization","@id":"https:\/\/roz.si\/#organization","name":"RO\u017d - Slovensko prosvetno dru\u0161tvo","url":"https:\/\/roz.si\/","logo":{"@type":"ImageObject","inLanguage":"de","@id":"https:\/\/roz.si\/#\/schema\/logo\/image\/","url":"https:\/\/roz.si\/wp-content\/uploads\/2022\/11\/ROZ_logo.ico","contentUrl":"https:\/\/roz.si\/wp-content\/uploads\/2022\/11\/ROZ_logo.ico","width":199,"height":120,"caption":"RO\u017d - Slovensko prosvetno dru\u0161tvo"},"image":{"@id":"https:\/\/roz.si\/#\/schema\/logo\/image\/"}},{"@type":"Person","@id":"https:\/\/roz.si\/#\/schema\/person\/c17674bb115dc13e5ac70b99a5fe7d4e","name":"polonajencic@gmail.com","image":{"@type":"ImageObject","inLanguage":"de","@id":"https:\/\/roz.si\/#\/schema\/person\/image\/","url":"https:\/\/secure.gravatar.com\/avatar\/7bdbe1292afd0a9772e0f495079f8ef952b2320efdaed099df74beba51b524fc?s=96&d=mm&r=g","contentUrl":"https:\/\/secure.gravatar.com\/avatar\/7bdbe1292afd0a9772e0f495079f8ef952b2320efdaed099df74beba51b524fc?s=96&d=mm&r=g","caption":"polonajencic@gmail.com"},"sameAs":["http:\/\/roz.si"],"url":"https:\/\/roz.si\/de\/author\/polonajencicgmail-com\/"}]}},"_links":{"self":[{"href":"https:\/\/roz.si\/de\/wp-json\/wp\/v2\/posts\/5404","targetHints":{"allow":["GET"]}}],"collection":[{"href":"https:\/\/roz.si\/de\/wp-json\/wp\/v2\/posts"}],"about":[{"href":"https:\/\/roz.si\/de\/wp-json\/wp\/v2\/types\/post"}],"author":[{"embeddable":true,"href":"https:\/\/roz.si\/de\/wp-json\/wp\/v2\/users\/1"}],"replies":[{"embeddable":true,"href":"https:\/\/roz.si\/de\/wp-json\/wp\/v2\/comments?post=5404"}],"version-history":[{"count":2,"href":"https:\/\/roz.si\/de\/wp-json\/wp\/v2\/posts\/5404\/revisions"}],"predecessor-version":[{"id":5433,"href":"https:\/\/roz.si\/de\/wp-json\/wp\/v2\/posts\/5404\/revisions\/5433"}],"wp:featuredmedia":[{"embeddable":true,"href":"https:\/\/roz.si\/de\/wp-json\/wp\/v2\/media\/5405"}],"wp:attachment":[{"href":"https:\/\/roz.si\/de\/wp-json\/wp\/v2\/media?parent=5404"}],"wp:term":[{"taxonomy":"category","embeddable":true,"href":"https:\/\/roz.si\/de\/wp-json\/wp\/v2\/categories?post=5404"},{"taxonomy":"post_tag","embeddable":true,"href":"https:\/\/roz.si\/de\/wp-json\/wp\/v2\/tags?post=5404"}],"curies":[{"name":"wp","href":"https:\/\/api.w.org\/{rel}","templated":true}]}}