{"id":5417,"date":"2021-03-02T19:19:54","date_gmt":"2021-03-02T19:19:54","guid":{"rendered":"http:\/\/roz.si\/?p=5417"},"modified":"2021-03-30T18:42:43","modified_gmt":"2021-03-30T18:42:43","slug":"kralj-jeric","status":"publish","type":"post","link":"https:\/\/roz.si\/de\/news\/teatr-zora\/kralj-jeric\/","title":{"rendered":"Kralj Jeri\u010d"},"content":{"rendered":"<p>[vc_row][vc_column][vc_column_text]teatr z\u263cra<\/p>\n<p><b>Kralj Jeri\u010d<br \/>\n<\/b>po romanti\u010dni umetni pravljici Clemensa Brentana<\/p>\n<p><b>K\u00f6nig Jerum<br \/>\n<\/b>nach dem Kunstm\u00e4rchen von Clemens Brentano &#8222;Das M\u00e4rchen von Fanferlieschen Sch\u00f6nef\u00fc\u00dfchen&#8220;<\/p>\n<p><b>premiera \/ Premiere<br \/>\n<\/b>sobota\/Samstag\u00a012.02.2011 ob\/um 19h<\/p>\n<p><b>ponovitve \/ Wiederholungen:<br \/>\n<\/b>nedelja\/Sonntag 13.02.2011 ob\/um 15h<br \/>\nsobota\/Samstag\u00a019.02.2011 ob\/um 19h<br \/>\nnedelja\/Sonntag 20.02.2011 ob\/um 15h[\/vc_column_text][vc_empty_space]<div class=\"mkdf-image-gallery  mkdf-ig-masonry-type mkdf-tiny-space  mkdf-image-behavior-lightbox\">\n\t<div class=\"mkdf-ig-inner mkdf-outer-space mkdf-ig-masonry mkdf-ig-three-columns\">\n\t\t<div class=\"mkdf-ig-grid-sizer\"><\/div>\n\t\t<div class=\"mkdf-ig-grid-gutter\"><\/div>\n\t\t\t\t\t\t\t\t<div class=\"mkdf-ig-image mkdf-item-space \">\n\t\t\t\t<div class=\"mkdf-ig-image-inner\">\n\t\t\t\t\t\t\t\t\t\t\t<a itemprop=\"image\" class=\"mkdf-ig-lightbox\" href=\"https:\/\/roz.si\/wp-content\/uploads\/2021\/Galerije_final\/2011\/Kralj%20Jeric\u030c%20:%20Ko\u0308nig%20Jerum\/DSC09290_1682_5dd223584ab.jpeg\" data-rel=\"prettyPhoto[image_gallery_pretty_photo-984]\" title=\"SONY DSC\">\n\t\t\t\t\t\t\t\t\t\t\t<img loading=\"lazy\" decoding=\"async\" width=\"640\" height=\"428\" src=\"https:\/\/roz.si\/wp-content\/uploads\/2021\/Galerije_final\/2011\/Kralj Jeric\u030c : Ko\u0308nig Jerum\/DSC09290_1682_5dd223584ab.jpeg\" class=\"attachment-large size-large\" alt=\"\" srcset=\"https:\/\/roz.si\/wp-content\/uploads\/2021\/Galerije_final\/2011\/Kralj%20Jeric\u030c%20:%20Ko\u0308nig%20Jerum\/DSC09290_1682_5dd223584ab.jpeg 640w, https:\/\/roz.si\/wp-content\/uploads\/2021\/Galerije_final\/2011\/Kralj%20Jeric\u030c%20:%20Ko\u0308nig%20Jerum\/DSC09290_1682_5dd223584ab-300x201.jpeg 300w\" sizes=\"auto, (max-width: 640px) 100vw, 640px\" \/>\t\t\t\t\t\t\t\t\t\t\t<\/a>\n\t\t\t\t\t\t\t\t\t<\/div>\n\t\t\t<\/div>\n\t\t\t\t\t\t\t\t<div class=\"mkdf-ig-image mkdf-item-space \">\n\t\t\t\t<div class=\"mkdf-ig-image-inner\">\n\t\t\t\t\t\t\t\t\t\t\t<a itemprop=\"image\" class=\"mkdf-ig-lightbox\" href=\"https:\/\/roz.si\/wp-content\/uploads\/2021\/Galerije_final\/2011\/Kralj%20Jeric\u030c%20:%20Ko\u0308nig%20Jerum\/DSC09283_1670_5dd2235816a.jpeg\" data-rel=\"prettyPhoto[image_gallery_pretty_photo-984]\" title=\"SONY DSC\">\n\t\t\t\t\t\t\t\t\t\t\t<img loading=\"lazy\" decoding=\"async\" width=\"321\" height=\"480\" src=\"https:\/\/roz.si\/wp-content\/uploads\/2021\/Galerije_final\/2011\/Kralj Jeric\u030c : Ko\u0308nig Jerum\/DSC09283_1670_5dd2235816a.jpeg\" class=\"attachment-large size-large\" alt=\"\" srcset=\"https:\/\/roz.si\/wp-content\/uploads\/2021\/Galerije_final\/2011\/Kralj%20Jeric\u030c%20:%20Ko\u0308nig%20Jerum\/DSC09283_1670_5dd2235816a.jpeg 321w, https:\/\/roz.si\/wp-content\/uploads\/2021\/Galerije_final\/2011\/Kralj%20Jeric\u030c%20:%20Ko\u0308nig%20Jerum\/DSC09283_1670_5dd2235816a-201x300.jpeg 201w\" sizes=\"auto, (max-width: 321px) 100vw, 321px\" \/>\t\t\t\t\t\t\t\t\t\t\t<\/a>\n\t\t\t\t\t\t\t\t\t<\/div>\n\t\t\t<\/div>\n\t\t\t\t\t\t\t\t<div class=\"mkdf-ig-image mkdf-item-space \">\n\t\t\t\t<div class=\"mkdf-ig-image-inner\">\n\t\t\t\t\t\t\t\t\t\t\t<a itemprop=\"image\" class=\"mkdf-ig-lightbox\" href=\"https:\/\/roz.si\/wp-content\/uploads\/2021\/Galerije_final\/2011\/Kralj%20Jeric\u030c%20:%20Ko\u0308nig%20Jerum\/DSC09075_1664_5dd22357792.jpeg\" data-rel=\"prettyPhoto[image_gallery_pretty_photo-984]\" title=\"SONY DSC\">\n\t\t\t\t\t\t\t\t\t\t\t<img loading=\"lazy\" decoding=\"async\" width=\"640\" height=\"428\" src=\"https:\/\/roz.si\/wp-content\/uploads\/2021\/Galerije_final\/2011\/Kralj Jeric\u030c : Ko\u0308nig Jerum\/DSC09075_1664_5dd22357792.jpeg\" class=\"attachment-large size-large\" alt=\"\" srcset=\"https:\/\/roz.si\/wp-content\/uploads\/2021\/Galerije_final\/2011\/Kralj%20Jeric\u030c%20:%20Ko\u0308nig%20Jerum\/DSC09075_1664_5dd22357792.jpeg 640w, https:\/\/roz.si\/wp-content\/uploads\/2021\/Galerije_final\/2011\/Kralj%20Jeric\u030c%20:%20Ko\u0308nig%20Jerum\/DSC09075_1664_5dd22357792-300x201.jpeg 300w\" sizes=\"auto, (max-width: 640px) 100vw, 640px\" \/>\t\t\t\t\t\t\t\t\t\t\t<\/a>\n\t\t\t\t\t\t\t\t\t<\/div>\n\t\t\t<\/div>\n\t\t\t\t\t\t\t\t<div class=\"mkdf-ig-image mkdf-item-space \">\n\t\t\t\t<div class=\"mkdf-ig-image-inner\">\n\t\t\t\t\t\t\t\t\t\t\t<a itemprop=\"image\" class=\"mkdf-ig-lightbox\" href=\"https:\/\/roz.si\/wp-content\/uploads\/2021\/Galerije_final\/2011\/Kralj%20Jeric\u030c%20:%20Ko\u0308nig%20Jerum\/DSC09324_1686_5dd22358b9c.jpeg\" data-rel=\"prettyPhoto[image_gallery_pretty_photo-984]\" title=\"SONY DSC\">\n\t\t\t\t\t\t\t\t\t\t\t<img loading=\"lazy\" decoding=\"async\" width=\"640\" height=\"428\" src=\"https:\/\/roz.si\/wp-content\/uploads\/2021\/Galerije_final\/2011\/Kralj Jeric\u030c : Ko\u0308nig Jerum\/DSC09324_1686_5dd22358b9c.jpeg\" class=\"attachment-large size-large\" alt=\"\" srcset=\"https:\/\/roz.si\/wp-content\/uploads\/2021\/Galerije_final\/2011\/Kralj%20Jeric\u030c%20:%20Ko\u0308nig%20Jerum\/DSC09324_1686_5dd22358b9c.jpeg 640w, https:\/\/roz.si\/wp-content\/uploads\/2021\/Galerije_final\/2011\/Kralj%20Jeric\u030c%20:%20Ko\u0308nig%20Jerum\/DSC09324_1686_5dd22358b9c-300x201.jpeg 300w\" sizes=\"auto, (max-width: 640px) 100vw, 640px\" \/>\t\t\t\t\t\t\t\t\t\t\t<\/a>\n\t\t\t\t\t\t\t\t\t<\/div>\n\t\t\t<\/div>\n\t\t\t\t\t\t\t\t<div class=\"mkdf-ig-image mkdf-item-space \">\n\t\t\t\t<div class=\"mkdf-ig-image-inner\">\n\t\t\t\t\t\t\t\t\t\t\t<a itemprop=\"image\" class=\"mkdf-ig-lightbox\" href=\"https:\/\/roz.si\/wp-content\/uploads\/2021\/Galerije_final\/2011\/Kralj%20Jeric\u030c%20:%20Ko\u0308nig%20Jerum\/DSC09302_1684_5dd223587e7.jpeg\" data-rel=\"prettyPhoto[image_gallery_pretty_photo-984]\" title=\"SONY DSC\">\n\t\t\t\t\t\t\t\t\t\t\t<img loading=\"lazy\" decoding=\"async\" width=\"640\" height=\"428\" src=\"https:\/\/roz.si\/wp-content\/uploads\/2021\/Galerije_final\/2011\/Kralj Jeric\u030c : Ko\u0308nig Jerum\/DSC09302_1684_5dd223587e7.jpeg\" class=\"attachment-large size-large\" alt=\"\" srcset=\"https:\/\/roz.si\/wp-content\/uploads\/2021\/Galerije_final\/2011\/Kralj%20Jeric\u030c%20:%20Ko\u0308nig%20Jerum\/DSC09302_1684_5dd223587e7.jpeg 640w, https:\/\/roz.si\/wp-content\/uploads\/2021\/Galerije_final\/2011\/Kralj%20Jeric\u030c%20:%20Ko\u0308nig%20Jerum\/DSC09302_1684_5dd223587e7-300x201.jpeg 300w\" sizes=\"auto, (max-width: 640px) 100vw, 640px\" \/>\t\t\t\t\t\t\t\t\t\t\t<\/a>\n\t\t\t\t\t\t\t\t\t<\/div>\n\t\t\t<\/div>\n\t\t\t\t\t\t\t\t<div class=\"mkdf-ig-image mkdf-item-space \">\n\t\t\t\t<div class=\"mkdf-ig-image-inner\">\n\t\t\t\t\t\t\t\t\t\t\t<a itemprop=\"image\" class=\"mkdf-ig-lightbox\" href=\"https:\/\/roz.si\/wp-content\/uploads\/2021\/Galerije_final\/2011\/Kralj%20Jeric\u030c%20:%20Ko\u0308nig%20Jerum\/DSC09269_1668_5dd22357d9d.jpeg\" data-rel=\"prettyPhoto[image_gallery_pretty_photo-984]\" title=\"SONY DSC\">\n\t\t\t\t\t\t\t\t\t\t\t<img loading=\"lazy\" decoding=\"async\" width=\"428\" height=\"640\" src=\"https:\/\/roz.si\/wp-content\/uploads\/2021\/Galerije_final\/2011\/Kralj Jeric\u030c : Ko\u0308nig Jerum\/DSC09269_1668_5dd22357d9d.jpeg\" class=\"attachment-large size-large\" alt=\"\" srcset=\"https:\/\/roz.si\/wp-content\/uploads\/2021\/Galerije_final\/2011\/Kralj%20Jeric\u030c%20:%20Ko\u0308nig%20Jerum\/DSC09269_1668_5dd22357d9d.jpeg 428w, https:\/\/roz.si\/wp-content\/uploads\/2021\/Galerije_final\/2011\/Kralj%20Jeric\u030c%20:%20Ko\u0308nig%20Jerum\/DSC09269_1668_5dd22357d9d-201x300.jpeg 201w\" sizes=\"auto, (max-width: 428px) 100vw, 428px\" \/>\t\t\t\t\t\t\t\t\t\t\t<\/a>\n\t\t\t\t\t\t\t\t\t<\/div>\n\t\t\t<\/div>\n\t\t\t\t\t\t\t\t<div class=\"mkdf-ig-image mkdf-item-space \">\n\t\t\t\t<div class=\"mkdf-ig-image-inner\">\n\t\t\t\t\t\t\t\t\t\t\t<a itemprop=\"image\" class=\"mkdf-ig-lightbox\" href=\"https:\/\/roz.si\/wp-content\/uploads\/2021\/Galerije_final\/2011\/Kralj%20Jeric\u030c%20:%20Ko\u0308nig%20Jerum\/DSC09088_1666_5dd22357a6d.jpeg\" data-rel=\"prettyPhoto[image_gallery_pretty_photo-984]\" title=\"SONY DSC\">\n\t\t\t\t\t\t\t\t\t\t\t<img loading=\"lazy\" decoding=\"async\" width=\"640\" height=\"428\" src=\"https:\/\/roz.si\/wp-content\/uploads\/2021\/Galerije_final\/2011\/Kralj Jeric\u030c : Ko\u0308nig Jerum\/DSC09088_1666_5dd22357a6d.jpeg\" class=\"attachment-large size-large\" alt=\"\" srcset=\"https:\/\/roz.si\/wp-content\/uploads\/2021\/Galerije_final\/2011\/Kralj%20Jeric\u030c%20:%20Ko\u0308nig%20Jerum\/DSC09088_1666_5dd22357a6d.jpeg 640w, https:\/\/roz.si\/wp-content\/uploads\/2021\/Galerije_final\/2011\/Kralj%20Jeric\u030c%20:%20Ko\u0308nig%20Jerum\/DSC09088_1666_5dd22357a6d-300x201.jpeg 300w\" sizes=\"auto, (max-width: 640px) 100vw, 640px\" \/>\t\t\t\t\t\t\t\t\t\t\t<\/a>\n\t\t\t\t\t\t\t\t\t<\/div>\n\t\t\t<\/div>\n\t\t\t\t\t\t\t\t<div class=\"mkdf-ig-image mkdf-item-space \">\n\t\t\t\t<div class=\"mkdf-ig-image-inner\">\n\t\t\t\t\t\t\t\t\t\t\t<a itemprop=\"image\" class=\"mkdf-ig-lightbox\" href=\"https:\/\/roz.si\/wp-content\/uploads\/2021\/Galerije_final\/2011\/Kralj%20Jeric\u030c%20:%20Ko\u0308nig%20Jerum\/DSC09055_1662_5dd2235745b.jpeg\" data-rel=\"prettyPhoto[image_gallery_pretty_photo-984]\" title=\"SONY DSC\">\n\t\t\t\t\t\t\t\t\t\t\t<img loading=\"lazy\" decoding=\"async\" width=\"640\" height=\"428\" src=\"https:\/\/roz.si\/wp-content\/uploads\/2021\/Galerije_final\/2011\/Kralj Jeric\u030c : Ko\u0308nig Jerum\/DSC09055_1662_5dd2235745b.jpeg\" class=\"attachment-large size-large\" alt=\"\" srcset=\"https:\/\/roz.si\/wp-content\/uploads\/2021\/Galerije_final\/2011\/Kralj%20Jeric\u030c%20:%20Ko\u0308nig%20Jerum\/DSC09055_1662_5dd2235745b.jpeg 640w, https:\/\/roz.si\/wp-content\/uploads\/2021\/Galerije_final\/2011\/Kralj%20Jeric\u030c%20:%20Ko\u0308nig%20Jerum\/DSC09055_1662_5dd2235745b-300x201.jpeg 300w\" sizes=\"auto, (max-width: 640px) 100vw, 640px\" \/>\t\t\t\t\t\t\t\t\t\t\t<\/a>\n\t\t\t\t\t\t\t\t\t<\/div>\n\t\t\t<\/div>\n\t\t\t<\/div>\n<\/div>[\/vc_column][\/vc_row]<\/p>\n","protected":false},"excerpt":{"rendered":"<p>[vc_row][vc_column][vc_column_text]teatr z\u263cra Kralj Jeri\u010d po romanti\u010dni umetni pravljici Clemensa Brentana K\u00f6nig Jerum nach dem Kunstm\u00e4rchen von Clemens Brentano &#8222;Das M\u00e4rchen von Fanferlieschen Sch\u00f6nef\u00fc\u00dfchen&#8220; premiera \/ Premiere sobota\/Samstag\u00a012.02.2011 ob\/um 19h ponovitve \/ Wiederholungen: nedelja\/Sonntag 13.02.2011 ob\/um 15h sobota\/Samstag\u00a019.02.2011 ob\/um 19h nedelja\/Sonntag 20.02.2011 ob\/um 15h[\/vc_column_text][vc_empty_space][\/vc_column][\/vc_row]<\/p>\n","protected":false},"author":1,"featured_media":5418,"comment_status":"open","ping_status":"open","sticky":false,"template":"","format":"standard","meta":{"_acf_changed":false,"footnotes":""},"categories":[61],"tags":[65],"class_list":["post-5417","post","type-post","status-publish","format-standard","has-post-thumbnail","hentry","category-teatr-zora","tag-teater"],"acf":[],"yoast_head":"<!-- This site is optimized with the Yoast SEO plugin v24.8.1 - https:\/\/yoast.com\/wordpress\/plugins\/seo\/ -->\n<title>Kralj Jeri\u010d - RO\u017d - Slovensko prosvetno dru\u0161tvo<\/title>\n<meta name=\"robots\" content=\"index, follow, max-snippet:-1, max-image-preview:large, max-video-preview:-1\" \/>\n<link rel=\"canonical\" href=\"https:\/\/roz.si\/news\/teatr-zora\/kralj-jeric\/\" \/>\n<meta property=\"og:locale\" content=\"de_DE\" \/>\n<meta property=\"og:type\" content=\"article\" \/>\n<meta property=\"og:title\" content=\"Kralj Jeri\u010d - RO\u017d - Slovensko prosvetno dru\u0161tvo\" \/>\n<meta property=\"og:description\" content=\"[vc_row][vc_column][vc_column_text]teatr z\u263cra Kralj Jeri\u010d po romanti\u010dni umetni pravljici Clemensa Brentana K\u00f6nig Jerum nach dem Kunstm\u00e4rchen von Clemens Brentano &#8222;Das M\u00e4rchen von Fanferlieschen Sch\u00f6nef\u00fc\u00dfchen&#8220; premiera \/ Premiere sobota\/Samstag\u00a012.02.2011 ob\/um 19h ponovitve \/ Wiederholungen: nedelja\/Sonntag 13.02.2011 ob\/um 15h sobota\/Samstag\u00a019.02.2011 ob\/um 19h nedelja\/Sonntag 20.02.2011 ob\/um 15h[\/vc_column_text][vc_empty_space][\/vc_column][\/vc_row]\" \/>\n<meta property=\"og:url\" content=\"https:\/\/roz.si\/news\/teatr-zora\/kralj-jeric\/\" \/>\n<meta property=\"og:site_name\" content=\"RO\u017d - Slovensko prosvetno dru\u0161tvo\" \/>\n<meta property=\"article:published_time\" content=\"2021-03-02T19:19:54+00:00\" \/>\n<meta property=\"article:modified_time\" content=\"2021-03-30T18:42:43+00:00\" \/>\n<meta property=\"og:image\" content=\"https:\/\/roz.si\/wp-content\/uploads\/2021\/03\/csm_jeric_new_ad08f1ec06.jpg\" \/>\n\t<meta property=\"og:image:width\" content=\"150\" \/>\n\t<meta property=\"og:image:height\" content=\"227\" \/>\n\t<meta property=\"og:image:type\" content=\"image\/jpeg\" \/>\n<meta name=\"author\" content=\"polonajencic@gmail.com\" \/>\n<meta name=\"twitter:card\" content=\"summary_large_image\" \/>\n<meta name=\"twitter:label1\" content=\"Verfasst von\" \/>\n\t<meta name=\"twitter:data1\" content=\"polonajencic@gmail.com\" \/>\n\t<meta name=\"twitter:label2\" content=\"Gesch\u00e4tzte Lesezeit\" \/>\n\t<meta name=\"twitter:data2\" content=\"1\u00a0Minute\" \/>\n<script type=\"application\/ld+json\" class=\"yoast-schema-graph\">{\"@context\":\"https:\/\/schema.org\",\"@graph\":[{\"@type\":\"Article\",\"@id\":\"https:\/\/roz.si\/news\/teatr-zora\/kralj-jeric\/#article\",\"isPartOf\":{\"@id\":\"https:\/\/roz.si\/news\/teatr-zora\/kralj-jeric\/\"},\"author\":{\"name\":\"polonajencic@gmail.com\",\"@id\":\"https:\/\/roz.si\/#\/schema\/person\/c17674bb115dc13e5ac70b99a5fe7d4e\"},\"headline\":\"Kralj Jeri\u010d\",\"datePublished\":\"2021-03-02T19:19:54+00:00\",\"dateModified\":\"2021-03-30T18:42:43+00:00\",\"mainEntityOfPage\":{\"@id\":\"https:\/\/roz.si\/news\/teatr-zora\/kralj-jeric\/\"},\"wordCount\":97,\"commentCount\":0,\"publisher\":{\"@id\":\"https:\/\/roz.si\/#organization\"},\"image\":{\"@id\":\"https:\/\/roz.si\/news\/teatr-zora\/kralj-jeric\/#primaryimage\"},\"thumbnailUrl\":\"https:\/\/roz.si\/wp-content\/uploads\/2021\/03\/csm_jeric_new_ad08f1ec06.jpg\",\"keywords\":[\"Teater\"],\"articleSection\":[\"teatr zora\"],\"inLanguage\":\"de\",\"potentialAction\":[{\"@type\":\"CommentAction\",\"name\":\"Comment\",\"target\":[\"https:\/\/roz.si\/news\/teatr-zora\/kralj-jeric\/#respond\"]}]},{\"@type\":\"WebPage\",\"@id\":\"https:\/\/roz.si\/news\/teatr-zora\/kralj-jeric\/\",\"url\":\"https:\/\/roz.si\/news\/teatr-zora\/kralj-jeric\/\",\"name\":\"Kralj Jeri\u010d - RO\u017d - Slovensko prosvetno dru\u0161tvo\",\"isPartOf\":{\"@id\":\"https:\/\/roz.si\/#website\"},\"primaryImageOfPage\":{\"@id\":\"https:\/\/roz.si\/news\/teatr-zora\/kralj-jeric\/#primaryimage\"},\"image\":{\"@id\":\"https:\/\/roz.si\/news\/teatr-zora\/kralj-jeric\/#primaryimage\"},\"thumbnailUrl\":\"https:\/\/roz.si\/wp-content\/uploads\/2021\/03\/csm_jeric_new_ad08f1ec06.jpg\",\"datePublished\":\"2021-03-02T19:19:54+00:00\",\"dateModified\":\"2021-03-30T18:42:43+00:00\",\"breadcrumb\":{\"@id\":\"https:\/\/roz.si\/news\/teatr-zora\/kralj-jeric\/#breadcrumb\"},\"inLanguage\":\"de\",\"potentialAction\":[{\"@type\":\"ReadAction\",\"target\":[\"https:\/\/roz.si\/news\/teatr-zora\/kralj-jeric\/\"]}]},{\"@type\":\"ImageObject\",\"inLanguage\":\"de\",\"@id\":\"https:\/\/roz.si\/news\/teatr-zora\/kralj-jeric\/#primaryimage\",\"url\":\"https:\/\/roz.si\/wp-content\/uploads\/2021\/03\/csm_jeric_new_ad08f1ec06.jpg\",\"contentUrl\":\"https:\/\/roz.si\/wp-content\/uploads\/2021\/03\/csm_jeric_new_ad08f1ec06.jpg\",\"width\":150,\"height\":227},{\"@type\":\"BreadcrumbList\",\"@id\":\"https:\/\/roz.si\/news\/teatr-zora\/kralj-jeric\/#breadcrumb\",\"itemListElement\":[{\"@type\":\"ListItem\",\"position\":1,\"name\":\"Home\",\"item\":\"https:\/\/roz.si\/de\/\"},{\"@type\":\"ListItem\",\"position\":2,\"name\":\"Kralj Jeri\u010d\"}]},{\"@type\":\"WebSite\",\"@id\":\"https:\/\/roz.si\/#website\",\"url\":\"https:\/\/roz.si\/\",\"name\":\"RO\u017d - Slovensko prosvetno dru\u0161tvo\",\"description\":\"Slovensko prosvetno dru\u0161tvo Ro\u017e\",\"publisher\":{\"@id\":\"https:\/\/roz.si\/#organization\"},\"potentialAction\":[{\"@type\":\"SearchAction\",\"target\":{\"@type\":\"EntryPoint\",\"urlTemplate\":\"https:\/\/roz.si\/?s={search_term_string}\"},\"query-input\":{\"@type\":\"PropertyValueSpecification\",\"valueRequired\":true,\"valueName\":\"search_term_string\"}}],\"inLanguage\":\"de\"},{\"@type\":\"Organization\",\"@id\":\"https:\/\/roz.si\/#organization\",\"name\":\"RO\u017d - Slovensko prosvetno dru\u0161tvo\",\"url\":\"https:\/\/roz.si\/\",\"logo\":{\"@type\":\"ImageObject\",\"inLanguage\":\"de\",\"@id\":\"https:\/\/roz.si\/#\/schema\/logo\/image\/\",\"url\":\"https:\/\/roz.si\/wp-content\/uploads\/2022\/11\/ROZ_logo.ico\",\"contentUrl\":\"https:\/\/roz.si\/wp-content\/uploads\/2022\/11\/ROZ_logo.ico\",\"width\":199,\"height\":120,\"caption\":\"RO\u017d - Slovensko prosvetno dru\u0161tvo\"},\"image\":{\"@id\":\"https:\/\/roz.si\/#\/schema\/logo\/image\/\"}},{\"@type\":\"Person\",\"@id\":\"https:\/\/roz.si\/#\/schema\/person\/c17674bb115dc13e5ac70b99a5fe7d4e\",\"name\":\"polonajencic@gmail.com\",\"image\":{\"@type\":\"ImageObject\",\"inLanguage\":\"de\",\"@id\":\"https:\/\/roz.si\/#\/schema\/person\/image\/\",\"url\":\"https:\/\/secure.gravatar.com\/avatar\/7bdbe1292afd0a9772e0f495079f8ef952b2320efdaed099df74beba51b524fc?s=96&d=mm&r=g\",\"contentUrl\":\"https:\/\/secure.gravatar.com\/avatar\/7bdbe1292afd0a9772e0f495079f8ef952b2320efdaed099df74beba51b524fc?s=96&d=mm&r=g\",\"caption\":\"polonajencic@gmail.com\"},\"sameAs\":[\"http:\/\/roz.si\"],\"url\":\"https:\/\/roz.si\/de\/author\/polonajencicgmail-com\/\"}]}<\/script>\n<!-- \/ Yoast SEO plugin. -->","yoast_head_json":{"title":"Kralj Jeri\u010d - RO\u017d - Slovensko prosvetno dru\u0161tvo","robots":{"index":"index","follow":"follow","max-snippet":"max-snippet:-1","max-image-preview":"max-image-preview:large","max-video-preview":"max-video-preview:-1"},"canonical":"https:\/\/roz.si\/news\/teatr-zora\/kralj-jeric\/","og_locale":"de_DE","og_type":"article","og_title":"Kralj Jeri\u010d - RO\u017d - Slovensko prosvetno dru\u0161tvo","og_description":"[vc_row][vc_column][vc_column_text]teatr z\u263cra Kralj Jeri\u010d po romanti\u010dni umetni pravljici Clemensa Brentana K\u00f6nig Jerum nach dem Kunstm\u00e4rchen von Clemens Brentano &#8222;Das M\u00e4rchen von Fanferlieschen Sch\u00f6nef\u00fc\u00dfchen&#8220; premiera \/ Premiere sobota\/Samstag\u00a012.02.2011 ob\/um 19h ponovitve \/ Wiederholungen: nedelja\/Sonntag 13.02.2011 ob\/um 15h sobota\/Samstag\u00a019.02.2011 ob\/um 19h nedelja\/Sonntag 20.02.2011 ob\/um 15h[\/vc_column_text][vc_empty_space][\/vc_column][\/vc_row]","og_url":"https:\/\/roz.si\/news\/teatr-zora\/kralj-jeric\/","og_site_name":"RO\u017d - Slovensko prosvetno dru\u0161tvo","article_published_time":"2021-03-02T19:19:54+00:00","article_modified_time":"2021-03-30T18:42:43+00:00","og_image":[{"width":150,"height":227,"url":"https:\/\/roz.si\/wp-content\/uploads\/2021\/03\/csm_jeric_new_ad08f1ec06.jpg","type":"image\/jpeg"}],"author":"polonajencic@gmail.com","twitter_card":"summary_large_image","twitter_misc":{"Verfasst von":"polonajencic@gmail.com","Gesch\u00e4tzte Lesezeit":"1\u00a0Minute"},"schema":{"@context":"https:\/\/schema.org","@graph":[{"@type":"Article","@id":"https:\/\/roz.si\/news\/teatr-zora\/kralj-jeric\/#article","isPartOf":{"@id":"https:\/\/roz.si\/news\/teatr-zora\/kralj-jeric\/"},"author":{"name":"polonajencic@gmail.com","@id":"https:\/\/roz.si\/#\/schema\/person\/c17674bb115dc13e5ac70b99a5fe7d4e"},"headline":"Kralj Jeri\u010d","datePublished":"2021-03-02T19:19:54+00:00","dateModified":"2021-03-30T18:42:43+00:00","mainEntityOfPage":{"@id":"https:\/\/roz.si\/news\/teatr-zora\/kralj-jeric\/"},"wordCount":97,"commentCount":0,"publisher":{"@id":"https:\/\/roz.si\/#organization"},"image":{"@id":"https:\/\/roz.si\/news\/teatr-zora\/kralj-jeric\/#primaryimage"},"thumbnailUrl":"https:\/\/roz.si\/wp-content\/uploads\/2021\/03\/csm_jeric_new_ad08f1ec06.jpg","keywords":["Teater"],"articleSection":["teatr zora"],"inLanguage":"de","potentialAction":[{"@type":"CommentAction","name":"Comment","target":["https:\/\/roz.si\/news\/teatr-zora\/kralj-jeric\/#respond"]}]},{"@type":"WebPage","@id":"https:\/\/roz.si\/news\/teatr-zora\/kralj-jeric\/","url":"https:\/\/roz.si\/news\/teatr-zora\/kralj-jeric\/","name":"Kralj Jeri\u010d - RO\u017d - Slovensko prosvetno dru\u0161tvo","isPartOf":{"@id":"https:\/\/roz.si\/#website"},"primaryImageOfPage":{"@id":"https:\/\/roz.si\/news\/teatr-zora\/kralj-jeric\/#primaryimage"},"image":{"@id":"https:\/\/roz.si\/news\/teatr-zora\/kralj-jeric\/#primaryimage"},"thumbnailUrl":"https:\/\/roz.si\/wp-content\/uploads\/2021\/03\/csm_jeric_new_ad08f1ec06.jpg","datePublished":"2021-03-02T19:19:54+00:00","dateModified":"2021-03-30T18:42:43+00:00","breadcrumb":{"@id":"https:\/\/roz.si\/news\/teatr-zora\/kralj-jeric\/#breadcrumb"},"inLanguage":"de","potentialAction":[{"@type":"ReadAction","target":["https:\/\/roz.si\/news\/teatr-zora\/kralj-jeric\/"]}]},{"@type":"ImageObject","inLanguage":"de","@id":"https:\/\/roz.si\/news\/teatr-zora\/kralj-jeric\/#primaryimage","url":"https:\/\/roz.si\/wp-content\/uploads\/2021\/03\/csm_jeric_new_ad08f1ec06.jpg","contentUrl":"https:\/\/roz.si\/wp-content\/uploads\/2021\/03\/csm_jeric_new_ad08f1ec06.jpg","width":150,"height":227},{"@type":"BreadcrumbList","@id":"https:\/\/roz.si\/news\/teatr-zora\/kralj-jeric\/#breadcrumb","itemListElement":[{"@type":"ListItem","position":1,"name":"Home","item":"https:\/\/roz.si\/de\/"},{"@type":"ListItem","position":2,"name":"Kralj Jeri\u010d"}]},{"@type":"WebSite","@id":"https:\/\/roz.si\/#website","url":"https:\/\/roz.si\/","name":"RO\u017d - Slovensko prosvetno dru\u0161tvo","description":"Slovensko prosvetno dru\u0161tvo Ro\u017e","publisher":{"@id":"https:\/\/roz.si\/#organization"},"potentialAction":[{"@type":"SearchAction","target":{"@type":"EntryPoint","urlTemplate":"https:\/\/roz.si\/?s={search_term_string}"},"query-input":{"@type":"PropertyValueSpecification","valueRequired":true,"valueName":"search_term_string"}}],"inLanguage":"de"},{"@type":"Organization","@id":"https:\/\/roz.si\/#organization","name":"RO\u017d - Slovensko prosvetno dru\u0161tvo","url":"https:\/\/roz.si\/","logo":{"@type":"ImageObject","inLanguage":"de","@id":"https:\/\/roz.si\/#\/schema\/logo\/image\/","url":"https:\/\/roz.si\/wp-content\/uploads\/2022\/11\/ROZ_logo.ico","contentUrl":"https:\/\/roz.si\/wp-content\/uploads\/2022\/11\/ROZ_logo.ico","width":199,"height":120,"caption":"RO\u017d - Slovensko prosvetno dru\u0161tvo"},"image":{"@id":"https:\/\/roz.si\/#\/schema\/logo\/image\/"}},{"@type":"Person","@id":"https:\/\/roz.si\/#\/schema\/person\/c17674bb115dc13e5ac70b99a5fe7d4e","name":"polonajencic@gmail.com","image":{"@type":"ImageObject","inLanguage":"de","@id":"https:\/\/roz.si\/#\/schema\/person\/image\/","url":"https:\/\/secure.gravatar.com\/avatar\/7bdbe1292afd0a9772e0f495079f8ef952b2320efdaed099df74beba51b524fc?s=96&d=mm&r=g","contentUrl":"https:\/\/secure.gravatar.com\/avatar\/7bdbe1292afd0a9772e0f495079f8ef952b2320efdaed099df74beba51b524fc?s=96&d=mm&r=g","caption":"polonajencic@gmail.com"},"sameAs":["http:\/\/roz.si"],"url":"https:\/\/roz.si\/de\/author\/polonajencicgmail-com\/"}]}},"_links":{"self":[{"href":"https:\/\/roz.si\/de\/wp-json\/wp\/v2\/posts\/5417","targetHints":{"allow":["GET"]}}],"collection":[{"href":"https:\/\/roz.si\/de\/wp-json\/wp\/v2\/posts"}],"about":[{"href":"https:\/\/roz.si\/de\/wp-json\/wp\/v2\/types\/post"}],"author":[{"embeddable":true,"href":"https:\/\/roz.si\/de\/wp-json\/wp\/v2\/users\/1"}],"replies":[{"embeddable":true,"href":"https:\/\/roz.si\/de\/wp-json\/wp\/v2\/comments?post=5417"}],"version-history":[{"count":5,"href":"https:\/\/roz.si\/de\/wp-json\/wp\/v2\/posts\/5417\/revisions"}],"predecessor-version":[{"id":13724,"href":"https:\/\/roz.si\/de\/wp-json\/wp\/v2\/posts\/5417\/revisions\/13724"}],"wp:featuredmedia":[{"embeddable":true,"href":"https:\/\/roz.si\/de\/wp-json\/wp\/v2\/media\/5418"}],"wp:attachment":[{"href":"https:\/\/roz.si\/de\/wp-json\/wp\/v2\/media?parent=5417"}],"wp:term":[{"taxonomy":"category","embeddable":true,"href":"https:\/\/roz.si\/de\/wp-json\/wp\/v2\/categories?post=5417"},{"taxonomy":"post_tag","embeddable":true,"href":"https:\/\/roz.si\/de\/wp-json\/wp\/v2\/tags?post=5417"}],"curies":[{"name":"wp","href":"https:\/\/api.w.org\/{rel}","templated":true}]}}