{"id":5434,"date":"2021-03-03T08:03:14","date_gmt":"2021-03-03T08:03:14","guid":{"rendered":"http:\/\/roz.si\/?p=5434"},"modified":"2021-04-29T19:13:14","modified_gmt":"2021-04-29T19:13:14","slug":"veliki-teden-karwoche-2011","status":"publish","type":"post","link":"https:\/\/roz.si\/de\/news\/roz\/veliki-teden-karwoche-2011\/","title":{"rendered":"Veliki teden \/ Karwoche 2011"},"content":{"rendered":"<p>[vc_row][vc_column][vc_column_text]<b>Menschen im Heiligen Land \/ Ljudje svete de\u017eele<br \/>\n<\/b><i>Fotographien aus Israel und Pal\u00e4stina<br \/>\nvon Josef Schuster<\/i><\/p>\n<p><i>Vernissage | Odprtje<br \/>\n<\/i><b>mi\/sr 20. 4. 2011 \u2013 19h<br \/>\n<\/b>Filialkirche st. peter\/st. jakob i. ros.<br \/>\npodru\u017ena cerkev \u0160entpeter\/\u0160entjakob<br \/>\n<b>Gesang \/ petje: Gerd Kenda<\/b><\/p>\n<p><i>Odprto | ausstellungsdauer:<br \/>\n<\/i>\u010de\/do 21. 4. \u2013 \u010de\/do 28. 4. t\u00e4glich | vsak dan 18.00\u201320.00<br \/>\nin pred ter po velikono\u010dnih obredih<br \/>\nsowie vor und nach den Osterriten<\/p>\n<p><b>Pepo (Josef) Schuster<br \/>\n<\/b>Jahrgang 1958, aufgewachsen in St. Peter\/\u0160entpeter bei St. Jakob i. Ros.\/\u0160entjakob v Ro\u017eu<br \/>\nLebt seit 1979 in Wien (Betriebswirtschafts-Studium) und intensive Besch\u00e4ftigung mit der Fotografie; seit 1989 als selbst\u00e4ndiger Pressefotograf, haupts\u00e4chlich f\u00fcr das Wirtschaftsmagazin Gewinn t\u00e4tig; ab 1995 Einstieg in die digitale Fotografie und als Fotograf auch f\u00fcr die Wien-Redaktion der Kleinen Zeitung. Die gezeigten Aufnahmen entstanden im Juni 2007 am Rande eines Auftrages zur Dokumentation von Projekten der \u00d6sterreichischen Entwicklungszusammenarbeit in den pal\u00e4stinensisch verwalteten Gebieten im Westjordanland, Ramallah, Hebron und Jerusalem.<\/p>\n<p><b>Josef Schuster (Pekov Pepej)<br \/>\n<\/b>rojen 1958 v \u0160entpetru\/St. Peter pri \u0160entjakobu v Ro\u017eu\/St.Jakob i. Ros.<br \/>\nOd leta 1979 \u017eivi na Dunaju, kjer je sprva \u0161tudiral ekonomijo in se hkrati intenzivno bavil s fotografijo; od leta 1989 je samostojni fotoreporter in dela prete\u017eno za gospodarski magazin Gewinn. Leta 1995 se je za\u010del ukvarjati z digitalno fotografijo in je vse od takrat stalni fotoreporter za dunajsko redakcijo Kleine Zeitung. Slike, razstavljene v cerkvi v \u0160entpetru so nastale junija leta 2007, ko se je avtor mudil v sveti de\u017eeli z naro\u010dilom dokumentirati stanje projektov avstrijskega razvojnega sodelovanja v avtonomni palestinski regiji na Zahodnem bregu reke Jordan, Ramallah, Hebron in Jeruzalem.[\/vc_column_text][vc_empty_space]<div class=\"mkdf-image-gallery  mkdf-ig-masonry-type mkdf-tiny-space  mkdf-image-behavior-lightbox\">\n\t<div class=\"mkdf-ig-inner mkdf-outer-space mkdf-ig-masonry mkdf-ig-three-columns\">\n\t\t<div class=\"mkdf-ig-grid-sizer\"><\/div>\n\t\t<div class=\"mkdf-ig-grid-gutter\"><\/div>\n\t\t\t\t\t\t\t\t<div class=\"mkdf-ig-image mkdf-item-space \">\n\t\t\t\t<div class=\"mkdf-ig-image-inner\">\n\t\t\t\t\t\t\t\t\t\t\t<a itemprop=\"image\" class=\"mkdf-ig-lightbox\" href=\"https:\/\/roz.si\/wp-content\/uploads\/2021\/03\/StPeter01_512x768_740_5dd1d4b1c0f4.jpeg\" data-rel=\"prettyPhoto[image_gallery_pretty_photo-500]\" title=\"StPeter01_512x768_740_5dd1d4b1c0f4\">\n\t\t\t\t\t\t\t\t\t\t\t<img loading=\"lazy\" decoding=\"async\" width=\"512\" height=\"768\" src=\"https:\/\/roz.si\/wp-content\/uploads\/2021\/03\/StPeter01_512x768_740_5dd1d4b1c0f4.jpeg\" class=\"attachment-large size-large\" alt=\"\" srcset=\"https:\/\/roz.si\/wp-content\/uploads\/2021\/03\/StPeter01_512x768_740_5dd1d4b1c0f4.jpeg 512w, https:\/\/roz.si\/wp-content\/uploads\/2021\/03\/StPeter01_512x768_740_5dd1d4b1c0f4-200x300.jpeg 200w\" sizes=\"auto, (max-width: 512px) 100vw, 512px\" \/>\t\t\t\t\t\t\t\t\t\t\t<\/a>\n\t\t\t\t\t\t\t\t\t<\/div>\n\t\t\t<\/div>\n\t\t\t\t\t\t\t\t<div class=\"mkdf-ig-image mkdf-item-space \">\n\t\t\t\t<div class=\"mkdf-ig-image-inner\">\n\t\t\t\t\t\t\t\t\t\t\t<a itemprop=\"image\" class=\"mkdf-ig-lightbox\" href=\"https:\/\/roz.si\/wp-content\/uploads\/2021\/03\/StPeter02_1024x683_742_5dd1d4b2066c.jpeg\" data-rel=\"prettyPhoto[image_gallery_pretty_photo-500]\" title=\"StPeter02_1024x683_742_5dd1d4b2066c\">\n\t\t\t\t\t\t\t\t\t\t\t<img loading=\"lazy\" decoding=\"async\" width=\"1024\" height=\"683\" src=\"https:\/\/roz.si\/wp-content\/uploads\/2021\/03\/StPeter02_1024x683_742_5dd1d4b2066c.jpeg\" class=\"attachment-large size-large\" alt=\"\" srcset=\"https:\/\/roz.si\/wp-content\/uploads\/2021\/03\/StPeter02_1024x683_742_5dd1d4b2066c.jpeg 1024w, https:\/\/roz.si\/wp-content\/uploads\/2021\/03\/StPeter02_1024x683_742_5dd1d4b2066c-300x200.jpeg 300w, https:\/\/roz.si\/wp-content\/uploads\/2021\/03\/StPeter02_1024x683_742_5dd1d4b2066c-768x512.jpeg 768w\" sizes=\"auto, (max-width: 1024px) 100vw, 1024px\" \/>\t\t\t\t\t\t\t\t\t\t\t<\/a>\n\t\t\t\t\t\t\t\t\t<\/div>\n\t\t\t<\/div>\n\t\t\t\t\t\t\t\t<div class=\"mkdf-ig-image mkdf-item-space \">\n\t\t\t\t<div class=\"mkdf-ig-image-inner\">\n\t\t\t\t\t\t\t\t\t\t\t<a itemprop=\"image\" class=\"mkdf-ig-lightbox\" href=\"https:\/\/roz.si\/wp-content\/uploads\/2021\/03\/StPeter03_1024x683_744_5dd1d4b2395c.jpeg\" data-rel=\"prettyPhoto[image_gallery_pretty_photo-500]\" title=\"StPeter03_1024x683_744_5dd1d4b2395c\">\n\t\t\t\t\t\t\t\t\t\t\t<img loading=\"lazy\" decoding=\"async\" width=\"1024\" height=\"683\" src=\"https:\/\/roz.si\/wp-content\/uploads\/2021\/03\/StPeter03_1024x683_744_5dd1d4b2395c.jpeg\" class=\"attachment-large size-large\" alt=\"\" srcset=\"https:\/\/roz.si\/wp-content\/uploads\/2021\/03\/StPeter03_1024x683_744_5dd1d4b2395c.jpeg 1024w, https:\/\/roz.si\/wp-content\/uploads\/2021\/03\/StPeter03_1024x683_744_5dd1d4b2395c-300x200.jpeg 300w, https:\/\/roz.si\/wp-content\/uploads\/2021\/03\/StPeter03_1024x683_744_5dd1d4b2395c-768x512.jpeg 768w\" sizes=\"auto, (max-width: 1024px) 100vw, 1024px\" \/>\t\t\t\t\t\t\t\t\t\t\t<\/a>\n\t\t\t\t\t\t\t\t\t<\/div>\n\t\t\t<\/div>\n\t\t\t\t\t\t\t\t<div class=\"mkdf-ig-image mkdf-item-space \">\n\t\t\t\t<div class=\"mkdf-ig-image-inner\">\n\t\t\t\t\t\t\t\t\t\t\t<a itemprop=\"image\" class=\"mkdf-ig-lightbox\" href=\"https:\/\/roz.si\/wp-content\/uploads\/2021\/03\/StPeter04_1024x683_760_5dd1d4b2d4d7.jpeg\" data-rel=\"prettyPhoto[image_gallery_pretty_photo-500]\" title=\"StPeter04_1024x683_760_5dd1d4b2d4d7\">\n\t\t\t\t\t\t\t\t\t\t\t<img loading=\"lazy\" decoding=\"async\" width=\"1024\" height=\"683\" src=\"https:\/\/roz.si\/wp-content\/uploads\/2021\/03\/StPeter04_1024x683_760_5dd1d4b2d4d7.jpeg\" class=\"attachment-large size-large\" alt=\"\" srcset=\"https:\/\/roz.si\/wp-content\/uploads\/2021\/03\/StPeter04_1024x683_760_5dd1d4b2d4d7.jpeg 1024w, https:\/\/roz.si\/wp-content\/uploads\/2021\/03\/StPeter04_1024x683_760_5dd1d4b2d4d7-300x200.jpeg 300w, https:\/\/roz.si\/wp-content\/uploads\/2021\/03\/StPeter04_1024x683_760_5dd1d4b2d4d7-768x512.jpeg 768w\" sizes=\"auto, (max-width: 1024px) 100vw, 1024px\" \/>\t\t\t\t\t\t\t\t\t\t\t<\/a>\n\t\t\t\t\t\t\t\t\t<\/div>\n\t\t\t<\/div>\n\t\t\t\t\t\t\t\t<div class=\"mkdf-ig-image mkdf-item-space \">\n\t\t\t\t<div class=\"mkdf-ig-image-inner\">\n\t\t\t\t\t\t\t\t\t\t\t<a itemprop=\"image\" class=\"mkdf-ig-lightbox\" href=\"https:\/\/roz.si\/wp-content\/uploads\/2021\/03\/StPeter05_512x768_722_5dd1d4b0cbf1.jpeg\" data-rel=\"prettyPhoto[image_gallery_pretty_photo-500]\" title=\"StPeter05_512x768_722_5dd1d4b0cbf1\">\n\t\t\t\t\t\t\t\t\t\t\t<img loading=\"lazy\" decoding=\"async\" width=\"512\" height=\"768\" src=\"https:\/\/roz.si\/wp-content\/uploads\/2021\/03\/StPeter05_512x768_722_5dd1d4b0cbf1.jpeg\" class=\"attachment-large size-large\" alt=\"\" srcset=\"https:\/\/roz.si\/wp-content\/uploads\/2021\/03\/StPeter05_512x768_722_5dd1d4b0cbf1.jpeg 512w, https:\/\/roz.si\/wp-content\/uploads\/2021\/03\/StPeter05_512x768_722_5dd1d4b0cbf1-200x300.jpeg 200w\" sizes=\"auto, (max-width: 512px) 100vw, 512px\" \/>\t\t\t\t\t\t\t\t\t\t\t<\/a>\n\t\t\t\t\t\t\t\t\t<\/div>\n\t\t\t<\/div>\n\t\t\t\t\t\t\t\t<div class=\"mkdf-ig-image mkdf-item-space \">\n\t\t\t\t<div class=\"mkdf-ig-image-inner\">\n\t\t\t\t\t\t\t\t\t\t\t<a itemprop=\"image\" class=\"mkdf-ig-lightbox\" href=\"https:\/\/roz.si\/wp-content\/uploads\/2021\/03\/StPeter06_512x768_726_5dd1d4b14f70.jpeg\" data-rel=\"prettyPhoto[image_gallery_pretty_photo-500]\" title=\"StPeter06_512x768_726_5dd1d4b14f70\">\n\t\t\t\t\t\t\t\t\t\t\t<img loading=\"lazy\" decoding=\"async\" width=\"512\" height=\"768\" src=\"https:\/\/roz.si\/wp-content\/uploads\/2021\/03\/StPeter06_512x768_726_5dd1d4b14f70.jpeg\" class=\"attachment-large size-large\" alt=\"\" srcset=\"https:\/\/roz.si\/wp-content\/uploads\/2021\/03\/StPeter06_512x768_726_5dd1d4b14f70.jpeg 512w, https:\/\/roz.si\/wp-content\/uploads\/2021\/03\/StPeter06_512x768_726_5dd1d4b14f70-200x300.jpeg 200w\" sizes=\"auto, (max-width: 512px) 100vw, 512px\" \/>\t\t\t\t\t\t\t\t\t\t\t<\/a>\n\t\t\t\t\t\t\t\t\t<\/div>\n\t\t\t<\/div>\n\t\t\t\t\t\t\t\t<div class=\"mkdf-ig-image mkdf-item-space \">\n\t\t\t\t<div class=\"mkdf-ig-image-inner\">\n\t\t\t\t\t\t\t\t\t\t\t<a itemprop=\"image\" class=\"mkdf-ig-lightbox\" href=\"https:\/\/roz.si\/wp-content\/uploads\/2021\/03\/StPeter07_1024x683_728_5dd1d4b1846c.jpeg\" data-rel=\"prettyPhoto[image_gallery_pretty_photo-500]\" title=\"StPeter07_1024x683_728_5dd1d4b1846c\">\n\t\t\t\t\t\t\t\t\t\t\t<img loading=\"lazy\" decoding=\"async\" width=\"1024\" height=\"683\" src=\"https:\/\/roz.si\/wp-content\/uploads\/2021\/03\/StPeter07_1024x683_728_5dd1d4b1846c.jpeg\" class=\"attachment-large size-large\" alt=\"\" srcset=\"https:\/\/roz.si\/wp-content\/uploads\/2021\/03\/StPeter07_1024x683_728_5dd1d4b1846c.jpeg 1024w, https:\/\/roz.si\/wp-content\/uploads\/2021\/03\/StPeter07_1024x683_728_5dd1d4b1846c-300x200.jpeg 300w, https:\/\/roz.si\/wp-content\/uploads\/2021\/03\/StPeter07_1024x683_728_5dd1d4b1846c-768x512.jpeg 768w\" sizes=\"auto, (max-width: 1024px) 100vw, 1024px\" \/>\t\t\t\t\t\t\t\t\t\t\t<\/a>\n\t\t\t\t\t\t\t\t\t<\/div>\n\t\t\t<\/div>\n\t\t\t\t\t\t\t\t<div class=\"mkdf-ig-image mkdf-item-space \">\n\t\t\t\t<div class=\"mkdf-ig-image-inner\">\n\t\t\t\t\t\t\t\t\t\t\t<a itemprop=\"image\" class=\"mkdf-ig-lightbox\" href=\"https:\/\/roz.si\/wp-content\/uploads\/2021\/03\/StPeter08_1024x683_748_5dd1d4b29d20.jpeg\" data-rel=\"prettyPhoto[image_gallery_pretty_photo-500]\" title=\"StPeter08_1024x683_748_5dd1d4b29d20\">\n\t\t\t\t\t\t\t\t\t\t\t<img loading=\"lazy\" decoding=\"async\" width=\"1024\" height=\"683\" src=\"https:\/\/roz.si\/wp-content\/uploads\/2021\/03\/StPeter08_1024x683_748_5dd1d4b29d20.jpeg\" class=\"attachment-large size-large\" alt=\"\" srcset=\"https:\/\/roz.si\/wp-content\/uploads\/2021\/03\/StPeter08_1024x683_748_5dd1d4b29d20.jpeg 1024w, https:\/\/roz.si\/wp-content\/uploads\/2021\/03\/StPeter08_1024x683_748_5dd1d4b29d20-300x200.jpeg 300w, https:\/\/roz.si\/wp-content\/uploads\/2021\/03\/StPeter08_1024x683_748_5dd1d4b29d20-768x512.jpeg 768w\" sizes=\"auto, (max-width: 1024px) 100vw, 1024px\" \/>\t\t\t\t\t\t\t\t\t\t\t<\/a>\n\t\t\t\t\t\t\t\t\t<\/div>\n\t\t\t<\/div>\n\t\t\t\t\t\t\t\t<div class=\"mkdf-ig-image mkdf-item-space \">\n\t\t\t\t<div class=\"mkdf-ig-image-inner\">\n\t\t\t\t\t\t\t\t\t\t\t<a itemprop=\"image\" class=\"mkdf-ig-lightbox\" href=\"https:\/\/roz.si\/wp-content\/uploads\/2021\/03\/StPeter09_1024x683_746_5dd1d4b26a3b.jpeg\" data-rel=\"prettyPhoto[image_gallery_pretty_photo-500]\" title=\"StPeter09_1024x683_746_5dd1d4b26a3b\">\n\t\t\t\t\t\t\t\t\t\t\t<img loading=\"lazy\" decoding=\"async\" width=\"1024\" height=\"683\" src=\"https:\/\/roz.si\/wp-content\/uploads\/2021\/03\/StPeter09_1024x683_746_5dd1d4b26a3b.jpeg\" class=\"attachment-large size-large\" alt=\"\" srcset=\"https:\/\/roz.si\/wp-content\/uploads\/2021\/03\/StPeter09_1024x683_746_5dd1d4b26a3b.jpeg 1024w, https:\/\/roz.si\/wp-content\/uploads\/2021\/03\/StPeter09_1024x683_746_5dd1d4b26a3b-300x200.jpeg 300w, https:\/\/roz.si\/wp-content\/uploads\/2021\/03\/StPeter09_1024x683_746_5dd1d4b26a3b-768x512.jpeg 768w\" sizes=\"auto, (max-width: 1024px) 100vw, 1024px\" \/>\t\t\t\t\t\t\t\t\t\t\t<\/a>\n\t\t\t\t\t\t\t\t\t<\/div>\n\t\t\t<\/div>\n\t\t\t\t\t\t\t\t<div class=\"mkdf-ig-image mkdf-item-space \">\n\t\t\t\t<div class=\"mkdf-ig-image-inner\">\n\t\t\t\t\t\t\t\t\t\t\t<a itemprop=\"image\" class=\"mkdf-ig-lightbox\" href=\"https:\/\/roz.si\/wp-content\/uploads\/2021\/03\/StPeter10_1024x497_724_5dd1d4b11778.jpeg\" data-rel=\"prettyPhoto[image_gallery_pretty_photo-500]\" title=\"StPeter10_1024x497_724_5dd1d4b11778\">\n\t\t\t\t\t\t\t\t\t\t\t<img loading=\"lazy\" decoding=\"async\" width=\"1024\" height=\"497\" src=\"https:\/\/roz.si\/wp-content\/uploads\/2021\/03\/StPeter10_1024x497_724_5dd1d4b11778.jpeg\" class=\"attachment-large size-large\" alt=\"\" srcset=\"https:\/\/roz.si\/wp-content\/uploads\/2021\/03\/StPeter10_1024x497_724_5dd1d4b11778.jpeg 1024w, https:\/\/roz.si\/wp-content\/uploads\/2021\/03\/StPeter10_1024x497_724_5dd1d4b11778-300x146.jpeg 300w, https:\/\/roz.si\/wp-content\/uploads\/2021\/03\/StPeter10_1024x497_724_5dd1d4b11778-768x373.jpeg 768w\" sizes=\"auto, (max-width: 1024px) 100vw, 1024px\" \/>\t\t\t\t\t\t\t\t\t\t\t<\/a>\n\t\t\t\t\t\t\t\t\t<\/div>\n\t\t\t<\/div>\n\t\t\t\t\t\t\t\t<div class=\"mkdf-ig-image mkdf-item-space \">\n\t\t\t\t<div class=\"mkdf-ig-image-inner\">\n\t\t\t\t\t\t\t\t\t\t\t<a itemprop=\"image\" class=\"mkdf-ig-lightbox\" href=\"https:\/\/roz.si\/wp-content\/uploads\/2021\/03\/StPeter11_1024x683_762_5dd1d4b312f0.jpeg\" data-rel=\"prettyPhoto[image_gallery_pretty_photo-500]\" title=\"StPeter11_1024x683_762_5dd1d4b312f0\">\n\t\t\t\t\t\t\t\t\t\t\t<img loading=\"lazy\" decoding=\"async\" width=\"1024\" height=\"683\" src=\"https:\/\/roz.si\/wp-content\/uploads\/2021\/03\/StPeter11_1024x683_762_5dd1d4b312f0.jpeg\" class=\"attachment-large size-large\" alt=\"\" srcset=\"https:\/\/roz.si\/wp-content\/uploads\/2021\/03\/StPeter11_1024x683_762_5dd1d4b312f0.jpeg 1024w, https:\/\/roz.si\/wp-content\/uploads\/2021\/03\/StPeter11_1024x683_762_5dd1d4b312f0-300x200.jpeg 300w, https:\/\/roz.si\/wp-content\/uploads\/2021\/03\/StPeter11_1024x683_762_5dd1d4b312f0-768x512.jpeg 768w\" sizes=\"auto, (max-width: 1024px) 100vw, 1024px\" \/>\t\t\t\t\t\t\t\t\t\t\t<\/a>\n\t\t\t\t\t\t\t\t\t<\/div>\n\t\t\t<\/div>\n\t\t\t\t\t\t\t\t<div class=\"mkdf-ig-image mkdf-item-space \">\n\t\t\t\t<div class=\"mkdf-ig-image-inner\">\n\t\t\t\t\t\t\t\t\t\t\t<a itemprop=\"image\" class=\"mkdf-ig-lightbox\" href=\"https:\/\/roz.si\/wp-content\/uploads\/2021\/03\/StPeter12_1024x683_764_5dd1d4b33e2f.jpeg\" data-rel=\"prettyPhoto[image_gallery_pretty_photo-500]\" title=\"StPeter12_1024x683_764_5dd1d4b33e2f\">\n\t\t\t\t\t\t\t\t\t\t\t<img loading=\"lazy\" decoding=\"async\" width=\"1024\" height=\"683\" src=\"https:\/\/roz.si\/wp-content\/uploads\/2021\/03\/StPeter12_1024x683_764_5dd1d4b33e2f.jpeg\" class=\"attachment-large size-large\" alt=\"\" srcset=\"https:\/\/roz.si\/wp-content\/uploads\/2021\/03\/StPeter12_1024x683_764_5dd1d4b33e2f.jpeg 1024w, https:\/\/roz.si\/wp-content\/uploads\/2021\/03\/StPeter12_1024x683_764_5dd1d4b33e2f-300x200.jpeg 300w, https:\/\/roz.si\/wp-content\/uploads\/2021\/03\/StPeter12_1024x683_764_5dd1d4b33e2f-768x512.jpeg 768w\" sizes=\"auto, (max-width: 1024px) 100vw, 1024px\" \/>\t\t\t\t\t\t\t\t\t\t\t<\/a>\n\t\t\t\t\t\t\t\t\t<\/div>\n\t\t\t<\/div>\n\t\t\t\t\t\t\t\t<div class=\"mkdf-ig-image mkdf-item-space \">\n\t\t\t\t<div class=\"mkdf-ig-image-inner\">\n\t\t\t\t\t\t\t\t\t\t\t<a itemprop=\"image\" class=\"mkdf-ig-lightbox\" href=\"https:\/\/roz.si\/wp-content\/uploads\/2021\/03\/StPeter13_1024x683_766_5dd1d4b374b0.jpeg\" data-rel=\"prettyPhoto[image_gallery_pretty_photo-500]\" title=\"StPeter13_1024x683_766_5dd1d4b374b0\">\n\t\t\t\t\t\t\t\t\t\t\t<img loading=\"lazy\" decoding=\"async\" width=\"1024\" height=\"683\" src=\"https:\/\/roz.si\/wp-content\/uploads\/2021\/03\/StPeter13_1024x683_766_5dd1d4b374b0.jpeg\" class=\"attachment-large size-large\" alt=\"\" srcset=\"https:\/\/roz.si\/wp-content\/uploads\/2021\/03\/StPeter13_1024x683_766_5dd1d4b374b0.jpeg 1024w, https:\/\/roz.si\/wp-content\/uploads\/2021\/03\/StPeter13_1024x683_766_5dd1d4b374b0-300x200.jpeg 300w, https:\/\/roz.si\/wp-content\/uploads\/2021\/03\/StPeter13_1024x683_766_5dd1d4b374b0-768x512.jpeg 768w\" sizes=\"auto, (max-width: 1024px) 100vw, 1024px\" \/>\t\t\t\t\t\t\t\t\t\t\t<\/a>\n\t\t\t\t\t\t\t\t\t<\/div>\n\t\t\t<\/div>\n\t\t\t\t\t\t\t\t<div class=\"mkdf-ig-image mkdf-item-space \">\n\t\t\t\t<div class=\"mkdf-ig-image-inner\">\n\t\t\t\t\t\t\t\t\t\t\t<a itemprop=\"image\" class=\"mkdf-ig-lightbox\" href=\"https:\/\/roz.si\/wp-content\/uploads\/2021\/03\/StPeter14_1024x683_720_5dd1d4b09380.jpeg\" data-rel=\"prettyPhoto[image_gallery_pretty_photo-500]\" title=\"StPeter14_1024x683_720_5dd1d4b09380\">\n\t\t\t\t\t\t\t\t\t\t\t<img loading=\"lazy\" decoding=\"async\" width=\"1024\" height=\"683\" src=\"https:\/\/roz.si\/wp-content\/uploads\/2021\/03\/StPeter14_1024x683_720_5dd1d4b09380.jpeg\" class=\"attachment-large size-large\" alt=\"\" srcset=\"https:\/\/roz.si\/wp-content\/uploads\/2021\/03\/StPeter14_1024x683_720_5dd1d4b09380.jpeg 1024w, https:\/\/roz.si\/wp-content\/uploads\/2021\/03\/StPeter14_1024x683_720_5dd1d4b09380-300x200.jpeg 300w, https:\/\/roz.si\/wp-content\/uploads\/2021\/03\/StPeter14_1024x683_720_5dd1d4b09380-768x512.jpeg 768w\" sizes=\"auto, (max-width: 1024px) 100vw, 1024px\" \/>\t\t\t\t\t\t\t\t\t\t\t<\/a>\n\t\t\t\t\t\t\t\t\t<\/div>\n\t\t\t<\/div>\n\t\t\t<\/div>\n<\/div>[\/vc_column][\/vc_row]<\/p>\n","protected":false},"excerpt":{"rendered":"<p>[vc_row][vc_column][vc_column_text]Menschen im Heiligen Land \/ Ljudje svete de\u017eele Fotographien aus Israel und Pal\u00e4stina von Josef Schuster Vernissage | Odprtje mi\/sr 20. 4. 2011 \u2013 19h Filialkirche st. peter\/st. jakob i. ros. podru\u017ena cerkev \u0160entpeter\/\u0160entjakob Gesang \/ petje: Gerd Kenda Odprto | ausstellungsdauer: \u010de\/do 21. 4. \u2013 \u010de\/do 28. 4. t\u00e4glich | vsak dan 18.00\u201320.00 in pred ter po [&hellip;]<\/p>\n","protected":false},"author":1,"featured_media":5435,"comment_status":"open","ping_status":"open","sticky":false,"template":"","format":"standard","meta":{"_acf_changed":false,"footnotes":""},"categories":[56],"tags":[68],"class_list":["post-5434","post","type-post","status-publish","format-standard","has-post-thumbnail","hentry","category-roz","tag-razstava"],"acf":[],"yoast_head":"<!-- This site is optimized with the Yoast SEO plugin v24.8.1 - https:\/\/yoast.com\/wordpress\/plugins\/seo\/ -->\n<title>Veliki teden \/ Karwoche 2011 - RO\u017d - Slovensko prosvetno dru\u0161tvo<\/title>\n<meta name=\"robots\" content=\"index, follow, max-snippet:-1, max-image-preview:large, max-video-preview:-1\" \/>\n<link rel=\"canonical\" href=\"https:\/\/roz.si\/news\/roz\/veliki-teden-karwoche-2011\/\" \/>\n<meta property=\"og:locale\" content=\"de_DE\" \/>\n<meta property=\"og:type\" content=\"article\" \/>\n<meta property=\"og:title\" content=\"Veliki teden \/ Karwoche 2011 - RO\u017d - Slovensko prosvetno dru\u0161tvo\" \/>\n<meta property=\"og:description\" content=\"[vc_row][vc_column][vc_column_text]Menschen im Heiligen Land \/ Ljudje svete de\u017eele Fotographien aus Israel und Pal\u00e4stina von Josef Schuster Vernissage | Odprtje mi\/sr 20. 4. 2011 \u2013 19h Filialkirche st. peter\/st. jakob i. ros. podru\u017ena cerkev \u0160entpeter\/\u0160entjakob Gesang \/ petje: Gerd Kenda Odprto | ausstellungsdauer: \u010de\/do 21. 4. \u2013 \u010de\/do 28. 4. t\u00e4glich | vsak dan 18.00\u201320.00 in pred ter po [&hellip;]\" \/>\n<meta property=\"og:url\" content=\"https:\/\/roz.si\/news\/roz\/veliki-teden-karwoche-2011\/\" \/>\n<meta property=\"og:site_name\" content=\"RO\u017d - Slovensko prosvetno dru\u0161tvo\" \/>\n<meta property=\"article:published_time\" content=\"2021-03-03T08:03:14+00:00\" \/>\n<meta property=\"article:modified_time\" content=\"2021-04-29T19:13:14+00:00\" \/>\n<meta property=\"og:image\" content=\"https:\/\/roz.si\/wp-content\/uploads\/2021\/03\/csm_vabilo-schuster2_282731bdf3.jpg\" \/>\n\t<meta property=\"og:image:width\" content=\"347\" \/>\n\t<meta property=\"og:image:height\" content=\"600\" \/>\n\t<meta property=\"og:image:type\" content=\"image\/jpeg\" \/>\n<meta name=\"author\" content=\"polonajencic@gmail.com\" \/>\n<meta name=\"twitter:card\" content=\"summary_large_image\" \/>\n<meta name=\"twitter:label1\" content=\"Verfasst von\" \/>\n\t<meta name=\"twitter:data1\" content=\"polonajencic@gmail.com\" \/>\n\t<meta name=\"twitter:label2\" content=\"Gesch\u00e4tzte Lesezeit\" \/>\n\t<meta name=\"twitter:data2\" content=\"2\u00a0Minuten\" \/>\n<script type=\"application\/ld+json\" class=\"yoast-schema-graph\">{\"@context\":\"https:\/\/schema.org\",\"@graph\":[{\"@type\":\"Article\",\"@id\":\"https:\/\/roz.si\/news\/roz\/veliki-teden-karwoche-2011\/#article\",\"isPartOf\":{\"@id\":\"https:\/\/roz.si\/news\/roz\/veliki-teden-karwoche-2011\/\"},\"author\":{\"name\":\"polonajencic@gmail.com\",\"@id\":\"https:\/\/roz.si\/#\/schema\/person\/c17674bb115dc13e5ac70b99a5fe7d4e\"},\"headline\":\"Veliki teden \/ Karwoche 2011\",\"datePublished\":\"2021-03-03T08:03:14+00:00\",\"dateModified\":\"2021-04-29T19:13:14+00:00\",\"mainEntityOfPage\":{\"@id\":\"https:\/\/roz.si\/news\/roz\/veliki-teden-karwoche-2011\/\"},\"wordCount\":305,\"commentCount\":0,\"publisher\":{\"@id\":\"https:\/\/roz.si\/#organization\"},\"image\":{\"@id\":\"https:\/\/roz.si\/news\/roz\/veliki-teden-karwoche-2011\/#primaryimage\"},\"thumbnailUrl\":\"https:\/\/roz.si\/wp-content\/uploads\/2021\/03\/csm_vabilo-schuster2_282731bdf3.jpg\",\"keywords\":[\"Razstava\"],\"articleSection\":[\"ro\u017e\"],\"inLanguage\":\"de\",\"potentialAction\":[{\"@type\":\"CommentAction\",\"name\":\"Comment\",\"target\":[\"https:\/\/roz.si\/news\/roz\/veliki-teden-karwoche-2011\/#respond\"]}]},{\"@type\":\"WebPage\",\"@id\":\"https:\/\/roz.si\/news\/roz\/veliki-teden-karwoche-2011\/\",\"url\":\"https:\/\/roz.si\/news\/roz\/veliki-teden-karwoche-2011\/\",\"name\":\"Veliki teden \/ Karwoche 2011 - RO\u017d - Slovensko prosvetno dru\u0161tvo\",\"isPartOf\":{\"@id\":\"https:\/\/roz.si\/#website\"},\"primaryImageOfPage\":{\"@id\":\"https:\/\/roz.si\/news\/roz\/veliki-teden-karwoche-2011\/#primaryimage\"},\"image\":{\"@id\":\"https:\/\/roz.si\/news\/roz\/veliki-teden-karwoche-2011\/#primaryimage\"},\"thumbnailUrl\":\"https:\/\/roz.si\/wp-content\/uploads\/2021\/03\/csm_vabilo-schuster2_282731bdf3.jpg\",\"datePublished\":\"2021-03-03T08:03:14+00:00\",\"dateModified\":\"2021-04-29T19:13:14+00:00\",\"breadcrumb\":{\"@id\":\"https:\/\/roz.si\/news\/roz\/veliki-teden-karwoche-2011\/#breadcrumb\"},\"inLanguage\":\"de\",\"potentialAction\":[{\"@type\":\"ReadAction\",\"target\":[\"https:\/\/roz.si\/news\/roz\/veliki-teden-karwoche-2011\/\"]}]},{\"@type\":\"ImageObject\",\"inLanguage\":\"de\",\"@id\":\"https:\/\/roz.si\/news\/roz\/veliki-teden-karwoche-2011\/#primaryimage\",\"url\":\"https:\/\/roz.si\/wp-content\/uploads\/2021\/03\/csm_vabilo-schuster2_282731bdf3.jpg\",\"contentUrl\":\"https:\/\/roz.si\/wp-content\/uploads\/2021\/03\/csm_vabilo-schuster2_282731bdf3.jpg\",\"width\":347,\"height\":600},{\"@type\":\"BreadcrumbList\",\"@id\":\"https:\/\/roz.si\/news\/roz\/veliki-teden-karwoche-2011\/#breadcrumb\",\"itemListElement\":[{\"@type\":\"ListItem\",\"position\":1,\"name\":\"Home\",\"item\":\"https:\/\/roz.si\/de\/\"},{\"@type\":\"ListItem\",\"position\":2,\"name\":\"Veliki teden \/ Karwoche 2011\"}]},{\"@type\":\"WebSite\",\"@id\":\"https:\/\/roz.si\/#website\",\"url\":\"https:\/\/roz.si\/\",\"name\":\"RO\u017d - Slovensko prosvetno dru\u0161tvo\",\"description\":\"Slovensko prosvetno dru\u0161tvo Ro\u017e\",\"publisher\":{\"@id\":\"https:\/\/roz.si\/#organization\"},\"potentialAction\":[{\"@type\":\"SearchAction\",\"target\":{\"@type\":\"EntryPoint\",\"urlTemplate\":\"https:\/\/roz.si\/?s={search_term_string}\"},\"query-input\":{\"@type\":\"PropertyValueSpecification\",\"valueRequired\":true,\"valueName\":\"search_term_string\"}}],\"inLanguage\":\"de\"},{\"@type\":\"Organization\",\"@id\":\"https:\/\/roz.si\/#organization\",\"name\":\"RO\u017d - Slovensko prosvetno dru\u0161tvo\",\"url\":\"https:\/\/roz.si\/\",\"logo\":{\"@type\":\"ImageObject\",\"inLanguage\":\"de\",\"@id\":\"https:\/\/roz.si\/#\/schema\/logo\/image\/\",\"url\":\"https:\/\/roz.si\/wp-content\/uploads\/2022\/11\/ROZ_logo.ico\",\"contentUrl\":\"https:\/\/roz.si\/wp-content\/uploads\/2022\/11\/ROZ_logo.ico\",\"width\":199,\"height\":120,\"caption\":\"RO\u017d - Slovensko prosvetno dru\u0161tvo\"},\"image\":{\"@id\":\"https:\/\/roz.si\/#\/schema\/logo\/image\/\"}},{\"@type\":\"Person\",\"@id\":\"https:\/\/roz.si\/#\/schema\/person\/c17674bb115dc13e5ac70b99a5fe7d4e\",\"name\":\"polonajencic@gmail.com\",\"image\":{\"@type\":\"ImageObject\",\"inLanguage\":\"de\",\"@id\":\"https:\/\/roz.si\/#\/schema\/person\/image\/\",\"url\":\"https:\/\/secure.gravatar.com\/avatar\/7bdbe1292afd0a9772e0f495079f8ef952b2320efdaed099df74beba51b524fc?s=96&d=mm&r=g\",\"contentUrl\":\"https:\/\/secure.gravatar.com\/avatar\/7bdbe1292afd0a9772e0f495079f8ef952b2320efdaed099df74beba51b524fc?s=96&d=mm&r=g\",\"caption\":\"polonajencic@gmail.com\"},\"sameAs\":[\"http:\/\/roz.si\"],\"url\":\"https:\/\/roz.si\/de\/author\/polonajencicgmail-com\/\"}]}<\/script>\n<!-- \/ Yoast SEO plugin. -->","yoast_head_json":{"title":"Veliki teden \/ Karwoche 2011 - RO\u017d - Slovensko prosvetno dru\u0161tvo","robots":{"index":"index","follow":"follow","max-snippet":"max-snippet:-1","max-image-preview":"max-image-preview:large","max-video-preview":"max-video-preview:-1"},"canonical":"https:\/\/roz.si\/news\/roz\/veliki-teden-karwoche-2011\/","og_locale":"de_DE","og_type":"article","og_title":"Veliki teden \/ Karwoche 2011 - RO\u017d - Slovensko prosvetno dru\u0161tvo","og_description":"[vc_row][vc_column][vc_column_text]Menschen im Heiligen Land \/ Ljudje svete de\u017eele Fotographien aus Israel und Pal\u00e4stina von Josef Schuster Vernissage | Odprtje mi\/sr 20. 4. 2011 \u2013 19h Filialkirche st. peter\/st. jakob i. ros. podru\u017ena cerkev \u0160entpeter\/\u0160entjakob Gesang \/ petje: Gerd Kenda Odprto | ausstellungsdauer: \u010de\/do 21. 4. \u2013 \u010de\/do 28. 4. t\u00e4glich | vsak dan 18.00\u201320.00 in pred ter po [&hellip;]","og_url":"https:\/\/roz.si\/news\/roz\/veliki-teden-karwoche-2011\/","og_site_name":"RO\u017d - Slovensko prosvetno dru\u0161tvo","article_published_time":"2021-03-03T08:03:14+00:00","article_modified_time":"2021-04-29T19:13:14+00:00","og_image":[{"width":347,"height":600,"url":"https:\/\/roz.si\/wp-content\/uploads\/2021\/03\/csm_vabilo-schuster2_282731bdf3.jpg","type":"image\/jpeg"}],"author":"polonajencic@gmail.com","twitter_card":"summary_large_image","twitter_misc":{"Verfasst von":"polonajencic@gmail.com","Gesch\u00e4tzte Lesezeit":"2\u00a0Minuten"},"schema":{"@context":"https:\/\/schema.org","@graph":[{"@type":"Article","@id":"https:\/\/roz.si\/news\/roz\/veliki-teden-karwoche-2011\/#article","isPartOf":{"@id":"https:\/\/roz.si\/news\/roz\/veliki-teden-karwoche-2011\/"},"author":{"name":"polonajencic@gmail.com","@id":"https:\/\/roz.si\/#\/schema\/person\/c17674bb115dc13e5ac70b99a5fe7d4e"},"headline":"Veliki teden \/ Karwoche 2011","datePublished":"2021-03-03T08:03:14+00:00","dateModified":"2021-04-29T19:13:14+00:00","mainEntityOfPage":{"@id":"https:\/\/roz.si\/news\/roz\/veliki-teden-karwoche-2011\/"},"wordCount":305,"commentCount":0,"publisher":{"@id":"https:\/\/roz.si\/#organization"},"image":{"@id":"https:\/\/roz.si\/news\/roz\/veliki-teden-karwoche-2011\/#primaryimage"},"thumbnailUrl":"https:\/\/roz.si\/wp-content\/uploads\/2021\/03\/csm_vabilo-schuster2_282731bdf3.jpg","keywords":["Razstava"],"articleSection":["ro\u017e"],"inLanguage":"de","potentialAction":[{"@type":"CommentAction","name":"Comment","target":["https:\/\/roz.si\/news\/roz\/veliki-teden-karwoche-2011\/#respond"]}]},{"@type":"WebPage","@id":"https:\/\/roz.si\/news\/roz\/veliki-teden-karwoche-2011\/","url":"https:\/\/roz.si\/news\/roz\/veliki-teden-karwoche-2011\/","name":"Veliki teden \/ Karwoche 2011 - RO\u017d - Slovensko prosvetno dru\u0161tvo","isPartOf":{"@id":"https:\/\/roz.si\/#website"},"primaryImageOfPage":{"@id":"https:\/\/roz.si\/news\/roz\/veliki-teden-karwoche-2011\/#primaryimage"},"image":{"@id":"https:\/\/roz.si\/news\/roz\/veliki-teden-karwoche-2011\/#primaryimage"},"thumbnailUrl":"https:\/\/roz.si\/wp-content\/uploads\/2021\/03\/csm_vabilo-schuster2_282731bdf3.jpg","datePublished":"2021-03-03T08:03:14+00:00","dateModified":"2021-04-29T19:13:14+00:00","breadcrumb":{"@id":"https:\/\/roz.si\/news\/roz\/veliki-teden-karwoche-2011\/#breadcrumb"},"inLanguage":"de","potentialAction":[{"@type":"ReadAction","target":["https:\/\/roz.si\/news\/roz\/veliki-teden-karwoche-2011\/"]}]},{"@type":"ImageObject","inLanguage":"de","@id":"https:\/\/roz.si\/news\/roz\/veliki-teden-karwoche-2011\/#primaryimage","url":"https:\/\/roz.si\/wp-content\/uploads\/2021\/03\/csm_vabilo-schuster2_282731bdf3.jpg","contentUrl":"https:\/\/roz.si\/wp-content\/uploads\/2021\/03\/csm_vabilo-schuster2_282731bdf3.jpg","width":347,"height":600},{"@type":"BreadcrumbList","@id":"https:\/\/roz.si\/news\/roz\/veliki-teden-karwoche-2011\/#breadcrumb","itemListElement":[{"@type":"ListItem","position":1,"name":"Home","item":"https:\/\/roz.si\/de\/"},{"@type":"ListItem","position":2,"name":"Veliki teden \/ Karwoche 2011"}]},{"@type":"WebSite","@id":"https:\/\/roz.si\/#website","url":"https:\/\/roz.si\/","name":"RO\u017d - Slovensko prosvetno dru\u0161tvo","description":"Slovensko prosvetno dru\u0161tvo Ro\u017e","publisher":{"@id":"https:\/\/roz.si\/#organization"},"potentialAction":[{"@type":"SearchAction","target":{"@type":"EntryPoint","urlTemplate":"https:\/\/roz.si\/?s={search_term_string}"},"query-input":{"@type":"PropertyValueSpecification","valueRequired":true,"valueName":"search_term_string"}}],"inLanguage":"de"},{"@type":"Organization","@id":"https:\/\/roz.si\/#organization","name":"RO\u017d - Slovensko prosvetno dru\u0161tvo","url":"https:\/\/roz.si\/","logo":{"@type":"ImageObject","inLanguage":"de","@id":"https:\/\/roz.si\/#\/schema\/logo\/image\/","url":"https:\/\/roz.si\/wp-content\/uploads\/2022\/11\/ROZ_logo.ico","contentUrl":"https:\/\/roz.si\/wp-content\/uploads\/2022\/11\/ROZ_logo.ico","width":199,"height":120,"caption":"RO\u017d - Slovensko prosvetno dru\u0161tvo"},"image":{"@id":"https:\/\/roz.si\/#\/schema\/logo\/image\/"}},{"@type":"Person","@id":"https:\/\/roz.si\/#\/schema\/person\/c17674bb115dc13e5ac70b99a5fe7d4e","name":"polonajencic@gmail.com","image":{"@type":"ImageObject","inLanguage":"de","@id":"https:\/\/roz.si\/#\/schema\/person\/image\/","url":"https:\/\/secure.gravatar.com\/avatar\/7bdbe1292afd0a9772e0f495079f8ef952b2320efdaed099df74beba51b524fc?s=96&d=mm&r=g","contentUrl":"https:\/\/secure.gravatar.com\/avatar\/7bdbe1292afd0a9772e0f495079f8ef952b2320efdaed099df74beba51b524fc?s=96&d=mm&r=g","caption":"polonajencic@gmail.com"},"sameAs":["http:\/\/roz.si"],"url":"https:\/\/roz.si\/de\/author\/polonajencicgmail-com\/"}]}},"_links":{"self":[{"href":"https:\/\/roz.si\/de\/wp-json\/wp\/v2\/posts\/5434","targetHints":{"allow":["GET"]}}],"collection":[{"href":"https:\/\/roz.si\/de\/wp-json\/wp\/v2\/posts"}],"about":[{"href":"https:\/\/roz.si\/de\/wp-json\/wp\/v2\/types\/post"}],"author":[{"embeddable":true,"href":"https:\/\/roz.si\/de\/wp-json\/wp\/v2\/users\/1"}],"replies":[{"embeddable":true,"href":"https:\/\/roz.si\/de\/wp-json\/wp\/v2\/comments?post=5434"}],"version-history":[{"count":3,"href":"https:\/\/roz.si\/de\/wp-json\/wp\/v2\/posts\/5434\/revisions"}],"predecessor-version":[{"id":13760,"href":"https:\/\/roz.si\/de\/wp-json\/wp\/v2\/posts\/5434\/revisions\/13760"}],"wp:featuredmedia":[{"embeddable":true,"href":"https:\/\/roz.si\/de\/wp-json\/wp\/v2\/media\/5435"}],"wp:attachment":[{"href":"https:\/\/roz.si\/de\/wp-json\/wp\/v2\/media?parent=5434"}],"wp:term":[{"taxonomy":"category","embeddable":true,"href":"https:\/\/roz.si\/de\/wp-json\/wp\/v2\/categories?post=5434"},{"taxonomy":"post_tag","embeddable":true,"href":"https:\/\/roz.si\/de\/wp-json\/wp\/v2\/tags?post=5434"}],"curies":[{"name":"wp","href":"https:\/\/api.w.org\/{rel}","templated":true}]}}