{"id":5446,"date":"2021-03-03T08:14:04","date_gmt":"2021-03-03T08:14:04","guid":{"rendered":"http:\/\/roz.si\/?p=5446"},"modified":"2021-03-03T08:14:04","modified_gmt":"2021-03-03T08:14:04","slug":"roz-open-air-bruji","status":"publish","type":"post","link":"https:\/\/roz.si\/de\/news\/roz\/roz-open-air-bruji\/","title":{"rendered":"Ro\u017e \u2013 open air: BRUJI"},"content":{"rendered":"<p>[vc_row][vc_column][vc_column_text]na\u00a0prijetnem farov\u0161kem dvori\u0161\u010du v \u0160entjakobu<br \/>\nin der angenehmen Atmosph\u00e4re des Pfarrhofes St.Jakob i.R.<\/p>\n<p>na dan spri\u010deval\/Zeugnistag<\/p>\n<p><b>petek\/Freitag 8.7.2011 &#8211; 20.30h<\/b><\/p>\n<p>ob jeda\u010di in pija\u010di igrajo: BRUJI<br \/>\nbei Spei\u00df und Trank spielen: BRUJI<\/p>\n<p><b>BRUJI \u2013 30 let Gradi\u0161\u010danskega roka<br \/>\n<\/b>Po desetletnem umetni\u0161kem molku, se je lani spet prebudila legendarna gradi\u0161\u010dansko-hrva\u0161ka rock skupina BRUJI. V osemdesetih letih prej\u0161njega stoletja, je skupina nastopala na vseh pomembnej\u0161ih glasbenih festivalih in s pesmimi \u201eNema problema\u201c \u201eGema Krowodn schaun\u201c (Gremo zijat Hrvate) ali pa \u201eS\u00e4ge, s\u00e4ge Holz entzwei\u201c (\u017diga, \u017eaga les raz\u017eaga) osvojila avstrijske radijske postaje. Po sledeh Haydna \u2013 ki je prav tako ustvarjal na Gradi\u0161\u010danskem in v svoje kompozicije, tako kot BRUJI vpletal tudi ljudske vi\u017ee gradi\u0161\u010danskih Hrvatov \u2013 korakajo BRUJI s svojimi kompozicijami strumno v 21.stoletje. Ful \u0161us! Otroci, pazite na svoje star\u0161e! (oz. otroci pazite na svoje star\u0161e?)<br \/>\nbrujati = \u0161umeti, doneti<\/p>\n<p><b>BRUJI \u2013 30 Jahre Krowodnrock<\/b><br \/>\n30 Jahre nach der legend\u00e4ren Kreation des \u201cKrowodnrock\u201d und nach einer mehr als 10j\u00e4hrigen Schaffens- und Ruhepause treten BRUJI wieder einmal in K\u00e4rnten auf. \u201eNema problema\u201c, \u201eGemma Krowodn schaun\u201c oder \u201eS\u00e4ge, s\u00e4ge Holz entzwei\u201c sind drei der bekanntesten Titel aus dem bisherigen Lebenswerk der burgenl\u00e4ndischen Krowodnrocker, die in den 80-er Jahren des vorigen Jahrhunderts auf vielen \u00f6sterreichischen Festivalb\u00fchnen verbreitet wurden und hitverd\u00e4chtig durch \u00f6sterreichische Radios schwirrten. Auf Haydns Spuren \u2013 der sich ebenso wie BRUJI durch kroatische Volkslieder inspirieren lie\u00df &#8211; wandeln BRUJI mit ihren neuen Kompositionen ins 21. Jahrhundert. Mitrei\u00dfender Krowodnrock, halt. Kinder, passt auf eure Eltern auf! (oder Kinder haften f\u00fcr ihre Eltern?)<\/p>\n<p><a href=\"http:\/\/www.myspace.com\/brujirock\" target=\"_blank\" rel=\"noopener\">www.myspace.com\/brujirock<\/a><br \/>\n<a href=\"http:\/\/www.youtube.com\/aprecs\" target=\"_blank\" rel=\"noopener\">www.youtube.com\/aprecs<\/a>[\/vc_column_text][\/vc_column][\/vc_row]<\/p>\n","protected":false},"excerpt":{"rendered":"<p>[vc_row][vc_column][vc_column_text]na\u00a0prijetnem farov\u0161kem dvori\u0161\u010du v \u0160entjakobu in der angenehmen Atmosph\u00e4re des Pfarrhofes St.Jakob i.R. na dan spri\u010deval\/Zeugnistag petek\/Freitag 8.7.2011 &#8211; 20.30h ob jeda\u010di in pija\u010di igrajo: BRUJI bei Spei\u00df und Trank spielen: BRUJI BRUJI \u2013 30 let Gradi\u0161\u010danskega roka Po desetletnem umetni\u0161kem molku, se je lani spet prebudila legendarna gradi\u0161\u010dansko-hrva\u0161ka rock skupina BRUJI. V osemdesetih letih prej\u0161njega stoletja, je [&hellip;]<\/p>\n","protected":false},"author":1,"featured_media":5447,"comment_status":"open","ping_status":"open","sticky":false,"template":"","format":"standard","meta":{"_acf_changed":false,"footnotes":""},"categories":[56],"tags":[62],"class_list":["post-5446","post","type-post","status-publish","format-standard","has-post-thumbnail","hentry","category-roz","tag-koncert"],"acf":[],"yoast_head":"<!-- This site is optimized with the Yoast SEO plugin v24.8.1 - https:\/\/yoast.com\/wordpress\/plugins\/seo\/ -->\n<title>Ro\u017e \u2013 open air: BRUJI - RO\u017d - Slovensko prosvetno dru\u0161tvo<\/title>\n<meta name=\"robots\" content=\"index, follow, max-snippet:-1, max-image-preview:large, max-video-preview:-1\" \/>\n<link rel=\"canonical\" href=\"https:\/\/roz.si\/news\/roz\/roz-open-air-bruji\/\" \/>\n<meta property=\"og:locale\" content=\"de_DE\" \/>\n<meta property=\"og:type\" content=\"article\" \/>\n<meta property=\"og:title\" content=\"Ro\u017e \u2013 open air: BRUJI - RO\u017d - Slovensko prosvetno dru\u0161tvo\" \/>\n<meta property=\"og:description\" content=\"[vc_row][vc_column][vc_column_text]na\u00a0prijetnem farov\u0161kem dvori\u0161\u010du v \u0160entjakobu in der angenehmen Atmosph\u00e4re des Pfarrhofes St.Jakob i.R. na dan spri\u010deval\/Zeugnistag petek\/Freitag 8.7.2011 &#8211; 20.30h ob jeda\u010di in pija\u010di igrajo: BRUJI bei Spei\u00df und Trank spielen: BRUJI BRUJI \u2013 30 let Gradi\u0161\u010danskega roka Po desetletnem umetni\u0161kem molku, se je lani spet prebudila legendarna gradi\u0161\u010dansko-hrva\u0161ka rock skupina BRUJI. V osemdesetih letih prej\u0161njega stoletja, je [&hellip;]\" \/>\n<meta property=\"og:url\" content=\"https:\/\/roz.si\/news\/roz\/roz-open-air-bruji\/\" \/>\n<meta property=\"og:site_name\" content=\"RO\u017d - Slovensko prosvetno dru\u0161tvo\" \/>\n<meta property=\"article:published_time\" content=\"2021-03-03T08:14:04+00:00\" \/>\n<meta property=\"og:image\" content=\"https:\/\/roz.si\/wp-content\/uploads\/2021\/03\/csm_BRUJI_small_8630afc9e6.jpg\" \/>\n\t<meta property=\"og:image:width\" content=\"496\" \/>\n\t<meta property=\"og:image:height\" content=\"600\" \/>\n\t<meta property=\"og:image:type\" content=\"image\/jpeg\" \/>\n<meta name=\"author\" content=\"polonajencic@gmail.com\" \/>\n<meta name=\"twitter:card\" content=\"summary_large_image\" \/>\n<meta name=\"twitter:label1\" content=\"Verfasst von\" \/>\n\t<meta name=\"twitter:data1\" content=\"polonajencic@gmail.com\" \/>\n\t<meta name=\"twitter:label2\" content=\"Gesch\u00e4tzte Lesezeit\" \/>\n\t<meta name=\"twitter:data2\" content=\"1\u00a0Minute\" \/>\n<script type=\"application\/ld+json\" class=\"yoast-schema-graph\">{\"@context\":\"https:\/\/schema.org\",\"@graph\":[{\"@type\":\"Article\",\"@id\":\"https:\/\/roz.si\/news\/roz\/roz-open-air-bruji\/#article\",\"isPartOf\":{\"@id\":\"https:\/\/roz.si\/news\/roz\/roz-open-air-bruji\/\"},\"author\":{\"name\":\"polonajencic@gmail.com\",\"@id\":\"https:\/\/roz.si\/#\/schema\/person\/c17674bb115dc13e5ac70b99a5fe7d4e\"},\"headline\":\"Ro\u017e \u2013 open air: BRUJI\",\"datePublished\":\"2021-03-03T08:14:04+00:00\",\"mainEntityOfPage\":{\"@id\":\"https:\/\/roz.si\/news\/roz\/roz-open-air-bruji\/\"},\"wordCount\":300,\"commentCount\":0,\"publisher\":{\"@id\":\"https:\/\/roz.si\/#organization\"},\"image\":{\"@id\":\"https:\/\/roz.si\/news\/roz\/roz-open-air-bruji\/#primaryimage\"},\"thumbnailUrl\":\"https:\/\/roz.si\/wp-content\/uploads\/2021\/03\/csm_BRUJI_small_8630afc9e6.jpg\",\"keywords\":[\"Koncert\"],\"articleSection\":[\"ro\u017e\"],\"inLanguage\":\"de\",\"potentialAction\":[{\"@type\":\"CommentAction\",\"name\":\"Comment\",\"target\":[\"https:\/\/roz.si\/news\/roz\/roz-open-air-bruji\/#respond\"]}]},{\"@type\":\"WebPage\",\"@id\":\"https:\/\/roz.si\/news\/roz\/roz-open-air-bruji\/\",\"url\":\"https:\/\/roz.si\/news\/roz\/roz-open-air-bruji\/\",\"name\":\"Ro\u017e \u2013 open air: BRUJI - RO\u017d - Slovensko prosvetno dru\u0161tvo\",\"isPartOf\":{\"@id\":\"https:\/\/roz.si\/#website\"},\"primaryImageOfPage\":{\"@id\":\"https:\/\/roz.si\/news\/roz\/roz-open-air-bruji\/#primaryimage\"},\"image\":{\"@id\":\"https:\/\/roz.si\/news\/roz\/roz-open-air-bruji\/#primaryimage\"},\"thumbnailUrl\":\"https:\/\/roz.si\/wp-content\/uploads\/2021\/03\/csm_BRUJI_small_8630afc9e6.jpg\",\"datePublished\":\"2021-03-03T08:14:04+00:00\",\"breadcrumb\":{\"@id\":\"https:\/\/roz.si\/news\/roz\/roz-open-air-bruji\/#breadcrumb\"},\"inLanguage\":\"de\",\"potentialAction\":[{\"@type\":\"ReadAction\",\"target\":[\"https:\/\/roz.si\/news\/roz\/roz-open-air-bruji\/\"]}]},{\"@type\":\"ImageObject\",\"inLanguage\":\"de\",\"@id\":\"https:\/\/roz.si\/news\/roz\/roz-open-air-bruji\/#primaryimage\",\"url\":\"https:\/\/roz.si\/wp-content\/uploads\/2021\/03\/csm_BRUJI_small_8630afc9e6.jpg\",\"contentUrl\":\"https:\/\/roz.si\/wp-content\/uploads\/2021\/03\/csm_BRUJI_small_8630afc9e6.jpg\",\"width\":496,\"height\":600},{\"@type\":\"BreadcrumbList\",\"@id\":\"https:\/\/roz.si\/news\/roz\/roz-open-air-bruji\/#breadcrumb\",\"itemListElement\":[{\"@type\":\"ListItem\",\"position\":1,\"name\":\"Home\",\"item\":\"https:\/\/roz.si\/de\/\"},{\"@type\":\"ListItem\",\"position\":2,\"name\":\"Ro\u017e \u2013 open air: BRUJI\"}]},{\"@type\":\"WebSite\",\"@id\":\"https:\/\/roz.si\/#website\",\"url\":\"https:\/\/roz.si\/\",\"name\":\"RO\u017d - Slovensko prosvetno dru\u0161tvo\",\"description\":\"Slovensko prosvetno dru\u0161tvo Ro\u017e\",\"publisher\":{\"@id\":\"https:\/\/roz.si\/#organization\"},\"potentialAction\":[{\"@type\":\"SearchAction\",\"target\":{\"@type\":\"EntryPoint\",\"urlTemplate\":\"https:\/\/roz.si\/?s={search_term_string}\"},\"query-input\":{\"@type\":\"PropertyValueSpecification\",\"valueRequired\":true,\"valueName\":\"search_term_string\"}}],\"inLanguage\":\"de\"},{\"@type\":\"Organization\",\"@id\":\"https:\/\/roz.si\/#organization\",\"name\":\"RO\u017d - Slovensko prosvetno dru\u0161tvo\",\"url\":\"https:\/\/roz.si\/\",\"logo\":{\"@type\":\"ImageObject\",\"inLanguage\":\"de\",\"@id\":\"https:\/\/roz.si\/#\/schema\/logo\/image\/\",\"url\":\"https:\/\/roz.si\/wp-content\/uploads\/2022\/11\/ROZ_logo.ico\",\"contentUrl\":\"https:\/\/roz.si\/wp-content\/uploads\/2022\/11\/ROZ_logo.ico\",\"width\":199,\"height\":120,\"caption\":\"RO\u017d - Slovensko prosvetno dru\u0161tvo\"},\"image\":{\"@id\":\"https:\/\/roz.si\/#\/schema\/logo\/image\/\"}},{\"@type\":\"Person\",\"@id\":\"https:\/\/roz.si\/#\/schema\/person\/c17674bb115dc13e5ac70b99a5fe7d4e\",\"name\":\"polonajencic@gmail.com\",\"image\":{\"@type\":\"ImageObject\",\"inLanguage\":\"de\",\"@id\":\"https:\/\/roz.si\/#\/schema\/person\/image\/\",\"url\":\"https:\/\/secure.gravatar.com\/avatar\/7bdbe1292afd0a9772e0f495079f8ef952b2320efdaed099df74beba51b524fc?s=96&d=mm&r=g\",\"contentUrl\":\"https:\/\/secure.gravatar.com\/avatar\/7bdbe1292afd0a9772e0f495079f8ef952b2320efdaed099df74beba51b524fc?s=96&d=mm&r=g\",\"caption\":\"polonajencic@gmail.com\"},\"sameAs\":[\"http:\/\/roz.si\"],\"url\":\"https:\/\/roz.si\/de\/author\/polonajencicgmail-com\/\"}]}<\/script>\n<!-- \/ Yoast SEO plugin. -->","yoast_head_json":{"title":"Ro\u017e \u2013 open air: BRUJI - RO\u017d - Slovensko prosvetno dru\u0161tvo","robots":{"index":"index","follow":"follow","max-snippet":"max-snippet:-1","max-image-preview":"max-image-preview:large","max-video-preview":"max-video-preview:-1"},"canonical":"https:\/\/roz.si\/news\/roz\/roz-open-air-bruji\/","og_locale":"de_DE","og_type":"article","og_title":"Ro\u017e \u2013 open air: BRUJI - RO\u017d - Slovensko prosvetno dru\u0161tvo","og_description":"[vc_row][vc_column][vc_column_text]na\u00a0prijetnem farov\u0161kem dvori\u0161\u010du v \u0160entjakobu in der angenehmen Atmosph\u00e4re des Pfarrhofes St.Jakob i.R. na dan spri\u010deval\/Zeugnistag petek\/Freitag 8.7.2011 &#8211; 20.30h ob jeda\u010di in pija\u010di igrajo: BRUJI bei Spei\u00df und Trank spielen: BRUJI BRUJI \u2013 30 let Gradi\u0161\u010danskega roka Po desetletnem umetni\u0161kem molku, se je lani spet prebudila legendarna gradi\u0161\u010dansko-hrva\u0161ka rock skupina BRUJI. V osemdesetih letih prej\u0161njega stoletja, je [&hellip;]","og_url":"https:\/\/roz.si\/news\/roz\/roz-open-air-bruji\/","og_site_name":"RO\u017d - Slovensko prosvetno dru\u0161tvo","article_published_time":"2021-03-03T08:14:04+00:00","og_image":[{"width":496,"height":600,"url":"https:\/\/roz.si\/wp-content\/uploads\/2021\/03\/csm_BRUJI_small_8630afc9e6.jpg","type":"image\/jpeg"}],"author":"polonajencic@gmail.com","twitter_card":"summary_large_image","twitter_misc":{"Verfasst von":"polonajencic@gmail.com","Gesch\u00e4tzte Lesezeit":"1\u00a0Minute"},"schema":{"@context":"https:\/\/schema.org","@graph":[{"@type":"Article","@id":"https:\/\/roz.si\/news\/roz\/roz-open-air-bruji\/#article","isPartOf":{"@id":"https:\/\/roz.si\/news\/roz\/roz-open-air-bruji\/"},"author":{"name":"polonajencic@gmail.com","@id":"https:\/\/roz.si\/#\/schema\/person\/c17674bb115dc13e5ac70b99a5fe7d4e"},"headline":"Ro\u017e \u2013 open air: BRUJI","datePublished":"2021-03-03T08:14:04+00:00","mainEntityOfPage":{"@id":"https:\/\/roz.si\/news\/roz\/roz-open-air-bruji\/"},"wordCount":300,"commentCount":0,"publisher":{"@id":"https:\/\/roz.si\/#organization"},"image":{"@id":"https:\/\/roz.si\/news\/roz\/roz-open-air-bruji\/#primaryimage"},"thumbnailUrl":"https:\/\/roz.si\/wp-content\/uploads\/2021\/03\/csm_BRUJI_small_8630afc9e6.jpg","keywords":["Koncert"],"articleSection":["ro\u017e"],"inLanguage":"de","potentialAction":[{"@type":"CommentAction","name":"Comment","target":["https:\/\/roz.si\/news\/roz\/roz-open-air-bruji\/#respond"]}]},{"@type":"WebPage","@id":"https:\/\/roz.si\/news\/roz\/roz-open-air-bruji\/","url":"https:\/\/roz.si\/news\/roz\/roz-open-air-bruji\/","name":"Ro\u017e \u2013 open air: BRUJI - RO\u017d - Slovensko prosvetno dru\u0161tvo","isPartOf":{"@id":"https:\/\/roz.si\/#website"},"primaryImageOfPage":{"@id":"https:\/\/roz.si\/news\/roz\/roz-open-air-bruji\/#primaryimage"},"image":{"@id":"https:\/\/roz.si\/news\/roz\/roz-open-air-bruji\/#primaryimage"},"thumbnailUrl":"https:\/\/roz.si\/wp-content\/uploads\/2021\/03\/csm_BRUJI_small_8630afc9e6.jpg","datePublished":"2021-03-03T08:14:04+00:00","breadcrumb":{"@id":"https:\/\/roz.si\/news\/roz\/roz-open-air-bruji\/#breadcrumb"},"inLanguage":"de","potentialAction":[{"@type":"ReadAction","target":["https:\/\/roz.si\/news\/roz\/roz-open-air-bruji\/"]}]},{"@type":"ImageObject","inLanguage":"de","@id":"https:\/\/roz.si\/news\/roz\/roz-open-air-bruji\/#primaryimage","url":"https:\/\/roz.si\/wp-content\/uploads\/2021\/03\/csm_BRUJI_small_8630afc9e6.jpg","contentUrl":"https:\/\/roz.si\/wp-content\/uploads\/2021\/03\/csm_BRUJI_small_8630afc9e6.jpg","width":496,"height":600},{"@type":"BreadcrumbList","@id":"https:\/\/roz.si\/news\/roz\/roz-open-air-bruji\/#breadcrumb","itemListElement":[{"@type":"ListItem","position":1,"name":"Home","item":"https:\/\/roz.si\/de\/"},{"@type":"ListItem","position":2,"name":"Ro\u017e \u2013 open air: BRUJI"}]},{"@type":"WebSite","@id":"https:\/\/roz.si\/#website","url":"https:\/\/roz.si\/","name":"RO\u017d - Slovensko prosvetno dru\u0161tvo","description":"Slovensko prosvetno dru\u0161tvo Ro\u017e","publisher":{"@id":"https:\/\/roz.si\/#organization"},"potentialAction":[{"@type":"SearchAction","target":{"@type":"EntryPoint","urlTemplate":"https:\/\/roz.si\/?s={search_term_string}"},"query-input":{"@type":"PropertyValueSpecification","valueRequired":true,"valueName":"search_term_string"}}],"inLanguage":"de"},{"@type":"Organization","@id":"https:\/\/roz.si\/#organization","name":"RO\u017d - Slovensko prosvetno dru\u0161tvo","url":"https:\/\/roz.si\/","logo":{"@type":"ImageObject","inLanguage":"de","@id":"https:\/\/roz.si\/#\/schema\/logo\/image\/","url":"https:\/\/roz.si\/wp-content\/uploads\/2022\/11\/ROZ_logo.ico","contentUrl":"https:\/\/roz.si\/wp-content\/uploads\/2022\/11\/ROZ_logo.ico","width":199,"height":120,"caption":"RO\u017d - Slovensko prosvetno dru\u0161tvo"},"image":{"@id":"https:\/\/roz.si\/#\/schema\/logo\/image\/"}},{"@type":"Person","@id":"https:\/\/roz.si\/#\/schema\/person\/c17674bb115dc13e5ac70b99a5fe7d4e","name":"polonajencic@gmail.com","image":{"@type":"ImageObject","inLanguage":"de","@id":"https:\/\/roz.si\/#\/schema\/person\/image\/","url":"https:\/\/secure.gravatar.com\/avatar\/7bdbe1292afd0a9772e0f495079f8ef952b2320efdaed099df74beba51b524fc?s=96&d=mm&r=g","contentUrl":"https:\/\/secure.gravatar.com\/avatar\/7bdbe1292afd0a9772e0f495079f8ef952b2320efdaed099df74beba51b524fc?s=96&d=mm&r=g","caption":"polonajencic@gmail.com"},"sameAs":["http:\/\/roz.si"],"url":"https:\/\/roz.si\/de\/author\/polonajencicgmail-com\/"}]}},"_links":{"self":[{"href":"https:\/\/roz.si\/de\/wp-json\/wp\/v2\/posts\/5446","targetHints":{"allow":["GET"]}}],"collection":[{"href":"https:\/\/roz.si\/de\/wp-json\/wp\/v2\/posts"}],"about":[{"href":"https:\/\/roz.si\/de\/wp-json\/wp\/v2\/types\/post"}],"author":[{"embeddable":true,"href":"https:\/\/roz.si\/de\/wp-json\/wp\/v2\/users\/1"}],"replies":[{"embeddable":true,"href":"https:\/\/roz.si\/de\/wp-json\/wp\/v2\/comments?post=5446"}],"version-history":[{"count":1,"href":"https:\/\/roz.si\/de\/wp-json\/wp\/v2\/posts\/5446\/revisions"}],"predecessor-version":[{"id":5449,"href":"https:\/\/roz.si\/de\/wp-json\/wp\/v2\/posts\/5446\/revisions\/5449"}],"wp:featuredmedia":[{"embeddable":true,"href":"https:\/\/roz.si\/de\/wp-json\/wp\/v2\/media\/5447"}],"wp:attachment":[{"href":"https:\/\/roz.si\/de\/wp-json\/wp\/v2\/media?parent=5446"}],"wp:term":[{"taxonomy":"category","embeddable":true,"href":"https:\/\/roz.si\/de\/wp-json\/wp\/v2\/categories?post=5446"},{"taxonomy":"post_tag","embeddable":true,"href":"https:\/\/roz.si\/de\/wp-json\/wp\/v2\/tags?post=5446"}],"curies":[{"name":"wp","href":"https:\/\/api.w.org\/{rel}","templated":true}]}}