{"id":5454,"date":"2021-03-03T08:18:51","date_gmt":"2021-03-03T08:18:51","guid":{"rendered":"http:\/\/roz.si\/?p=5454"},"modified":"2021-03-03T08:18:51","modified_gmt":"2021-03-03T08:18:51","slug":"posocje-v-sozvocju-tasten-stimmen-in-harmonie","status":"publish","type":"post","link":"https:\/\/roz.si\/de\/news\/roz\/posocje-v-sozvocju-tasten-stimmen-in-harmonie\/","title":{"rendered":"POSO\u010cJE V SOZVO\u010cJU \/ TASTEN &#038; STIMMEN in HARMONIE"},"content":{"rendered":"<p>[vc_row][vc_column][vc_column_text]<b>petek\/Freitag, 16.9. &#8211; 19.30h<\/b><\/p>\n<p><i>podru\u017ena cerkev \u0160entpeter<br \/>\nFilialkirche St.Peter bei St.Jakob i.R.<\/i><br \/>\n<b><br \/>\nACCORDION ORCHESTRA 4-8-8-16 \u2013 dir.: A. Ipavec<br \/>\nMUSICA VIVA \u2013 komorni zbor\/Kammerchor \u2013 dir.: E. Bizjak<\/b><\/p>\n<p>Accordion Orchestra 4-8-8-16, deluje \u017ee vrsto let na pobudo prof. Aleksandra Ipavca, ki ga pri nas\u00a0 poznamo kot harmonika\u0161a zasedbe ETNOPLO\u010c. Orkester je sodeloval na raznih presti\u017enih mednarodnih tekmovanjih in dosegel odli\u010dne uspehe.<\/p>\n<p>2006 je prejel 2. nagrado na evropskem tekmovanju v Pragi; leta 2008 1. absolutno mesto na mednarodnem tekmovanju v Castelfidardu, IT.<\/p>\n<p>Pred kratkim je orkester izdal zgo\u0161\u010denko z naslovom Pi\u0161kice, Pulcini, Chicks s skladbami iz originalnega repertoarja za harmonikarski orkester, izvirnimi skladbami A. Ipavca in z ljudskimi priredbami pri katerih sodeluje komorni zbor Musica Viva iz Tolmina, pod vodstvom prof. Erike Bizjak.<\/p>\n<hr \/>\n<p>Das ACCORDION ORCHESTRA 4-8-8-16 wurde vor etlichen Jahren von Prof. Aleksander Ipavec gegr\u00fcndet. Aleksander Ipavec ist in unseren Breiten als Akkordeonist der Gruppe ETNOPLO\u010c bekannt.<\/p>\n<p>Das Orchester errang bei internationalen Wettbewerben hervorragende Ergebnisse: 2006 erhielt es den 2. Preis am europ\u00e4ischen Wettbewerb in Prag, 2008 den 1. Preis am internationalen Wettbewerb in Castelfidalen, Italien. Vor kurzem erschien eine CD mit dem Titel Pi\u0161kice Pulcini Chicks mit Kompositionen f\u00fcr das Harmonikaorchester, Eigenkompositionen von Prof. Ipavec und Volksweisen.<\/p>\n<p>Mit dabei ist der Kammerchor MUSICA VIVA aus Tolmin unter der Leitung von Prof. Erika Bizjak.[\/vc_column_text][\/vc_column][\/vc_row]<\/p>\n","protected":false},"excerpt":{"rendered":"<p>[vc_row][vc_column][vc_column_text]petek\/Freitag, 16.9. &#8211; 19.30h podru\u017ena cerkev \u0160entpeter Filialkirche St.Peter bei St.Jakob i.R. ACCORDION ORCHESTRA 4-8-8-16 \u2013 dir.: A. Ipavec MUSICA VIVA \u2013 komorni zbor\/Kammerchor \u2013 dir.: E. Bizjak Accordion Orchestra 4-8-8-16, deluje \u017ee vrsto let na pobudo prof. Aleksandra Ipavca, ki ga pri nas\u00a0 poznamo kot harmonika\u0161a zasedbe ETNOPLO\u010c. Orkester je sodeloval na raznih presti\u017enih mednarodnih tekmovanjih in [&hellip;]<\/p>\n","protected":false},"author":1,"featured_media":5455,"comment_status":"open","ping_status":"open","sticky":false,"template":"","format":"standard","meta":{"_acf_changed":false,"footnotes":""},"categories":[56],"tags":[62],"class_list":["post-5454","post","type-post","status-publish","format-standard","has-post-thumbnail","hentry","category-roz","tag-koncert"],"acf":[],"yoast_head":"<!-- This site is optimized with the Yoast SEO plugin v24.8.1 - https:\/\/yoast.com\/wordpress\/plugins\/seo\/ -->\n<title>POSO\u010cJE V SOZVO\u010cJU \/ TASTEN &amp; STIMMEN in HARMONIE - RO\u017d - Slovensko prosvetno dru\u0161tvo<\/title>\n<meta name=\"robots\" content=\"index, follow, max-snippet:-1, max-image-preview:large, max-video-preview:-1\" \/>\n<link rel=\"canonical\" href=\"https:\/\/roz.si\/news\/roz\/posocje-v-sozvocju-tasten-stimmen-in-harmonie\/\" \/>\n<meta property=\"og:locale\" content=\"de_DE\" \/>\n<meta property=\"og:type\" content=\"article\" \/>\n<meta property=\"og:title\" content=\"POSO\u010cJE V SOZVO\u010cJU \/ TASTEN &amp; STIMMEN in HARMONIE - RO\u017d - Slovensko prosvetno dru\u0161tvo\" \/>\n<meta property=\"og:description\" content=\"[vc_row][vc_column][vc_column_text]petek\/Freitag, 16.9. &#8211; 19.30h podru\u017ena cerkev \u0160entpeter Filialkirche St.Peter bei St.Jakob i.R. ACCORDION ORCHESTRA 4-8-8-16 \u2013 dir.: A. Ipavec MUSICA VIVA \u2013 komorni zbor\/Kammerchor \u2013 dir.: E. Bizjak Accordion Orchestra 4-8-8-16, deluje \u017ee vrsto let na pobudo prof. Aleksandra Ipavca, ki ga pri nas\u00a0 poznamo kot harmonika\u0161a zasedbe ETNOPLO\u010c. Orkester je sodeloval na raznih presti\u017enih mednarodnih tekmovanjih in [&hellip;]\" \/>\n<meta property=\"og:url\" content=\"https:\/\/roz.si\/news\/roz\/posocje-v-sozvocju-tasten-stimmen-in-harmonie\/\" \/>\n<meta property=\"og:site_name\" content=\"RO\u017d - Slovensko prosvetno dru\u0161tvo\" \/>\n<meta property=\"article:published_time\" content=\"2021-03-03T08:18:51+00:00\" \/>\n<meta property=\"og:image\" content=\"https:\/\/roz.si\/wp-content\/uploads\/2021\/03\/Posocje_427x600.jpg\" \/>\n\t<meta property=\"og:image:width\" content=\"427\" \/>\n\t<meta property=\"og:image:height\" content=\"600\" \/>\n\t<meta property=\"og:image:type\" content=\"image\/jpeg\" \/>\n<meta name=\"author\" content=\"polonajencic@gmail.com\" \/>\n<meta name=\"twitter:card\" content=\"summary_large_image\" \/>\n<meta name=\"twitter:label1\" content=\"Verfasst von\" \/>\n\t<meta name=\"twitter:data1\" content=\"polonajencic@gmail.com\" \/>\n\t<meta name=\"twitter:label2\" content=\"Gesch\u00e4tzte Lesezeit\" \/>\n\t<meta name=\"twitter:data2\" content=\"1\u00a0Minute\" \/>\n<script type=\"application\/ld+json\" class=\"yoast-schema-graph\">{\"@context\":\"https:\/\/schema.org\",\"@graph\":[{\"@type\":\"Article\",\"@id\":\"https:\/\/roz.si\/news\/roz\/posocje-v-sozvocju-tasten-stimmen-in-harmonie\/#article\",\"isPartOf\":{\"@id\":\"https:\/\/roz.si\/news\/roz\/posocje-v-sozvocju-tasten-stimmen-in-harmonie\/\"},\"author\":{\"name\":\"polonajencic@gmail.com\",\"@id\":\"https:\/\/roz.si\/#\/schema\/person\/c17674bb115dc13e5ac70b99a5fe7d4e\"},\"headline\":\"POSO\u010cJE V SOZVO\u010cJU \/ TASTEN &#038; STIMMEN in HARMONIE\",\"datePublished\":\"2021-03-03T08:18:51+00:00\",\"mainEntityOfPage\":{\"@id\":\"https:\/\/roz.si\/news\/roz\/posocje-v-sozvocju-tasten-stimmen-in-harmonie\/\"},\"wordCount\":247,\"commentCount\":0,\"publisher\":{\"@id\":\"https:\/\/roz.si\/#organization\"},\"image\":{\"@id\":\"https:\/\/roz.si\/news\/roz\/posocje-v-sozvocju-tasten-stimmen-in-harmonie\/#primaryimage\"},\"thumbnailUrl\":\"https:\/\/roz.si\/wp-content\/uploads\/2021\/03\/Posocje_427x600.jpg\",\"keywords\":[\"Koncert\"],\"articleSection\":[\"ro\u017e\"],\"inLanguage\":\"de\",\"potentialAction\":[{\"@type\":\"CommentAction\",\"name\":\"Comment\",\"target\":[\"https:\/\/roz.si\/news\/roz\/posocje-v-sozvocju-tasten-stimmen-in-harmonie\/#respond\"]}]},{\"@type\":\"WebPage\",\"@id\":\"https:\/\/roz.si\/news\/roz\/posocje-v-sozvocju-tasten-stimmen-in-harmonie\/\",\"url\":\"https:\/\/roz.si\/news\/roz\/posocje-v-sozvocju-tasten-stimmen-in-harmonie\/\",\"name\":\"POSO\u010cJE V SOZVO\u010cJU \/ TASTEN & STIMMEN in HARMONIE - RO\u017d - Slovensko prosvetno dru\u0161tvo\",\"isPartOf\":{\"@id\":\"https:\/\/roz.si\/#website\"},\"primaryImageOfPage\":{\"@id\":\"https:\/\/roz.si\/news\/roz\/posocje-v-sozvocju-tasten-stimmen-in-harmonie\/#primaryimage\"},\"image\":{\"@id\":\"https:\/\/roz.si\/news\/roz\/posocje-v-sozvocju-tasten-stimmen-in-harmonie\/#primaryimage\"},\"thumbnailUrl\":\"https:\/\/roz.si\/wp-content\/uploads\/2021\/03\/Posocje_427x600.jpg\",\"datePublished\":\"2021-03-03T08:18:51+00:00\",\"breadcrumb\":{\"@id\":\"https:\/\/roz.si\/news\/roz\/posocje-v-sozvocju-tasten-stimmen-in-harmonie\/#breadcrumb\"},\"inLanguage\":\"de\",\"potentialAction\":[{\"@type\":\"ReadAction\",\"target\":[\"https:\/\/roz.si\/news\/roz\/posocje-v-sozvocju-tasten-stimmen-in-harmonie\/\"]}]},{\"@type\":\"ImageObject\",\"inLanguage\":\"de\",\"@id\":\"https:\/\/roz.si\/news\/roz\/posocje-v-sozvocju-tasten-stimmen-in-harmonie\/#primaryimage\",\"url\":\"https:\/\/roz.si\/wp-content\/uploads\/2021\/03\/Posocje_427x600.jpg\",\"contentUrl\":\"https:\/\/roz.si\/wp-content\/uploads\/2021\/03\/Posocje_427x600.jpg\",\"width\":427,\"height\":600},{\"@type\":\"BreadcrumbList\",\"@id\":\"https:\/\/roz.si\/news\/roz\/posocje-v-sozvocju-tasten-stimmen-in-harmonie\/#breadcrumb\",\"itemListElement\":[{\"@type\":\"ListItem\",\"position\":1,\"name\":\"Home\",\"item\":\"https:\/\/roz.si\/de\/\"},{\"@type\":\"ListItem\",\"position\":2,\"name\":\"POSO\u010cJE V SOZVO\u010cJU \/ TASTEN &#038; STIMMEN in HARMONIE\"}]},{\"@type\":\"WebSite\",\"@id\":\"https:\/\/roz.si\/#website\",\"url\":\"https:\/\/roz.si\/\",\"name\":\"RO\u017d - Slovensko prosvetno dru\u0161tvo\",\"description\":\"Slovensko prosvetno dru\u0161tvo Ro\u017e\",\"publisher\":{\"@id\":\"https:\/\/roz.si\/#organization\"},\"potentialAction\":[{\"@type\":\"SearchAction\",\"target\":{\"@type\":\"EntryPoint\",\"urlTemplate\":\"https:\/\/roz.si\/?s={search_term_string}\"},\"query-input\":{\"@type\":\"PropertyValueSpecification\",\"valueRequired\":true,\"valueName\":\"search_term_string\"}}],\"inLanguage\":\"de\"},{\"@type\":\"Organization\",\"@id\":\"https:\/\/roz.si\/#organization\",\"name\":\"RO\u017d - Slovensko prosvetno dru\u0161tvo\",\"url\":\"https:\/\/roz.si\/\",\"logo\":{\"@type\":\"ImageObject\",\"inLanguage\":\"de\",\"@id\":\"https:\/\/roz.si\/#\/schema\/logo\/image\/\",\"url\":\"https:\/\/roz.si\/wp-content\/uploads\/2022\/11\/ROZ_logo.ico\",\"contentUrl\":\"https:\/\/roz.si\/wp-content\/uploads\/2022\/11\/ROZ_logo.ico\",\"width\":199,\"height\":120,\"caption\":\"RO\u017d - Slovensko prosvetno dru\u0161tvo\"},\"image\":{\"@id\":\"https:\/\/roz.si\/#\/schema\/logo\/image\/\"}},{\"@type\":\"Person\",\"@id\":\"https:\/\/roz.si\/#\/schema\/person\/c17674bb115dc13e5ac70b99a5fe7d4e\",\"name\":\"polonajencic@gmail.com\",\"image\":{\"@type\":\"ImageObject\",\"inLanguage\":\"de\",\"@id\":\"https:\/\/roz.si\/#\/schema\/person\/image\/\",\"url\":\"https:\/\/secure.gravatar.com\/avatar\/7bdbe1292afd0a9772e0f495079f8ef952b2320efdaed099df74beba51b524fc?s=96&d=mm&r=g\",\"contentUrl\":\"https:\/\/secure.gravatar.com\/avatar\/7bdbe1292afd0a9772e0f495079f8ef952b2320efdaed099df74beba51b524fc?s=96&d=mm&r=g\",\"caption\":\"polonajencic@gmail.com\"},\"sameAs\":[\"http:\/\/roz.si\"],\"url\":\"https:\/\/roz.si\/de\/author\/polonajencicgmail-com\/\"}]}<\/script>\n<!-- \/ Yoast SEO plugin. -->","yoast_head_json":{"title":"POSO\u010cJE V SOZVO\u010cJU \/ TASTEN & STIMMEN in HARMONIE - RO\u017d - Slovensko prosvetno dru\u0161tvo","robots":{"index":"index","follow":"follow","max-snippet":"max-snippet:-1","max-image-preview":"max-image-preview:large","max-video-preview":"max-video-preview:-1"},"canonical":"https:\/\/roz.si\/news\/roz\/posocje-v-sozvocju-tasten-stimmen-in-harmonie\/","og_locale":"de_DE","og_type":"article","og_title":"POSO\u010cJE V SOZVO\u010cJU \/ TASTEN & STIMMEN in HARMONIE - RO\u017d - Slovensko prosvetno dru\u0161tvo","og_description":"[vc_row][vc_column][vc_column_text]petek\/Freitag, 16.9. &#8211; 19.30h podru\u017ena cerkev \u0160entpeter Filialkirche St.Peter bei St.Jakob i.R. ACCORDION ORCHESTRA 4-8-8-16 \u2013 dir.: A. Ipavec MUSICA VIVA \u2013 komorni zbor\/Kammerchor \u2013 dir.: E. Bizjak Accordion Orchestra 4-8-8-16, deluje \u017ee vrsto let na pobudo prof. Aleksandra Ipavca, ki ga pri nas\u00a0 poznamo kot harmonika\u0161a zasedbe ETNOPLO\u010c. Orkester je sodeloval na raznih presti\u017enih mednarodnih tekmovanjih in [&hellip;]","og_url":"https:\/\/roz.si\/news\/roz\/posocje-v-sozvocju-tasten-stimmen-in-harmonie\/","og_site_name":"RO\u017d - Slovensko prosvetno dru\u0161tvo","article_published_time":"2021-03-03T08:18:51+00:00","og_image":[{"width":427,"height":600,"url":"https:\/\/roz.si\/wp-content\/uploads\/2021\/03\/Posocje_427x600.jpg","type":"image\/jpeg"}],"author":"polonajencic@gmail.com","twitter_card":"summary_large_image","twitter_misc":{"Verfasst von":"polonajencic@gmail.com","Gesch\u00e4tzte Lesezeit":"1\u00a0Minute"},"schema":{"@context":"https:\/\/schema.org","@graph":[{"@type":"Article","@id":"https:\/\/roz.si\/news\/roz\/posocje-v-sozvocju-tasten-stimmen-in-harmonie\/#article","isPartOf":{"@id":"https:\/\/roz.si\/news\/roz\/posocje-v-sozvocju-tasten-stimmen-in-harmonie\/"},"author":{"name":"polonajencic@gmail.com","@id":"https:\/\/roz.si\/#\/schema\/person\/c17674bb115dc13e5ac70b99a5fe7d4e"},"headline":"POSO\u010cJE V SOZVO\u010cJU \/ TASTEN &#038; STIMMEN in HARMONIE","datePublished":"2021-03-03T08:18:51+00:00","mainEntityOfPage":{"@id":"https:\/\/roz.si\/news\/roz\/posocje-v-sozvocju-tasten-stimmen-in-harmonie\/"},"wordCount":247,"commentCount":0,"publisher":{"@id":"https:\/\/roz.si\/#organization"},"image":{"@id":"https:\/\/roz.si\/news\/roz\/posocje-v-sozvocju-tasten-stimmen-in-harmonie\/#primaryimage"},"thumbnailUrl":"https:\/\/roz.si\/wp-content\/uploads\/2021\/03\/Posocje_427x600.jpg","keywords":["Koncert"],"articleSection":["ro\u017e"],"inLanguage":"de","potentialAction":[{"@type":"CommentAction","name":"Comment","target":["https:\/\/roz.si\/news\/roz\/posocje-v-sozvocju-tasten-stimmen-in-harmonie\/#respond"]}]},{"@type":"WebPage","@id":"https:\/\/roz.si\/news\/roz\/posocje-v-sozvocju-tasten-stimmen-in-harmonie\/","url":"https:\/\/roz.si\/news\/roz\/posocje-v-sozvocju-tasten-stimmen-in-harmonie\/","name":"POSO\u010cJE V SOZVO\u010cJU \/ TASTEN & STIMMEN in HARMONIE - RO\u017d - Slovensko prosvetno dru\u0161tvo","isPartOf":{"@id":"https:\/\/roz.si\/#website"},"primaryImageOfPage":{"@id":"https:\/\/roz.si\/news\/roz\/posocje-v-sozvocju-tasten-stimmen-in-harmonie\/#primaryimage"},"image":{"@id":"https:\/\/roz.si\/news\/roz\/posocje-v-sozvocju-tasten-stimmen-in-harmonie\/#primaryimage"},"thumbnailUrl":"https:\/\/roz.si\/wp-content\/uploads\/2021\/03\/Posocje_427x600.jpg","datePublished":"2021-03-03T08:18:51+00:00","breadcrumb":{"@id":"https:\/\/roz.si\/news\/roz\/posocje-v-sozvocju-tasten-stimmen-in-harmonie\/#breadcrumb"},"inLanguage":"de","potentialAction":[{"@type":"ReadAction","target":["https:\/\/roz.si\/news\/roz\/posocje-v-sozvocju-tasten-stimmen-in-harmonie\/"]}]},{"@type":"ImageObject","inLanguage":"de","@id":"https:\/\/roz.si\/news\/roz\/posocje-v-sozvocju-tasten-stimmen-in-harmonie\/#primaryimage","url":"https:\/\/roz.si\/wp-content\/uploads\/2021\/03\/Posocje_427x600.jpg","contentUrl":"https:\/\/roz.si\/wp-content\/uploads\/2021\/03\/Posocje_427x600.jpg","width":427,"height":600},{"@type":"BreadcrumbList","@id":"https:\/\/roz.si\/news\/roz\/posocje-v-sozvocju-tasten-stimmen-in-harmonie\/#breadcrumb","itemListElement":[{"@type":"ListItem","position":1,"name":"Home","item":"https:\/\/roz.si\/de\/"},{"@type":"ListItem","position":2,"name":"POSO\u010cJE V SOZVO\u010cJU \/ TASTEN &#038; STIMMEN in HARMONIE"}]},{"@type":"WebSite","@id":"https:\/\/roz.si\/#website","url":"https:\/\/roz.si\/","name":"RO\u017d - Slovensko prosvetno dru\u0161tvo","description":"Slovensko prosvetno dru\u0161tvo Ro\u017e","publisher":{"@id":"https:\/\/roz.si\/#organization"},"potentialAction":[{"@type":"SearchAction","target":{"@type":"EntryPoint","urlTemplate":"https:\/\/roz.si\/?s={search_term_string}"},"query-input":{"@type":"PropertyValueSpecification","valueRequired":true,"valueName":"search_term_string"}}],"inLanguage":"de"},{"@type":"Organization","@id":"https:\/\/roz.si\/#organization","name":"RO\u017d - Slovensko prosvetno dru\u0161tvo","url":"https:\/\/roz.si\/","logo":{"@type":"ImageObject","inLanguage":"de","@id":"https:\/\/roz.si\/#\/schema\/logo\/image\/","url":"https:\/\/roz.si\/wp-content\/uploads\/2022\/11\/ROZ_logo.ico","contentUrl":"https:\/\/roz.si\/wp-content\/uploads\/2022\/11\/ROZ_logo.ico","width":199,"height":120,"caption":"RO\u017d - Slovensko prosvetno dru\u0161tvo"},"image":{"@id":"https:\/\/roz.si\/#\/schema\/logo\/image\/"}},{"@type":"Person","@id":"https:\/\/roz.si\/#\/schema\/person\/c17674bb115dc13e5ac70b99a5fe7d4e","name":"polonajencic@gmail.com","image":{"@type":"ImageObject","inLanguage":"de","@id":"https:\/\/roz.si\/#\/schema\/person\/image\/","url":"https:\/\/secure.gravatar.com\/avatar\/7bdbe1292afd0a9772e0f495079f8ef952b2320efdaed099df74beba51b524fc?s=96&d=mm&r=g","contentUrl":"https:\/\/secure.gravatar.com\/avatar\/7bdbe1292afd0a9772e0f495079f8ef952b2320efdaed099df74beba51b524fc?s=96&d=mm&r=g","caption":"polonajencic@gmail.com"},"sameAs":["http:\/\/roz.si"],"url":"https:\/\/roz.si\/de\/author\/polonajencicgmail-com\/"}]}},"_links":{"self":[{"href":"https:\/\/roz.si\/de\/wp-json\/wp\/v2\/posts\/5454","targetHints":{"allow":["GET"]}}],"collection":[{"href":"https:\/\/roz.si\/de\/wp-json\/wp\/v2\/posts"}],"about":[{"href":"https:\/\/roz.si\/de\/wp-json\/wp\/v2\/types\/post"}],"author":[{"embeddable":true,"href":"https:\/\/roz.si\/de\/wp-json\/wp\/v2\/users\/1"}],"replies":[{"embeddable":true,"href":"https:\/\/roz.si\/de\/wp-json\/wp\/v2\/comments?post=5454"}],"version-history":[{"count":1,"href":"https:\/\/roz.si\/de\/wp-json\/wp\/v2\/posts\/5454\/revisions"}],"predecessor-version":[{"id":5457,"href":"https:\/\/roz.si\/de\/wp-json\/wp\/v2\/posts\/5454\/revisions\/5457"}],"wp:featuredmedia":[{"embeddable":true,"href":"https:\/\/roz.si\/de\/wp-json\/wp\/v2\/media\/5455"}],"wp:attachment":[{"href":"https:\/\/roz.si\/de\/wp-json\/wp\/v2\/media?parent=5454"}],"wp:term":[{"taxonomy":"category","embeddable":true,"href":"https:\/\/roz.si\/de\/wp-json\/wp\/v2\/categories?post=5454"},{"taxonomy":"post_tag","embeddable":true,"href":"https:\/\/roz.si\/de\/wp-json\/wp\/v2\/tags?post=5454"}],"curies":[{"name":"wp","href":"https:\/\/api.w.org\/{rel}","templated":true}]}}