{"id":5462,"date":"2021-03-03T08:22:53","date_gmt":"2021-03-03T08:22:53","guid":{"rendered":"http:\/\/roz.si\/?p=5462"},"modified":"2021-03-03T08:22:53","modified_gmt":"2021-03-03T08:22:53","slug":"simpozij-in-koncert-ob-100-letnici-skladatelja-antona-nageleta","status":"publish","type":"post","link":"https:\/\/roz.si\/de\/news\/roz\/simpozij-in-koncert-ob-100-letnici-skladatelja-antona-nageleta\/","title":{"rendered":"Simpozij in koncert ob 100-letnici skladatelja ANTONA NAGELETA"},"content":{"rendered":"<p>[vc_row][vc_column][vc_column_text]<b>Nedelja 23.10.2011<\/b><\/p>\n<p><b><i>16.00<br \/>\nsimpozij v Ra\u017eunovi dvorani v \u0160t. Petru<\/i><\/b><br \/>\n<i>PREDAVATELJI:<\/i>\u00a0Jasna Nemec Novak, Nu\u017eej Tolmajer, Egi Ga\u0161per\u0161i\u010d, Miha Vrbinc, Andrej Misson, Jo\u017eko Kert, Karli Krautzer, Franci Serajnik<\/p>\n<p><b><i>19.30<br \/>\nKoncert v kapeli \u0161olskih sester v \u0160t. Petru<\/i><\/b><br \/>\n<i>NASTOPAJO:<\/i>\u00a0CePZ \u0160t. Jakob, CePZ Prevalje, Bernarda Fink, Marko Fink, MePZ Danica, skupina akzent, MePZ Koledva Kropa, Nata\u0161a Valant &#8211; klavir, Sa\u0161a Kassl &#8211; orgle<br \/>\n<i>POVEZAVA:<\/i>\u00a0Danica Thaler-Urschitz<br \/>\n<b><\/b><\/p>\n<p>ANTON NAGELE &#8211; \u017eivljenje in delo<\/p>\n<p>Vsaka obletnica nam daje prilo\u017enost, da se spomnimo osebnosti, ki so se poslovile pred nami, a nam zapustile veliko bogastvo \u2013 svoja dela.<\/p>\n<p>Tak je bil tudi Anton Nagele, rojen 16. januarja 1911 v \u0160t. Jakobu v Ro\u017eu. Po prvih korakih v Narodni \u0161oli, ki jo je z veliko ljubeznijo do svojega naroda zgradil takratni \u0161entjakobski \u017eupnik Matej Ra\u017eun, je pet let obiskoval utrakvisti\u010dno \u0161olo.<\/p>\n<p>O svoji glasbeni izobrazbi in delu je sam zapisal:<\/p>\n<p><i>\u00bbGlasbena izobrazba: pri mami (bila je organistka v \u0160entjakobu), pri pro\u0161tu Trabesingerju (takrat \u017eupnik v Podljubelju), orglarska \u0161ola v Celovcu; \u0161tudij na glasbeni akademiji na Dunaju (oddelek za cerkveno in \u0161olsko glasbo), u\u010ditelj glasbe na gimnaziji (Celovec, Spittal), vmes organist v \u0160t. Jakobu.<\/i><\/p>\n<p><i>Omenim \u0161e, da smo \u0160entjakob\u010dani bili prvi na Koro\u0161kem, ki smo peli na ljubljanskem radiu. Bili prvi, ki smo uprizorili \u00bbKova\u010devega \u0161tudenta\u00ab in \u00bbMiklav\u017e prihaja\u00ab.<\/i><\/p>\n<p><i>Takrat je bil tudi prvi skupni koncert v Borovljah, ki ga je organizirala Kr\u0161\u010danska prosveta pod dr. Vinkom Zwittrom. Dirigiral sem jaz. Bil je veli\u010dasten, velik uspeh, ker kaj takega do tedaj na na\u0161em odru \u0161e ni bilo (toliko pevcev), bil je prvi v tak\u0161nem obsegu. Sodelovali so mo\u0161ki zbori iz Ro\u017ea (Ali \u0161e drugi?).<\/i><\/p>\n<p><i>Takrat je nastal v \u0160t. Jakobu tudi cerkveni mo\u0161ki zbor. Peli smo vsako nedeljo pri ma\u0161i. U\u010dili smo se tudi narodne in peli pri igrah in drugih prireditvah.<\/i><\/p>\n<p><i>Po vojni smo za\u010deli \u2013 poleg \u017ee obstoje\u010dega me\u0161anega zbora \u2013 \u0161e z dekli\u0161kim zborom. Peli smo doma, drugod in tudi na celov\u0161kem radiu, takrat \u0161e pod \u00bbKreuzbergel\u00ab.<\/i><\/p>\n<p><i>Toliko iz mojih spominov! 12. 5. 1984\u00ab<\/i><\/p>\n<p>V tem kratkem pregledu ni\u010d ne govori o svojem skladateljskem opusu. V doma\u010dem \u0160t. Jakobu, kjer je bil organist, so njegove skladbe \u0161e poznali in peli, a drugje, z izjemo Sve\u010d, ni bil poznan, niti ni \u017eelel, da bi se njegove skladbe objavile v notnih zbirkah.<\/p>\n<p>Leta 1988 je KKZ v zbirki\u00a0<b>Zbori\u00a0<\/b>izdala izbor Nageletovih pesmi, ki jih je takrat dal na razpolago \u2013 urednik dr. Mirko Cuderman.<\/p>\n<p>Njegova \u00bbMiklova Zala\u00ab \u2013 libreto Toma\u017e Holmar, orkestracija Radovan Gobec \u2013 je zazvenela leta 1990 na prireditvi Koro\u0161ka poje ob navzo\u010dnosti obeh skladateljev.<\/p>\n<p>Po smrti Antona Nageleta, 6. marca 1992, je Kr\u0161\u010danska kulturna zveza od sorodnikov prejela njegovo zapu\u0161\u010dino. Glasbeni del je uredil Egi Ga\u0161per\u0161i\u010d. Celotni glasbeni opus Antona Nageleta je Kr\u0161\u010danska kulturna zveza izdala v slede\u010dih zbirkah:\u00a0<b>Iz srca mi vre lepa pesem \u00a0(<\/b>duhovne pesmi, 2001),\u00a0<b>V tujini doma (<\/b>samospevi, 2002),\u00a0\u00a0<b>Srce zdaj s srcem govori\u00a0<\/b>(posvetne pesmi 2003), ter\u00a0<b>Na\u0161 duh se tod iskri<\/b>\u00a0(kantata Miklova Zala in Slovenski bo\u017ei\u010d Matije Tomca \u2013 orkestracija Anton Nagele, 2005). Samospevi so posneti na zgo\u0161\u010denki\u00a0<b>Obujam spomine<\/b>\u00a0(2002).<\/p>\n<p>Leta 2004 je iz\u0161el ob\u0161irni zbornik o \u017eivljenju in delu Antona Nageleta\u00a0<b>\u017diveti ho\u010demo!,\u00a0<\/b>ki ga je \u00a0pripravila in uredila Jasna Nemec Novak.<\/p>\n<p>Simpozij v \u0160t. Petru je prilo\u017enost, da se skladatelja spomnimo in ga pobli\u017ee spoznamo. Na ve\u010dernem koncertu bomo imeli prilo\u017enost, da prisluhnemo njegovim pesmim, ki jih bodo izvajali vsi nastopajo\u010di zbori in solisti.[\/vc_column_text][\/vc_column][\/vc_row]<\/p>\n","protected":false},"excerpt":{"rendered":"<p>[vc_row][vc_column][vc_column_text]Nedelja 23.10.2011 16.00 simpozij v Ra\u017eunovi dvorani v \u0160t. Petru PREDAVATELJI:\u00a0Jasna Nemec Novak, Nu\u017eej Tolmajer, Egi Ga\u0161per\u0161i\u010d, Miha Vrbinc, Andrej Misson, Jo\u017eko Kert, Karli Krautzer, Franci Serajnik 19.30 Koncert v kapeli \u0161olskih sester v \u0160t. Petru NASTOPAJO:\u00a0CePZ \u0160t. Jakob, CePZ Prevalje, Bernarda Fink, Marko Fink, MePZ Danica, skupina akzent, MePZ Koledva Kropa, Nata\u0161a Valant &#8211; klavir, Sa\u0161a Kassl [&hellip;]<\/p>\n","protected":false},"author":1,"featured_media":5463,"comment_status":"open","ping_status":"open","sticky":false,"template":"","format":"standard","meta":{"_acf_changed":false,"footnotes":""},"categories":[56],"tags":[62],"class_list":["post-5462","post","type-post","status-publish","format-standard","has-post-thumbnail","hentry","category-roz","tag-koncert"],"acf":[],"yoast_head":"<!-- This site is optimized with the Yoast SEO plugin v24.8.1 - https:\/\/yoast.com\/wordpress\/plugins\/seo\/ -->\n<title>Simpozij in koncert ob 100-letnici skladatelja ANTONA NAGELETA - RO\u017d - Slovensko prosvetno dru\u0161tvo<\/title>\n<meta name=\"robots\" content=\"index, follow, max-snippet:-1, max-image-preview:large, max-video-preview:-1\" \/>\n<link rel=\"canonical\" href=\"https:\/\/roz.si\/news\/roz\/simpozij-in-koncert-ob-100-letnici-skladatelja-antona-nageleta\/\" \/>\n<meta property=\"og:locale\" content=\"de_DE\" \/>\n<meta property=\"og:type\" content=\"article\" \/>\n<meta property=\"og:title\" content=\"Simpozij in koncert ob 100-letnici skladatelja ANTONA NAGELETA - RO\u017d - Slovensko prosvetno dru\u0161tvo\" \/>\n<meta property=\"og:description\" content=\"[vc_row][vc_column][vc_column_text]Nedelja 23.10.2011 16.00 simpozij v Ra\u017eunovi dvorani v \u0160t. Petru PREDAVATELJI:\u00a0Jasna Nemec Novak, Nu\u017eej Tolmajer, Egi Ga\u0161per\u0161i\u010d, Miha Vrbinc, Andrej Misson, Jo\u017eko Kert, Karli Krautzer, Franci Serajnik 19.30 Koncert v kapeli \u0161olskih sester v \u0160t. Petru NASTOPAJO:\u00a0CePZ \u0160t. Jakob, CePZ Prevalje, Bernarda Fink, Marko Fink, MePZ Danica, skupina akzent, MePZ Koledva Kropa, Nata\u0161a Valant &#8211; klavir, Sa\u0161a Kassl [&hellip;]\" \/>\n<meta property=\"og:url\" content=\"https:\/\/roz.si\/news\/roz\/simpozij-in-koncert-ob-100-letnici-skladatelja-antona-nageleta\/\" \/>\n<meta property=\"og:site_name\" content=\"RO\u017d - Slovensko prosvetno dru\u0161tvo\" \/>\n<meta property=\"article:published_time\" content=\"2021-03-03T08:22:53+00:00\" \/>\n<meta property=\"og:image\" content=\"https:\/\/roz.si\/wp-content\/uploads\/2021\/03\/csm_nagele_koncert_tiskA1_43d5f34bba.gif\" \/>\n\t<meta property=\"og:image:width\" content=\"424\" \/>\n\t<meta property=\"og:image:height\" content=\"600\" \/>\n\t<meta property=\"og:image:type\" content=\"image\/gif\" \/>\n<meta name=\"author\" content=\"polonajencic@gmail.com\" \/>\n<meta name=\"twitter:card\" content=\"summary_large_image\" \/>\n<meta name=\"twitter:label1\" content=\"Verfasst von\" \/>\n\t<meta name=\"twitter:data1\" content=\"polonajencic@gmail.com\" \/>\n\t<meta name=\"twitter:label2\" content=\"Gesch\u00e4tzte Lesezeit\" \/>\n\t<meta name=\"twitter:data2\" content=\"3\u00a0Minuten\" \/>\n<script type=\"application\/ld+json\" class=\"yoast-schema-graph\">{\"@context\":\"https:\/\/schema.org\",\"@graph\":[{\"@type\":\"Article\",\"@id\":\"https:\/\/roz.si\/news\/roz\/simpozij-in-koncert-ob-100-letnici-skladatelja-antona-nageleta\/#article\",\"isPartOf\":{\"@id\":\"https:\/\/roz.si\/news\/roz\/simpozij-in-koncert-ob-100-letnici-skladatelja-antona-nageleta\/\"},\"author\":{\"name\":\"polonajencic@gmail.com\",\"@id\":\"https:\/\/roz.si\/#\/schema\/person\/c17674bb115dc13e5ac70b99a5fe7d4e\"},\"headline\":\"Simpozij in koncert ob 100-letnici skladatelja ANTONA NAGELETA\",\"datePublished\":\"2021-03-03T08:22:53+00:00\",\"mainEntityOfPage\":{\"@id\":\"https:\/\/roz.si\/news\/roz\/simpozij-in-koncert-ob-100-letnici-skladatelja-antona-nageleta\/\"},\"wordCount\":609,\"commentCount\":0,\"publisher\":{\"@id\":\"https:\/\/roz.si\/#organization\"},\"image\":{\"@id\":\"https:\/\/roz.si\/news\/roz\/simpozij-in-koncert-ob-100-letnici-skladatelja-antona-nageleta\/#primaryimage\"},\"thumbnailUrl\":\"https:\/\/roz.si\/wp-content\/uploads\/2021\/03\/csm_nagele_koncert_tiskA1_43d5f34bba.gif\",\"keywords\":[\"Koncert\"],\"articleSection\":[\"ro\u017e\"],\"inLanguage\":\"de\",\"potentialAction\":[{\"@type\":\"CommentAction\",\"name\":\"Comment\",\"target\":[\"https:\/\/roz.si\/news\/roz\/simpozij-in-koncert-ob-100-letnici-skladatelja-antona-nageleta\/#respond\"]}]},{\"@type\":\"WebPage\",\"@id\":\"https:\/\/roz.si\/news\/roz\/simpozij-in-koncert-ob-100-letnici-skladatelja-antona-nageleta\/\",\"url\":\"https:\/\/roz.si\/news\/roz\/simpozij-in-koncert-ob-100-letnici-skladatelja-antona-nageleta\/\",\"name\":\"Simpozij in koncert ob 100-letnici skladatelja ANTONA NAGELETA - RO\u017d - Slovensko prosvetno dru\u0161tvo\",\"isPartOf\":{\"@id\":\"https:\/\/roz.si\/#website\"},\"primaryImageOfPage\":{\"@id\":\"https:\/\/roz.si\/news\/roz\/simpozij-in-koncert-ob-100-letnici-skladatelja-antona-nageleta\/#primaryimage\"},\"image\":{\"@id\":\"https:\/\/roz.si\/news\/roz\/simpozij-in-koncert-ob-100-letnici-skladatelja-antona-nageleta\/#primaryimage\"},\"thumbnailUrl\":\"https:\/\/roz.si\/wp-content\/uploads\/2021\/03\/csm_nagele_koncert_tiskA1_43d5f34bba.gif\",\"datePublished\":\"2021-03-03T08:22:53+00:00\",\"breadcrumb\":{\"@id\":\"https:\/\/roz.si\/news\/roz\/simpozij-in-koncert-ob-100-letnici-skladatelja-antona-nageleta\/#breadcrumb\"},\"inLanguage\":\"de\",\"potentialAction\":[{\"@type\":\"ReadAction\",\"target\":[\"https:\/\/roz.si\/news\/roz\/simpozij-in-koncert-ob-100-letnici-skladatelja-antona-nageleta\/\"]}]},{\"@type\":\"ImageObject\",\"inLanguage\":\"de\",\"@id\":\"https:\/\/roz.si\/news\/roz\/simpozij-in-koncert-ob-100-letnici-skladatelja-antona-nageleta\/#primaryimage\",\"url\":\"https:\/\/roz.si\/wp-content\/uploads\/2021\/03\/csm_nagele_koncert_tiskA1_43d5f34bba.gif\",\"contentUrl\":\"https:\/\/roz.si\/wp-content\/uploads\/2021\/03\/csm_nagele_koncert_tiskA1_43d5f34bba.gif\",\"width\":424,\"height\":600},{\"@type\":\"BreadcrumbList\",\"@id\":\"https:\/\/roz.si\/news\/roz\/simpozij-in-koncert-ob-100-letnici-skladatelja-antona-nageleta\/#breadcrumb\",\"itemListElement\":[{\"@type\":\"ListItem\",\"position\":1,\"name\":\"Home\",\"item\":\"https:\/\/roz.si\/de\/\"},{\"@type\":\"ListItem\",\"position\":2,\"name\":\"Simpozij in koncert ob 100-letnici skladatelja ANTONA NAGELETA\"}]},{\"@type\":\"WebSite\",\"@id\":\"https:\/\/roz.si\/#website\",\"url\":\"https:\/\/roz.si\/\",\"name\":\"RO\u017d - Slovensko prosvetno dru\u0161tvo\",\"description\":\"Slovensko prosvetno dru\u0161tvo Ro\u017e\",\"publisher\":{\"@id\":\"https:\/\/roz.si\/#organization\"},\"potentialAction\":[{\"@type\":\"SearchAction\",\"target\":{\"@type\":\"EntryPoint\",\"urlTemplate\":\"https:\/\/roz.si\/?s={search_term_string}\"},\"query-input\":{\"@type\":\"PropertyValueSpecification\",\"valueRequired\":true,\"valueName\":\"search_term_string\"}}],\"inLanguage\":\"de\"},{\"@type\":\"Organization\",\"@id\":\"https:\/\/roz.si\/#organization\",\"name\":\"RO\u017d - Slovensko prosvetno dru\u0161tvo\",\"url\":\"https:\/\/roz.si\/\",\"logo\":{\"@type\":\"ImageObject\",\"inLanguage\":\"de\",\"@id\":\"https:\/\/roz.si\/#\/schema\/logo\/image\/\",\"url\":\"https:\/\/roz.si\/wp-content\/uploads\/2022\/11\/ROZ_logo.ico\",\"contentUrl\":\"https:\/\/roz.si\/wp-content\/uploads\/2022\/11\/ROZ_logo.ico\",\"width\":199,\"height\":120,\"caption\":\"RO\u017d - Slovensko prosvetno dru\u0161tvo\"},\"image\":{\"@id\":\"https:\/\/roz.si\/#\/schema\/logo\/image\/\"}},{\"@type\":\"Person\",\"@id\":\"https:\/\/roz.si\/#\/schema\/person\/c17674bb115dc13e5ac70b99a5fe7d4e\",\"name\":\"polonajencic@gmail.com\",\"image\":{\"@type\":\"ImageObject\",\"inLanguage\":\"de\",\"@id\":\"https:\/\/roz.si\/#\/schema\/person\/image\/\",\"url\":\"https:\/\/secure.gravatar.com\/avatar\/7bdbe1292afd0a9772e0f495079f8ef952b2320efdaed099df74beba51b524fc?s=96&d=mm&r=g\",\"contentUrl\":\"https:\/\/secure.gravatar.com\/avatar\/7bdbe1292afd0a9772e0f495079f8ef952b2320efdaed099df74beba51b524fc?s=96&d=mm&r=g\",\"caption\":\"polonajencic@gmail.com\"},\"sameAs\":[\"http:\/\/roz.si\"],\"url\":\"https:\/\/roz.si\/de\/author\/polonajencicgmail-com\/\"}]}<\/script>\n<!-- \/ Yoast SEO plugin. -->","yoast_head_json":{"title":"Simpozij in koncert ob 100-letnici skladatelja ANTONA NAGELETA - RO\u017d - Slovensko prosvetno dru\u0161tvo","robots":{"index":"index","follow":"follow","max-snippet":"max-snippet:-1","max-image-preview":"max-image-preview:large","max-video-preview":"max-video-preview:-1"},"canonical":"https:\/\/roz.si\/news\/roz\/simpozij-in-koncert-ob-100-letnici-skladatelja-antona-nageleta\/","og_locale":"de_DE","og_type":"article","og_title":"Simpozij in koncert ob 100-letnici skladatelja ANTONA NAGELETA - RO\u017d - Slovensko prosvetno dru\u0161tvo","og_description":"[vc_row][vc_column][vc_column_text]Nedelja 23.10.2011 16.00 simpozij v Ra\u017eunovi dvorani v \u0160t. Petru PREDAVATELJI:\u00a0Jasna Nemec Novak, Nu\u017eej Tolmajer, Egi Ga\u0161per\u0161i\u010d, Miha Vrbinc, Andrej Misson, Jo\u017eko Kert, Karli Krautzer, Franci Serajnik 19.30 Koncert v kapeli \u0161olskih sester v \u0160t. Petru NASTOPAJO:\u00a0CePZ \u0160t. Jakob, CePZ Prevalje, Bernarda Fink, Marko Fink, MePZ Danica, skupina akzent, MePZ Koledva Kropa, Nata\u0161a Valant &#8211; klavir, Sa\u0161a Kassl [&hellip;]","og_url":"https:\/\/roz.si\/news\/roz\/simpozij-in-koncert-ob-100-letnici-skladatelja-antona-nageleta\/","og_site_name":"RO\u017d - Slovensko prosvetno dru\u0161tvo","article_published_time":"2021-03-03T08:22:53+00:00","og_image":[{"width":424,"height":600,"url":"https:\/\/roz.si\/wp-content\/uploads\/2021\/03\/csm_nagele_koncert_tiskA1_43d5f34bba.gif","type":"image\/gif"}],"author":"polonajencic@gmail.com","twitter_card":"summary_large_image","twitter_misc":{"Verfasst von":"polonajencic@gmail.com","Gesch\u00e4tzte Lesezeit":"3\u00a0Minuten"},"schema":{"@context":"https:\/\/schema.org","@graph":[{"@type":"Article","@id":"https:\/\/roz.si\/news\/roz\/simpozij-in-koncert-ob-100-letnici-skladatelja-antona-nageleta\/#article","isPartOf":{"@id":"https:\/\/roz.si\/news\/roz\/simpozij-in-koncert-ob-100-letnici-skladatelja-antona-nageleta\/"},"author":{"name":"polonajencic@gmail.com","@id":"https:\/\/roz.si\/#\/schema\/person\/c17674bb115dc13e5ac70b99a5fe7d4e"},"headline":"Simpozij in koncert ob 100-letnici skladatelja ANTONA NAGELETA","datePublished":"2021-03-03T08:22:53+00:00","mainEntityOfPage":{"@id":"https:\/\/roz.si\/news\/roz\/simpozij-in-koncert-ob-100-letnici-skladatelja-antona-nageleta\/"},"wordCount":609,"commentCount":0,"publisher":{"@id":"https:\/\/roz.si\/#organization"},"image":{"@id":"https:\/\/roz.si\/news\/roz\/simpozij-in-koncert-ob-100-letnici-skladatelja-antona-nageleta\/#primaryimage"},"thumbnailUrl":"https:\/\/roz.si\/wp-content\/uploads\/2021\/03\/csm_nagele_koncert_tiskA1_43d5f34bba.gif","keywords":["Koncert"],"articleSection":["ro\u017e"],"inLanguage":"de","potentialAction":[{"@type":"CommentAction","name":"Comment","target":["https:\/\/roz.si\/news\/roz\/simpozij-in-koncert-ob-100-letnici-skladatelja-antona-nageleta\/#respond"]}]},{"@type":"WebPage","@id":"https:\/\/roz.si\/news\/roz\/simpozij-in-koncert-ob-100-letnici-skladatelja-antona-nageleta\/","url":"https:\/\/roz.si\/news\/roz\/simpozij-in-koncert-ob-100-letnici-skladatelja-antona-nageleta\/","name":"Simpozij in koncert ob 100-letnici skladatelja ANTONA NAGELETA - RO\u017d - Slovensko prosvetno dru\u0161tvo","isPartOf":{"@id":"https:\/\/roz.si\/#website"},"primaryImageOfPage":{"@id":"https:\/\/roz.si\/news\/roz\/simpozij-in-koncert-ob-100-letnici-skladatelja-antona-nageleta\/#primaryimage"},"image":{"@id":"https:\/\/roz.si\/news\/roz\/simpozij-in-koncert-ob-100-letnici-skladatelja-antona-nageleta\/#primaryimage"},"thumbnailUrl":"https:\/\/roz.si\/wp-content\/uploads\/2021\/03\/csm_nagele_koncert_tiskA1_43d5f34bba.gif","datePublished":"2021-03-03T08:22:53+00:00","breadcrumb":{"@id":"https:\/\/roz.si\/news\/roz\/simpozij-in-koncert-ob-100-letnici-skladatelja-antona-nageleta\/#breadcrumb"},"inLanguage":"de","potentialAction":[{"@type":"ReadAction","target":["https:\/\/roz.si\/news\/roz\/simpozij-in-koncert-ob-100-letnici-skladatelja-antona-nageleta\/"]}]},{"@type":"ImageObject","inLanguage":"de","@id":"https:\/\/roz.si\/news\/roz\/simpozij-in-koncert-ob-100-letnici-skladatelja-antona-nageleta\/#primaryimage","url":"https:\/\/roz.si\/wp-content\/uploads\/2021\/03\/csm_nagele_koncert_tiskA1_43d5f34bba.gif","contentUrl":"https:\/\/roz.si\/wp-content\/uploads\/2021\/03\/csm_nagele_koncert_tiskA1_43d5f34bba.gif","width":424,"height":600},{"@type":"BreadcrumbList","@id":"https:\/\/roz.si\/news\/roz\/simpozij-in-koncert-ob-100-letnici-skladatelja-antona-nageleta\/#breadcrumb","itemListElement":[{"@type":"ListItem","position":1,"name":"Home","item":"https:\/\/roz.si\/de\/"},{"@type":"ListItem","position":2,"name":"Simpozij in koncert ob 100-letnici skladatelja ANTONA NAGELETA"}]},{"@type":"WebSite","@id":"https:\/\/roz.si\/#website","url":"https:\/\/roz.si\/","name":"RO\u017d - Slovensko prosvetno dru\u0161tvo","description":"Slovensko prosvetno dru\u0161tvo Ro\u017e","publisher":{"@id":"https:\/\/roz.si\/#organization"},"potentialAction":[{"@type":"SearchAction","target":{"@type":"EntryPoint","urlTemplate":"https:\/\/roz.si\/?s={search_term_string}"},"query-input":{"@type":"PropertyValueSpecification","valueRequired":true,"valueName":"search_term_string"}}],"inLanguage":"de"},{"@type":"Organization","@id":"https:\/\/roz.si\/#organization","name":"RO\u017d - Slovensko prosvetno dru\u0161tvo","url":"https:\/\/roz.si\/","logo":{"@type":"ImageObject","inLanguage":"de","@id":"https:\/\/roz.si\/#\/schema\/logo\/image\/","url":"https:\/\/roz.si\/wp-content\/uploads\/2022\/11\/ROZ_logo.ico","contentUrl":"https:\/\/roz.si\/wp-content\/uploads\/2022\/11\/ROZ_logo.ico","width":199,"height":120,"caption":"RO\u017d - Slovensko prosvetno dru\u0161tvo"},"image":{"@id":"https:\/\/roz.si\/#\/schema\/logo\/image\/"}},{"@type":"Person","@id":"https:\/\/roz.si\/#\/schema\/person\/c17674bb115dc13e5ac70b99a5fe7d4e","name":"polonajencic@gmail.com","image":{"@type":"ImageObject","inLanguage":"de","@id":"https:\/\/roz.si\/#\/schema\/person\/image\/","url":"https:\/\/secure.gravatar.com\/avatar\/7bdbe1292afd0a9772e0f495079f8ef952b2320efdaed099df74beba51b524fc?s=96&d=mm&r=g","contentUrl":"https:\/\/secure.gravatar.com\/avatar\/7bdbe1292afd0a9772e0f495079f8ef952b2320efdaed099df74beba51b524fc?s=96&d=mm&r=g","caption":"polonajencic@gmail.com"},"sameAs":["http:\/\/roz.si"],"url":"https:\/\/roz.si\/de\/author\/polonajencicgmail-com\/"}]}},"_links":{"self":[{"href":"https:\/\/roz.si\/de\/wp-json\/wp\/v2\/posts\/5462","targetHints":{"allow":["GET"]}}],"collection":[{"href":"https:\/\/roz.si\/de\/wp-json\/wp\/v2\/posts"}],"about":[{"href":"https:\/\/roz.si\/de\/wp-json\/wp\/v2\/types\/post"}],"author":[{"embeddable":true,"href":"https:\/\/roz.si\/de\/wp-json\/wp\/v2\/users\/1"}],"replies":[{"embeddable":true,"href":"https:\/\/roz.si\/de\/wp-json\/wp\/v2\/comments?post=5462"}],"version-history":[{"count":1,"href":"https:\/\/roz.si\/de\/wp-json\/wp\/v2\/posts\/5462\/revisions"}],"predecessor-version":[{"id":5465,"href":"https:\/\/roz.si\/de\/wp-json\/wp\/v2\/posts\/5462\/revisions\/5465"}],"wp:featuredmedia":[{"embeddable":true,"href":"https:\/\/roz.si\/de\/wp-json\/wp\/v2\/media\/5463"}],"wp:attachment":[{"href":"https:\/\/roz.si\/de\/wp-json\/wp\/v2\/media?parent=5462"}],"wp:term":[{"taxonomy":"category","embeddable":true,"href":"https:\/\/roz.si\/de\/wp-json\/wp\/v2\/categories?post=5462"},{"taxonomy":"post_tag","embeddable":true,"href":"https:\/\/roz.si\/de\/wp-json\/wp\/v2\/tags?post=5462"}],"curies":[{"name":"wp","href":"https:\/\/api.w.org\/{rel}","templated":true}]}}