{"id":5466,"date":"2021-03-03T08:25:07","date_gmt":"2021-03-03T08:25:07","guid":{"rendered":"http:\/\/roz.si\/?p=5466"},"modified":"2021-03-03T08:25:40","modified_gmt":"2021-03-03T08:25:40","slug":"zala-gostovanje-v-mestnem-gledaliscu-celovec-gastspiel-im-stadttheater-klagenfurt","status":"publish","type":"post","link":"https:\/\/roz.si\/de\/news\/teatr-trotamora\/zala-gostovanje-v-mestnem-gledaliscu-celovec-gastspiel-im-stadttheater-klagenfurt\/","title":{"rendered":"Gostovanje v mestnem gledali\u0161\u010du Celovec \/ Gastspiel im Stadttheater Klagenfurt"},"content":{"rendered":"<p>[vc_row][vc_column][vc_column_text]<i>&#8222;In St. Jakob im Rosental, gelingt dem Teatr Trotamora mit &#8222;Zala&#8220; das Theaterereignis des Jahres. Das St\u00fcck von Simone Sch\u00f6nett und Harald Schwinger (Regie: Marjan Stikar) soll 2011 ins Stadttheater kommen.&#8220;<\/i><\/p>\n<p>(Kleine Zeitung, 31.12.2010)<\/p>\n<p><b>Predstave \/ Auff\u00fchrungen:<\/b><\/p>\n<table class=\"contenttable\">\n<tbody>\n<tr>\n<td class=\"align-right\" rowspan=\"1\">13.11.2011<\/td>\n<td rowspan=\"1\" valign=\"top\"><\/td>\n<td rowspan=\"1\">Stadttheater Klagenfurt\/ Mestno gledali\u0161\u010de Celovec (AT)<\/td>\n<\/tr>\n<tr>\n<td class=\"align-right\" rowspan=\"1\"><\/td>\n<td rowspan=\"1\" valign=\"top\"><\/td>\n<td rowspan=\"1\">Der Kartenkauf f\u00fcr das Gastspiel des teatr trotamora\u00a0ist nur \u00fcber den unten angef\u00fchrten Link m\u00f6glich.<br \/>\nOpozarjamo vas, da karte lahko kupite samo prek spodaj navedene povezave:<a href=\"http:\/\/www.stadttheater-klagenfurt.at\/300theaterextra_tickform.php?tik=zala\" target=\"_blank\" rel=\"noopener\">www.stadttheater-klagenfurt.at\/300theaterextra_tickform.php<\/a><\/td>\n<\/tr>\n<\/tbody>\n<\/table>\n<p><b>ZALA &#8211; DRAMA V SEDMIH SLIKAH<br \/>\nDRAMA IN SIEBEN BILDERN<\/b><\/p>\n<p><i><b>\u00bbHei\u00dft weggehen auch vergessen?\u00ab<\/b><\/i><br \/>\nIn der ersten H\u00e4lfte des 20. Jahrhunderts wurde \u00bbMiklova Zala\u00ab vor allem durch gro\u00dfe politische Umw\u00e4lzungen und Wirren zum Mythos der K\u00e4rntner Slowenen. Zala war die Symbolgestalt der leidgepr\u00fcften und opferwilligen slowenischen Frau.<\/p>\n<p>Kann uns heute diese naive, verstaubte und lebensfremde Geschichte noch etwas erz\u00e4hlen?<\/p>\n<p>Zala, eine K\u00e4rntner Slowenin, fl\u00fcchtete aus der Enge ihres Landes nach Istanbul. Aus Liebe zu ihrer Muttersprache und der Angst vor ihrem v\u00f6lligen Verlust bewahrt sie sich diesen Schatz auf eine recht ungew\u00f6hnliche Art.<\/p>\n<p>Nach Jahren kehrt Zala in ihr Heimatdorf zur\u00fcck und muss erkennen, dass sich die Menschen v\u00f6llig ver\u00e4ndert haben.<\/p>\n<p>Ein St\u00fcck \u00fcber Identit\u00e4tsverlust, Liebe, Eifersucht, Verrat und Widerstand<br \/>\nund die Unm\u00f6glichkeit den Tod zu besiegen!<\/p>\n<p><i><b>\u00bbDie Schamesr\u00f6te der Opfer ist der wahre Erfolg der T\u00e4ter!\u00ab<\/b><\/i><\/p>\n<p>Mehrsprachige Auff\u00fchrung mit deutscher \u00dcbertitelung.<\/p>\n<p>Re\u017eija_Regie Marjan \u0160tikar . Visuals Rudi Melcher . Kostumi_Kost\u00fcme Elena Fajt . Glasba_Musik Jozej \u0160tikar . Teh. asistent_Tech. Assistent David Vi\u0161nji\u0107 . Lu\u010dni oblikovalec_Lichtdesigner Jaka \u0160imenc . Lu\u010d_Lichttechnik Kristijan Rehsmann . Asistentka produkcije_Produktionsassistentin Alina Zeichen .<br \/>\nplakat ttm<\/p>\n<p><b>IGRAJO \/ MIT:<\/b>\u00a0Darina Gabriel . Toni Isopp . Niko Jane\u017ei\u010d . Martina Kanzian . Mira Kofler . Lili Kogoj . Martin Koren . Karlej Krautzer . Mirko Lepuschitz . Luca Mak . Mihi Mischkulnig . Gregor Novak . Franci Obiltschnig . Drago P\u00f6rtsch . Hanca P\u00f6rtsch . Nadja P\u00f6rtsch . Franci Spitzer . Jozi Spitzer . Karin Spitzer-Simonitsch . Zalika Steiner . Izidor Sticker . Lan Sticker . Tonej Sticker . Rozka Tratar . Mira Urbajs . Janko Zwitter . Martin Zwitter<\/p>\n<p>Tisk_Druck DRAVA<br \/>\nProducenta_Produzenten: SPD RO\u017d, SPZ<\/p>\n<p><b><i>\u00bbDobro poznano zamegli pogled! Ni\u010desar novega ne moremo odkriti, niti poznati?\u00ab<\/i><\/b><\/p>\n<p>Mit o Miklovi Zali, iz ljudskega izro\u010dila prene\u0161en v povest, iz nje predelan v gledali\u0161ko igro, je v prvi polovici 20. stoletja na Koro\u0161kem veljal za bilko upanja v hudih \u010dasih morije in dr\u017eavnega terorja. Dandanes, ko Slovenci \u017eivimo v demokrati\u010dnih strukturah in se nam ni treba bati zunanjega agresorja, se nam prelevi v naivno, poni\u017enostno zgodbo, polne starinskih nazorov in ved\u00eanja. To je gotovo tudi vzrok, da se besedilo ne pojavlja ve\u010d na nobenem odru.<\/p>\n<p>Na pobudo teatra trotamora, sta se mlada, nem\u0161kogovore\u010da avtorja iz neposredne \u0161entjakobske bli\u017eine, neobremenjeno in spro\u0161\u010deno lotila te povesti in iz nje naredila novo gledali\u0161ko besedilo, ki se le \u0161e posredno navezuje na Miklovo Zalo, a se hkrati sarkasti\u010dno in hudomu\u0161no loteva sodobnih Koro\u0161kih mitov, zlaganosti in la\u017ei.<\/p>\n<p><i><b>\u00bbDe\u017eela je padla v septi\u010dni \u0161ok. Zavest je v stanju mirovanja in vztraja v odrevenelosti.\u00ab<\/b><\/i><\/p>\n<p>Ve\u010djezi\u010dna predstava s podnaslovi![\/vc_column_text][\/vc_column][\/vc_row]<\/p>\n","protected":false},"excerpt":{"rendered":"<p>[vc_row][vc_column][vc_column_text]&#8222;In St. Jakob im Rosental, gelingt dem Teatr Trotamora mit &#8222;Zala&#8220; das Theaterereignis des Jahres. Das St\u00fcck von Simone Sch\u00f6nett und Harald Schwinger (Regie: Marjan Stikar) soll 2011 ins Stadttheater kommen.&#8220; (Kleine Zeitung, 31.12.2010) Predstave \/ Auff\u00fchrungen: 13.11.2011 Stadttheater Klagenfurt\/ Mestno gledali\u0161\u010de Celovec (AT) Der Kartenkauf f\u00fcr das Gastspiel des teatr trotamora\u00a0ist nur \u00fcber den unten angef\u00fchrten Link [&hellip;]<\/p>\n","protected":false},"author":1,"featured_media":5467,"comment_status":"open","ping_status":"open","sticky":false,"template":"","format":"standard","meta":{"_acf_changed":false,"footnotes":""},"categories":[60],"tags":[65],"class_list":["post-5466","post","type-post","status-publish","format-standard","has-post-thumbnail","hentry","category-teatr-trotamora","tag-teater"],"acf":[],"yoast_head":"<!-- This site is optimized with the Yoast SEO plugin v24.8.1 - https:\/\/yoast.com\/wordpress\/plugins\/seo\/ -->\n<title>Gostovanje v mestnem gledali\u0161\u010du Celovec \/ Gastspiel im Stadttheater Klagenfurt - RO\u017d - Slovensko prosvetno dru\u0161tvo<\/title>\n<meta name=\"robots\" content=\"index, follow, max-snippet:-1, max-image-preview:large, max-video-preview:-1\" \/>\n<link rel=\"canonical\" href=\"https:\/\/roz.si\/news\/teatr-trotamora\/zala-gostovanje-v-mestnem-gledaliscu-celovec-gastspiel-im-stadttheater-klagenfurt\/\" \/>\n<meta property=\"og:locale\" content=\"de_DE\" \/>\n<meta property=\"og:type\" content=\"article\" \/>\n<meta property=\"og:title\" content=\"Gostovanje v mestnem gledali\u0161\u010du Celovec \/ Gastspiel im Stadttheater Klagenfurt - RO\u017d - Slovensko prosvetno dru\u0161tvo\" \/>\n<meta property=\"og:description\" content=\"[vc_row][vc_column][vc_column_text]&#8222;In St. Jakob im Rosental, gelingt dem Teatr Trotamora mit &#8222;Zala&#8220; das Theaterereignis des Jahres. Das St\u00fcck von Simone Sch\u00f6nett und Harald Schwinger (Regie: Marjan Stikar) soll 2011 ins Stadttheater kommen.&#8220; (Kleine Zeitung, 31.12.2010) Predstave \/ Auff\u00fchrungen: 13.11.2011 Stadttheater Klagenfurt\/ Mestno gledali\u0161\u010de Celovec (AT) Der Kartenkauf f\u00fcr das Gastspiel des teatr trotamora\u00a0ist nur \u00fcber den unten angef\u00fchrten Link [&hellip;]\" \/>\n<meta property=\"og:url\" content=\"https:\/\/roz.si\/news\/teatr-trotamora\/zala-gostovanje-v-mestnem-gledaliscu-celovec-gastspiel-im-stadttheater-klagenfurt\/\" \/>\n<meta property=\"og:site_name\" content=\"RO\u017d - Slovensko prosvetno dru\u0161tvo\" \/>\n<meta property=\"article:published_time\" content=\"2021-03-03T08:25:07+00:00\" \/>\n<meta property=\"article:modified_time\" content=\"2021-03-03T08:25:40+00:00\" \/>\n<meta property=\"og:image\" content=\"https:\/\/roz.si\/wp-content\/uploads\/2021\/03\/Zala_Celovec.jpg\" \/>\n\t<meta property=\"og:image:width\" content=\"422\" \/>\n\t<meta property=\"og:image:height\" content=\"600\" \/>\n\t<meta property=\"og:image:type\" content=\"image\/jpeg\" \/>\n<meta name=\"author\" content=\"polonajencic@gmail.com\" \/>\n<meta name=\"twitter:card\" content=\"summary_large_image\" \/>\n<meta name=\"twitter:label1\" content=\"Verfasst von\" \/>\n\t<meta name=\"twitter:data1\" content=\"polonajencic@gmail.com\" \/>\n\t<meta name=\"twitter:label2\" content=\"Gesch\u00e4tzte Lesezeit\" \/>\n\t<meta name=\"twitter:data2\" content=\"3\u00a0Minuten\" \/>\n<script type=\"application\/ld+json\" class=\"yoast-schema-graph\">{\"@context\":\"https:\/\/schema.org\",\"@graph\":[{\"@type\":\"Article\",\"@id\":\"https:\/\/roz.si\/news\/teatr-trotamora\/zala-gostovanje-v-mestnem-gledaliscu-celovec-gastspiel-im-stadttheater-klagenfurt\/#article\",\"isPartOf\":{\"@id\":\"https:\/\/roz.si\/news\/teatr-trotamora\/zala-gostovanje-v-mestnem-gledaliscu-celovec-gastspiel-im-stadttheater-klagenfurt\/\"},\"author\":{\"name\":\"polonajencic@gmail.com\",\"@id\":\"https:\/\/roz.si\/#\/schema\/person\/c17674bb115dc13e5ac70b99a5fe7d4e\"},\"headline\":\"Gostovanje v mestnem gledali\u0161\u010du Celovec \/ Gastspiel im Stadttheater Klagenfurt\",\"datePublished\":\"2021-03-03T08:25:07+00:00\",\"dateModified\":\"2021-03-03T08:25:40+00:00\",\"mainEntityOfPage\":{\"@id\":\"https:\/\/roz.si\/news\/teatr-trotamora\/zala-gostovanje-v-mestnem-gledaliscu-celovec-gastspiel-im-stadttheater-klagenfurt\/\"},\"wordCount\":549,\"commentCount\":0,\"publisher\":{\"@id\":\"https:\/\/roz.si\/#organization\"},\"image\":{\"@id\":\"https:\/\/roz.si\/news\/teatr-trotamora\/zala-gostovanje-v-mestnem-gledaliscu-celovec-gastspiel-im-stadttheater-klagenfurt\/#primaryimage\"},\"thumbnailUrl\":\"https:\/\/roz.si\/wp-content\/uploads\/2021\/03\/Zala_Celovec.jpg\",\"keywords\":[\"Teater\"],\"articleSection\":[\"teatr trotamora\"],\"inLanguage\":\"de\",\"potentialAction\":[{\"@type\":\"CommentAction\",\"name\":\"Comment\",\"target\":[\"https:\/\/roz.si\/news\/teatr-trotamora\/zala-gostovanje-v-mestnem-gledaliscu-celovec-gastspiel-im-stadttheater-klagenfurt\/#respond\"]}]},{\"@type\":\"WebPage\",\"@id\":\"https:\/\/roz.si\/news\/teatr-trotamora\/zala-gostovanje-v-mestnem-gledaliscu-celovec-gastspiel-im-stadttheater-klagenfurt\/\",\"url\":\"https:\/\/roz.si\/news\/teatr-trotamora\/zala-gostovanje-v-mestnem-gledaliscu-celovec-gastspiel-im-stadttheater-klagenfurt\/\",\"name\":\"Gostovanje v mestnem gledali\u0161\u010du Celovec \/ Gastspiel im Stadttheater Klagenfurt - RO\u017d - Slovensko prosvetno dru\u0161tvo\",\"isPartOf\":{\"@id\":\"https:\/\/roz.si\/#website\"},\"primaryImageOfPage\":{\"@id\":\"https:\/\/roz.si\/news\/teatr-trotamora\/zala-gostovanje-v-mestnem-gledaliscu-celovec-gastspiel-im-stadttheater-klagenfurt\/#primaryimage\"},\"image\":{\"@id\":\"https:\/\/roz.si\/news\/teatr-trotamora\/zala-gostovanje-v-mestnem-gledaliscu-celovec-gastspiel-im-stadttheater-klagenfurt\/#primaryimage\"},\"thumbnailUrl\":\"https:\/\/roz.si\/wp-content\/uploads\/2021\/03\/Zala_Celovec.jpg\",\"datePublished\":\"2021-03-03T08:25:07+00:00\",\"dateModified\":\"2021-03-03T08:25:40+00:00\",\"breadcrumb\":{\"@id\":\"https:\/\/roz.si\/news\/teatr-trotamora\/zala-gostovanje-v-mestnem-gledaliscu-celovec-gastspiel-im-stadttheater-klagenfurt\/#breadcrumb\"},\"inLanguage\":\"de\",\"potentialAction\":[{\"@type\":\"ReadAction\",\"target\":[\"https:\/\/roz.si\/news\/teatr-trotamora\/zala-gostovanje-v-mestnem-gledaliscu-celovec-gastspiel-im-stadttheater-klagenfurt\/\"]}]},{\"@type\":\"ImageObject\",\"inLanguage\":\"de\",\"@id\":\"https:\/\/roz.si\/news\/teatr-trotamora\/zala-gostovanje-v-mestnem-gledaliscu-celovec-gastspiel-im-stadttheater-klagenfurt\/#primaryimage\",\"url\":\"https:\/\/roz.si\/wp-content\/uploads\/2021\/03\/Zala_Celovec.jpg\",\"contentUrl\":\"https:\/\/roz.si\/wp-content\/uploads\/2021\/03\/Zala_Celovec.jpg\",\"width\":422,\"height\":600},{\"@type\":\"BreadcrumbList\",\"@id\":\"https:\/\/roz.si\/news\/teatr-trotamora\/zala-gostovanje-v-mestnem-gledaliscu-celovec-gastspiel-im-stadttheater-klagenfurt\/#breadcrumb\",\"itemListElement\":[{\"@type\":\"ListItem\",\"position\":1,\"name\":\"Home\",\"item\":\"https:\/\/roz.si\/de\/\"},{\"@type\":\"ListItem\",\"position\":2,\"name\":\"Gostovanje v mestnem gledali\u0161\u010du Celovec \/ Gastspiel im Stadttheater Klagenfurt\"}]},{\"@type\":\"WebSite\",\"@id\":\"https:\/\/roz.si\/#website\",\"url\":\"https:\/\/roz.si\/\",\"name\":\"RO\u017d - Slovensko prosvetno dru\u0161tvo\",\"description\":\"Slovensko prosvetno dru\u0161tvo Ro\u017e\",\"publisher\":{\"@id\":\"https:\/\/roz.si\/#organization\"},\"potentialAction\":[{\"@type\":\"SearchAction\",\"target\":{\"@type\":\"EntryPoint\",\"urlTemplate\":\"https:\/\/roz.si\/?s={search_term_string}\"},\"query-input\":{\"@type\":\"PropertyValueSpecification\",\"valueRequired\":true,\"valueName\":\"search_term_string\"}}],\"inLanguage\":\"de\"},{\"@type\":\"Organization\",\"@id\":\"https:\/\/roz.si\/#organization\",\"name\":\"RO\u017d - Slovensko prosvetno dru\u0161tvo\",\"url\":\"https:\/\/roz.si\/\",\"logo\":{\"@type\":\"ImageObject\",\"inLanguage\":\"de\",\"@id\":\"https:\/\/roz.si\/#\/schema\/logo\/image\/\",\"url\":\"https:\/\/roz.si\/wp-content\/uploads\/2022\/11\/ROZ_logo.ico\",\"contentUrl\":\"https:\/\/roz.si\/wp-content\/uploads\/2022\/11\/ROZ_logo.ico\",\"width\":199,\"height\":120,\"caption\":\"RO\u017d - Slovensko prosvetno dru\u0161tvo\"},\"image\":{\"@id\":\"https:\/\/roz.si\/#\/schema\/logo\/image\/\"}},{\"@type\":\"Person\",\"@id\":\"https:\/\/roz.si\/#\/schema\/person\/c17674bb115dc13e5ac70b99a5fe7d4e\",\"name\":\"polonajencic@gmail.com\",\"image\":{\"@type\":\"ImageObject\",\"inLanguage\":\"de\",\"@id\":\"https:\/\/roz.si\/#\/schema\/person\/image\/\",\"url\":\"https:\/\/secure.gravatar.com\/avatar\/7bdbe1292afd0a9772e0f495079f8ef952b2320efdaed099df74beba51b524fc?s=96&d=mm&r=g\",\"contentUrl\":\"https:\/\/secure.gravatar.com\/avatar\/7bdbe1292afd0a9772e0f495079f8ef952b2320efdaed099df74beba51b524fc?s=96&d=mm&r=g\",\"caption\":\"polonajencic@gmail.com\"},\"sameAs\":[\"http:\/\/roz.si\"],\"url\":\"https:\/\/roz.si\/de\/author\/polonajencicgmail-com\/\"}]}<\/script>\n<!-- \/ Yoast SEO plugin. -->","yoast_head_json":{"title":"Gostovanje v mestnem gledali\u0161\u010du Celovec \/ Gastspiel im Stadttheater Klagenfurt - RO\u017d - Slovensko prosvetno dru\u0161tvo","robots":{"index":"index","follow":"follow","max-snippet":"max-snippet:-1","max-image-preview":"max-image-preview:large","max-video-preview":"max-video-preview:-1"},"canonical":"https:\/\/roz.si\/news\/teatr-trotamora\/zala-gostovanje-v-mestnem-gledaliscu-celovec-gastspiel-im-stadttheater-klagenfurt\/","og_locale":"de_DE","og_type":"article","og_title":"Gostovanje v mestnem gledali\u0161\u010du Celovec \/ Gastspiel im Stadttheater Klagenfurt - RO\u017d - Slovensko prosvetno dru\u0161tvo","og_description":"[vc_row][vc_column][vc_column_text]&#8222;In St. Jakob im Rosental, gelingt dem Teatr Trotamora mit &#8222;Zala&#8220; das Theaterereignis des Jahres. Das St\u00fcck von Simone Sch\u00f6nett und Harald Schwinger (Regie: Marjan Stikar) soll 2011 ins Stadttheater kommen.&#8220; (Kleine Zeitung, 31.12.2010) Predstave \/ Auff\u00fchrungen: 13.11.2011 Stadttheater Klagenfurt\/ Mestno gledali\u0161\u010de Celovec (AT) Der Kartenkauf f\u00fcr das Gastspiel des teatr trotamora\u00a0ist nur \u00fcber den unten angef\u00fchrten Link [&hellip;]","og_url":"https:\/\/roz.si\/news\/teatr-trotamora\/zala-gostovanje-v-mestnem-gledaliscu-celovec-gastspiel-im-stadttheater-klagenfurt\/","og_site_name":"RO\u017d - Slovensko prosvetno dru\u0161tvo","article_published_time":"2021-03-03T08:25:07+00:00","article_modified_time":"2021-03-03T08:25:40+00:00","og_image":[{"width":422,"height":600,"url":"https:\/\/roz.si\/wp-content\/uploads\/2021\/03\/Zala_Celovec.jpg","type":"image\/jpeg"}],"author":"polonajencic@gmail.com","twitter_card":"summary_large_image","twitter_misc":{"Verfasst von":"polonajencic@gmail.com","Gesch\u00e4tzte Lesezeit":"3\u00a0Minuten"},"schema":{"@context":"https:\/\/schema.org","@graph":[{"@type":"Article","@id":"https:\/\/roz.si\/news\/teatr-trotamora\/zala-gostovanje-v-mestnem-gledaliscu-celovec-gastspiel-im-stadttheater-klagenfurt\/#article","isPartOf":{"@id":"https:\/\/roz.si\/news\/teatr-trotamora\/zala-gostovanje-v-mestnem-gledaliscu-celovec-gastspiel-im-stadttheater-klagenfurt\/"},"author":{"name":"polonajencic@gmail.com","@id":"https:\/\/roz.si\/#\/schema\/person\/c17674bb115dc13e5ac70b99a5fe7d4e"},"headline":"Gostovanje v mestnem gledali\u0161\u010du Celovec \/ Gastspiel im Stadttheater Klagenfurt","datePublished":"2021-03-03T08:25:07+00:00","dateModified":"2021-03-03T08:25:40+00:00","mainEntityOfPage":{"@id":"https:\/\/roz.si\/news\/teatr-trotamora\/zala-gostovanje-v-mestnem-gledaliscu-celovec-gastspiel-im-stadttheater-klagenfurt\/"},"wordCount":549,"commentCount":0,"publisher":{"@id":"https:\/\/roz.si\/#organization"},"image":{"@id":"https:\/\/roz.si\/news\/teatr-trotamora\/zala-gostovanje-v-mestnem-gledaliscu-celovec-gastspiel-im-stadttheater-klagenfurt\/#primaryimage"},"thumbnailUrl":"https:\/\/roz.si\/wp-content\/uploads\/2021\/03\/Zala_Celovec.jpg","keywords":["Teater"],"articleSection":["teatr trotamora"],"inLanguage":"de","potentialAction":[{"@type":"CommentAction","name":"Comment","target":["https:\/\/roz.si\/news\/teatr-trotamora\/zala-gostovanje-v-mestnem-gledaliscu-celovec-gastspiel-im-stadttheater-klagenfurt\/#respond"]}]},{"@type":"WebPage","@id":"https:\/\/roz.si\/news\/teatr-trotamora\/zala-gostovanje-v-mestnem-gledaliscu-celovec-gastspiel-im-stadttheater-klagenfurt\/","url":"https:\/\/roz.si\/news\/teatr-trotamora\/zala-gostovanje-v-mestnem-gledaliscu-celovec-gastspiel-im-stadttheater-klagenfurt\/","name":"Gostovanje v mestnem gledali\u0161\u010du Celovec \/ Gastspiel im Stadttheater Klagenfurt - RO\u017d - Slovensko prosvetno dru\u0161tvo","isPartOf":{"@id":"https:\/\/roz.si\/#website"},"primaryImageOfPage":{"@id":"https:\/\/roz.si\/news\/teatr-trotamora\/zala-gostovanje-v-mestnem-gledaliscu-celovec-gastspiel-im-stadttheater-klagenfurt\/#primaryimage"},"image":{"@id":"https:\/\/roz.si\/news\/teatr-trotamora\/zala-gostovanje-v-mestnem-gledaliscu-celovec-gastspiel-im-stadttheater-klagenfurt\/#primaryimage"},"thumbnailUrl":"https:\/\/roz.si\/wp-content\/uploads\/2021\/03\/Zala_Celovec.jpg","datePublished":"2021-03-03T08:25:07+00:00","dateModified":"2021-03-03T08:25:40+00:00","breadcrumb":{"@id":"https:\/\/roz.si\/news\/teatr-trotamora\/zala-gostovanje-v-mestnem-gledaliscu-celovec-gastspiel-im-stadttheater-klagenfurt\/#breadcrumb"},"inLanguage":"de","potentialAction":[{"@type":"ReadAction","target":["https:\/\/roz.si\/news\/teatr-trotamora\/zala-gostovanje-v-mestnem-gledaliscu-celovec-gastspiel-im-stadttheater-klagenfurt\/"]}]},{"@type":"ImageObject","inLanguage":"de","@id":"https:\/\/roz.si\/news\/teatr-trotamora\/zala-gostovanje-v-mestnem-gledaliscu-celovec-gastspiel-im-stadttheater-klagenfurt\/#primaryimage","url":"https:\/\/roz.si\/wp-content\/uploads\/2021\/03\/Zala_Celovec.jpg","contentUrl":"https:\/\/roz.si\/wp-content\/uploads\/2021\/03\/Zala_Celovec.jpg","width":422,"height":600},{"@type":"BreadcrumbList","@id":"https:\/\/roz.si\/news\/teatr-trotamora\/zala-gostovanje-v-mestnem-gledaliscu-celovec-gastspiel-im-stadttheater-klagenfurt\/#breadcrumb","itemListElement":[{"@type":"ListItem","position":1,"name":"Home","item":"https:\/\/roz.si\/de\/"},{"@type":"ListItem","position":2,"name":"Gostovanje v mestnem gledali\u0161\u010du Celovec \/ Gastspiel im Stadttheater Klagenfurt"}]},{"@type":"WebSite","@id":"https:\/\/roz.si\/#website","url":"https:\/\/roz.si\/","name":"RO\u017d - Slovensko prosvetno dru\u0161tvo","description":"Slovensko prosvetno dru\u0161tvo Ro\u017e","publisher":{"@id":"https:\/\/roz.si\/#organization"},"potentialAction":[{"@type":"SearchAction","target":{"@type":"EntryPoint","urlTemplate":"https:\/\/roz.si\/?s={search_term_string}"},"query-input":{"@type":"PropertyValueSpecification","valueRequired":true,"valueName":"search_term_string"}}],"inLanguage":"de"},{"@type":"Organization","@id":"https:\/\/roz.si\/#organization","name":"RO\u017d - Slovensko prosvetno dru\u0161tvo","url":"https:\/\/roz.si\/","logo":{"@type":"ImageObject","inLanguage":"de","@id":"https:\/\/roz.si\/#\/schema\/logo\/image\/","url":"https:\/\/roz.si\/wp-content\/uploads\/2022\/11\/ROZ_logo.ico","contentUrl":"https:\/\/roz.si\/wp-content\/uploads\/2022\/11\/ROZ_logo.ico","width":199,"height":120,"caption":"RO\u017d - Slovensko prosvetno dru\u0161tvo"},"image":{"@id":"https:\/\/roz.si\/#\/schema\/logo\/image\/"}},{"@type":"Person","@id":"https:\/\/roz.si\/#\/schema\/person\/c17674bb115dc13e5ac70b99a5fe7d4e","name":"polonajencic@gmail.com","image":{"@type":"ImageObject","inLanguage":"de","@id":"https:\/\/roz.si\/#\/schema\/person\/image\/","url":"https:\/\/secure.gravatar.com\/avatar\/7bdbe1292afd0a9772e0f495079f8ef952b2320efdaed099df74beba51b524fc?s=96&d=mm&r=g","contentUrl":"https:\/\/secure.gravatar.com\/avatar\/7bdbe1292afd0a9772e0f495079f8ef952b2320efdaed099df74beba51b524fc?s=96&d=mm&r=g","caption":"polonajencic@gmail.com"},"sameAs":["http:\/\/roz.si"],"url":"https:\/\/roz.si\/de\/author\/polonajencicgmail-com\/"}]}},"_links":{"self":[{"href":"https:\/\/roz.si\/de\/wp-json\/wp\/v2\/posts\/5466","targetHints":{"allow":["GET"]}}],"collection":[{"href":"https:\/\/roz.si\/de\/wp-json\/wp\/v2\/posts"}],"about":[{"href":"https:\/\/roz.si\/de\/wp-json\/wp\/v2\/types\/post"}],"author":[{"embeddable":true,"href":"https:\/\/roz.si\/de\/wp-json\/wp\/v2\/users\/1"}],"replies":[{"embeddable":true,"href":"https:\/\/roz.si\/de\/wp-json\/wp\/v2\/comments?post=5466"}],"version-history":[{"count":2,"href":"https:\/\/roz.si\/de\/wp-json\/wp\/v2\/posts\/5466\/revisions"}],"predecessor-version":[{"id":5470,"href":"https:\/\/roz.si\/de\/wp-json\/wp\/v2\/posts\/5466\/revisions\/5470"}],"wp:featuredmedia":[{"embeddable":true,"href":"https:\/\/roz.si\/de\/wp-json\/wp\/v2\/media\/5467"}],"wp:attachment":[{"href":"https:\/\/roz.si\/de\/wp-json\/wp\/v2\/media?parent=5466"}],"wp:term":[{"taxonomy":"category","embeddable":true,"href":"https:\/\/roz.si\/de\/wp-json\/wp\/v2\/categories?post=5466"},{"taxonomy":"post_tag","embeddable":true,"href":"https:\/\/roz.si\/de\/wp-json\/wp\/v2\/tags?post=5466"}],"curies":[{"name":"wp","href":"https:\/\/api.w.org\/{rel}","templated":true}]}}