{"id":5475,"date":"2021-03-03T08:40:59","date_gmt":"2021-03-03T08:40:59","guid":{"rendered":"http:\/\/roz.si\/?p=5475"},"modified":"2021-03-03T08:40:59","modified_gmt":"2021-03-03T08:40:59","slug":"anti-free-ze-2011-2","status":"publish","type":"post","link":"https:\/\/roz.si\/de\/news\/roz\/anti-free-ze-2011-2\/","title":{"rendered":"ANTI-FREE-ZE &#8211; 2011"},"content":{"rendered":"<p>[vc_row][vc_column][vc_column_text]<b>Literatur gegen den Frost \/ Literatura proti mrazu<\/b><\/p>\n<p><i>Branje | Lesung<\/i><br \/>\n<b>MOJCA KUMERDEJ<br \/>\nTemna snov \/ Dunkle Materie SL\/DE<br \/>\n<\/b><br \/>\nMojca Kumerdej (1964), pisateljica in publicistka, je do sedaj objavila tri dela. Najprej je opozorila nase s prvencem Krst nad Triglavom, nato pa je zablestela z zbirko kratkih zgodb Fragma, ki je po\u017eela veliko pozitivnih kritik. Pred kratkim je iz\u0161la nova zbirka z naslovom Temna snov. Njene kratke zgodbe so bile prevedene \u017ee v \u0161tevilne jezike in bile objavljene v dveh antologijah slovenske kratke proze.<\/p>\n<p>Mojca Kumerdej, 1964 in Ljubljana geboren, wo sie Philosophie und Kultursoziologie studierte, ist Publizistin und Kunstkritikerin. In ihrem ersten Roman Krst nad Triglavom ironisiert sie die slowenischen Stereotype und die nationale Mythologie. 2003 erschien ihr zweites Buch Fragma, eine Kurzgeschichtensammlung mit dreizehn urbanen Geschichten. Im Fr\u00fchjahr 2011 erschien unter dem Titel Temna snov (Dunkle Materie) ihre bislang letzte Kurzprosasammlung. Einzelne Erz\u00e4hlungen von Mojca Kumerdej wurden in mehrere Sprachen \u00fcbersetzt.<\/p>\n<p><i>Ple\u0161e | Tanz<\/i><br \/>\n<b>MA\u0160A KAGAO KNEZ<\/b><br \/>\nMojcin literarni ve\u010der bo spremljala plesalka Ma\u0161a Kagao Knez iz Ljubljane.<br \/>\nDer Abend wird von der jungen T\u00e4nzerin Ma\u0161a Kagao Knez aus Ljubljana mitgestaltet.<\/p>\n<p><i>Slike proti mrazu | Bilder gegen den Frost<\/i><br \/>\n<b>BIRGIT BACHMANN<\/b><br \/>\nBirgit Bachmann, 1966 in Innervillgraten\/Osttirol geboren. K\u00fcnstlerische Ausbildung: H\u00f6here technische Bundeslehranstalt f\u00fcr bildnerisches Gestalten und Formgebung in Graz. Studium an der Wiener Akademie bei Professor Rainer und 1992 ein 6monatiger Arbeitsaufenthalt in Mittelamerika. Gr\u00fcndungsmitglied der Kulturinitiative Gm\u00fcnd. Ausstellungen in Deutschland, Frankreich, Guatemala, Indien, Italien, Russland und Polen.<\/p>\n<p>Birgit Bachmann, rojena 1966 na Vzhodnem Tirolskem, je likovno umetnost \u0161tudirala v Gradcu in na Dunaju. Kasneje se je izpopolnjevala \u0161e v Srednji Ameriki. Je soustanoviteljica kulturne iniciative v Sovodnju (Gm\u00fcnd). Svoja dela je doslej razstavljala v Nem\u010diji, Franciji, Guatemali, Indiji, Italiji, Rusiji in na Poljskem.<\/p>\n<p><i><b>kulinarika: ro\u0161tane podzamlen\u0161ce hru\u0161ce s hranevco<\/b><\/i>[\/vc_column_text][\/vc_column][\/vc_row]<\/p>\n","protected":false},"excerpt":{"rendered":"<p>[vc_row][vc_column][vc_column_text]Literatur gegen den Frost \/ Literatura proti mrazu Branje | Lesung MOJCA KUMERDEJ Temna snov \/ Dunkle Materie SL\/DE Mojca Kumerdej (1964), pisateljica in publicistka, je do sedaj objavila tri dela. Najprej je opozorila nase s prvencem Krst nad Triglavom, nato pa je zablestela z zbirko kratkih zgodb Fragma, ki je po\u017eela veliko pozitivnih kritik. Pred kratkim je [&hellip;]<\/p>\n","protected":false},"author":1,"featured_media":5411,"comment_status":"open","ping_status":"open","sticky":false,"template":"","format":"standard","meta":{"_acf_changed":false,"footnotes":""},"categories":[56],"tags":[67,62,68],"class_list":["post-5475","post","type-post","status-publish","format-standard","has-post-thumbnail","hentry","category-roz","tag-branje","tag-koncert","tag-razstava"],"acf":[],"yoast_head":"<!-- This site is optimized with the Yoast SEO plugin v24.8.1 - https:\/\/yoast.com\/wordpress\/plugins\/seo\/ -->\n<title>ANTI-FREE-ZE - 2011 - RO\u017d - Slovensko prosvetno dru\u0161tvo<\/title>\n<meta name=\"robots\" content=\"index, follow, max-snippet:-1, max-image-preview:large, max-video-preview:-1\" \/>\n<link rel=\"canonical\" href=\"https:\/\/roz.si\/news\/roz\/anti-free-ze-2011-2\/\" \/>\n<meta property=\"og:locale\" content=\"de_DE\" \/>\n<meta property=\"og:type\" content=\"article\" \/>\n<meta property=\"og:title\" content=\"ANTI-FREE-ZE - 2011 - RO\u017d - Slovensko prosvetno dru\u0161tvo\" \/>\n<meta property=\"og:description\" content=\"[vc_row][vc_column][vc_column_text]Literatur gegen den Frost \/ Literatura proti mrazu Branje | Lesung MOJCA KUMERDEJ Temna snov \/ Dunkle Materie SL\/DE Mojca Kumerdej (1964), pisateljica in publicistka, je do sedaj objavila tri dela. Najprej je opozorila nase s prvencem Krst nad Triglavom, nato pa je zablestela z zbirko kratkih zgodb Fragma, ki je po\u017eela veliko pozitivnih kritik. Pred kratkim je [&hellip;]\" \/>\n<meta property=\"og:url\" content=\"https:\/\/roz.si\/news\/roz\/anti-free-ze-2011-2\/\" \/>\n<meta property=\"og:site_name\" content=\"RO\u017d - Slovensko prosvetno dru\u0161tvo\" \/>\n<meta property=\"article:published_time\" content=\"2021-03-03T08:40:59+00:00\" \/>\n<meta property=\"og:image\" content=\"https:\/\/roz.si\/wp-content\/uploads\/2021\/03\/csm_antifreeze_5666f399b7.jpg\" \/>\n\t<meta property=\"og:image:width\" content=\"691\" \/>\n\t<meta property=\"og:image:height\" content=\"600\" \/>\n\t<meta property=\"og:image:type\" content=\"image\/jpeg\" \/>\n<meta name=\"author\" content=\"polonajencic@gmail.com\" \/>\n<meta name=\"twitter:card\" content=\"summary_large_image\" \/>\n<meta name=\"twitter:label1\" content=\"Verfasst von\" \/>\n\t<meta name=\"twitter:data1\" content=\"polonajencic@gmail.com\" \/>\n\t<meta name=\"twitter:label2\" content=\"Gesch\u00e4tzte Lesezeit\" \/>\n\t<meta name=\"twitter:data2\" content=\"2\u00a0Minuten\" \/>\n<script type=\"application\/ld+json\" class=\"yoast-schema-graph\">{\"@context\":\"https:\/\/schema.org\",\"@graph\":[{\"@type\":\"Article\",\"@id\":\"https:\/\/roz.si\/news\/roz\/anti-free-ze-2011-2\/#article\",\"isPartOf\":{\"@id\":\"https:\/\/roz.si\/news\/roz\/anti-free-ze-2011-2\/\"},\"author\":{\"name\":\"polonajencic@gmail.com\",\"@id\":\"https:\/\/roz.si\/#\/schema\/person\/c17674bb115dc13e5ac70b99a5fe7d4e\"},\"headline\":\"ANTI-FREE-ZE &#8211; 2011\",\"datePublished\":\"2021-03-03T08:40:59+00:00\",\"mainEntityOfPage\":{\"@id\":\"https:\/\/roz.si\/news\/roz\/anti-free-ze-2011-2\/\"},\"wordCount\":318,\"commentCount\":0,\"publisher\":{\"@id\":\"https:\/\/roz.si\/#organization\"},\"image\":{\"@id\":\"https:\/\/roz.si\/news\/roz\/anti-free-ze-2011-2\/#primaryimage\"},\"thumbnailUrl\":\"https:\/\/roz.si\/wp-content\/uploads\/2021\/03\/csm_antifreeze_5666f399b7.jpg\",\"keywords\":[\"Branje\",\"Koncert\",\"Razstava\"],\"articleSection\":[\"ro\u017e\"],\"inLanguage\":\"de\",\"potentialAction\":[{\"@type\":\"CommentAction\",\"name\":\"Comment\",\"target\":[\"https:\/\/roz.si\/news\/roz\/anti-free-ze-2011-2\/#respond\"]}]},{\"@type\":\"WebPage\",\"@id\":\"https:\/\/roz.si\/news\/roz\/anti-free-ze-2011-2\/\",\"url\":\"https:\/\/roz.si\/news\/roz\/anti-free-ze-2011-2\/\",\"name\":\"ANTI-FREE-ZE - 2011 - RO\u017d - Slovensko prosvetno dru\u0161tvo\",\"isPartOf\":{\"@id\":\"https:\/\/roz.si\/#website\"},\"primaryImageOfPage\":{\"@id\":\"https:\/\/roz.si\/news\/roz\/anti-free-ze-2011-2\/#primaryimage\"},\"image\":{\"@id\":\"https:\/\/roz.si\/news\/roz\/anti-free-ze-2011-2\/#primaryimage\"},\"thumbnailUrl\":\"https:\/\/roz.si\/wp-content\/uploads\/2021\/03\/csm_antifreeze_5666f399b7.jpg\",\"datePublished\":\"2021-03-03T08:40:59+00:00\",\"breadcrumb\":{\"@id\":\"https:\/\/roz.si\/news\/roz\/anti-free-ze-2011-2\/#breadcrumb\"},\"inLanguage\":\"de\",\"potentialAction\":[{\"@type\":\"ReadAction\",\"target\":[\"https:\/\/roz.si\/news\/roz\/anti-free-ze-2011-2\/\"]}]},{\"@type\":\"ImageObject\",\"inLanguage\":\"de\",\"@id\":\"https:\/\/roz.si\/news\/roz\/anti-free-ze-2011-2\/#primaryimage\",\"url\":\"https:\/\/roz.si\/wp-content\/uploads\/2021\/03\/csm_antifreeze_5666f399b7.jpg\",\"contentUrl\":\"https:\/\/roz.si\/wp-content\/uploads\/2021\/03\/csm_antifreeze_5666f399b7.jpg\",\"width\":691,\"height\":600},{\"@type\":\"BreadcrumbList\",\"@id\":\"https:\/\/roz.si\/news\/roz\/anti-free-ze-2011-2\/#breadcrumb\",\"itemListElement\":[{\"@type\":\"ListItem\",\"position\":1,\"name\":\"Home\",\"item\":\"https:\/\/roz.si\/de\/\"},{\"@type\":\"ListItem\",\"position\":2,\"name\":\"ANTI-FREE-ZE &#8211; 2011\"}]},{\"@type\":\"WebSite\",\"@id\":\"https:\/\/roz.si\/#website\",\"url\":\"https:\/\/roz.si\/\",\"name\":\"RO\u017d - Slovensko prosvetno dru\u0161tvo\",\"description\":\"Slovensko prosvetno dru\u0161tvo Ro\u017e\",\"publisher\":{\"@id\":\"https:\/\/roz.si\/#organization\"},\"potentialAction\":[{\"@type\":\"SearchAction\",\"target\":{\"@type\":\"EntryPoint\",\"urlTemplate\":\"https:\/\/roz.si\/?s={search_term_string}\"},\"query-input\":{\"@type\":\"PropertyValueSpecification\",\"valueRequired\":true,\"valueName\":\"search_term_string\"}}],\"inLanguage\":\"de\"},{\"@type\":\"Organization\",\"@id\":\"https:\/\/roz.si\/#organization\",\"name\":\"RO\u017d - Slovensko prosvetno dru\u0161tvo\",\"url\":\"https:\/\/roz.si\/\",\"logo\":{\"@type\":\"ImageObject\",\"inLanguage\":\"de\",\"@id\":\"https:\/\/roz.si\/#\/schema\/logo\/image\/\",\"url\":\"https:\/\/roz.si\/wp-content\/uploads\/2022\/11\/ROZ_logo.ico\",\"contentUrl\":\"https:\/\/roz.si\/wp-content\/uploads\/2022\/11\/ROZ_logo.ico\",\"width\":199,\"height\":120,\"caption\":\"RO\u017d - Slovensko prosvetno dru\u0161tvo\"},\"image\":{\"@id\":\"https:\/\/roz.si\/#\/schema\/logo\/image\/\"}},{\"@type\":\"Person\",\"@id\":\"https:\/\/roz.si\/#\/schema\/person\/c17674bb115dc13e5ac70b99a5fe7d4e\",\"name\":\"polonajencic@gmail.com\",\"image\":{\"@type\":\"ImageObject\",\"inLanguage\":\"de\",\"@id\":\"https:\/\/roz.si\/#\/schema\/person\/image\/\",\"url\":\"https:\/\/secure.gravatar.com\/avatar\/7bdbe1292afd0a9772e0f495079f8ef952b2320efdaed099df74beba51b524fc?s=96&d=mm&r=g\",\"contentUrl\":\"https:\/\/secure.gravatar.com\/avatar\/7bdbe1292afd0a9772e0f495079f8ef952b2320efdaed099df74beba51b524fc?s=96&d=mm&r=g\",\"caption\":\"polonajencic@gmail.com\"},\"sameAs\":[\"http:\/\/roz.si\"],\"url\":\"https:\/\/roz.si\/de\/author\/polonajencicgmail-com\/\"}]}<\/script>\n<!-- \/ Yoast SEO plugin. -->","yoast_head_json":{"title":"ANTI-FREE-ZE - 2011 - RO\u017d - Slovensko prosvetno dru\u0161tvo","robots":{"index":"index","follow":"follow","max-snippet":"max-snippet:-1","max-image-preview":"max-image-preview:large","max-video-preview":"max-video-preview:-1"},"canonical":"https:\/\/roz.si\/news\/roz\/anti-free-ze-2011-2\/","og_locale":"de_DE","og_type":"article","og_title":"ANTI-FREE-ZE - 2011 - RO\u017d - Slovensko prosvetno dru\u0161tvo","og_description":"[vc_row][vc_column][vc_column_text]Literatur gegen den Frost \/ Literatura proti mrazu Branje | Lesung MOJCA KUMERDEJ Temna snov \/ Dunkle Materie SL\/DE Mojca Kumerdej (1964), pisateljica in publicistka, je do sedaj objavila tri dela. Najprej je opozorila nase s prvencem Krst nad Triglavom, nato pa je zablestela z zbirko kratkih zgodb Fragma, ki je po\u017eela veliko pozitivnih kritik. Pred kratkim je [&hellip;]","og_url":"https:\/\/roz.si\/news\/roz\/anti-free-ze-2011-2\/","og_site_name":"RO\u017d - Slovensko prosvetno dru\u0161tvo","article_published_time":"2021-03-03T08:40:59+00:00","og_image":[{"width":691,"height":600,"url":"https:\/\/roz.si\/wp-content\/uploads\/2021\/03\/csm_antifreeze_5666f399b7.jpg","type":"image\/jpeg"}],"author":"polonajencic@gmail.com","twitter_card":"summary_large_image","twitter_misc":{"Verfasst von":"polonajencic@gmail.com","Gesch\u00e4tzte Lesezeit":"2\u00a0Minuten"},"schema":{"@context":"https:\/\/schema.org","@graph":[{"@type":"Article","@id":"https:\/\/roz.si\/news\/roz\/anti-free-ze-2011-2\/#article","isPartOf":{"@id":"https:\/\/roz.si\/news\/roz\/anti-free-ze-2011-2\/"},"author":{"name":"polonajencic@gmail.com","@id":"https:\/\/roz.si\/#\/schema\/person\/c17674bb115dc13e5ac70b99a5fe7d4e"},"headline":"ANTI-FREE-ZE &#8211; 2011","datePublished":"2021-03-03T08:40:59+00:00","mainEntityOfPage":{"@id":"https:\/\/roz.si\/news\/roz\/anti-free-ze-2011-2\/"},"wordCount":318,"commentCount":0,"publisher":{"@id":"https:\/\/roz.si\/#organization"},"image":{"@id":"https:\/\/roz.si\/news\/roz\/anti-free-ze-2011-2\/#primaryimage"},"thumbnailUrl":"https:\/\/roz.si\/wp-content\/uploads\/2021\/03\/csm_antifreeze_5666f399b7.jpg","keywords":["Branje","Koncert","Razstava"],"articleSection":["ro\u017e"],"inLanguage":"de","potentialAction":[{"@type":"CommentAction","name":"Comment","target":["https:\/\/roz.si\/news\/roz\/anti-free-ze-2011-2\/#respond"]}]},{"@type":"WebPage","@id":"https:\/\/roz.si\/news\/roz\/anti-free-ze-2011-2\/","url":"https:\/\/roz.si\/news\/roz\/anti-free-ze-2011-2\/","name":"ANTI-FREE-ZE - 2011 - RO\u017d - Slovensko prosvetno dru\u0161tvo","isPartOf":{"@id":"https:\/\/roz.si\/#website"},"primaryImageOfPage":{"@id":"https:\/\/roz.si\/news\/roz\/anti-free-ze-2011-2\/#primaryimage"},"image":{"@id":"https:\/\/roz.si\/news\/roz\/anti-free-ze-2011-2\/#primaryimage"},"thumbnailUrl":"https:\/\/roz.si\/wp-content\/uploads\/2021\/03\/csm_antifreeze_5666f399b7.jpg","datePublished":"2021-03-03T08:40:59+00:00","breadcrumb":{"@id":"https:\/\/roz.si\/news\/roz\/anti-free-ze-2011-2\/#breadcrumb"},"inLanguage":"de","potentialAction":[{"@type":"ReadAction","target":["https:\/\/roz.si\/news\/roz\/anti-free-ze-2011-2\/"]}]},{"@type":"ImageObject","inLanguage":"de","@id":"https:\/\/roz.si\/news\/roz\/anti-free-ze-2011-2\/#primaryimage","url":"https:\/\/roz.si\/wp-content\/uploads\/2021\/03\/csm_antifreeze_5666f399b7.jpg","contentUrl":"https:\/\/roz.si\/wp-content\/uploads\/2021\/03\/csm_antifreeze_5666f399b7.jpg","width":691,"height":600},{"@type":"BreadcrumbList","@id":"https:\/\/roz.si\/news\/roz\/anti-free-ze-2011-2\/#breadcrumb","itemListElement":[{"@type":"ListItem","position":1,"name":"Home","item":"https:\/\/roz.si\/de\/"},{"@type":"ListItem","position":2,"name":"ANTI-FREE-ZE &#8211; 2011"}]},{"@type":"WebSite","@id":"https:\/\/roz.si\/#website","url":"https:\/\/roz.si\/","name":"RO\u017d - Slovensko prosvetno dru\u0161tvo","description":"Slovensko prosvetno dru\u0161tvo Ro\u017e","publisher":{"@id":"https:\/\/roz.si\/#organization"},"potentialAction":[{"@type":"SearchAction","target":{"@type":"EntryPoint","urlTemplate":"https:\/\/roz.si\/?s={search_term_string}"},"query-input":{"@type":"PropertyValueSpecification","valueRequired":true,"valueName":"search_term_string"}}],"inLanguage":"de"},{"@type":"Organization","@id":"https:\/\/roz.si\/#organization","name":"RO\u017d - Slovensko prosvetno dru\u0161tvo","url":"https:\/\/roz.si\/","logo":{"@type":"ImageObject","inLanguage":"de","@id":"https:\/\/roz.si\/#\/schema\/logo\/image\/","url":"https:\/\/roz.si\/wp-content\/uploads\/2022\/11\/ROZ_logo.ico","contentUrl":"https:\/\/roz.si\/wp-content\/uploads\/2022\/11\/ROZ_logo.ico","width":199,"height":120,"caption":"RO\u017d - Slovensko prosvetno dru\u0161tvo"},"image":{"@id":"https:\/\/roz.si\/#\/schema\/logo\/image\/"}},{"@type":"Person","@id":"https:\/\/roz.si\/#\/schema\/person\/c17674bb115dc13e5ac70b99a5fe7d4e","name":"polonajencic@gmail.com","image":{"@type":"ImageObject","inLanguage":"de","@id":"https:\/\/roz.si\/#\/schema\/person\/image\/","url":"https:\/\/secure.gravatar.com\/avatar\/7bdbe1292afd0a9772e0f495079f8ef952b2320efdaed099df74beba51b524fc?s=96&d=mm&r=g","contentUrl":"https:\/\/secure.gravatar.com\/avatar\/7bdbe1292afd0a9772e0f495079f8ef952b2320efdaed099df74beba51b524fc?s=96&d=mm&r=g","caption":"polonajencic@gmail.com"},"sameAs":["http:\/\/roz.si"],"url":"https:\/\/roz.si\/de\/author\/polonajencicgmail-com\/"}]}},"_links":{"self":[{"href":"https:\/\/roz.si\/de\/wp-json\/wp\/v2\/posts\/5475","targetHints":{"allow":["GET"]}}],"collection":[{"href":"https:\/\/roz.si\/de\/wp-json\/wp\/v2\/posts"}],"about":[{"href":"https:\/\/roz.si\/de\/wp-json\/wp\/v2\/types\/post"}],"author":[{"embeddable":true,"href":"https:\/\/roz.si\/de\/wp-json\/wp\/v2\/users\/1"}],"replies":[{"embeddable":true,"href":"https:\/\/roz.si\/de\/wp-json\/wp\/v2\/comments?post=5475"}],"version-history":[{"count":1,"href":"https:\/\/roz.si\/de\/wp-json\/wp\/v2\/posts\/5475\/revisions"}],"predecessor-version":[{"id":5476,"href":"https:\/\/roz.si\/de\/wp-json\/wp\/v2\/posts\/5475\/revisions\/5476"}],"wp:featuredmedia":[{"embeddable":true,"href":"https:\/\/roz.si\/de\/wp-json\/wp\/v2\/media\/5411"}],"wp:attachment":[{"href":"https:\/\/roz.si\/de\/wp-json\/wp\/v2\/media?parent=5475"}],"wp:term":[{"taxonomy":"category","embeddable":true,"href":"https:\/\/roz.si\/de\/wp-json\/wp\/v2\/categories?post=5475"},{"taxonomy":"post_tag","embeddable":true,"href":"https:\/\/roz.si\/de\/wp-json\/wp\/v2\/tags?post=5475"}],"curies":[{"name":"wp","href":"https:\/\/api.w.org\/{rel}","templated":true}]}}