{"id":5512,"date":"2021-03-03T09:27:51","date_gmt":"2021-03-03T09:27:51","guid":{"rendered":"http:\/\/roz.si\/?p=5512"},"modified":"2021-03-30T19:08:49","modified_gmt":"2021-03-30T19:08:49","slug":"andrej-kokot-prezrta-mladost-missachtete-jugend","status":"publish","type":"post","link":"https:\/\/roz.si\/de\/news\/roz\/andrej-kokot-prezrta-mladost-missachtete-jugend\/","title":{"rendered":"Andrej Kokot: Prezrta mladost \/ Missachtete Jugend"},"content":{"rendered":"<p>[vc_row][vc_column][vc_column_text]<b>Gledali\u0161ko-glasbeni recital ob 70-letnici pregona koro\u0161kih Slovenk in Slovencev<br \/>\nSzenisch-musikalische Auff\u00fchrung zum 70. Jahrestag der Vertreibung der K\u00e4rntner Slowenen und Sloweninnen<\/b><\/p>\n<p><i><b>Re\u017eija \/ Regie:<\/b>\u00a0Marjan \u0160tikar<br \/>\n<b>Sodelujejo \/ Mitwirkende:<\/b>\u00a0Otro\u0161ki zbor Danica \/ Kinderchor des Kulturvereines Danica; Mladinski zbor ni\u017eje stopnje ZG\/ZRG za Slovence \/ Chor der Unterstufe des BG und BRG f\u00fcr Slowenen; teatr zora<\/i><\/p>\n<p>Ob 70-letnici pregona koro\u0161kih Slovenk in Slovencev je re\u017eiser Marjan \u0160tikar s pomo\u010djo Kokotovih\u00a0pesmi sestavil gledali\u0161ko-glasbeni recital in ga postavil na oder s pomo\u010djo 70-ih otrok med 4. in 12. letom starosti.<\/p>\n<p>&#8222;Ve\u010dina \u0161e danes \u017eive\u010dih pregnanih je bila takrat v otro\u0161kih letih. Po pri\u010devanju nekaterih, ki so v\u00a0otro\u0161tvu do\u017eiveli ta grozodejstva, so to travme, ki se \u010dloveku ostro zare\u017eejo v njegovo bit in ga do\u00a0konca \u017eivljenja ne spustijo. Take usode so tako mo\u010dna zareza, da se otrok v hipu spremeni v\u00a0odraslega \u010dloveka.&#8220;\u00a0<i>(M. \u0160tikar o osnovni zamisli)<\/i><\/p>\n<p>&#8222;Vse preve\u010d uslu\u017eno govorimo pogosto o \u00bbizselitvi\u00ab in o \u00bbusmrtitvi\u00ab, kot da lahko z besedo ubla\u017eimo\u00a0bole\u010dino ali celo spremenimo kruta dejstva. &#8230; Ker pesmi po Rilkeju niso narejene iz \u010dustev, temve\u010d\u00a0predvsem iz izku\u0161enj, je\u00a0<i>(Kokot)<\/i>\u00a0tudi trd, trden, na\u010delen in neomajen. &#8230; Oblikovno, razpolo\u017eenjsko\u00a0in izku\u0161enjsko bogastvo odlikuje te klasi\u010dno-moderne, brez\u010dasno sodobne stihe, ki enako avtenti\u010dno\u00a0ogovarjajo Kokotove vrstnike kot generacijo njegovih vnukov. Z izpovedovanjem bole\u010dine se osvobajajo\u00a0preteklosti.<br \/>\nPokon\u010dno in ponosno stopajo v prihodnost.&#8220;<br \/>\n<i>Fabjan Hafner o Andreju Kokotu<\/i><\/p>\n<p>Vor 70 Jahren wurden rund 1100 K\u00e4rntner Sloweninnen und Slowenen durch die nationalsozialistischen\u00a0Machthaber aus ihrer Heimat deportiert. Ihre Geschichte vom Leben im Dorf, im Lager bis zum\u00a0letztendlichen Aufb\u00e4umen erz\u00e4hlt Regisseur Marjan \u0160tikar beklemmend und ber\u00fchrend anhand von\u00a0Gedichten des Dichters Andrej Kokot und mit Hilfe von 70 Kindern auf der B\u00fchne. Eine gewagte und\u00a0mutige Auseinandersetzung der j\u00fcngeren Generation mit der erlebten Geschichte der (ihrer)\u00a0Gro\u00dfeltern.<\/p>\n<p>Der Schriftsteller Andrej Kokot wurde im Jahre 1942 wegen seiner Zugeh\u00f6rigkeit zur slowenischen\u00a0Volksgruppe mit seiner Familie von den Nationalsozialisten deportiert. In den Jahren 1942 bis 1945\u00a0war er mit seiner Familie in verschiedenen deutschen Arbeitslagern interniert. Sein Bruder Jo\u017eek\u00a0wurde 1944 im KZ Mauthausen ermordet. In den Fr\u00fchlingsmonaten 1945 kehrte die Familie zur\u00fcck nach\u00a0K\u00f6stenberg, Gemeinde Velden.<\/p>\n<table class=\"contenttable\">\n<tbody>\n<tr>\n<td><b>Prezrta mladost<\/b><br \/>\nPostal sem<br \/>\n\u010dlovek<br \/>\niz razbitin<br \/>\notro\u0161tva.<br \/>\nZdaj vsako jutro odhajam<br \/>\niz teme sovra\u0161tvain se prebijam skozi dan<br \/>\nkakor nadle\u017een popotnik,<br \/>\nki brez odziva<br \/>\nponuja ostanke<br \/>\nsvoje mladosti.<\/td>\n<td><b>Missachtete Jugend<\/b><br \/>\nBin<br \/>\nMensch geworden<br \/>\naus den Tr\u00fcmmern<br \/>\nmeiner Kindheit.<br \/>\nSeither entferne ich mich Tag f\u00fcr Tag<br \/>\naus der Dunkelheit des Hassesund schlage mich durch den Tag<br \/>\nwie ein l\u00e4stiger Wanderer,<br \/>\nder ohne Widerhall<br \/>\ndie \u00dcberreste<br \/>\nseiner Jugend feilbietet.<\/td>\n<\/tr>\n<\/tbody>\n<\/table>\n<p><i>Glasba in priredba \/ Musik und Arrangement: Jozej \u0160tikar<br \/>\nVisuals: Rudi Melcher<br \/>\nSodelavke_ci \/ MitarbeiterInnen: Barbara Mistelbauer-Stern, Stanko Polzer, Janja Pruntsch,\u00a0Zalika Steiner, Tonej Sticker, Alina Zeichen\u00a0<\/i><\/p>\n<p><b>Vstopnina \/ Eintritt: \u20ac 5,- (s popustom\/erm\u00e4\u00dfigt) \/ \u20ac 10,-<\/b><\/p>\n<p>Informacije \/ Informationen: kkz 0463-51 62 43 ali\/oder SPZ 0463-51 43 00[\/vc_column_text][vc_empty_space]<div class=\"mkdf-image-gallery  mkdf-ig-masonry-type mkdf-tiny-space  mkdf-image-behavior-lightbox\">\n\t<div class=\"mkdf-ig-inner mkdf-outer-space mkdf-ig-masonry mkdf-ig-three-columns\">\n\t\t<div class=\"mkdf-ig-grid-sizer\"><\/div>\n\t\t<div class=\"mkdf-ig-grid-gutter\"><\/div>\n\t\t\t\t\t\t\t\t<div class=\"mkdf-ig-image mkdf-item-space \">\n\t\t\t\t<div class=\"mkdf-ig-image-inner\">\n\t\t\t\t\t\t\t\t\t\t\t<a itemprop=\"image\" class=\"mkdf-ig-lightbox\" href=\"https:\/\/roz.si\/wp-content\/uploads\/2021\/Galerije_final\/2012\/teatr%20zora%20Prezrta%20mladost%20:%20Missachtete%20Jugend\/DSC_3351_800x536.JPG_1767_5dd244b0b4f.jpg\" data-rel=\"prettyPhoto[image_gallery_pretty_photo-256]\" title=\"DSC_3351_800x536.JPG_1767_5dd244b0b4f\">\n\t\t\t\t\t\t\t\t\t\t\t<img loading=\"lazy\" decoding=\"async\" width=\"800\" height=\"536\" src=\"https:\/\/roz.si\/wp-content\/uploads\/2021\/Galerije_final\/2012\/teatr zora Prezrta mladost : Missachtete Jugend\/DSC_3351_800x536.JPG_1767_5dd244b0b4f.jpg\" class=\"attachment-large size-large\" alt=\"\" srcset=\"https:\/\/roz.si\/wp-content\/uploads\/2021\/Galerije_final\/2012\/teatr%20zora%20Prezrta%20mladost%20:%20Missachtete%20Jugend\/DSC_3351_800x536.JPG_1767_5dd244b0b4f.jpg 800w, https:\/\/roz.si\/wp-content\/uploads\/2021\/Galerije_final\/2012\/teatr%20zora%20Prezrta%20mladost%20:%20Missachtete%20Jugend\/DSC_3351_800x536.JPG_1767_5dd244b0b4f-300x201.jpg 300w, https:\/\/roz.si\/wp-content\/uploads\/2021\/Galerije_final\/2012\/teatr%20zora%20Prezrta%20mladost%20:%20Missachtete%20Jugend\/DSC_3351_800x536.JPG_1767_5dd244b0b4f-768x515.jpg 768w\" sizes=\"auto, (max-width: 800px) 100vw, 800px\" \/>\t\t\t\t\t\t\t\t\t\t\t<\/a>\n\t\t\t\t\t\t\t\t\t<\/div>\n\t\t\t<\/div>\n\t\t\t\t\t\t\t\t<div class=\"mkdf-ig-image mkdf-item-space \">\n\t\t\t\t<div class=\"mkdf-ig-image-inner\">\n\t\t\t\t\t\t\t\t\t\t\t<a itemprop=\"image\" class=\"mkdf-ig-lightbox\" href=\"https:\/\/roz.si\/wp-content\/uploads\/2021\/Galerije_final\/2012\/teatr%20zora%20Prezrta%20mladost%20:%20Missachtete%20Jugend\/DSC_3343_800x536.JPG_1765_5dd244b07ff.jpg\" data-rel=\"prettyPhoto[image_gallery_pretty_photo-256]\" title=\"DSC_3343_800x536.JPG_1765_5dd244b07ff\">\n\t\t\t\t\t\t\t\t\t\t\t<img loading=\"lazy\" decoding=\"async\" width=\"800\" height=\"536\" src=\"https:\/\/roz.si\/wp-content\/uploads\/2021\/Galerije_final\/2012\/teatr zora Prezrta mladost : Missachtete Jugend\/DSC_3343_800x536.JPG_1765_5dd244b07ff.jpg\" class=\"attachment-large size-large\" alt=\"\" srcset=\"https:\/\/roz.si\/wp-content\/uploads\/2021\/Galerije_final\/2012\/teatr%20zora%20Prezrta%20mladost%20:%20Missachtete%20Jugend\/DSC_3343_800x536.JPG_1765_5dd244b07ff.jpg 800w, https:\/\/roz.si\/wp-content\/uploads\/2021\/Galerije_final\/2012\/teatr%20zora%20Prezrta%20mladost%20:%20Missachtete%20Jugend\/DSC_3343_800x536.JPG_1765_5dd244b07ff-300x201.jpg 300w, https:\/\/roz.si\/wp-content\/uploads\/2021\/Galerije_final\/2012\/teatr%20zora%20Prezrta%20mladost%20:%20Missachtete%20Jugend\/DSC_3343_800x536.JPG_1765_5dd244b07ff-768x515.jpg 768w\" sizes=\"auto, (max-width: 800px) 100vw, 800px\" \/>\t\t\t\t\t\t\t\t\t\t\t<\/a>\n\t\t\t\t\t\t\t\t\t<\/div>\n\t\t\t<\/div>\n\t\t\t\t\t\t\t\t<div class=\"mkdf-ig-image mkdf-item-space \">\n\t\t\t\t<div class=\"mkdf-ig-image-inner\">\n\t\t\t\t\t\t\t\t\t\t\t<a itemprop=\"image\" class=\"mkdf-ig-lightbox\" href=\"https:\/\/roz.si\/wp-content\/uploads\/2021\/Galerije_final\/2012\/teatr%20zora%20Prezrta%20mladost%20:%20Missachtete%20Jugend\/DSC_3270_800x536.JPG_1743_5dd244af3c4.jpg\" data-rel=\"prettyPhoto[image_gallery_pretty_photo-256]\" title=\"DSC_3270_800x536.JPG_1743_5dd244af3c4\">\n\t\t\t\t\t\t\t\t\t\t\t<img loading=\"lazy\" decoding=\"async\" width=\"800\" height=\"536\" src=\"https:\/\/roz.si\/wp-content\/uploads\/2021\/Galerije_final\/2012\/teatr zora Prezrta mladost : Missachtete Jugend\/DSC_3270_800x536.JPG_1743_5dd244af3c4.jpg\" class=\"attachment-large size-large\" alt=\"\" srcset=\"https:\/\/roz.si\/wp-content\/uploads\/2021\/Galerije_final\/2012\/teatr%20zora%20Prezrta%20mladost%20:%20Missachtete%20Jugend\/DSC_3270_800x536.JPG_1743_5dd244af3c4.jpg 800w, https:\/\/roz.si\/wp-content\/uploads\/2021\/Galerije_final\/2012\/teatr%20zora%20Prezrta%20mladost%20:%20Missachtete%20Jugend\/DSC_3270_800x536.JPG_1743_5dd244af3c4-300x201.jpg 300w, https:\/\/roz.si\/wp-content\/uploads\/2021\/Galerije_final\/2012\/teatr%20zora%20Prezrta%20mladost%20:%20Missachtete%20Jugend\/DSC_3270_800x536.JPG_1743_5dd244af3c4-768x515.jpg 768w\" sizes=\"auto, (max-width: 800px) 100vw, 800px\" \/>\t\t\t\t\t\t\t\t\t\t\t<\/a>\n\t\t\t\t\t\t\t\t\t<\/div>\n\t\t\t<\/div>\n\t\t\t\t\t\t\t\t<div class=\"mkdf-ig-image mkdf-item-space \">\n\t\t\t\t<div class=\"mkdf-ig-image-inner\">\n\t\t\t\t\t\t\t\t\t\t\t<a itemprop=\"image\" class=\"mkdf-ig-lightbox\" href=\"https:\/\/roz.si\/wp-content\/uploads\/2021\/Galerije_final\/2012\/teatr%20zora%20Prezrta%20mladost%20:%20Missachtete%20Jugend\/DSC_3331_800x536.JPG_1751_5dd244b011f.jpg\" data-rel=\"prettyPhoto[image_gallery_pretty_photo-256]\" title=\"DSC_3331_800x536.JPG_1751_5dd244b011f\">\n\t\t\t\t\t\t\t\t\t\t\t<img loading=\"lazy\" decoding=\"async\" width=\"800\" height=\"536\" src=\"https:\/\/roz.si\/wp-content\/uploads\/2021\/Galerije_final\/2012\/teatr zora Prezrta mladost : Missachtete Jugend\/DSC_3331_800x536.JPG_1751_5dd244b011f.jpg\" class=\"attachment-large size-large\" alt=\"\" srcset=\"https:\/\/roz.si\/wp-content\/uploads\/2021\/Galerije_final\/2012\/teatr%20zora%20Prezrta%20mladost%20:%20Missachtete%20Jugend\/DSC_3331_800x536.JPG_1751_5dd244b011f.jpg 800w, https:\/\/roz.si\/wp-content\/uploads\/2021\/Galerije_final\/2012\/teatr%20zora%20Prezrta%20mladost%20:%20Missachtete%20Jugend\/DSC_3331_800x536.JPG_1751_5dd244b011f-300x201.jpg 300w, https:\/\/roz.si\/wp-content\/uploads\/2021\/Galerije_final\/2012\/teatr%20zora%20Prezrta%20mladost%20:%20Missachtete%20Jugend\/DSC_3331_800x536.JPG_1751_5dd244b011f-768x515.jpg 768w\" sizes=\"auto, (max-width: 800px) 100vw, 800px\" \/>\t\t\t\t\t\t\t\t\t\t\t<\/a>\n\t\t\t\t\t\t\t\t\t<\/div>\n\t\t\t<\/div>\n\t\t\t\t\t\t\t\t<div class=\"mkdf-ig-image mkdf-item-space \">\n\t\t\t\t<div class=\"mkdf-ig-image-inner\">\n\t\t\t\t\t\t\t\t\t\t\t<a itemprop=\"image\" class=\"mkdf-ig-lightbox\" href=\"https:\/\/roz.si\/wp-content\/uploads\/2021\/Galerije_final\/2012\/teatr%20zora%20Prezrta%20mladost%20:%20Missachtete%20Jugend\/DSC_3113_800x536.JPG_1706_5dd244aec10.jpg\" data-rel=\"prettyPhoto[image_gallery_pretty_photo-256]\" title=\"DSC_3113_800x536.JPG_1706_5dd244aec10\">\n\t\t\t\t\t\t\t\t\t\t\t<img loading=\"lazy\" decoding=\"async\" width=\"800\" height=\"536\" src=\"https:\/\/roz.si\/wp-content\/uploads\/2021\/Galerije_final\/2012\/teatr zora Prezrta mladost : Missachtete Jugend\/DSC_3113_800x536.JPG_1706_5dd244aec10.jpg\" class=\"attachment-large size-large\" alt=\"\" srcset=\"https:\/\/roz.si\/wp-content\/uploads\/2021\/Galerije_final\/2012\/teatr%20zora%20Prezrta%20mladost%20:%20Missachtete%20Jugend\/DSC_3113_800x536.JPG_1706_5dd244aec10.jpg 800w, https:\/\/roz.si\/wp-content\/uploads\/2021\/Galerije_final\/2012\/teatr%20zora%20Prezrta%20mladost%20:%20Missachtete%20Jugend\/DSC_3113_800x536.JPG_1706_5dd244aec10-300x201.jpg 300w, https:\/\/roz.si\/wp-content\/uploads\/2021\/Galerije_final\/2012\/teatr%20zora%20Prezrta%20mladost%20:%20Missachtete%20Jugend\/DSC_3113_800x536.JPG_1706_5dd244aec10-768x515.jpg 768w\" sizes=\"auto, (max-width: 800px) 100vw, 800px\" \/>\t\t\t\t\t\t\t\t\t\t\t<\/a>\n\t\t\t\t\t\t\t\t\t<\/div>\n\t\t\t<\/div>\n\t\t\t\t\t\t\t\t<div class=\"mkdf-ig-image mkdf-item-space \">\n\t\t\t\t<div class=\"mkdf-ig-image-inner\">\n\t\t\t\t\t\t\t\t\t\t\t<a itemprop=\"image\" class=\"mkdf-ig-lightbox\" href=\"https:\/\/roz.si\/wp-content\/uploads\/2021\/Galerije_final\/2012\/teatr%20zora%20Prezrta%20mladost%20:%20Missachtete%20Jugend\/DSC_3109_800x536.JPG_1705_5dd244aebc8.jpg\" data-rel=\"prettyPhoto[image_gallery_pretty_photo-256]\" title=\"DSC_3109_800x536.JPG_1705_5dd244aebc8\">\n\t\t\t\t\t\t\t\t\t\t\t<img loading=\"lazy\" decoding=\"async\" width=\"800\" height=\"536\" src=\"https:\/\/roz.si\/wp-content\/uploads\/2021\/Galerije_final\/2012\/teatr zora Prezrta mladost : Missachtete Jugend\/DSC_3109_800x536.JPG_1705_5dd244aebc8.jpg\" class=\"attachment-large size-large\" alt=\"\" srcset=\"https:\/\/roz.si\/wp-content\/uploads\/2021\/Galerije_final\/2012\/teatr%20zora%20Prezrta%20mladost%20:%20Missachtete%20Jugend\/DSC_3109_800x536.JPG_1705_5dd244aebc8.jpg 800w, https:\/\/roz.si\/wp-content\/uploads\/2021\/Galerije_final\/2012\/teatr%20zora%20Prezrta%20mladost%20:%20Missachtete%20Jugend\/DSC_3109_800x536.JPG_1705_5dd244aebc8-300x201.jpg 300w, https:\/\/roz.si\/wp-content\/uploads\/2021\/Galerije_final\/2012\/teatr%20zora%20Prezrta%20mladost%20:%20Missachtete%20Jugend\/DSC_3109_800x536.JPG_1705_5dd244aebc8-768x515.jpg 768w\" sizes=\"auto, (max-width: 800px) 100vw, 800px\" \/>\t\t\t\t\t\t\t\t\t\t\t<\/a>\n\t\t\t\t\t\t\t\t\t<\/div>\n\t\t\t<\/div>\n\t\t\t\t\t\t\t\t<div class=\"mkdf-ig-image mkdf-item-space \">\n\t\t\t\t<div class=\"mkdf-ig-image-inner\">\n\t\t\t\t\t\t\t\t\t\t\t<a itemprop=\"image\" class=\"mkdf-ig-lightbox\" href=\"https:\/\/roz.si\/wp-content\/uploads\/2021\/Galerije_final\/2012\/teatr%20zora%20Prezrta%20mladost%20:%20Missachtete%20Jugend\/DSC_3314_800x536.JPG_1749_5dd244afd12.jpg\" data-rel=\"prettyPhoto[image_gallery_pretty_photo-256]\" title=\"DSC_3314_800x536.JPG_1749_5dd244afd12\">\n\t\t\t\t\t\t\t\t\t\t\t<img loading=\"lazy\" decoding=\"async\" width=\"800\" height=\"536\" src=\"https:\/\/roz.si\/wp-content\/uploads\/2021\/Galerije_final\/2012\/teatr zora Prezrta mladost : Missachtete Jugend\/DSC_3314_800x536.JPG_1749_5dd244afd12.jpg\" class=\"attachment-large size-large\" alt=\"\" srcset=\"https:\/\/roz.si\/wp-content\/uploads\/2021\/Galerije_final\/2012\/teatr%20zora%20Prezrta%20mladost%20:%20Missachtete%20Jugend\/DSC_3314_800x536.JPG_1749_5dd244afd12.jpg 800w, https:\/\/roz.si\/wp-content\/uploads\/2021\/Galerije_final\/2012\/teatr%20zora%20Prezrta%20mladost%20:%20Missachtete%20Jugend\/DSC_3314_800x536.JPG_1749_5dd244afd12-300x201.jpg 300w, https:\/\/roz.si\/wp-content\/uploads\/2021\/Galerije_final\/2012\/teatr%20zora%20Prezrta%20mladost%20:%20Missachtete%20Jugend\/DSC_3314_800x536.JPG_1749_5dd244afd12-768x515.jpg 768w\" sizes=\"auto, (max-width: 800px) 100vw, 800px\" \/>\t\t\t\t\t\t\t\t\t\t\t<\/a>\n\t\t\t\t\t\t\t\t\t<\/div>\n\t\t\t<\/div>\n\t\t\t\t\t\t\t\t<div class=\"mkdf-ig-image mkdf-item-space \">\n\t\t\t\t<div class=\"mkdf-ig-image-inner\">\n\t\t\t\t\t\t\t\t\t\t\t<a itemprop=\"image\" class=\"mkdf-ig-lightbox\" href=\"https:\/\/roz.si\/wp-content\/uploads\/2021\/Galerije_final\/2012\/teatr%20zora%20Prezrta%20mladost%20:%20Missachtete%20Jugend\/DSC_3222_800x536.JPG_1728_5dd244af155.jpg\" data-rel=\"prettyPhoto[image_gallery_pretty_photo-256]\" title=\"DSC_3222_800x536.JPG_1728_5dd244af155\">\n\t\t\t\t\t\t\t\t\t\t\t<img loading=\"lazy\" decoding=\"async\" width=\"800\" height=\"536\" src=\"https:\/\/roz.si\/wp-content\/uploads\/2021\/Galerije_final\/2012\/teatr zora Prezrta mladost : Missachtete Jugend\/DSC_3222_800x536.JPG_1728_5dd244af155.jpg\" class=\"attachment-large size-large\" alt=\"\" srcset=\"https:\/\/roz.si\/wp-content\/uploads\/2021\/Galerije_final\/2012\/teatr%20zora%20Prezrta%20mladost%20:%20Missachtete%20Jugend\/DSC_3222_800x536.JPG_1728_5dd244af155.jpg 800w, https:\/\/roz.si\/wp-content\/uploads\/2021\/Galerije_final\/2012\/teatr%20zora%20Prezrta%20mladost%20:%20Missachtete%20Jugend\/DSC_3222_800x536.JPG_1728_5dd244af155-300x201.jpg 300w, https:\/\/roz.si\/wp-content\/uploads\/2021\/Galerije_final\/2012\/teatr%20zora%20Prezrta%20mladost%20:%20Missachtete%20Jugend\/DSC_3222_800x536.JPG_1728_5dd244af155-768x515.jpg 768w\" sizes=\"auto, (max-width: 800px) 100vw, 800px\" \/>\t\t\t\t\t\t\t\t\t\t\t<\/a>\n\t\t\t\t\t\t\t\t\t<\/div>\n\t\t\t<\/div>\n\t\t\t\t\t\t\t\t<div class=\"mkdf-ig-image mkdf-item-space \">\n\t\t\t\t<div class=\"mkdf-ig-image-inner\">\n\t\t\t\t\t\t\t\t\t\t\t<a itemprop=\"image\" class=\"mkdf-ig-lightbox\" href=\"https:\/\/roz.si\/wp-content\/uploads\/2021\/Galerije_final\/2012\/teatr%20zora%20Prezrta%20mladost%20:%20Missachtete%20Jugend\/DSC_3087_800x536.JPG_1704_5dd244aeb65.jpg\" data-rel=\"prettyPhoto[image_gallery_pretty_photo-256]\" title=\"DSC_3087_800x536.JPG_1704_5dd244aeb65\">\n\t\t\t\t\t\t\t\t\t\t\t<img loading=\"lazy\" decoding=\"async\" width=\"800\" height=\"536\" src=\"https:\/\/roz.si\/wp-content\/uploads\/2021\/Galerije_final\/2012\/teatr zora Prezrta mladost : Missachtete Jugend\/DSC_3087_800x536.JPG_1704_5dd244aeb65.jpg\" class=\"attachment-large size-large\" alt=\"\" srcset=\"https:\/\/roz.si\/wp-content\/uploads\/2021\/Galerije_final\/2012\/teatr%20zora%20Prezrta%20mladost%20:%20Missachtete%20Jugend\/DSC_3087_800x536.JPG_1704_5dd244aeb65.jpg 800w, https:\/\/roz.si\/wp-content\/uploads\/2021\/Galerije_final\/2012\/teatr%20zora%20Prezrta%20mladost%20:%20Missachtete%20Jugend\/DSC_3087_800x536.JPG_1704_5dd244aeb65-300x201.jpg 300w, https:\/\/roz.si\/wp-content\/uploads\/2021\/Galerije_final\/2012\/teatr%20zora%20Prezrta%20mladost%20:%20Missachtete%20Jugend\/DSC_3087_800x536.JPG_1704_5dd244aeb65-768x515.jpg 768w\" sizes=\"auto, (max-width: 800px) 100vw, 800px\" \/>\t\t\t\t\t\t\t\t\t\t\t<\/a>\n\t\t\t\t\t\t\t\t\t<\/div>\n\t\t\t<\/div>\n\t\t\t\t\t\t\t\t<div class=\"mkdf-ig-image mkdf-item-space \">\n\t\t\t\t<div class=\"mkdf-ig-image-inner\">\n\t\t\t\t\t\t\t\t\t\t\t<a itemprop=\"image\" class=\"mkdf-ig-lightbox\" href=\"https:\/\/roz.si\/wp-content\/uploads\/2021\/Galerije_final\/2012\/teatr%20zora%20Prezrta%20mladost%20:%20Missachtete%20Jugend\/DSC_3122_800x536.JPG_1707_5dd244aec52.jpg\" data-rel=\"prettyPhoto[image_gallery_pretty_photo-256]\" title=\"DSC_3122_800x536.JPG_1707_5dd244aec52\">\n\t\t\t\t\t\t\t\t\t\t\t<img loading=\"lazy\" decoding=\"async\" width=\"800\" height=\"536\" src=\"https:\/\/roz.si\/wp-content\/uploads\/2021\/Galerije_final\/2012\/teatr zora Prezrta mladost : Missachtete Jugend\/DSC_3122_800x536.JPG_1707_5dd244aec52.jpg\" class=\"attachment-large size-large\" alt=\"\" srcset=\"https:\/\/roz.si\/wp-content\/uploads\/2021\/Galerije_final\/2012\/teatr%20zora%20Prezrta%20mladost%20:%20Missachtete%20Jugend\/DSC_3122_800x536.JPG_1707_5dd244aec52.jpg 800w, https:\/\/roz.si\/wp-content\/uploads\/2021\/Galerije_final\/2012\/teatr%20zora%20Prezrta%20mladost%20:%20Missachtete%20Jugend\/DSC_3122_800x536.JPG_1707_5dd244aec52-300x201.jpg 300w, https:\/\/roz.si\/wp-content\/uploads\/2021\/Galerije_final\/2012\/teatr%20zora%20Prezrta%20mladost%20:%20Missachtete%20Jugend\/DSC_3122_800x536.JPG_1707_5dd244aec52-768x515.jpg 768w\" sizes=\"auto, (max-width: 800px) 100vw, 800px\" \/>\t\t\t\t\t\t\t\t\t\t\t<\/a>\n\t\t\t\t\t\t\t\t\t<\/div>\n\t\t\t<\/div>\n\t\t\t\t\t\t\t\t<div class=\"mkdf-ig-image mkdf-item-space \">\n\t\t\t\t<div class=\"mkdf-ig-image-inner\">\n\t\t\t\t\t\t\t\t\t\t\t<a itemprop=\"image\" class=\"mkdf-ig-lightbox\" href=\"https:\/\/roz.si\/wp-content\/uploads\/2021\/Galerije_final\/2012\/teatr%20zora%20Prezrta%20mladost%20:%20Missachtete%20Jugend\/DSC_3386_800x536.JPG_1783_5dd244b188e.jpg\" data-rel=\"prettyPhoto[image_gallery_pretty_photo-256]\" title=\"DSC_3386_800x536.JPG_1783_5dd244b188e\">\n\t\t\t\t\t\t\t\t\t\t\t<img loading=\"lazy\" decoding=\"async\" width=\"800\" height=\"536\" src=\"https:\/\/roz.si\/wp-content\/uploads\/2021\/Galerije_final\/2012\/teatr zora Prezrta mladost : Missachtete Jugend\/DSC_3386_800x536.JPG_1783_5dd244b188e.jpg\" class=\"attachment-large size-large\" alt=\"\" srcset=\"https:\/\/roz.si\/wp-content\/uploads\/2021\/Galerije_final\/2012\/teatr%20zora%20Prezrta%20mladost%20:%20Missachtete%20Jugend\/DSC_3386_800x536.JPG_1783_5dd244b188e.jpg 800w, https:\/\/roz.si\/wp-content\/uploads\/2021\/Galerije_final\/2012\/teatr%20zora%20Prezrta%20mladost%20:%20Missachtete%20Jugend\/DSC_3386_800x536.JPG_1783_5dd244b188e-300x201.jpg 300w, https:\/\/roz.si\/wp-content\/uploads\/2021\/Galerije_final\/2012\/teatr%20zora%20Prezrta%20mladost%20:%20Missachtete%20Jugend\/DSC_3386_800x536.JPG_1783_5dd244b188e-768x515.jpg 768w\" sizes=\"auto, (max-width: 800px) 100vw, 800px\" \/>\t\t\t\t\t\t\t\t\t\t\t<\/a>\n\t\t\t\t\t\t\t\t\t<\/div>\n\t\t\t<\/div>\n\t\t\t\t\t\t\t\t<div class=\"mkdf-ig-image mkdf-item-space \">\n\t\t\t\t<div class=\"mkdf-ig-image-inner\">\n\t\t\t\t\t\t\t\t\t\t\t<a itemprop=\"image\" class=\"mkdf-ig-lightbox\" href=\"https:\/\/roz.si\/wp-content\/uploads\/2021\/Galerije_final\/2012\/teatr%20zora%20Prezrta%20mladost%20:%20Missachtete%20Jugend\/DSC_3304_800x536.JPG_1747_5dd244afa04.jpg\" data-rel=\"prettyPhoto[image_gallery_pretty_photo-256]\" title=\"DSC_3304_800x536.JPG_1747_5dd244afa04\">\n\t\t\t\t\t\t\t\t\t\t\t<img loading=\"lazy\" decoding=\"async\" width=\"800\" height=\"536\" src=\"https:\/\/roz.si\/wp-content\/uploads\/2021\/Galerije_final\/2012\/teatr zora Prezrta mladost : Missachtete Jugend\/DSC_3304_800x536.JPG_1747_5dd244afa04.jpg\" class=\"attachment-large size-large\" alt=\"\" srcset=\"https:\/\/roz.si\/wp-content\/uploads\/2021\/Galerije_final\/2012\/teatr%20zora%20Prezrta%20mladost%20:%20Missachtete%20Jugend\/DSC_3304_800x536.JPG_1747_5dd244afa04.jpg 800w, https:\/\/roz.si\/wp-content\/uploads\/2021\/Galerije_final\/2012\/teatr%20zora%20Prezrta%20mladost%20:%20Missachtete%20Jugend\/DSC_3304_800x536.JPG_1747_5dd244afa04-300x201.jpg 300w, https:\/\/roz.si\/wp-content\/uploads\/2021\/Galerije_final\/2012\/teatr%20zora%20Prezrta%20mladost%20:%20Missachtete%20Jugend\/DSC_3304_800x536.JPG_1747_5dd244afa04-768x515.jpg 768w\" sizes=\"auto, (max-width: 800px) 100vw, 800px\" \/>\t\t\t\t\t\t\t\t\t\t\t<\/a>\n\t\t\t\t\t\t\t\t\t<\/div>\n\t\t\t<\/div>\n\t\t\t\t\t\t\t\t<div class=\"mkdf-ig-image mkdf-item-space \">\n\t\t\t\t<div class=\"mkdf-ig-image-inner\">\n\t\t\t\t\t\t\t\t\t\t\t<a itemprop=\"image\" class=\"mkdf-ig-lightbox\" href=\"https:\/\/roz.si\/wp-content\/uploads\/2021\/Galerije_final\/2012\/teatr%20zora%20Prezrta%20mladost%20:%20Missachtete%20Jugend\/DSC_3241_800x536.JPG_1730_5dd244af262.jpg\" data-rel=\"prettyPhoto[image_gallery_pretty_photo-256]\" title=\"DSC_3241_800x536.JPG_1730_5dd244af262\">\n\t\t\t\t\t\t\t\t\t\t\t<img loading=\"lazy\" decoding=\"async\" width=\"800\" height=\"536\" src=\"https:\/\/roz.si\/wp-content\/uploads\/2021\/Galerije_final\/2012\/teatr zora Prezrta mladost : Missachtete Jugend\/DSC_3241_800x536.JPG_1730_5dd244af262.jpg\" class=\"attachment-large size-large\" alt=\"\" srcset=\"https:\/\/roz.si\/wp-content\/uploads\/2021\/Galerije_final\/2012\/teatr%20zora%20Prezrta%20mladost%20:%20Missachtete%20Jugend\/DSC_3241_800x536.JPG_1730_5dd244af262.jpg 800w, https:\/\/roz.si\/wp-content\/uploads\/2021\/Galerije_final\/2012\/teatr%20zora%20Prezrta%20mladost%20:%20Missachtete%20Jugend\/DSC_3241_800x536.JPG_1730_5dd244af262-300x201.jpg 300w, https:\/\/roz.si\/wp-content\/uploads\/2021\/Galerije_final\/2012\/teatr%20zora%20Prezrta%20mladost%20:%20Missachtete%20Jugend\/DSC_3241_800x536.JPG_1730_5dd244af262-768x515.jpg 768w\" sizes=\"auto, (max-width: 800px) 100vw, 800px\" \/>\t\t\t\t\t\t\t\t\t\t\t<\/a>\n\t\t\t\t\t\t\t\t\t<\/div>\n\t\t\t<\/div>\n\t\t\t\t\t\t\t\t<div class=\"mkdf-ig-image mkdf-item-space \">\n\t\t\t\t<div class=\"mkdf-ig-image-inner\">\n\t\t\t\t\t\t\t\t\t\t\t<a itemprop=\"image\" class=\"mkdf-ig-lightbox\" href=\"https:\/\/roz.si\/wp-content\/uploads\/2021\/Galerije_final\/2012\/teatr%20zora%20Prezrta%20mladost%20:%20Missachtete%20Jugend\/DSC_3338_800x536.JPG_1763_5dd244b04ba.jpg\" data-rel=\"prettyPhoto[image_gallery_pretty_photo-256]\" title=\"DSC_3338_800x536.JPG_1763_5dd244b04ba\">\n\t\t\t\t\t\t\t\t\t\t\t<img loading=\"lazy\" decoding=\"async\" width=\"800\" height=\"536\" src=\"https:\/\/roz.si\/wp-content\/uploads\/2021\/Galerije_final\/2012\/teatr zora Prezrta mladost : Missachtete Jugend\/DSC_3338_800x536.JPG_1763_5dd244b04ba.jpg\" class=\"attachment-large size-large\" alt=\"\" srcset=\"https:\/\/roz.si\/wp-content\/uploads\/2021\/Galerije_final\/2012\/teatr%20zora%20Prezrta%20mladost%20:%20Missachtete%20Jugend\/DSC_3338_800x536.JPG_1763_5dd244b04ba.jpg 800w, https:\/\/roz.si\/wp-content\/uploads\/2021\/Galerije_final\/2012\/teatr%20zora%20Prezrta%20mladost%20:%20Missachtete%20Jugend\/DSC_3338_800x536.JPG_1763_5dd244b04ba-300x201.jpg 300w, https:\/\/roz.si\/wp-content\/uploads\/2021\/Galerije_final\/2012\/teatr%20zora%20Prezrta%20mladost%20:%20Missachtete%20Jugend\/DSC_3338_800x536.JPG_1763_5dd244b04ba-768x515.jpg 768w\" sizes=\"auto, (max-width: 800px) 100vw, 800px\" \/>\t\t\t\t\t\t\t\t\t\t\t<\/a>\n\t\t\t\t\t\t\t\t\t<\/div>\n\t\t\t<\/div>\n\t\t\t\t\t\t\t\t<div class=\"mkdf-ig-image mkdf-item-space \">\n\t\t\t\t<div class=\"mkdf-ig-image-inner\">\n\t\t\t\t\t\t\t\t\t\t\t<a itemprop=\"image\" class=\"mkdf-ig-lightbox\" href=\"https:\/\/roz.si\/wp-content\/uploads\/2021\/Galerije_final\/2012\/teatr%20zora%20Prezrta%20mladost%20:%20Missachtete%20Jugend\/DSC_3273_800x536.JPG_1745_5dd244af6b5.jpg\" data-rel=\"prettyPhoto[image_gallery_pretty_photo-256]\" title=\"DSC_3273_800x536.JPG_1745_5dd244af6b5\">\n\t\t\t\t\t\t\t\t\t\t\t<img loading=\"lazy\" decoding=\"async\" width=\"800\" height=\"536\" src=\"https:\/\/roz.si\/wp-content\/uploads\/2021\/Galerije_final\/2012\/teatr zora Prezrta mladost : Missachtete Jugend\/DSC_3273_800x536.JPG_1745_5dd244af6b5.jpg\" class=\"attachment-large size-large\" alt=\"\" srcset=\"https:\/\/roz.si\/wp-content\/uploads\/2021\/Galerije_final\/2012\/teatr%20zora%20Prezrta%20mladost%20:%20Missachtete%20Jugend\/DSC_3273_800x536.JPG_1745_5dd244af6b5.jpg 800w, https:\/\/roz.si\/wp-content\/uploads\/2021\/Galerije_final\/2012\/teatr%20zora%20Prezrta%20mladost%20:%20Missachtete%20Jugend\/DSC_3273_800x536.JPG_1745_5dd244af6b5-300x201.jpg 300w, https:\/\/roz.si\/wp-content\/uploads\/2021\/Galerije_final\/2012\/teatr%20zora%20Prezrta%20mladost%20:%20Missachtete%20Jugend\/DSC_3273_800x536.JPG_1745_5dd244af6b5-768x515.jpg 768w\" sizes=\"auto, (max-width: 800px) 100vw, 800px\" \/>\t\t\t\t\t\t\t\t\t\t\t<\/a>\n\t\t\t\t\t\t\t\t\t<\/div>\n\t\t\t<\/div>\n\t\t\t\t\t\t\t\t<div class=\"mkdf-ig-image mkdf-item-space \">\n\t\t\t\t<div class=\"mkdf-ig-image-inner\">\n\t\t\t\t\t\t\t\t\t\t\t<a itemprop=\"image\" class=\"mkdf-ig-lightbox\" href=\"https:\/\/roz.si\/wp-content\/uploads\/2021\/Galerije_final\/2012\/teatr%20zora%20Prezrta%20mladost%20:%20Missachtete%20Jugend\/DSC_3389_800x536.JPG_1785_5dd244b1bd6.jpg\" data-rel=\"prettyPhoto[image_gallery_pretty_photo-256]\" title=\"DSC_3389_800x536.JPG_1785_5dd244b1bd6\">\n\t\t\t\t\t\t\t\t\t\t\t<img loading=\"lazy\" decoding=\"async\" width=\"800\" height=\"536\" src=\"https:\/\/roz.si\/wp-content\/uploads\/2021\/Galerije_final\/2012\/teatr zora Prezrta mladost : Missachtete Jugend\/DSC_3389_800x536.JPG_1785_5dd244b1bd6.jpg\" class=\"attachment-large size-large\" alt=\"\" srcset=\"https:\/\/roz.si\/wp-content\/uploads\/2021\/Galerije_final\/2012\/teatr%20zora%20Prezrta%20mladost%20:%20Missachtete%20Jugend\/DSC_3389_800x536.JPG_1785_5dd244b1bd6.jpg 800w, https:\/\/roz.si\/wp-content\/uploads\/2021\/Galerije_final\/2012\/teatr%20zora%20Prezrta%20mladost%20:%20Missachtete%20Jugend\/DSC_3389_800x536.JPG_1785_5dd244b1bd6-300x201.jpg 300w, https:\/\/roz.si\/wp-content\/uploads\/2021\/Galerije_final\/2012\/teatr%20zora%20Prezrta%20mladost%20:%20Missachtete%20Jugend\/DSC_3389_800x536.JPG_1785_5dd244b1bd6-768x515.jpg 768w\" sizes=\"auto, (max-width: 800px) 100vw, 800px\" \/>\t\t\t\t\t\t\t\t\t\t\t<\/a>\n\t\t\t\t\t\t\t\t\t<\/div>\n\t\t\t<\/div>\n\t\t\t\t\t\t\t\t<div class=\"mkdf-ig-image mkdf-item-space \">\n\t\t\t\t<div class=\"mkdf-ig-image-inner\">\n\t\t\t\t\t\t\t\t\t\t\t<a itemprop=\"image\" class=\"mkdf-ig-lightbox\" href=\"https:\/\/roz.si\/wp-content\/uploads\/2021\/Galerije_final\/2012\/teatr%20zora%20Prezrta%20mladost%20:%20Missachtete%20Jugend\/DSC_3131_800x536.JPG_1709_5dd244aed09.jpg\" data-rel=\"prettyPhoto[image_gallery_pretty_photo-256]\" title=\"DSC_3131_800x536.JPG_1709_5dd244aed09\">\n\t\t\t\t\t\t\t\t\t\t\t<img loading=\"lazy\" decoding=\"async\" width=\"800\" height=\"536\" src=\"https:\/\/roz.si\/wp-content\/uploads\/2021\/Galerije_final\/2012\/teatr zora Prezrta mladost : Missachtete Jugend\/DSC_3131_800x536.JPG_1709_5dd244aed09.jpg\" class=\"attachment-large size-large\" alt=\"\" srcset=\"https:\/\/roz.si\/wp-content\/uploads\/2021\/Galerije_final\/2012\/teatr%20zora%20Prezrta%20mladost%20:%20Missachtete%20Jugend\/DSC_3131_800x536.JPG_1709_5dd244aed09.jpg 800w, https:\/\/roz.si\/wp-content\/uploads\/2021\/Galerije_final\/2012\/teatr%20zora%20Prezrta%20mladost%20:%20Missachtete%20Jugend\/DSC_3131_800x536.JPG_1709_5dd244aed09-300x201.jpg 300w, https:\/\/roz.si\/wp-content\/uploads\/2021\/Galerije_final\/2012\/teatr%20zora%20Prezrta%20mladost%20:%20Missachtete%20Jugend\/DSC_3131_800x536.JPG_1709_5dd244aed09-768x515.jpg 768w\" sizes=\"auto, (max-width: 800px) 100vw, 800px\" \/>\t\t\t\t\t\t\t\t\t\t\t<\/a>\n\t\t\t\t\t\t\t\t\t<\/div>\n\t\t\t<\/div>\n\t\t\t\t\t\t\t\t<div class=\"mkdf-ig-image mkdf-item-space \">\n\t\t\t\t<div class=\"mkdf-ig-image-inner\">\n\t\t\t\t\t\t\t\t\t\t\t<a itemprop=\"image\" class=\"mkdf-ig-lightbox\" href=\"https:\/\/roz.si\/wp-content\/uploads\/2021\/Galerije_final\/2012\/teatr%20zora%20Prezrta%20mladost%20:%20Missachtete%20Jugend\/DSC_3137_800x536.JPG_1711_5dd244aedce.jpg\" data-rel=\"prettyPhoto[image_gallery_pretty_photo-256]\" title=\"DSC_3137_800x536.JPG_1711_5dd244aedce\">\n\t\t\t\t\t\t\t\t\t\t\t<img loading=\"lazy\" decoding=\"async\" width=\"800\" height=\"536\" src=\"https:\/\/roz.si\/wp-content\/uploads\/2021\/Galerije_final\/2012\/teatr zora Prezrta mladost : Missachtete Jugend\/DSC_3137_800x536.JPG_1711_5dd244aedce.jpg\" class=\"attachment-large size-large\" alt=\"\" srcset=\"https:\/\/roz.si\/wp-content\/uploads\/2021\/Galerije_final\/2012\/teatr%20zora%20Prezrta%20mladost%20:%20Missachtete%20Jugend\/DSC_3137_800x536.JPG_1711_5dd244aedce.jpg 800w, https:\/\/roz.si\/wp-content\/uploads\/2021\/Galerije_final\/2012\/teatr%20zora%20Prezrta%20mladost%20:%20Missachtete%20Jugend\/DSC_3137_800x536.JPG_1711_5dd244aedce-300x201.jpg 300w, https:\/\/roz.si\/wp-content\/uploads\/2021\/Galerije_final\/2012\/teatr%20zora%20Prezrta%20mladost%20:%20Missachtete%20Jugend\/DSC_3137_800x536.JPG_1711_5dd244aedce-768x515.jpg 768w\" sizes=\"auto, (max-width: 800px) 100vw, 800px\" \/>\t\t\t\t\t\t\t\t\t\t\t<\/a>\n\t\t\t\t\t\t\t\t\t<\/div>\n\t\t\t<\/div>\n\t\t\t\t\t\t\t\t<div class=\"mkdf-ig-image mkdf-item-space \">\n\t\t\t\t<div class=\"mkdf-ig-image-inner\">\n\t\t\t\t\t\t\t\t\t\t\t<a itemprop=\"image\" class=\"mkdf-ig-lightbox\" href=\"https:\/\/roz.si\/wp-content\/uploads\/2021\/Galerije_final\/2012\/teatr%20zora%20Prezrta%20mladost%20:%20Missachtete%20Jugend\/DSC_3045_800x536.JPG_1703_5dd244aeab0.jpg\" data-rel=\"prettyPhoto[image_gallery_pretty_photo-256]\" title=\"DSC_3045_800x536.JPG_1703_5dd244aeab0\">\n\t\t\t\t\t\t\t\t\t\t\t<img loading=\"lazy\" decoding=\"async\" width=\"800\" height=\"536\" src=\"https:\/\/roz.si\/wp-content\/uploads\/2021\/Galerije_final\/2012\/teatr zora Prezrta mladost : Missachtete Jugend\/DSC_3045_800x536.JPG_1703_5dd244aeab0.jpg\" class=\"attachment-large size-large\" alt=\"\" srcset=\"https:\/\/roz.si\/wp-content\/uploads\/2021\/Galerije_final\/2012\/teatr%20zora%20Prezrta%20mladost%20:%20Missachtete%20Jugend\/DSC_3045_800x536.JPG_1703_5dd244aeab0.jpg 800w, https:\/\/roz.si\/wp-content\/uploads\/2021\/Galerije_final\/2012\/teatr%20zora%20Prezrta%20mladost%20:%20Missachtete%20Jugend\/DSC_3045_800x536.JPG_1703_5dd244aeab0-300x201.jpg 300w, https:\/\/roz.si\/wp-content\/uploads\/2021\/Galerije_final\/2012\/teatr%20zora%20Prezrta%20mladost%20:%20Missachtete%20Jugend\/DSC_3045_800x536.JPG_1703_5dd244aeab0-768x515.jpg 768w\" sizes=\"auto, (max-width: 800px) 100vw, 800px\" \/>\t\t\t\t\t\t\t\t\t\t\t<\/a>\n\t\t\t\t\t\t\t\t\t<\/div>\n\t\t\t<\/div>\n\t\t\t\t\t\t\t\t<div class=\"mkdf-ig-image mkdf-item-space \">\n\t\t\t\t<div class=\"mkdf-ig-image-inner\">\n\t\t\t\t\t\t\t\t\t\t\t<a itemprop=\"image\" class=\"mkdf-ig-lightbox\" href=\"https:\/\/roz.si\/wp-content\/uploads\/2021\/Galerije_final\/2012\/teatr%20zora%20Prezrta%20mladost%20:%20Missachtete%20Jugend\/DSC_3206_800x536.JPG_1726_5dd244af09e.jpg\" data-rel=\"prettyPhoto[image_gallery_pretty_photo-256]\" title=\"DSC_3206_800x536.JPG_1726_5dd244af09e\">\n\t\t\t\t\t\t\t\t\t\t\t<img loading=\"lazy\" decoding=\"async\" width=\"800\" height=\"536\" src=\"https:\/\/roz.si\/wp-content\/uploads\/2021\/Galerije_final\/2012\/teatr zora Prezrta mladost : Missachtete Jugend\/DSC_3206_800x536.JPG_1726_5dd244af09e.jpg\" class=\"attachment-large size-large\" alt=\"\" srcset=\"https:\/\/roz.si\/wp-content\/uploads\/2021\/Galerije_final\/2012\/teatr%20zora%20Prezrta%20mladost%20:%20Missachtete%20Jugend\/DSC_3206_800x536.JPG_1726_5dd244af09e.jpg 800w, https:\/\/roz.si\/wp-content\/uploads\/2021\/Galerije_final\/2012\/teatr%20zora%20Prezrta%20mladost%20:%20Missachtete%20Jugend\/DSC_3206_800x536.JPG_1726_5dd244af09e-300x201.jpg 300w, https:\/\/roz.si\/wp-content\/uploads\/2021\/Galerije_final\/2012\/teatr%20zora%20Prezrta%20mladost%20:%20Missachtete%20Jugend\/DSC_3206_800x536.JPG_1726_5dd244af09e-768x515.jpg 768w\" sizes=\"auto, (max-width: 800px) 100vw, 800px\" \/>\t\t\t\t\t\t\t\t\t\t\t<\/a>\n\t\t\t\t\t\t\t\t\t<\/div>\n\t\t\t<\/div>\n\t\t\t\t\t\t\t\t<div class=\"mkdf-ig-image mkdf-item-space \">\n\t\t\t\t<div class=\"mkdf-ig-image-inner\">\n\t\t\t\t\t\t\t\t\t\t\t<a itemprop=\"image\" class=\"mkdf-ig-lightbox\" href=\"https:\/\/roz.si\/wp-content\/uploads\/2021\/Galerije_final\/2012\/teatr%20zora%20Prezrta%20mladost%20:%20Missachtete%20Jugend\/DSC_3215_800x536.JPG_1727_5dd244af0ed.jpg\" data-rel=\"prettyPhoto[image_gallery_pretty_photo-256]\" title=\"DSC_3215_800x536.JPG_1727_5dd244af0ed\">\n\t\t\t\t\t\t\t\t\t\t\t<img loading=\"lazy\" decoding=\"async\" width=\"800\" height=\"536\" src=\"https:\/\/roz.si\/wp-content\/uploads\/2021\/Galerije_final\/2012\/teatr zora Prezrta mladost : Missachtete Jugend\/DSC_3215_800x536.JPG_1727_5dd244af0ed.jpg\" class=\"attachment-large size-large\" alt=\"\" srcset=\"https:\/\/roz.si\/wp-content\/uploads\/2021\/Galerije_final\/2012\/teatr%20zora%20Prezrta%20mladost%20:%20Missachtete%20Jugend\/DSC_3215_800x536.JPG_1727_5dd244af0ed.jpg 800w, https:\/\/roz.si\/wp-content\/uploads\/2021\/Galerije_final\/2012\/teatr%20zora%20Prezrta%20mladost%20:%20Missachtete%20Jugend\/DSC_3215_800x536.JPG_1727_5dd244af0ed-300x201.jpg 300w, https:\/\/roz.si\/wp-content\/uploads\/2021\/Galerije_final\/2012\/teatr%20zora%20Prezrta%20mladost%20:%20Missachtete%20Jugend\/DSC_3215_800x536.JPG_1727_5dd244af0ed-768x515.jpg 768w\" sizes=\"auto, (max-width: 800px) 100vw, 800px\" \/>\t\t\t\t\t\t\t\t\t\t\t<\/a>\n\t\t\t\t\t\t\t\t\t<\/div>\n\t\t\t<\/div>\n\t\t\t\t\t\t\t\t<div class=\"mkdf-ig-image mkdf-item-space \">\n\t\t\t\t<div class=\"mkdf-ig-image-inner\">\n\t\t\t\t\t\t\t\t\t\t\t<a itemprop=\"image\" class=\"mkdf-ig-lightbox\" href=\"https:\/\/roz.si\/wp-content\/uploads\/2021\/Galerije_final\/2012\/teatr%20zora%20Prezrta%20mladost%20:%20Missachtete%20Jugend\/DSC_3248_800x536.JPG_1732_5dd244af30e.jpg\" data-rel=\"prettyPhoto[image_gallery_pretty_photo-256]\" title=\"DSC_3248_800x536.JPG_1732_5dd244af30e\">\n\t\t\t\t\t\t\t\t\t\t\t<img loading=\"lazy\" decoding=\"async\" width=\"800\" height=\"536\" src=\"https:\/\/roz.si\/wp-content\/uploads\/2021\/Galerije_final\/2012\/teatr zora Prezrta mladost : Missachtete Jugend\/DSC_3248_800x536.JPG_1732_5dd244af30e.jpg\" class=\"attachment-large size-large\" alt=\"\" srcset=\"https:\/\/roz.si\/wp-content\/uploads\/2021\/Galerije_final\/2012\/teatr%20zora%20Prezrta%20mladost%20:%20Missachtete%20Jugend\/DSC_3248_800x536.JPG_1732_5dd244af30e.jpg 800w, https:\/\/roz.si\/wp-content\/uploads\/2021\/Galerije_final\/2012\/teatr%20zora%20Prezrta%20mladost%20:%20Missachtete%20Jugend\/DSC_3248_800x536.JPG_1732_5dd244af30e-300x201.jpg 300w, https:\/\/roz.si\/wp-content\/uploads\/2021\/Galerije_final\/2012\/teatr%20zora%20Prezrta%20mladost%20:%20Missachtete%20Jugend\/DSC_3248_800x536.JPG_1732_5dd244af30e-768x515.jpg 768w\" sizes=\"auto, (max-width: 800px) 100vw, 800px\" \/>\t\t\t\t\t\t\t\t\t\t\t<\/a>\n\t\t\t\t\t\t\t\t\t<\/div>\n\t\t\t<\/div>\n\t\t\t\t\t\t\t\t<div class=\"mkdf-ig-image mkdf-item-space \">\n\t\t\t\t<div class=\"mkdf-ig-image-inner\">\n\t\t\t\t\t\t\t\t\t\t\t<a itemprop=\"image\" class=\"mkdf-ig-lightbox\" href=\"https:\/\/roz.si\/wp-content\/uploads\/2021\/Galerije_final\/2012\/teatr%20zora%20Prezrta%20mladost%20:%20Missachtete%20Jugend\/DSC_3400_800x536.JPG_1787_5dd244b1ee3.jpg\" data-rel=\"prettyPhoto[image_gallery_pretty_photo-256]\" title=\"DSC_3400_800x536.JPG_1787_5dd244b1ee3\">\n\t\t\t\t\t\t\t\t\t\t\t<img loading=\"lazy\" decoding=\"async\" width=\"800\" height=\"536\" src=\"https:\/\/roz.si\/wp-content\/uploads\/2021\/Galerije_final\/2012\/teatr zora Prezrta mladost : Missachtete Jugend\/DSC_3400_800x536.JPG_1787_5dd244b1ee3.jpg\" class=\"attachment-large size-large\" alt=\"\" srcset=\"https:\/\/roz.si\/wp-content\/uploads\/2021\/Galerije_final\/2012\/teatr%20zora%20Prezrta%20mladost%20:%20Missachtete%20Jugend\/DSC_3400_800x536.JPG_1787_5dd244b1ee3.jpg 800w, https:\/\/roz.si\/wp-content\/uploads\/2021\/Galerije_final\/2012\/teatr%20zora%20Prezrta%20mladost%20:%20Missachtete%20Jugend\/DSC_3400_800x536.JPG_1787_5dd244b1ee3-300x201.jpg 300w, https:\/\/roz.si\/wp-content\/uploads\/2021\/Galerije_final\/2012\/teatr%20zora%20Prezrta%20mladost%20:%20Missachtete%20Jugend\/DSC_3400_800x536.JPG_1787_5dd244b1ee3-768x515.jpg 768w\" sizes=\"auto, (max-width: 800px) 100vw, 800px\" \/>\t\t\t\t\t\t\t\t\t\t\t<\/a>\n\t\t\t\t\t\t\t\t\t<\/div>\n\t\t\t<\/div>\n\t\t\t\t\t\t\t\t<div class=\"mkdf-ig-image mkdf-item-space \">\n\t\t\t\t<div class=\"mkdf-ig-image-inner\">\n\t\t\t\t\t\t\t\t\t\t\t<a itemprop=\"image\" class=\"mkdf-ig-lightbox\" href=\"https:\/\/roz.si\/wp-content\/uploads\/2021\/Galerije_final\/2012\/teatr%20zora%20Prezrta%20mladost%20:%20Missachtete%20Jugend\/DSC_3199_800x536.JPG_1725_5dd244af055.jpg\" data-rel=\"prettyPhoto[image_gallery_pretty_photo-256]\" title=\"DSC_3199_800x536.JPG_1725_5dd244af055\">\n\t\t\t\t\t\t\t\t\t\t\t<img loading=\"lazy\" decoding=\"async\" width=\"800\" height=\"536\" src=\"https:\/\/roz.si\/wp-content\/uploads\/2021\/Galerije_final\/2012\/teatr zora Prezrta mladost : Missachtete Jugend\/DSC_3199_800x536.JPG_1725_5dd244af055.jpg\" class=\"attachment-large size-large\" alt=\"\" srcset=\"https:\/\/roz.si\/wp-content\/uploads\/2021\/Galerije_final\/2012\/teatr%20zora%20Prezrta%20mladost%20:%20Missachtete%20Jugend\/DSC_3199_800x536.JPG_1725_5dd244af055.jpg 800w, https:\/\/roz.si\/wp-content\/uploads\/2021\/Galerije_final\/2012\/teatr%20zora%20Prezrta%20mladost%20:%20Missachtete%20Jugend\/DSC_3199_800x536.JPG_1725_5dd244af055-300x201.jpg 300w, https:\/\/roz.si\/wp-content\/uploads\/2021\/Galerije_final\/2012\/teatr%20zora%20Prezrta%20mladost%20:%20Missachtete%20Jugend\/DSC_3199_800x536.JPG_1725_5dd244af055-768x515.jpg 768w\" sizes=\"auto, (max-width: 800px) 100vw, 800px\" \/>\t\t\t\t\t\t\t\t\t\t\t<\/a>\n\t\t\t\t\t\t\t\t\t<\/div>\n\t\t\t<\/div>\n\t\t\t\t\t\t\t\t<div class=\"mkdf-ig-image mkdf-item-space \">\n\t\t\t\t<div class=\"mkdf-ig-image-inner\">\n\t\t\t\t\t\t\t\t\t\t\t<a itemprop=\"image\" class=\"mkdf-ig-lightbox\" href=\"https:\/\/roz.si\/wp-content\/uploads\/2021\/Galerije_final\/2012\/teatr%20zora%20Prezrta%20mladost%20:%20Missachtete%20Jugend\/DSC_3174_800x536.JPG_1724_5dd244aef39.jpg\" data-rel=\"prettyPhoto[image_gallery_pretty_photo-256]\" title=\"DSC_3174_800x536.JPG_1724_5dd244aef39\">\n\t\t\t\t\t\t\t\t\t\t\t<img loading=\"lazy\" decoding=\"async\" width=\"800\" height=\"536\" src=\"https:\/\/roz.si\/wp-content\/uploads\/2021\/Galerije_final\/2012\/teatr zora Prezrta mladost : Missachtete Jugend\/DSC_3174_800x536.JPG_1724_5dd244aef39.jpg\" class=\"attachment-large size-large\" alt=\"\" srcset=\"https:\/\/roz.si\/wp-content\/uploads\/2021\/Galerije_final\/2012\/teatr%20zora%20Prezrta%20mladost%20:%20Missachtete%20Jugend\/DSC_3174_800x536.JPG_1724_5dd244aef39.jpg 800w, https:\/\/roz.si\/wp-content\/uploads\/2021\/Galerije_final\/2012\/teatr%20zora%20Prezrta%20mladost%20:%20Missachtete%20Jugend\/DSC_3174_800x536.JPG_1724_5dd244aef39-300x201.jpg 300w, https:\/\/roz.si\/wp-content\/uploads\/2021\/Galerije_final\/2012\/teatr%20zora%20Prezrta%20mladost%20:%20Missachtete%20Jugend\/DSC_3174_800x536.JPG_1724_5dd244aef39-768x515.jpg 768w\" sizes=\"auto, (max-width: 800px) 100vw, 800px\" \/>\t\t\t\t\t\t\t\t\t\t\t<\/a>\n\t\t\t\t\t\t\t\t\t<\/div>\n\t\t\t<\/div>\n\t\t\t\t\t\t\t\t<div class=\"mkdf-ig-image mkdf-item-space \">\n\t\t\t\t<div class=\"mkdf-ig-image-inner\">\n\t\t\t\t\t\t\t\t\t\t\t<a itemprop=\"image\" class=\"mkdf-ig-lightbox\" href=\"https:\/\/roz.si\/wp-content\/uploads\/2021\/Galerije_final\/2012\/teatr%20zora%20Prezrta%20mladost%20:%20Missachtete%20Jugend\/DSC_3155_800x536.JPG_1723_5dd244aeeef.jpg\" data-rel=\"prettyPhoto[image_gallery_pretty_photo-256]\" title=\"DSC_3155_800x536.JPG_1723_5dd244aeeef\">\n\t\t\t\t\t\t\t\t\t\t\t<img loading=\"lazy\" decoding=\"async\" width=\"800\" height=\"536\" src=\"https:\/\/roz.si\/wp-content\/uploads\/2021\/Galerije_final\/2012\/teatr zora Prezrta mladost : Missachtete Jugend\/DSC_3155_800x536.JPG_1723_5dd244aeeef.jpg\" class=\"attachment-large size-large\" alt=\"\" srcset=\"https:\/\/roz.si\/wp-content\/uploads\/2021\/Galerije_final\/2012\/teatr%20zora%20Prezrta%20mladost%20:%20Missachtete%20Jugend\/DSC_3155_800x536.JPG_1723_5dd244aeeef.jpg 800w, https:\/\/roz.si\/wp-content\/uploads\/2021\/Galerije_final\/2012\/teatr%20zora%20Prezrta%20mladost%20:%20Missachtete%20Jugend\/DSC_3155_800x536.JPG_1723_5dd244aeeef-300x201.jpg 300w, https:\/\/roz.si\/wp-content\/uploads\/2021\/Galerije_final\/2012\/teatr%20zora%20Prezrta%20mladost%20:%20Missachtete%20Jugend\/DSC_3155_800x536.JPG_1723_5dd244aeeef-768x515.jpg 768w\" sizes=\"auto, (max-width: 800px) 100vw, 800px\" \/>\t\t\t\t\t\t\t\t\t\t\t<\/a>\n\t\t\t\t\t\t\t\t\t<\/div>\n\t\t\t<\/div>\n\t\t\t\t\t\t\t\t<div class=\"mkdf-ig-image mkdf-item-space \">\n\t\t\t\t<div class=\"mkdf-ig-image-inner\">\n\t\t\t\t\t\t\t\t\t\t\t<a itemprop=\"image\" class=\"mkdf-ig-lightbox\" href=\"https:\/\/roz.si\/wp-content\/uploads\/2021\/Galerije_final\/2012\/teatr%20zora%20Prezrta%20mladost%20:%20Missachtete%20Jugend\/DSC_3151_800x536.JPG_1712_5dd244aee16.jpg\" data-rel=\"prettyPhoto[image_gallery_pretty_photo-256]\" title=\"DSC_3151_800x536.JPG_1712_5dd244aee16\">\n\t\t\t\t\t\t\t\t\t\t\t<img loading=\"lazy\" decoding=\"async\" width=\"800\" height=\"536\" src=\"https:\/\/roz.si\/wp-content\/uploads\/2021\/Galerije_final\/2012\/teatr zora Prezrta mladost : Missachtete Jugend\/DSC_3151_800x536.JPG_1712_5dd244aee16.jpg\" class=\"attachment-large size-large\" alt=\"\" srcset=\"https:\/\/roz.si\/wp-content\/uploads\/2021\/Galerije_final\/2012\/teatr%20zora%20Prezrta%20mladost%20:%20Missachtete%20Jugend\/DSC_3151_800x536.JPG_1712_5dd244aee16.jpg 800w, https:\/\/roz.si\/wp-content\/uploads\/2021\/Galerije_final\/2012\/teatr%20zora%20Prezrta%20mladost%20:%20Missachtete%20Jugend\/DSC_3151_800x536.JPG_1712_5dd244aee16-300x201.jpg 300w, https:\/\/roz.si\/wp-content\/uploads\/2021\/Galerije_final\/2012\/teatr%20zora%20Prezrta%20mladost%20:%20Missachtete%20Jugend\/DSC_3151_800x536.JPG_1712_5dd244aee16-768x515.jpg 768w\" sizes=\"auto, (max-width: 800px) 100vw, 800px\" \/>\t\t\t\t\t\t\t\t\t\t\t<\/a>\n\t\t\t\t\t\t\t\t\t<\/div>\n\t\t\t<\/div>\n\t\t\t\t\t\t\t\t<div class=\"mkdf-ig-image mkdf-item-space \">\n\t\t\t\t<div class=\"mkdf-ig-image-inner\">\n\t\t\t\t\t\t\t\t\t\t\t<a itemprop=\"image\" class=\"mkdf-ig-lightbox\" href=\"https:\/\/roz.si\/wp-content\/uploads\/2021\/Galerije_final\/2012\/teatr%20zora%20Prezrta%20mladost%20:%20Missachtete%20Jugend\/DSC_3132_800x536.JPG_1710_5dd244aed72.jpg\" data-rel=\"prettyPhoto[image_gallery_pretty_photo-256]\" title=\"DSC_3132_800x536.JPG_1710_5dd244aed72\">\n\t\t\t\t\t\t\t\t\t\t\t<img loading=\"lazy\" decoding=\"async\" width=\"800\" height=\"536\" src=\"https:\/\/roz.si\/wp-content\/uploads\/2021\/Galerije_final\/2012\/teatr zora Prezrta mladost : Missachtete Jugend\/DSC_3132_800x536.JPG_1710_5dd244aed72.jpg\" class=\"attachment-large size-large\" alt=\"\" srcset=\"https:\/\/roz.si\/wp-content\/uploads\/2021\/Galerije_final\/2012\/teatr%20zora%20Prezrta%20mladost%20:%20Missachtete%20Jugend\/DSC_3132_800x536.JPG_1710_5dd244aed72.jpg 800w, https:\/\/roz.si\/wp-content\/uploads\/2021\/Galerije_final\/2012\/teatr%20zora%20Prezrta%20mladost%20:%20Missachtete%20Jugend\/DSC_3132_800x536.JPG_1710_5dd244aed72-300x201.jpg 300w, https:\/\/roz.si\/wp-content\/uploads\/2021\/Galerije_final\/2012\/teatr%20zora%20Prezrta%20mladost%20:%20Missachtete%20Jugend\/DSC_3132_800x536.JPG_1710_5dd244aed72-768x515.jpg 768w\" sizes=\"auto, (max-width: 800px) 100vw, 800px\" \/>\t\t\t\t\t\t\t\t\t\t\t<\/a>\n\t\t\t\t\t\t\t\t\t<\/div>\n\t\t\t<\/div>\n\t\t\t\t\t\t\t\t<div class=\"mkdf-ig-image mkdf-item-space \">\n\t\t\t\t<div class=\"mkdf-ig-image-inner\">\n\t\t\t\t\t\t\t\t\t\t\t<a itemprop=\"image\" class=\"mkdf-ig-lightbox\" href=\"https:\/\/roz.si\/wp-content\/uploads\/2021\/Galerije_final\/2012\/teatr%20zora%20Prezrta%20mladost%20:%20Missachtete%20Jugend\/DSC_3123_800x536.JPG_1708_5dd244aecbf.jpg\" data-rel=\"prettyPhoto[image_gallery_pretty_photo-256]\" title=\"DSC_3123_800x536.JPG_1708_5dd244aecbf\">\n\t\t\t\t\t\t\t\t\t\t\t<img loading=\"lazy\" decoding=\"async\" width=\"800\" height=\"536\" src=\"https:\/\/roz.si\/wp-content\/uploads\/2021\/Galerije_final\/2012\/teatr zora Prezrta mladost : Missachtete Jugend\/DSC_3123_800x536.JPG_1708_5dd244aecbf.jpg\" class=\"attachment-large size-large\" alt=\"\" srcset=\"https:\/\/roz.si\/wp-content\/uploads\/2021\/Galerije_final\/2012\/teatr%20zora%20Prezrta%20mladost%20:%20Missachtete%20Jugend\/DSC_3123_800x536.JPG_1708_5dd244aecbf.jpg 800w, https:\/\/roz.si\/wp-content\/uploads\/2021\/Galerije_final\/2012\/teatr%20zora%20Prezrta%20mladost%20:%20Missachtete%20Jugend\/DSC_3123_800x536.JPG_1708_5dd244aecbf-300x201.jpg 300w, https:\/\/roz.si\/wp-content\/uploads\/2021\/Galerije_final\/2012\/teatr%20zora%20Prezrta%20mladost%20:%20Missachtete%20Jugend\/DSC_3123_800x536.JPG_1708_5dd244aecbf-768x515.jpg 768w\" sizes=\"auto, (max-width: 800px) 100vw, 800px\" \/>\t\t\t\t\t\t\t\t\t\t\t<\/a>\n\t\t\t\t\t\t\t\t\t<\/div>\n\t\t\t<\/div>\n\t\t\t\t\t\t\t\t<div class=\"mkdf-ig-image mkdf-item-space \">\n\t\t\t\t<div class=\"mkdf-ig-image-inner\">\n\t\t\t\t\t\t\t\t\t\t\t<a itemprop=\"image\" class=\"mkdf-ig-lightbox\" href=\"https:\/\/roz.si\/wp-content\/uploads\/2021\/Galerije_final\/2012\/teatr%20zora%20Prezrta%20mladost%20:%20Missachtete%20Jugend\/DSC_3243_800x536.JPG_1731_5dd244af2ab.jpg\" data-rel=\"prettyPhoto[image_gallery_pretty_photo-256]\" title=\"DSC_3243_800x536.JPG_1731_5dd244af2ab\">\n\t\t\t\t\t\t\t\t\t\t\t<img loading=\"lazy\" decoding=\"async\" width=\"800\" height=\"536\" src=\"https:\/\/roz.si\/wp-content\/uploads\/2021\/Galerije_final\/2012\/teatr zora Prezrta mladost : Missachtete Jugend\/DSC_3243_800x536.JPG_1731_5dd244af2ab.jpg\" class=\"attachment-large size-large\" alt=\"\" srcset=\"https:\/\/roz.si\/wp-content\/uploads\/2021\/Galerije_final\/2012\/teatr%20zora%20Prezrta%20mladost%20:%20Missachtete%20Jugend\/DSC_3243_800x536.JPG_1731_5dd244af2ab.jpg 800w, https:\/\/roz.si\/wp-content\/uploads\/2021\/Galerije_final\/2012\/teatr%20zora%20Prezrta%20mladost%20:%20Missachtete%20Jugend\/DSC_3243_800x536.JPG_1731_5dd244af2ab-300x201.jpg 300w, https:\/\/roz.si\/wp-content\/uploads\/2021\/Galerije_final\/2012\/teatr%20zora%20Prezrta%20mladost%20:%20Missachtete%20Jugend\/DSC_3243_800x536.JPG_1731_5dd244af2ab-768x515.jpg 768w\" sizes=\"auto, (max-width: 800px) 100vw, 800px\" \/>\t\t\t\t\t\t\t\t\t\t\t<\/a>\n\t\t\t\t\t\t\t\t\t<\/div>\n\t\t\t<\/div>\n\t\t\t\t\t\t\t\t<div class=\"mkdf-ig-image mkdf-item-space \">\n\t\t\t\t<div class=\"mkdf-ig-image-inner\">\n\t\t\t\t\t\t\t\t\t\t\t<a itemprop=\"image\" class=\"mkdf-ig-lightbox\" href=\"https:\/\/roz.si\/wp-content\/uploads\/2021\/Galerije_final\/2012\/teatr%20zora%20Prezrta%20mladost%20:%20Missachtete%20Jugend\/DSC_3239_800x536.JPG_1729_5dd244af202.jpg\" data-rel=\"prettyPhoto[image_gallery_pretty_photo-256]\" title=\"DSC_3239_800x536.JPG_1729_5dd244af202\">\n\t\t\t\t\t\t\t\t\t\t\t<img loading=\"lazy\" decoding=\"async\" width=\"800\" height=\"536\" src=\"https:\/\/roz.si\/wp-content\/uploads\/2021\/Galerije_final\/2012\/teatr zora Prezrta mladost : Missachtete Jugend\/DSC_3239_800x536.JPG_1729_5dd244af202.jpg\" class=\"attachment-large size-large\" alt=\"\" srcset=\"https:\/\/roz.si\/wp-content\/uploads\/2021\/Galerije_final\/2012\/teatr%20zora%20Prezrta%20mladost%20:%20Missachtete%20Jugend\/DSC_3239_800x536.JPG_1729_5dd244af202.jpg 800w, https:\/\/roz.si\/wp-content\/uploads\/2021\/Galerije_final\/2012\/teatr%20zora%20Prezrta%20mladost%20:%20Missachtete%20Jugend\/DSC_3239_800x536.JPG_1729_5dd244af202-300x201.jpg 300w, https:\/\/roz.si\/wp-content\/uploads\/2021\/Galerije_final\/2012\/teatr%20zora%20Prezrta%20mladost%20:%20Missachtete%20Jugend\/DSC_3239_800x536.JPG_1729_5dd244af202-768x515.jpg 768w\" sizes=\"auto, (max-width: 800px) 100vw, 800px\" \/>\t\t\t\t\t\t\t\t\t\t\t<\/a>\n\t\t\t\t\t\t\t\t\t<\/div>\n\t\t\t<\/div>\n\t\t\t\t\t\t\t\t<div class=\"mkdf-ig-image mkdf-item-space \">\n\t\t\t\t<div class=\"mkdf-ig-image-inner\">\n\t\t\t\t\t\t\t\t\t\t\t<a itemprop=\"image\" class=\"mkdf-ig-lightbox\" href=\"https:\/\/roz.si\/wp-content\/uploads\/2021\/Galerije_final\/2012\/teatr%20zora%20Prezrta%20mladost%20:%20Missachtete%20Jugend\/DSC_3380_800x536.JPG_1771_5dd244b14d4.jpg\" data-rel=\"prettyPhoto[image_gallery_pretty_photo-256]\" title=\"DSC_3380_800x536.JPG_1771_5dd244b14d4\">\n\t\t\t\t\t\t\t\t\t\t\t<img loading=\"lazy\" decoding=\"async\" width=\"800\" height=\"536\" src=\"https:\/\/roz.si\/wp-content\/uploads\/2021\/Galerije_final\/2012\/teatr zora Prezrta mladost : Missachtete Jugend\/DSC_3380_800x536.JPG_1771_5dd244b14d4.jpg\" class=\"attachment-large size-large\" alt=\"\" srcset=\"https:\/\/roz.si\/wp-content\/uploads\/2021\/Galerije_final\/2012\/teatr%20zora%20Prezrta%20mladost%20:%20Missachtete%20Jugend\/DSC_3380_800x536.JPG_1771_5dd244b14d4.jpg 800w, https:\/\/roz.si\/wp-content\/uploads\/2021\/Galerije_final\/2012\/teatr%20zora%20Prezrta%20mladost%20:%20Missachtete%20Jugend\/DSC_3380_800x536.JPG_1771_5dd244b14d4-300x201.jpg 300w, https:\/\/roz.si\/wp-content\/uploads\/2021\/Galerije_final\/2012\/teatr%20zora%20Prezrta%20mladost%20:%20Missachtete%20Jugend\/DSC_3380_800x536.JPG_1771_5dd244b14d4-768x515.jpg 768w\" sizes=\"auto, (max-width: 800px) 100vw, 800px\" \/>\t\t\t\t\t\t\t\t\t\t\t<\/a>\n\t\t\t\t\t\t\t\t\t<\/div>\n\t\t\t<\/div>\n\t\t\t\t\t\t\t\t<div class=\"mkdf-ig-image mkdf-item-space \">\n\t\t\t\t<div class=\"mkdf-ig-image-inner\">\n\t\t\t\t\t\t\t\t\t\t\t<a itemprop=\"image\" class=\"mkdf-ig-lightbox\" href=\"https:\/\/roz.si\/wp-content\/uploads\/2021\/Galerije_final\/2012\/teatr%20zora%20Prezrta%20mladost%20:%20Missachtete%20Jugend\/DSC_3358_800x536.JPG_1769_5dd244b10c1.jpg\" data-rel=\"prettyPhoto[image_gallery_pretty_photo-256]\" title=\"DSC_3358_800x536.JPG_1769_5dd244b10c1\">\n\t\t\t\t\t\t\t\t\t\t\t<img loading=\"lazy\" decoding=\"async\" width=\"800\" height=\"536\" src=\"https:\/\/roz.si\/wp-content\/uploads\/2021\/Galerije_final\/2012\/teatr zora Prezrta mladost : Missachtete Jugend\/DSC_3358_800x536.JPG_1769_5dd244b10c1.jpg\" class=\"attachment-large size-large\" alt=\"\" srcset=\"https:\/\/roz.si\/wp-content\/uploads\/2021\/Galerije_final\/2012\/teatr%20zora%20Prezrta%20mladost%20:%20Missachtete%20Jugend\/DSC_3358_800x536.JPG_1769_5dd244b10c1.jpg 800w, https:\/\/roz.si\/wp-content\/uploads\/2021\/Galerije_final\/2012\/teatr%20zora%20Prezrta%20mladost%20:%20Missachtete%20Jugend\/DSC_3358_800x536.JPG_1769_5dd244b10c1-300x201.jpg 300w, https:\/\/roz.si\/wp-content\/uploads\/2021\/Galerije_final\/2012\/teatr%20zora%20Prezrta%20mladost%20:%20Missachtete%20Jugend\/DSC_3358_800x536.JPG_1769_5dd244b10c1-768x515.jpg 768w\" sizes=\"auto, (max-width: 800px) 100vw, 800px\" \/>\t\t\t\t\t\t\t\t\t\t\t<\/a>\n\t\t\t\t\t\t\t\t\t<\/div>\n\t\t\t<\/div>\n\t\t\t<\/div>\n<\/div>[\/vc_column][\/vc_row]<\/p>\n","protected":false},"excerpt":{"rendered":"<p>[vc_row][vc_column][vc_column_text]Gledali\u0161ko-glasbeni recital ob 70-letnici pregona koro\u0161kih Slovenk in Slovencev Szenisch-musikalische Auff\u00fchrung zum 70. Jahrestag der Vertreibung der K\u00e4rntner Slowenen und Sloweninnen Re\u017eija \/ Regie:\u00a0Marjan \u0160tikar Sodelujejo \/ Mitwirkende:\u00a0Otro\u0161ki zbor Danica \/ Kinderchor des Kulturvereines Danica; Mladinski zbor ni\u017eje stopnje ZG\/ZRG za Slovence \/ Chor der Unterstufe des BG und BRG f\u00fcr Slowenen; teatr zora Ob 70-letnici pregona koro\u0161kih [&hellip;]<\/p>\n","protected":false},"author":1,"featured_media":5513,"comment_status":"open","ping_status":"open","sticky":false,"template":"","format":"standard","meta":{"_acf_changed":false,"footnotes":""},"categories":[56],"tags":[65],"class_list":["post-5512","post","type-post","status-publish","format-standard","has-post-thumbnail","hentry","category-roz","tag-teater"],"acf":[],"yoast_head":"<!-- This site is optimized with the Yoast SEO plugin v24.8.1 - https:\/\/yoast.com\/wordpress\/plugins\/seo\/ -->\n<title>Andrej Kokot: Prezrta mladost \/ Missachtete Jugend - RO\u017d - Slovensko prosvetno dru\u0161tvo<\/title>\n<meta name=\"robots\" content=\"index, follow, max-snippet:-1, max-image-preview:large, max-video-preview:-1\" \/>\n<link rel=\"canonical\" href=\"https:\/\/roz.si\/news\/roz\/andrej-kokot-prezrta-mladost-missachtete-jugend\/\" \/>\n<meta property=\"og:locale\" content=\"de_DE\" \/>\n<meta property=\"og:type\" content=\"article\" \/>\n<meta property=\"og:title\" content=\"Andrej Kokot: Prezrta mladost \/ Missachtete Jugend - RO\u017d - Slovensko prosvetno dru\u0161tvo\" \/>\n<meta property=\"og:description\" content=\"[vc_row][vc_column][vc_column_text]Gledali\u0161ko-glasbeni recital ob 70-letnici pregona koro\u0161kih Slovenk in Slovencev Szenisch-musikalische Auff\u00fchrung zum 70. Jahrestag der Vertreibung der K\u00e4rntner Slowenen und Sloweninnen Re\u017eija \/ Regie:\u00a0Marjan \u0160tikar Sodelujejo \/ Mitwirkende:\u00a0Otro\u0161ki zbor Danica \/ Kinderchor des Kulturvereines Danica; Mladinski zbor ni\u017eje stopnje ZG\/ZRG za Slovence \/ Chor der Unterstufe des BG und BRG f\u00fcr Slowenen; teatr zora Ob 70-letnici pregona koro\u0161kih [&hellip;]\" \/>\n<meta property=\"og:url\" content=\"https:\/\/roz.si\/news\/roz\/andrej-kokot-prezrta-mladost-missachtete-jugend\/\" \/>\n<meta property=\"og:site_name\" content=\"RO\u017d - Slovensko prosvetno dru\u0161tvo\" \/>\n<meta property=\"article:published_time\" content=\"2021-03-03T09:27:51+00:00\" \/>\n<meta property=\"article:modified_time\" content=\"2021-03-30T19:08:49+00:00\" \/>\n<meta property=\"og:image\" content=\"https:\/\/roz.si\/wp-content\/uploads\/2021\/03\/csm_prezrta_mladost_80c1be4a24.png\" \/>\n\t<meta property=\"og:image:width\" content=\"423\" \/>\n\t<meta property=\"og:image:height\" content=\"600\" \/>\n\t<meta property=\"og:image:type\" content=\"image\/png\" \/>\n<meta name=\"author\" content=\"polonajencic@gmail.com\" \/>\n<meta name=\"twitter:card\" content=\"summary_large_image\" \/>\n<meta name=\"twitter:label1\" content=\"Verfasst von\" \/>\n\t<meta name=\"twitter:data1\" content=\"polonajencic@gmail.com\" \/>\n\t<meta name=\"twitter:label2\" content=\"Gesch\u00e4tzte Lesezeit\" \/>\n\t<meta name=\"twitter:data2\" content=\"3\u00a0Minuten\" \/>\n<script type=\"application\/ld+json\" class=\"yoast-schema-graph\">{\"@context\":\"https:\/\/schema.org\",\"@graph\":[{\"@type\":\"Article\",\"@id\":\"https:\/\/roz.si\/news\/roz\/andrej-kokot-prezrta-mladost-missachtete-jugend\/#article\",\"isPartOf\":{\"@id\":\"https:\/\/roz.si\/news\/roz\/andrej-kokot-prezrta-mladost-missachtete-jugend\/\"},\"author\":{\"name\":\"polonajencic@gmail.com\",\"@id\":\"https:\/\/roz.si\/#\/schema\/person\/c17674bb115dc13e5ac70b99a5fe7d4e\"},\"headline\":\"Andrej Kokot: Prezrta mladost \/ Missachtete Jugend\",\"datePublished\":\"2021-03-03T09:27:51+00:00\",\"dateModified\":\"2021-03-30T19:08:49+00:00\",\"mainEntityOfPage\":{\"@id\":\"https:\/\/roz.si\/news\/roz\/andrej-kokot-prezrta-mladost-missachtete-jugend\/\"},\"wordCount\":548,\"commentCount\":0,\"publisher\":{\"@id\":\"https:\/\/roz.si\/#organization\"},\"image\":{\"@id\":\"https:\/\/roz.si\/news\/roz\/andrej-kokot-prezrta-mladost-missachtete-jugend\/#primaryimage\"},\"thumbnailUrl\":\"https:\/\/roz.si\/wp-content\/uploads\/2021\/03\/csm_prezrta_mladost_80c1be4a24.png\",\"keywords\":[\"Teater\"],\"articleSection\":[\"ro\u017e\"],\"inLanguage\":\"de\",\"potentialAction\":[{\"@type\":\"CommentAction\",\"name\":\"Comment\",\"target\":[\"https:\/\/roz.si\/news\/roz\/andrej-kokot-prezrta-mladost-missachtete-jugend\/#respond\"]}]},{\"@type\":\"WebPage\",\"@id\":\"https:\/\/roz.si\/news\/roz\/andrej-kokot-prezrta-mladost-missachtete-jugend\/\",\"url\":\"https:\/\/roz.si\/news\/roz\/andrej-kokot-prezrta-mladost-missachtete-jugend\/\",\"name\":\"Andrej Kokot: Prezrta mladost \/ Missachtete Jugend - RO\u017d - Slovensko prosvetno dru\u0161tvo\",\"isPartOf\":{\"@id\":\"https:\/\/roz.si\/#website\"},\"primaryImageOfPage\":{\"@id\":\"https:\/\/roz.si\/news\/roz\/andrej-kokot-prezrta-mladost-missachtete-jugend\/#primaryimage\"},\"image\":{\"@id\":\"https:\/\/roz.si\/news\/roz\/andrej-kokot-prezrta-mladost-missachtete-jugend\/#primaryimage\"},\"thumbnailUrl\":\"https:\/\/roz.si\/wp-content\/uploads\/2021\/03\/csm_prezrta_mladost_80c1be4a24.png\",\"datePublished\":\"2021-03-03T09:27:51+00:00\",\"dateModified\":\"2021-03-30T19:08:49+00:00\",\"breadcrumb\":{\"@id\":\"https:\/\/roz.si\/news\/roz\/andrej-kokot-prezrta-mladost-missachtete-jugend\/#breadcrumb\"},\"inLanguage\":\"de\",\"potentialAction\":[{\"@type\":\"ReadAction\",\"target\":[\"https:\/\/roz.si\/news\/roz\/andrej-kokot-prezrta-mladost-missachtete-jugend\/\"]}]},{\"@type\":\"ImageObject\",\"inLanguage\":\"de\",\"@id\":\"https:\/\/roz.si\/news\/roz\/andrej-kokot-prezrta-mladost-missachtete-jugend\/#primaryimage\",\"url\":\"https:\/\/roz.si\/wp-content\/uploads\/2021\/03\/csm_prezrta_mladost_80c1be4a24.png\",\"contentUrl\":\"https:\/\/roz.si\/wp-content\/uploads\/2021\/03\/csm_prezrta_mladost_80c1be4a24.png\",\"width\":423,\"height\":600},{\"@type\":\"BreadcrumbList\",\"@id\":\"https:\/\/roz.si\/news\/roz\/andrej-kokot-prezrta-mladost-missachtete-jugend\/#breadcrumb\",\"itemListElement\":[{\"@type\":\"ListItem\",\"position\":1,\"name\":\"Home\",\"item\":\"https:\/\/roz.si\/de\/\"},{\"@type\":\"ListItem\",\"position\":2,\"name\":\"Andrej Kokot: Prezrta mladost \/ Missachtete Jugend\"}]},{\"@type\":\"WebSite\",\"@id\":\"https:\/\/roz.si\/#website\",\"url\":\"https:\/\/roz.si\/\",\"name\":\"RO\u017d - Slovensko prosvetno dru\u0161tvo\",\"description\":\"Slovensko prosvetno dru\u0161tvo Ro\u017e\",\"publisher\":{\"@id\":\"https:\/\/roz.si\/#organization\"},\"potentialAction\":[{\"@type\":\"SearchAction\",\"target\":{\"@type\":\"EntryPoint\",\"urlTemplate\":\"https:\/\/roz.si\/?s={search_term_string}\"},\"query-input\":{\"@type\":\"PropertyValueSpecification\",\"valueRequired\":true,\"valueName\":\"search_term_string\"}}],\"inLanguage\":\"de\"},{\"@type\":\"Organization\",\"@id\":\"https:\/\/roz.si\/#organization\",\"name\":\"RO\u017d - Slovensko prosvetno dru\u0161tvo\",\"url\":\"https:\/\/roz.si\/\",\"logo\":{\"@type\":\"ImageObject\",\"inLanguage\":\"de\",\"@id\":\"https:\/\/roz.si\/#\/schema\/logo\/image\/\",\"url\":\"https:\/\/roz.si\/wp-content\/uploads\/2022\/11\/ROZ_logo.ico\",\"contentUrl\":\"https:\/\/roz.si\/wp-content\/uploads\/2022\/11\/ROZ_logo.ico\",\"width\":199,\"height\":120,\"caption\":\"RO\u017d - Slovensko prosvetno dru\u0161tvo\"},\"image\":{\"@id\":\"https:\/\/roz.si\/#\/schema\/logo\/image\/\"}},{\"@type\":\"Person\",\"@id\":\"https:\/\/roz.si\/#\/schema\/person\/c17674bb115dc13e5ac70b99a5fe7d4e\",\"name\":\"polonajencic@gmail.com\",\"image\":{\"@type\":\"ImageObject\",\"inLanguage\":\"de\",\"@id\":\"https:\/\/roz.si\/#\/schema\/person\/image\/\",\"url\":\"https:\/\/secure.gravatar.com\/avatar\/7bdbe1292afd0a9772e0f495079f8ef952b2320efdaed099df74beba51b524fc?s=96&d=mm&r=g\",\"contentUrl\":\"https:\/\/secure.gravatar.com\/avatar\/7bdbe1292afd0a9772e0f495079f8ef952b2320efdaed099df74beba51b524fc?s=96&d=mm&r=g\",\"caption\":\"polonajencic@gmail.com\"},\"sameAs\":[\"http:\/\/roz.si\"],\"url\":\"https:\/\/roz.si\/de\/author\/polonajencicgmail-com\/\"}]}<\/script>\n<!-- \/ Yoast SEO plugin. -->","yoast_head_json":{"title":"Andrej Kokot: Prezrta mladost \/ Missachtete Jugend - RO\u017d - Slovensko prosvetno dru\u0161tvo","robots":{"index":"index","follow":"follow","max-snippet":"max-snippet:-1","max-image-preview":"max-image-preview:large","max-video-preview":"max-video-preview:-1"},"canonical":"https:\/\/roz.si\/news\/roz\/andrej-kokot-prezrta-mladost-missachtete-jugend\/","og_locale":"de_DE","og_type":"article","og_title":"Andrej Kokot: Prezrta mladost \/ Missachtete Jugend - RO\u017d - Slovensko prosvetno dru\u0161tvo","og_description":"[vc_row][vc_column][vc_column_text]Gledali\u0161ko-glasbeni recital ob 70-letnici pregona koro\u0161kih Slovenk in Slovencev Szenisch-musikalische Auff\u00fchrung zum 70. Jahrestag der Vertreibung der K\u00e4rntner Slowenen und Sloweninnen Re\u017eija \/ Regie:\u00a0Marjan \u0160tikar Sodelujejo \/ Mitwirkende:\u00a0Otro\u0161ki zbor Danica \/ Kinderchor des Kulturvereines Danica; Mladinski zbor ni\u017eje stopnje ZG\/ZRG za Slovence \/ Chor der Unterstufe des BG und BRG f\u00fcr Slowenen; teatr zora Ob 70-letnici pregona koro\u0161kih [&hellip;]","og_url":"https:\/\/roz.si\/news\/roz\/andrej-kokot-prezrta-mladost-missachtete-jugend\/","og_site_name":"RO\u017d - Slovensko prosvetno dru\u0161tvo","article_published_time":"2021-03-03T09:27:51+00:00","article_modified_time":"2021-03-30T19:08:49+00:00","og_image":[{"width":423,"height":600,"url":"https:\/\/roz.si\/wp-content\/uploads\/2021\/03\/csm_prezrta_mladost_80c1be4a24.png","type":"image\/png"}],"author":"polonajencic@gmail.com","twitter_card":"summary_large_image","twitter_misc":{"Verfasst von":"polonajencic@gmail.com","Gesch\u00e4tzte Lesezeit":"3\u00a0Minuten"},"schema":{"@context":"https:\/\/schema.org","@graph":[{"@type":"Article","@id":"https:\/\/roz.si\/news\/roz\/andrej-kokot-prezrta-mladost-missachtete-jugend\/#article","isPartOf":{"@id":"https:\/\/roz.si\/news\/roz\/andrej-kokot-prezrta-mladost-missachtete-jugend\/"},"author":{"name":"polonajencic@gmail.com","@id":"https:\/\/roz.si\/#\/schema\/person\/c17674bb115dc13e5ac70b99a5fe7d4e"},"headline":"Andrej Kokot: Prezrta mladost \/ Missachtete Jugend","datePublished":"2021-03-03T09:27:51+00:00","dateModified":"2021-03-30T19:08:49+00:00","mainEntityOfPage":{"@id":"https:\/\/roz.si\/news\/roz\/andrej-kokot-prezrta-mladost-missachtete-jugend\/"},"wordCount":548,"commentCount":0,"publisher":{"@id":"https:\/\/roz.si\/#organization"},"image":{"@id":"https:\/\/roz.si\/news\/roz\/andrej-kokot-prezrta-mladost-missachtete-jugend\/#primaryimage"},"thumbnailUrl":"https:\/\/roz.si\/wp-content\/uploads\/2021\/03\/csm_prezrta_mladost_80c1be4a24.png","keywords":["Teater"],"articleSection":["ro\u017e"],"inLanguage":"de","potentialAction":[{"@type":"CommentAction","name":"Comment","target":["https:\/\/roz.si\/news\/roz\/andrej-kokot-prezrta-mladost-missachtete-jugend\/#respond"]}]},{"@type":"WebPage","@id":"https:\/\/roz.si\/news\/roz\/andrej-kokot-prezrta-mladost-missachtete-jugend\/","url":"https:\/\/roz.si\/news\/roz\/andrej-kokot-prezrta-mladost-missachtete-jugend\/","name":"Andrej Kokot: Prezrta mladost \/ Missachtete Jugend - RO\u017d - Slovensko prosvetno dru\u0161tvo","isPartOf":{"@id":"https:\/\/roz.si\/#website"},"primaryImageOfPage":{"@id":"https:\/\/roz.si\/news\/roz\/andrej-kokot-prezrta-mladost-missachtete-jugend\/#primaryimage"},"image":{"@id":"https:\/\/roz.si\/news\/roz\/andrej-kokot-prezrta-mladost-missachtete-jugend\/#primaryimage"},"thumbnailUrl":"https:\/\/roz.si\/wp-content\/uploads\/2021\/03\/csm_prezrta_mladost_80c1be4a24.png","datePublished":"2021-03-03T09:27:51+00:00","dateModified":"2021-03-30T19:08:49+00:00","breadcrumb":{"@id":"https:\/\/roz.si\/news\/roz\/andrej-kokot-prezrta-mladost-missachtete-jugend\/#breadcrumb"},"inLanguage":"de","potentialAction":[{"@type":"ReadAction","target":["https:\/\/roz.si\/news\/roz\/andrej-kokot-prezrta-mladost-missachtete-jugend\/"]}]},{"@type":"ImageObject","inLanguage":"de","@id":"https:\/\/roz.si\/news\/roz\/andrej-kokot-prezrta-mladost-missachtete-jugend\/#primaryimage","url":"https:\/\/roz.si\/wp-content\/uploads\/2021\/03\/csm_prezrta_mladost_80c1be4a24.png","contentUrl":"https:\/\/roz.si\/wp-content\/uploads\/2021\/03\/csm_prezrta_mladost_80c1be4a24.png","width":423,"height":600},{"@type":"BreadcrumbList","@id":"https:\/\/roz.si\/news\/roz\/andrej-kokot-prezrta-mladost-missachtete-jugend\/#breadcrumb","itemListElement":[{"@type":"ListItem","position":1,"name":"Home","item":"https:\/\/roz.si\/de\/"},{"@type":"ListItem","position":2,"name":"Andrej Kokot: Prezrta mladost \/ Missachtete Jugend"}]},{"@type":"WebSite","@id":"https:\/\/roz.si\/#website","url":"https:\/\/roz.si\/","name":"RO\u017d - Slovensko prosvetno dru\u0161tvo","description":"Slovensko prosvetno dru\u0161tvo Ro\u017e","publisher":{"@id":"https:\/\/roz.si\/#organization"},"potentialAction":[{"@type":"SearchAction","target":{"@type":"EntryPoint","urlTemplate":"https:\/\/roz.si\/?s={search_term_string}"},"query-input":{"@type":"PropertyValueSpecification","valueRequired":true,"valueName":"search_term_string"}}],"inLanguage":"de"},{"@type":"Organization","@id":"https:\/\/roz.si\/#organization","name":"RO\u017d - Slovensko prosvetno dru\u0161tvo","url":"https:\/\/roz.si\/","logo":{"@type":"ImageObject","inLanguage":"de","@id":"https:\/\/roz.si\/#\/schema\/logo\/image\/","url":"https:\/\/roz.si\/wp-content\/uploads\/2022\/11\/ROZ_logo.ico","contentUrl":"https:\/\/roz.si\/wp-content\/uploads\/2022\/11\/ROZ_logo.ico","width":199,"height":120,"caption":"RO\u017d - Slovensko prosvetno dru\u0161tvo"},"image":{"@id":"https:\/\/roz.si\/#\/schema\/logo\/image\/"}},{"@type":"Person","@id":"https:\/\/roz.si\/#\/schema\/person\/c17674bb115dc13e5ac70b99a5fe7d4e","name":"polonajencic@gmail.com","image":{"@type":"ImageObject","inLanguage":"de","@id":"https:\/\/roz.si\/#\/schema\/person\/image\/","url":"https:\/\/secure.gravatar.com\/avatar\/7bdbe1292afd0a9772e0f495079f8ef952b2320efdaed099df74beba51b524fc?s=96&d=mm&r=g","contentUrl":"https:\/\/secure.gravatar.com\/avatar\/7bdbe1292afd0a9772e0f495079f8ef952b2320efdaed099df74beba51b524fc?s=96&d=mm&r=g","caption":"polonajencic@gmail.com"},"sameAs":["http:\/\/roz.si"],"url":"https:\/\/roz.si\/de\/author\/polonajencicgmail-com\/"}]}},"_links":{"self":[{"href":"https:\/\/roz.si\/de\/wp-json\/wp\/v2\/posts\/5512","targetHints":{"allow":["GET"]}}],"collection":[{"href":"https:\/\/roz.si\/de\/wp-json\/wp\/v2\/posts"}],"about":[{"href":"https:\/\/roz.si\/de\/wp-json\/wp\/v2\/types\/post"}],"author":[{"embeddable":true,"href":"https:\/\/roz.si\/de\/wp-json\/wp\/v2\/users\/1"}],"replies":[{"embeddable":true,"href":"https:\/\/roz.si\/de\/wp-json\/wp\/v2\/comments?post=5512"}],"version-history":[{"count":3,"href":"https:\/\/roz.si\/de\/wp-json\/wp\/v2\/posts\/5512\/revisions"}],"predecessor-version":[{"id":14358,"href":"https:\/\/roz.si\/de\/wp-json\/wp\/v2\/posts\/5512\/revisions\/14358"}],"wp:featuredmedia":[{"embeddable":true,"href":"https:\/\/roz.si\/de\/wp-json\/wp\/v2\/media\/5513"}],"wp:attachment":[{"href":"https:\/\/roz.si\/de\/wp-json\/wp\/v2\/media?parent=5512"}],"wp:term":[{"taxonomy":"category","embeddable":true,"href":"https:\/\/roz.si\/de\/wp-json\/wp\/v2\/categories?post=5512"},{"taxonomy":"post_tag","embeddable":true,"href":"https:\/\/roz.si\/de\/wp-json\/wp\/v2\/tags?post=5512"}],"curies":[{"name":"wp","href":"https:\/\/api.w.org\/{rel}","templated":true}]}}