{"id":5516,"date":"2021-03-03T09:30:55","date_gmt":"2021-03-03T09:30:55","guid":{"rendered":"http:\/\/roz.si\/?p=5516"},"modified":"2021-03-03T09:30:55","modified_gmt":"2021-03-03T09:30:55","slug":"roz-open-air-katalena","status":"publish","type":"post","link":"https:\/\/roz.si\/de\/news\/roz\/roz-open-air-katalena\/","title":{"rendered":"ro\u017e &#8211; open air: KATALENA"},"content":{"rendered":"<p>[vc_row][vc_column][vc_column_text]<b>Katalena<\/b>\u00a0so si po desetih letih delovanja, petih albumih in neprestani koncertni ter ustvarjalni aktivnosti na koncu leta 2011 prvi\u010d privo\u0161\u010dili nekajmese\u010dni odmor, (dobesedno) porodni\u0161ki dopust. A\u00a0<b>Katalena<\/b>\u00a0se spet vra\u010da na mednarodno glasbeno prizori\u0161\u010de s \u0161e vedno aktualnim albumom No\u010d \u010darovnic, z novim singlom Zeleni Jurij in z mislijo na prihodnje projekte. Glasbeniki Katalene pa so predvsem maksimalno koncertno nabru\u0161eni, kar je \u017ee ves \u010das ena glavnih zna\u010dilnosti in odlik te ljubljanske zasedbe. Nuja po ustvarjanju<br \/>\nglasbe in koncertiranju je glavni razlog, zaradi katerega se zgodba, ki se je za\u010dela poleti leta 2001 v Beli krajini, nikakor no\u010de in ne namerava izte\u010di.\u00a0<b>Katalena<\/b>\u00a0je \u0161e vedno v isti zasedbi \u2013\u00a0<i>Vesna Zornik, Polona Jane\u017ei\u010d, Bo\u0161tjan Gomba\u010d, Tibor Miheli\u010d Syed, Bo\u0161tjan Narat in Robert Rebolj<\/i>\u00a0\u2013 in gode z enako mo\u010dno energijo kot pred ve\u010d kot desetimi leti.<\/p>\n<p><b>Katalena\u00a0<\/b>\u2013 sechs Musiker aus Ljubljana, die seit 2001 f\u00fcnf Alben herausbrachten, Konzerthallen und Clubs im Sturm eroberten, bleiben ihrem Rezept treu: Neben Eigenkompositionen nehmen sie alte slowenische Volkslieder oder Texte slowenischer Dichter mit einfachen Melodien, stecken sie in ein neues, peppiges Gewand, einem geistreichen Mix mit Pop-, Blues-, Jazz-und Funkelementen, fetzig und groovig. Mit ausdrucksstarker, modulationsf\u00e4higer Stimme singt\u00a0<i>Vesna Zornik<\/i>. Als exzellente Musiker erweisen sich\u00a0<i>Bo\u0161tjan Narat<\/i>\u00a0(Gitarre\/Mandoline),\u00a0<i>Polona Jane\u017ei\u010d<\/i>\u00a0(Keyboards),\u00a0<i>Tibor Miheli\u010d Syed<\/i>\u00a0(Bass),\u00a0<i>Robert Rebolj<\/i>\u00a0(Schlagzeug), sowie der Tausendsassa\u00a0<i>Bo\u0161tjan Gomba\u010d<\/i>\u00a0(Klarinette, Fl\u00f6te, Minitrompete, Melodika, singender S\u00e4ge, Percussionsinstrumente und Gesang). Als Spa\u00dfvogel w\u00fcrzt er den Abend mit trockenen Schm\u00e4hs.<\/p>\n<p class=\"align-center\"><a href=\"http:\/\/www.katalena.net\/\" target=\"_blank\" rel=\"noopener\">www.katalena.net<\/a><\/p>\n<p>[\/vc_column_text][\/vc_column][\/vc_row]<\/p>\n","protected":false},"excerpt":{"rendered":"<p>[vc_row][vc_column][vc_column_text]Katalena\u00a0so si po desetih letih delovanja, petih albumih in neprestani koncertni ter ustvarjalni aktivnosti na koncu leta 2011 prvi\u010d privo\u0161\u010dili nekajmese\u010dni odmor, (dobesedno) porodni\u0161ki dopust. A\u00a0Katalena\u00a0se spet vra\u010da na mednarodno glasbeno prizori\u0161\u010de s \u0161e vedno aktualnim albumom No\u010d \u010darovnic, z novim singlom Zeleni Jurij in z mislijo na prihodnje projekte. Glasbeniki Katalene pa so predvsem maksimalno koncertno nabru\u0161eni, [&hellip;]<\/p>\n","protected":false},"author":1,"featured_media":5517,"comment_status":"open","ping_status":"open","sticky":false,"template":"","format":"standard","meta":{"_acf_changed":false,"footnotes":""},"categories":[56],"tags":[62],"class_list":["post-5516","post","type-post","status-publish","format-standard","has-post-thumbnail","hentry","category-roz","tag-koncert"],"acf":[],"yoast_head":"<!-- This site is optimized with the Yoast SEO plugin v24.8.1 - https:\/\/yoast.com\/wordpress\/plugins\/seo\/ -->\n<title>ro\u017e - open air: KATALENA - RO\u017d - Slovensko prosvetno dru\u0161tvo<\/title>\n<meta name=\"robots\" content=\"index, follow, max-snippet:-1, max-image-preview:large, max-video-preview:-1\" \/>\n<link rel=\"canonical\" href=\"https:\/\/roz.si\/news\/roz\/roz-open-air-katalena\/\" \/>\n<meta property=\"og:locale\" content=\"de_DE\" \/>\n<meta property=\"og:type\" content=\"article\" \/>\n<meta property=\"og:title\" content=\"ro\u017e - open air: KATALENA - RO\u017d - Slovensko prosvetno dru\u0161tvo\" \/>\n<meta property=\"og:description\" content=\"[vc_row][vc_column][vc_column_text]Katalena\u00a0so si po desetih letih delovanja, petih albumih in neprestani koncertni ter ustvarjalni aktivnosti na koncu leta 2011 prvi\u010d privo\u0161\u010dili nekajmese\u010dni odmor, (dobesedno) porodni\u0161ki dopust. A\u00a0Katalena\u00a0se spet vra\u010da na mednarodno glasbeno prizori\u0161\u010de s \u0161e vedno aktualnim albumom No\u010d \u010darovnic, z novim singlom Zeleni Jurij in z mislijo na prihodnje projekte. Glasbeniki Katalene pa so predvsem maksimalno koncertno nabru\u0161eni, [&hellip;]\" \/>\n<meta property=\"og:url\" content=\"https:\/\/roz.si\/news\/roz\/roz-open-air-katalena\/\" \/>\n<meta property=\"og:site_name\" content=\"RO\u017d - Slovensko prosvetno dru\u0161tvo\" \/>\n<meta property=\"article:published_time\" content=\"2021-03-03T09:30:55+00:00\" \/>\n<meta property=\"og:image\" content=\"https:\/\/roz.si\/wp-content\/uploads\/2021\/03\/Vabilo_Katalena_422x600.jpg\" \/>\n\t<meta property=\"og:image:width\" content=\"422\" \/>\n\t<meta property=\"og:image:height\" content=\"600\" \/>\n\t<meta property=\"og:image:type\" content=\"image\/jpeg\" \/>\n<meta name=\"author\" content=\"polonajencic@gmail.com\" \/>\n<meta name=\"twitter:card\" content=\"summary_large_image\" \/>\n<meta name=\"twitter:label1\" content=\"Verfasst von\" \/>\n\t<meta name=\"twitter:data1\" content=\"polonajencic@gmail.com\" \/>\n\t<meta name=\"twitter:label2\" content=\"Gesch\u00e4tzte Lesezeit\" \/>\n\t<meta name=\"twitter:data2\" content=\"1\u00a0Minute\" \/>\n<script type=\"application\/ld+json\" class=\"yoast-schema-graph\">{\"@context\":\"https:\/\/schema.org\",\"@graph\":[{\"@type\":\"Article\",\"@id\":\"https:\/\/roz.si\/news\/roz\/roz-open-air-katalena\/#article\",\"isPartOf\":{\"@id\":\"https:\/\/roz.si\/news\/roz\/roz-open-air-katalena\/\"},\"author\":{\"name\":\"polonajencic@gmail.com\",\"@id\":\"https:\/\/roz.si\/#\/schema\/person\/c17674bb115dc13e5ac70b99a5fe7d4e\"},\"headline\":\"ro\u017e &#8211; open air: KATALENA\",\"datePublished\":\"2021-03-03T09:30:55+00:00\",\"mainEntityOfPage\":{\"@id\":\"https:\/\/roz.si\/news\/roz\/roz-open-air-katalena\/\"},\"wordCount\":281,\"commentCount\":0,\"publisher\":{\"@id\":\"https:\/\/roz.si\/#organization\"},\"image\":{\"@id\":\"https:\/\/roz.si\/news\/roz\/roz-open-air-katalena\/#primaryimage\"},\"thumbnailUrl\":\"https:\/\/roz.si\/wp-content\/uploads\/2021\/03\/Vabilo_Katalena_422x600.jpg\",\"keywords\":[\"Koncert\"],\"articleSection\":[\"ro\u017e\"],\"inLanguage\":\"de\",\"potentialAction\":[{\"@type\":\"CommentAction\",\"name\":\"Comment\",\"target\":[\"https:\/\/roz.si\/news\/roz\/roz-open-air-katalena\/#respond\"]}]},{\"@type\":\"WebPage\",\"@id\":\"https:\/\/roz.si\/news\/roz\/roz-open-air-katalena\/\",\"url\":\"https:\/\/roz.si\/news\/roz\/roz-open-air-katalena\/\",\"name\":\"ro\u017e - open air: KATALENA - RO\u017d - Slovensko prosvetno dru\u0161tvo\",\"isPartOf\":{\"@id\":\"https:\/\/roz.si\/#website\"},\"primaryImageOfPage\":{\"@id\":\"https:\/\/roz.si\/news\/roz\/roz-open-air-katalena\/#primaryimage\"},\"image\":{\"@id\":\"https:\/\/roz.si\/news\/roz\/roz-open-air-katalena\/#primaryimage\"},\"thumbnailUrl\":\"https:\/\/roz.si\/wp-content\/uploads\/2021\/03\/Vabilo_Katalena_422x600.jpg\",\"datePublished\":\"2021-03-03T09:30:55+00:00\",\"breadcrumb\":{\"@id\":\"https:\/\/roz.si\/news\/roz\/roz-open-air-katalena\/#breadcrumb\"},\"inLanguage\":\"de\",\"potentialAction\":[{\"@type\":\"ReadAction\",\"target\":[\"https:\/\/roz.si\/news\/roz\/roz-open-air-katalena\/\"]}]},{\"@type\":\"ImageObject\",\"inLanguage\":\"de\",\"@id\":\"https:\/\/roz.si\/news\/roz\/roz-open-air-katalena\/#primaryimage\",\"url\":\"https:\/\/roz.si\/wp-content\/uploads\/2021\/03\/Vabilo_Katalena_422x600.jpg\",\"contentUrl\":\"https:\/\/roz.si\/wp-content\/uploads\/2021\/03\/Vabilo_Katalena_422x600.jpg\",\"width\":422,\"height\":600},{\"@type\":\"BreadcrumbList\",\"@id\":\"https:\/\/roz.si\/news\/roz\/roz-open-air-katalena\/#breadcrumb\",\"itemListElement\":[{\"@type\":\"ListItem\",\"position\":1,\"name\":\"Home\",\"item\":\"https:\/\/roz.si\/de\/\"},{\"@type\":\"ListItem\",\"position\":2,\"name\":\"ro\u017e &#8211; open air: KATALENA\"}]},{\"@type\":\"WebSite\",\"@id\":\"https:\/\/roz.si\/#website\",\"url\":\"https:\/\/roz.si\/\",\"name\":\"RO\u017d - Slovensko prosvetno dru\u0161tvo\",\"description\":\"Slovensko prosvetno dru\u0161tvo Ro\u017e\",\"publisher\":{\"@id\":\"https:\/\/roz.si\/#organization\"},\"potentialAction\":[{\"@type\":\"SearchAction\",\"target\":{\"@type\":\"EntryPoint\",\"urlTemplate\":\"https:\/\/roz.si\/?s={search_term_string}\"},\"query-input\":{\"@type\":\"PropertyValueSpecification\",\"valueRequired\":true,\"valueName\":\"search_term_string\"}}],\"inLanguage\":\"de\"},{\"@type\":\"Organization\",\"@id\":\"https:\/\/roz.si\/#organization\",\"name\":\"RO\u017d - Slovensko prosvetno dru\u0161tvo\",\"url\":\"https:\/\/roz.si\/\",\"logo\":{\"@type\":\"ImageObject\",\"inLanguage\":\"de\",\"@id\":\"https:\/\/roz.si\/#\/schema\/logo\/image\/\",\"url\":\"https:\/\/roz.si\/wp-content\/uploads\/2022\/11\/ROZ_logo.ico\",\"contentUrl\":\"https:\/\/roz.si\/wp-content\/uploads\/2022\/11\/ROZ_logo.ico\",\"width\":199,\"height\":120,\"caption\":\"RO\u017d - Slovensko prosvetno dru\u0161tvo\"},\"image\":{\"@id\":\"https:\/\/roz.si\/#\/schema\/logo\/image\/\"}},{\"@type\":\"Person\",\"@id\":\"https:\/\/roz.si\/#\/schema\/person\/c17674bb115dc13e5ac70b99a5fe7d4e\",\"name\":\"polonajencic@gmail.com\",\"image\":{\"@type\":\"ImageObject\",\"inLanguage\":\"de\",\"@id\":\"https:\/\/roz.si\/#\/schema\/person\/image\/\",\"url\":\"https:\/\/secure.gravatar.com\/avatar\/7bdbe1292afd0a9772e0f495079f8ef952b2320efdaed099df74beba51b524fc?s=96&d=mm&r=g\",\"contentUrl\":\"https:\/\/secure.gravatar.com\/avatar\/7bdbe1292afd0a9772e0f495079f8ef952b2320efdaed099df74beba51b524fc?s=96&d=mm&r=g\",\"caption\":\"polonajencic@gmail.com\"},\"sameAs\":[\"http:\/\/roz.si\"],\"url\":\"https:\/\/roz.si\/de\/author\/polonajencicgmail-com\/\"}]}<\/script>\n<!-- \/ Yoast SEO plugin. -->","yoast_head_json":{"title":"ro\u017e - open air: KATALENA - RO\u017d - Slovensko prosvetno dru\u0161tvo","robots":{"index":"index","follow":"follow","max-snippet":"max-snippet:-1","max-image-preview":"max-image-preview:large","max-video-preview":"max-video-preview:-1"},"canonical":"https:\/\/roz.si\/news\/roz\/roz-open-air-katalena\/","og_locale":"de_DE","og_type":"article","og_title":"ro\u017e - open air: KATALENA - RO\u017d - Slovensko prosvetno dru\u0161tvo","og_description":"[vc_row][vc_column][vc_column_text]Katalena\u00a0so si po desetih letih delovanja, petih albumih in neprestani koncertni ter ustvarjalni aktivnosti na koncu leta 2011 prvi\u010d privo\u0161\u010dili nekajmese\u010dni odmor, (dobesedno) porodni\u0161ki dopust. A\u00a0Katalena\u00a0se spet vra\u010da na mednarodno glasbeno prizori\u0161\u010de s \u0161e vedno aktualnim albumom No\u010d \u010darovnic, z novim singlom Zeleni Jurij in z mislijo na prihodnje projekte. Glasbeniki Katalene pa so predvsem maksimalno koncertno nabru\u0161eni, [&hellip;]","og_url":"https:\/\/roz.si\/news\/roz\/roz-open-air-katalena\/","og_site_name":"RO\u017d - Slovensko prosvetno dru\u0161tvo","article_published_time":"2021-03-03T09:30:55+00:00","og_image":[{"width":422,"height":600,"url":"https:\/\/roz.si\/wp-content\/uploads\/2021\/03\/Vabilo_Katalena_422x600.jpg","type":"image\/jpeg"}],"author":"polonajencic@gmail.com","twitter_card":"summary_large_image","twitter_misc":{"Verfasst von":"polonajencic@gmail.com","Gesch\u00e4tzte Lesezeit":"1\u00a0Minute"},"schema":{"@context":"https:\/\/schema.org","@graph":[{"@type":"Article","@id":"https:\/\/roz.si\/news\/roz\/roz-open-air-katalena\/#article","isPartOf":{"@id":"https:\/\/roz.si\/news\/roz\/roz-open-air-katalena\/"},"author":{"name":"polonajencic@gmail.com","@id":"https:\/\/roz.si\/#\/schema\/person\/c17674bb115dc13e5ac70b99a5fe7d4e"},"headline":"ro\u017e &#8211; open air: KATALENA","datePublished":"2021-03-03T09:30:55+00:00","mainEntityOfPage":{"@id":"https:\/\/roz.si\/news\/roz\/roz-open-air-katalena\/"},"wordCount":281,"commentCount":0,"publisher":{"@id":"https:\/\/roz.si\/#organization"},"image":{"@id":"https:\/\/roz.si\/news\/roz\/roz-open-air-katalena\/#primaryimage"},"thumbnailUrl":"https:\/\/roz.si\/wp-content\/uploads\/2021\/03\/Vabilo_Katalena_422x600.jpg","keywords":["Koncert"],"articleSection":["ro\u017e"],"inLanguage":"de","potentialAction":[{"@type":"CommentAction","name":"Comment","target":["https:\/\/roz.si\/news\/roz\/roz-open-air-katalena\/#respond"]}]},{"@type":"WebPage","@id":"https:\/\/roz.si\/news\/roz\/roz-open-air-katalena\/","url":"https:\/\/roz.si\/news\/roz\/roz-open-air-katalena\/","name":"ro\u017e - open air: KATALENA - RO\u017d - Slovensko prosvetno dru\u0161tvo","isPartOf":{"@id":"https:\/\/roz.si\/#website"},"primaryImageOfPage":{"@id":"https:\/\/roz.si\/news\/roz\/roz-open-air-katalena\/#primaryimage"},"image":{"@id":"https:\/\/roz.si\/news\/roz\/roz-open-air-katalena\/#primaryimage"},"thumbnailUrl":"https:\/\/roz.si\/wp-content\/uploads\/2021\/03\/Vabilo_Katalena_422x600.jpg","datePublished":"2021-03-03T09:30:55+00:00","breadcrumb":{"@id":"https:\/\/roz.si\/news\/roz\/roz-open-air-katalena\/#breadcrumb"},"inLanguage":"de","potentialAction":[{"@type":"ReadAction","target":["https:\/\/roz.si\/news\/roz\/roz-open-air-katalena\/"]}]},{"@type":"ImageObject","inLanguage":"de","@id":"https:\/\/roz.si\/news\/roz\/roz-open-air-katalena\/#primaryimage","url":"https:\/\/roz.si\/wp-content\/uploads\/2021\/03\/Vabilo_Katalena_422x600.jpg","contentUrl":"https:\/\/roz.si\/wp-content\/uploads\/2021\/03\/Vabilo_Katalena_422x600.jpg","width":422,"height":600},{"@type":"BreadcrumbList","@id":"https:\/\/roz.si\/news\/roz\/roz-open-air-katalena\/#breadcrumb","itemListElement":[{"@type":"ListItem","position":1,"name":"Home","item":"https:\/\/roz.si\/de\/"},{"@type":"ListItem","position":2,"name":"ro\u017e &#8211; open air: KATALENA"}]},{"@type":"WebSite","@id":"https:\/\/roz.si\/#website","url":"https:\/\/roz.si\/","name":"RO\u017d - Slovensko prosvetno dru\u0161tvo","description":"Slovensko prosvetno dru\u0161tvo Ro\u017e","publisher":{"@id":"https:\/\/roz.si\/#organization"},"potentialAction":[{"@type":"SearchAction","target":{"@type":"EntryPoint","urlTemplate":"https:\/\/roz.si\/?s={search_term_string}"},"query-input":{"@type":"PropertyValueSpecification","valueRequired":true,"valueName":"search_term_string"}}],"inLanguage":"de"},{"@type":"Organization","@id":"https:\/\/roz.si\/#organization","name":"RO\u017d - Slovensko prosvetno dru\u0161tvo","url":"https:\/\/roz.si\/","logo":{"@type":"ImageObject","inLanguage":"de","@id":"https:\/\/roz.si\/#\/schema\/logo\/image\/","url":"https:\/\/roz.si\/wp-content\/uploads\/2022\/11\/ROZ_logo.ico","contentUrl":"https:\/\/roz.si\/wp-content\/uploads\/2022\/11\/ROZ_logo.ico","width":199,"height":120,"caption":"RO\u017d - Slovensko prosvetno dru\u0161tvo"},"image":{"@id":"https:\/\/roz.si\/#\/schema\/logo\/image\/"}},{"@type":"Person","@id":"https:\/\/roz.si\/#\/schema\/person\/c17674bb115dc13e5ac70b99a5fe7d4e","name":"polonajencic@gmail.com","image":{"@type":"ImageObject","inLanguage":"de","@id":"https:\/\/roz.si\/#\/schema\/person\/image\/","url":"https:\/\/secure.gravatar.com\/avatar\/7bdbe1292afd0a9772e0f495079f8ef952b2320efdaed099df74beba51b524fc?s=96&d=mm&r=g","contentUrl":"https:\/\/secure.gravatar.com\/avatar\/7bdbe1292afd0a9772e0f495079f8ef952b2320efdaed099df74beba51b524fc?s=96&d=mm&r=g","caption":"polonajencic@gmail.com"},"sameAs":["http:\/\/roz.si"],"url":"https:\/\/roz.si\/de\/author\/polonajencicgmail-com\/"}]}},"_links":{"self":[{"href":"https:\/\/roz.si\/de\/wp-json\/wp\/v2\/posts\/5516","targetHints":{"allow":["GET"]}}],"collection":[{"href":"https:\/\/roz.si\/de\/wp-json\/wp\/v2\/posts"}],"about":[{"href":"https:\/\/roz.si\/de\/wp-json\/wp\/v2\/types\/post"}],"author":[{"embeddable":true,"href":"https:\/\/roz.si\/de\/wp-json\/wp\/v2\/users\/1"}],"replies":[{"embeddable":true,"href":"https:\/\/roz.si\/de\/wp-json\/wp\/v2\/comments?post=5516"}],"version-history":[{"count":1,"href":"https:\/\/roz.si\/de\/wp-json\/wp\/v2\/posts\/5516\/revisions"}],"predecessor-version":[{"id":5521,"href":"https:\/\/roz.si\/de\/wp-json\/wp\/v2\/posts\/5516\/revisions\/5521"}],"wp:featuredmedia":[{"embeddable":true,"href":"https:\/\/roz.si\/de\/wp-json\/wp\/v2\/media\/5517"}],"wp:attachment":[{"href":"https:\/\/roz.si\/de\/wp-json\/wp\/v2\/media?parent=5516"}],"wp:term":[{"taxonomy":"category","embeddable":true,"href":"https:\/\/roz.si\/de\/wp-json\/wp\/v2\/categories?post=5516"},{"taxonomy":"post_tag","embeddable":true,"href":"https:\/\/roz.si\/de\/wp-json\/wp\/v2\/tags?post=5516"}],"curies":[{"name":"wp","href":"https:\/\/api.w.org\/{rel}","templated":true}]}}