{"id":5587,"date":"2021-03-03T10:36:38","date_gmt":"2021-03-03T10:36:38","guid":{"rendered":"http:\/\/roz.si\/?p=5587"},"modified":"2021-03-03T10:36:38","modified_gmt":"2021-03-03T10:36:38","slug":"jani-oswald-quaran-tanja","status":"publish","type":"post","link":"https:\/\/roz.si\/de\/news\/roz\/jani-oswald-quaran-tanja\/","title":{"rendered":"Jani Oswald, Quaran Tanja"},"content":{"rendered":"<p>[vc_row][vc_column][vc_column_text]najnovej\u0161a pesni\u0161ka zbirka Janija Oswaldader<br \/>\nneue Gedichtband von Jani Oswald<\/p>\n<p>bere\/Lesung &#8211; Jani Oswald<br \/>\nglasba\/Musik &#8211; Ton\u010d Feinig<\/p>\n<p><b>petek\/Freitag, 24.5. &#8211; 20h<\/b><\/p>\n<p><b>GLOBO Lighting<\/b><br \/>\nSkladi\u0161\u010de\/Lager<br \/>\nSt. Peter\/\u0160entpeter 38<br \/>\nSt. Jakob\/\u0160entjakob<\/p>\n<p>Quaran Tanja ist Jani Oswalds neuerliche poetische Antwort auf prek\u00e4re gesellschaftliche Ereignisse, die nicht nur im engen k\u00e4rntnerischen, \u00f6sterreichischen oder slowenischen Umfeld immer komplexere Bruchlinien aufweisen. Seine typische Poetik (post-)modernistischer De- und Remontage entwickelt er nunmehr in Richtung einer neuen dichterischen Kunstsprache voller mehrdimensionaler Anspielungen und zunehmend entr\u00fcckt von seinen slowenischdeutschen Wurzeln. Der phraseologischen Zersetzung fr\u00fcherer Jahre folgt im vorliegenden Gedichtband die Hinwendung zu einer \u00c4sthetik der Verbindung verschiedenartiger ideeller und sprachlicher Zug\u00e4nge. Beim Dechiffrieren des alpen-adriatischen Kulturkonglomerats in Quaran Tanja entdecken der Leser und die Leserin einen erfrischenden Beitrag zum aktuellen gesellschaftlichen Diskurs.<\/p>\n<p>Quaran Tanja je Oswaldov ponovni pesni\u0161ki odziv na dru\u017ebena dogajanja, ki jih zaznamujejo \u010dedalje huj\u0161e prelomnice, kompleksnost in nehomogenost kulturnih in politi\u010dnih silnic, ne samo v o\u017ejem koro\u0161kem, slovenskem in avstrijskem prostoru. Svojo zna\u010dilno poetiko (post)modernisti\u010dne de- in remonta\u017ee razvija vse bolj v nov umetni pesni\u0161ki jezik, poln ve\u010ddimenzionalnih namigovanj, a vsekakor odmaknjen od slovensko-nem\u0161kih korenin. Besednemu in frazeolo\u0161kemu razkrajanju prej\u0161njih let sledi v pri\u010dujo\u010di zbirki estetika spajanja raznolikih idejnih in jezikovnih prijemov. Ob de\u0161ifriranju tega alpsko-jadranskega kulturnega konglomerata do\u017eivljamo Quaran Tanjo kot sve\u017e in so\u010den prispevek v aktualnem dru\u017ebenem diskurzu.<\/p>\n<p><i>Jani Oswald, Quaran Tanja. Homeland Eastland West Lend Fremd End konec.<br \/>\nDeutsch\/slovensko. 19,80 Euro<br \/>\nISBN 978-3-85435-700-1<\/i><\/p>\n<p><i>Auf CD: 20 Gedichte, interpretiert von Magda Kropiunig, mit musikalischen Zwischenst\u00fccken von Ton\u010d Feinig, Klavier.<br \/>\nNa zgo\u0161\u010denki: 20 pesmi, ki jih bere Magda Kropiunig, z glasbenimi vmesniki, ki jih na klavirju igra Ton\u010d Feinig.<\/i>[\/vc_column_text][\/vc_column][\/vc_row]<\/p>\n","protected":false},"excerpt":{"rendered":"<p>[vc_row][vc_column][vc_column_text]najnovej\u0161a pesni\u0161ka zbirka Janija Oswaldader neue Gedichtband von Jani Oswald bere\/Lesung &#8211; Jani Oswald glasba\/Musik &#8211; Ton\u010d Feinig petek\/Freitag, 24.5. &#8211; 20h GLOBO Lighting Skladi\u0161\u010de\/Lager St. Peter\/\u0160entpeter 38 St. Jakob\/\u0160entjakob Quaran Tanja ist Jani Oswalds neuerliche poetische Antwort auf prek\u00e4re gesellschaftliche Ereignisse, die nicht nur im engen k\u00e4rntnerischen, \u00f6sterreichischen oder slowenischen Umfeld immer komplexere Bruchlinien aufweisen. Seine typische [&hellip;]<\/p>\n","protected":false},"author":1,"featured_media":5588,"comment_status":"open","ping_status":"open","sticky":false,"template":"","format":"standard","meta":{"_acf_changed":false,"footnotes":""},"categories":[56],"tags":[67,62],"class_list":["post-5587","post","type-post","status-publish","format-standard","has-post-thumbnail","hentry","category-roz","tag-branje","tag-koncert"],"acf":[],"yoast_head":"<!-- This site is optimized with the Yoast SEO plugin v24.8.1 - https:\/\/yoast.com\/wordpress\/plugins\/seo\/ -->\n<title>Jani Oswald, Quaran Tanja - RO\u017d - Slovensko prosvetno dru\u0161tvo<\/title>\n<meta name=\"robots\" content=\"index, follow, max-snippet:-1, max-image-preview:large, max-video-preview:-1\" \/>\n<link rel=\"canonical\" href=\"https:\/\/roz.si\/news\/roz\/jani-oswald-quaran-tanja\/\" \/>\n<meta property=\"og:locale\" content=\"de_DE\" \/>\n<meta property=\"og:type\" content=\"article\" \/>\n<meta property=\"og:title\" content=\"Jani Oswald, Quaran Tanja - RO\u017d - Slovensko prosvetno dru\u0161tvo\" \/>\n<meta property=\"og:description\" content=\"[vc_row][vc_column][vc_column_text]najnovej\u0161a pesni\u0161ka zbirka Janija Oswaldader neue Gedichtband von Jani Oswald bere\/Lesung &#8211; Jani Oswald glasba\/Musik &#8211; Ton\u010d Feinig petek\/Freitag, 24.5. &#8211; 20h GLOBO Lighting Skladi\u0161\u010de\/Lager St. Peter\/\u0160entpeter 38 St. Jakob\/\u0160entjakob Quaran Tanja ist Jani Oswalds neuerliche poetische Antwort auf prek\u00e4re gesellschaftliche Ereignisse, die nicht nur im engen k\u00e4rntnerischen, \u00f6sterreichischen oder slowenischen Umfeld immer komplexere Bruchlinien aufweisen. Seine typische [&hellip;]\" \/>\n<meta property=\"og:url\" content=\"https:\/\/roz.si\/news\/roz\/jani-oswald-quaran-tanja\/\" \/>\n<meta property=\"og:site_name\" content=\"RO\u017d - Slovensko prosvetno dru\u0161tvo\" \/>\n<meta property=\"article:published_time\" content=\"2021-03-03T10:36:38+00:00\" \/>\n<meta property=\"og:image\" content=\"https:\/\/roz.si\/wp-content\/uploads\/2021\/03\/csm_Jani-Oswald-vabiloA5_0cc897220f.gif\" \/>\n\t<meta property=\"og:image:width\" content=\"800\" \/>\n\t<meta property=\"og:image:height\" content=\"565\" \/>\n\t<meta property=\"og:image:type\" content=\"image\/gif\" \/>\n<meta name=\"author\" content=\"polonajencic@gmail.com\" \/>\n<meta name=\"twitter:card\" content=\"summary_large_image\" \/>\n<meta name=\"twitter:label1\" content=\"Verfasst von\" \/>\n\t<meta name=\"twitter:data1\" content=\"polonajencic@gmail.com\" \/>\n\t<meta name=\"twitter:label2\" content=\"Gesch\u00e4tzte Lesezeit\" \/>\n\t<meta name=\"twitter:data2\" content=\"2\u00a0Minuten\" \/>\n<script type=\"application\/ld+json\" class=\"yoast-schema-graph\">{\"@context\":\"https:\/\/schema.org\",\"@graph\":[{\"@type\":\"Article\",\"@id\":\"https:\/\/roz.si\/news\/roz\/jani-oswald-quaran-tanja\/#article\",\"isPartOf\":{\"@id\":\"https:\/\/roz.si\/news\/roz\/jani-oswald-quaran-tanja\/\"},\"author\":{\"name\":\"polonajencic@gmail.com\",\"@id\":\"https:\/\/roz.si\/#\/schema\/person\/c17674bb115dc13e5ac70b99a5fe7d4e\"},\"headline\":\"Jani Oswald, Quaran Tanja\",\"datePublished\":\"2021-03-03T10:36:38+00:00\",\"mainEntityOfPage\":{\"@id\":\"https:\/\/roz.si\/news\/roz\/jani-oswald-quaran-tanja\/\"},\"wordCount\":320,\"commentCount\":0,\"publisher\":{\"@id\":\"https:\/\/roz.si\/#organization\"},\"image\":{\"@id\":\"https:\/\/roz.si\/news\/roz\/jani-oswald-quaran-tanja\/#primaryimage\"},\"thumbnailUrl\":\"https:\/\/roz.si\/wp-content\/uploads\/2021\/03\/csm_Jani-Oswald-vabiloA5_0cc897220f.gif\",\"keywords\":[\"Branje\",\"Koncert\"],\"articleSection\":[\"ro\u017e\"],\"inLanguage\":\"de\",\"potentialAction\":[{\"@type\":\"CommentAction\",\"name\":\"Comment\",\"target\":[\"https:\/\/roz.si\/news\/roz\/jani-oswald-quaran-tanja\/#respond\"]}]},{\"@type\":\"WebPage\",\"@id\":\"https:\/\/roz.si\/news\/roz\/jani-oswald-quaran-tanja\/\",\"url\":\"https:\/\/roz.si\/news\/roz\/jani-oswald-quaran-tanja\/\",\"name\":\"Jani Oswald, Quaran Tanja - RO\u017d - Slovensko prosvetno dru\u0161tvo\",\"isPartOf\":{\"@id\":\"https:\/\/roz.si\/#website\"},\"primaryImageOfPage\":{\"@id\":\"https:\/\/roz.si\/news\/roz\/jani-oswald-quaran-tanja\/#primaryimage\"},\"image\":{\"@id\":\"https:\/\/roz.si\/news\/roz\/jani-oswald-quaran-tanja\/#primaryimage\"},\"thumbnailUrl\":\"https:\/\/roz.si\/wp-content\/uploads\/2021\/03\/csm_Jani-Oswald-vabiloA5_0cc897220f.gif\",\"datePublished\":\"2021-03-03T10:36:38+00:00\",\"breadcrumb\":{\"@id\":\"https:\/\/roz.si\/news\/roz\/jani-oswald-quaran-tanja\/#breadcrumb\"},\"inLanguage\":\"de\",\"potentialAction\":[{\"@type\":\"ReadAction\",\"target\":[\"https:\/\/roz.si\/news\/roz\/jani-oswald-quaran-tanja\/\"]}]},{\"@type\":\"ImageObject\",\"inLanguage\":\"de\",\"@id\":\"https:\/\/roz.si\/news\/roz\/jani-oswald-quaran-tanja\/#primaryimage\",\"url\":\"https:\/\/roz.si\/wp-content\/uploads\/2021\/03\/csm_Jani-Oswald-vabiloA5_0cc897220f.gif\",\"contentUrl\":\"https:\/\/roz.si\/wp-content\/uploads\/2021\/03\/csm_Jani-Oswald-vabiloA5_0cc897220f.gif\",\"width\":800,\"height\":565},{\"@type\":\"BreadcrumbList\",\"@id\":\"https:\/\/roz.si\/news\/roz\/jani-oswald-quaran-tanja\/#breadcrumb\",\"itemListElement\":[{\"@type\":\"ListItem\",\"position\":1,\"name\":\"Home\",\"item\":\"https:\/\/roz.si\/de\/\"},{\"@type\":\"ListItem\",\"position\":2,\"name\":\"Jani Oswald, Quaran Tanja\"}]},{\"@type\":\"WebSite\",\"@id\":\"https:\/\/roz.si\/#website\",\"url\":\"https:\/\/roz.si\/\",\"name\":\"RO\u017d - Slovensko prosvetno dru\u0161tvo\",\"description\":\"Slovensko prosvetno dru\u0161tvo Ro\u017e\",\"publisher\":{\"@id\":\"https:\/\/roz.si\/#organization\"},\"potentialAction\":[{\"@type\":\"SearchAction\",\"target\":{\"@type\":\"EntryPoint\",\"urlTemplate\":\"https:\/\/roz.si\/?s={search_term_string}\"},\"query-input\":{\"@type\":\"PropertyValueSpecification\",\"valueRequired\":true,\"valueName\":\"search_term_string\"}}],\"inLanguage\":\"de\"},{\"@type\":\"Organization\",\"@id\":\"https:\/\/roz.si\/#organization\",\"name\":\"RO\u017d - Slovensko prosvetno dru\u0161tvo\",\"url\":\"https:\/\/roz.si\/\",\"logo\":{\"@type\":\"ImageObject\",\"inLanguage\":\"de\",\"@id\":\"https:\/\/roz.si\/#\/schema\/logo\/image\/\",\"url\":\"https:\/\/roz.si\/wp-content\/uploads\/2022\/11\/ROZ_logo.ico\",\"contentUrl\":\"https:\/\/roz.si\/wp-content\/uploads\/2022\/11\/ROZ_logo.ico\",\"width\":199,\"height\":120,\"caption\":\"RO\u017d - Slovensko prosvetno dru\u0161tvo\"},\"image\":{\"@id\":\"https:\/\/roz.si\/#\/schema\/logo\/image\/\"}},{\"@type\":\"Person\",\"@id\":\"https:\/\/roz.si\/#\/schema\/person\/c17674bb115dc13e5ac70b99a5fe7d4e\",\"name\":\"polonajencic@gmail.com\",\"image\":{\"@type\":\"ImageObject\",\"inLanguage\":\"de\",\"@id\":\"https:\/\/roz.si\/#\/schema\/person\/image\/\",\"url\":\"https:\/\/secure.gravatar.com\/avatar\/7bdbe1292afd0a9772e0f495079f8ef952b2320efdaed099df74beba51b524fc?s=96&d=mm&r=g\",\"contentUrl\":\"https:\/\/secure.gravatar.com\/avatar\/7bdbe1292afd0a9772e0f495079f8ef952b2320efdaed099df74beba51b524fc?s=96&d=mm&r=g\",\"caption\":\"polonajencic@gmail.com\"},\"sameAs\":[\"http:\/\/roz.si\"],\"url\":\"https:\/\/roz.si\/de\/author\/polonajencicgmail-com\/\"}]}<\/script>\n<!-- \/ Yoast SEO plugin. -->","yoast_head_json":{"title":"Jani Oswald, Quaran Tanja - RO\u017d - Slovensko prosvetno dru\u0161tvo","robots":{"index":"index","follow":"follow","max-snippet":"max-snippet:-1","max-image-preview":"max-image-preview:large","max-video-preview":"max-video-preview:-1"},"canonical":"https:\/\/roz.si\/news\/roz\/jani-oswald-quaran-tanja\/","og_locale":"de_DE","og_type":"article","og_title":"Jani Oswald, Quaran Tanja - RO\u017d - Slovensko prosvetno dru\u0161tvo","og_description":"[vc_row][vc_column][vc_column_text]najnovej\u0161a pesni\u0161ka zbirka Janija Oswaldader neue Gedichtband von Jani Oswald bere\/Lesung &#8211; Jani Oswald glasba\/Musik &#8211; Ton\u010d Feinig petek\/Freitag, 24.5. &#8211; 20h GLOBO Lighting Skladi\u0161\u010de\/Lager St. Peter\/\u0160entpeter 38 St. Jakob\/\u0160entjakob Quaran Tanja ist Jani Oswalds neuerliche poetische Antwort auf prek\u00e4re gesellschaftliche Ereignisse, die nicht nur im engen k\u00e4rntnerischen, \u00f6sterreichischen oder slowenischen Umfeld immer komplexere Bruchlinien aufweisen. Seine typische [&hellip;]","og_url":"https:\/\/roz.si\/news\/roz\/jani-oswald-quaran-tanja\/","og_site_name":"RO\u017d - Slovensko prosvetno dru\u0161tvo","article_published_time":"2021-03-03T10:36:38+00:00","og_image":[{"width":800,"height":565,"url":"https:\/\/roz.si\/wp-content\/uploads\/2021\/03\/csm_Jani-Oswald-vabiloA5_0cc897220f.gif","type":"image\/gif"}],"author":"polonajencic@gmail.com","twitter_card":"summary_large_image","twitter_misc":{"Verfasst von":"polonajencic@gmail.com","Gesch\u00e4tzte Lesezeit":"2\u00a0Minuten"},"schema":{"@context":"https:\/\/schema.org","@graph":[{"@type":"Article","@id":"https:\/\/roz.si\/news\/roz\/jani-oswald-quaran-tanja\/#article","isPartOf":{"@id":"https:\/\/roz.si\/news\/roz\/jani-oswald-quaran-tanja\/"},"author":{"name":"polonajencic@gmail.com","@id":"https:\/\/roz.si\/#\/schema\/person\/c17674bb115dc13e5ac70b99a5fe7d4e"},"headline":"Jani Oswald, Quaran Tanja","datePublished":"2021-03-03T10:36:38+00:00","mainEntityOfPage":{"@id":"https:\/\/roz.si\/news\/roz\/jani-oswald-quaran-tanja\/"},"wordCount":320,"commentCount":0,"publisher":{"@id":"https:\/\/roz.si\/#organization"},"image":{"@id":"https:\/\/roz.si\/news\/roz\/jani-oswald-quaran-tanja\/#primaryimage"},"thumbnailUrl":"https:\/\/roz.si\/wp-content\/uploads\/2021\/03\/csm_Jani-Oswald-vabiloA5_0cc897220f.gif","keywords":["Branje","Koncert"],"articleSection":["ro\u017e"],"inLanguage":"de","potentialAction":[{"@type":"CommentAction","name":"Comment","target":["https:\/\/roz.si\/news\/roz\/jani-oswald-quaran-tanja\/#respond"]}]},{"@type":"WebPage","@id":"https:\/\/roz.si\/news\/roz\/jani-oswald-quaran-tanja\/","url":"https:\/\/roz.si\/news\/roz\/jani-oswald-quaran-tanja\/","name":"Jani Oswald, Quaran Tanja - RO\u017d - Slovensko prosvetno dru\u0161tvo","isPartOf":{"@id":"https:\/\/roz.si\/#website"},"primaryImageOfPage":{"@id":"https:\/\/roz.si\/news\/roz\/jani-oswald-quaran-tanja\/#primaryimage"},"image":{"@id":"https:\/\/roz.si\/news\/roz\/jani-oswald-quaran-tanja\/#primaryimage"},"thumbnailUrl":"https:\/\/roz.si\/wp-content\/uploads\/2021\/03\/csm_Jani-Oswald-vabiloA5_0cc897220f.gif","datePublished":"2021-03-03T10:36:38+00:00","breadcrumb":{"@id":"https:\/\/roz.si\/news\/roz\/jani-oswald-quaran-tanja\/#breadcrumb"},"inLanguage":"de","potentialAction":[{"@type":"ReadAction","target":["https:\/\/roz.si\/news\/roz\/jani-oswald-quaran-tanja\/"]}]},{"@type":"ImageObject","inLanguage":"de","@id":"https:\/\/roz.si\/news\/roz\/jani-oswald-quaran-tanja\/#primaryimage","url":"https:\/\/roz.si\/wp-content\/uploads\/2021\/03\/csm_Jani-Oswald-vabiloA5_0cc897220f.gif","contentUrl":"https:\/\/roz.si\/wp-content\/uploads\/2021\/03\/csm_Jani-Oswald-vabiloA5_0cc897220f.gif","width":800,"height":565},{"@type":"BreadcrumbList","@id":"https:\/\/roz.si\/news\/roz\/jani-oswald-quaran-tanja\/#breadcrumb","itemListElement":[{"@type":"ListItem","position":1,"name":"Home","item":"https:\/\/roz.si\/de\/"},{"@type":"ListItem","position":2,"name":"Jani Oswald, Quaran Tanja"}]},{"@type":"WebSite","@id":"https:\/\/roz.si\/#website","url":"https:\/\/roz.si\/","name":"RO\u017d - Slovensko prosvetno dru\u0161tvo","description":"Slovensko prosvetno dru\u0161tvo Ro\u017e","publisher":{"@id":"https:\/\/roz.si\/#organization"},"potentialAction":[{"@type":"SearchAction","target":{"@type":"EntryPoint","urlTemplate":"https:\/\/roz.si\/?s={search_term_string}"},"query-input":{"@type":"PropertyValueSpecification","valueRequired":true,"valueName":"search_term_string"}}],"inLanguage":"de"},{"@type":"Organization","@id":"https:\/\/roz.si\/#organization","name":"RO\u017d - Slovensko prosvetno dru\u0161tvo","url":"https:\/\/roz.si\/","logo":{"@type":"ImageObject","inLanguage":"de","@id":"https:\/\/roz.si\/#\/schema\/logo\/image\/","url":"https:\/\/roz.si\/wp-content\/uploads\/2022\/11\/ROZ_logo.ico","contentUrl":"https:\/\/roz.si\/wp-content\/uploads\/2022\/11\/ROZ_logo.ico","width":199,"height":120,"caption":"RO\u017d - Slovensko prosvetno dru\u0161tvo"},"image":{"@id":"https:\/\/roz.si\/#\/schema\/logo\/image\/"}},{"@type":"Person","@id":"https:\/\/roz.si\/#\/schema\/person\/c17674bb115dc13e5ac70b99a5fe7d4e","name":"polonajencic@gmail.com","image":{"@type":"ImageObject","inLanguage":"de","@id":"https:\/\/roz.si\/#\/schema\/person\/image\/","url":"https:\/\/secure.gravatar.com\/avatar\/7bdbe1292afd0a9772e0f495079f8ef952b2320efdaed099df74beba51b524fc?s=96&d=mm&r=g","contentUrl":"https:\/\/secure.gravatar.com\/avatar\/7bdbe1292afd0a9772e0f495079f8ef952b2320efdaed099df74beba51b524fc?s=96&d=mm&r=g","caption":"polonajencic@gmail.com"},"sameAs":["http:\/\/roz.si"],"url":"https:\/\/roz.si\/de\/author\/polonajencicgmail-com\/"}]}},"_links":{"self":[{"href":"https:\/\/roz.si\/de\/wp-json\/wp\/v2\/posts\/5587","targetHints":{"allow":["GET"]}}],"collection":[{"href":"https:\/\/roz.si\/de\/wp-json\/wp\/v2\/posts"}],"about":[{"href":"https:\/\/roz.si\/de\/wp-json\/wp\/v2\/types\/post"}],"author":[{"embeddable":true,"href":"https:\/\/roz.si\/de\/wp-json\/wp\/v2\/users\/1"}],"replies":[{"embeddable":true,"href":"https:\/\/roz.si\/de\/wp-json\/wp\/v2\/comments?post=5587"}],"version-history":[{"count":1,"href":"https:\/\/roz.si\/de\/wp-json\/wp\/v2\/posts\/5587\/revisions"}],"predecessor-version":[{"id":5592,"href":"https:\/\/roz.si\/de\/wp-json\/wp\/v2\/posts\/5587\/revisions\/5592"}],"wp:featuredmedia":[{"embeddable":true,"href":"https:\/\/roz.si\/de\/wp-json\/wp\/v2\/media\/5588"}],"wp:attachment":[{"href":"https:\/\/roz.si\/de\/wp-json\/wp\/v2\/media?parent=5587"}],"wp:term":[{"taxonomy":"category","embeddable":true,"href":"https:\/\/roz.si\/de\/wp-json\/wp\/v2\/categories?post=5587"},{"taxonomy":"post_tag","embeddable":true,"href":"https:\/\/roz.si\/de\/wp-json\/wp\/v2\/tags?post=5587"}],"curies":[{"name":"wp","href":"https:\/\/api.w.org\/{rel}","templated":true}]}}