{"id":5603,"date":"2021-03-03T11:07:07","date_gmt":"2021-03-03T11:07:07","guid":{"rendered":"http:\/\/roz.si\/?p=5603"},"modified":"2021-03-03T11:07:07","modified_gmt":"2021-03-03T11:07:07","slug":"pesem-severnega-vetra-lieder-des-nordwindes","status":"publish","type":"post","link":"https:\/\/roz.si\/de\/news\/roz\/pesem-severnega-vetra-lieder-des-nordwindes\/","title":{"rendered":"PESEM SEVERNEGA VETRA \/ LIEDER DES NORDWINDES"},"content":{"rendered":"<p>[vc_row][vc_column][vc_column_text]Zbor \/ M\u00e4dchenchor<br \/>\nCarmen manet, Kranj<\/p>\n<p>Zborovodja \/ Chorleiter: Primo\u017e Ker\u0161tanj<\/p>\n<p>Nedelja\/Sonntag, 15.9.2013 &#8211; 19.00<\/p>\n<p>Podru\u017ena cerkev \u0160entpeter<br \/>\nFilialkirche St. Peter bei St. Jakob i. R.<\/p>\n<p>&nbsp;<\/p>\n<p>PESEM SEVERNEGA VETRA<br \/>\nLIEDER DES NORDWINDES<\/p>\n<p>Zbudi se, severni veter,<br \/>\nin pridi, o ju\u017eni veter!<br \/>\nZapihaj nad mojim vrtom.<br \/>\nNaj se raz\u0161irijo njegove di\u0161ave!<br \/>\nVisoka pesem<\/p>\n<p>Nordwind, erwache!<br \/>\nS\u00fcdwind, herbei!<br \/>\nDurchweht meinen Garten,<br \/>\nla\u00dft str\u00f6men die Balsamd\u00fcfte!<br \/>\nDas Hohelied<br \/>\nPesem severnega vetra je projekt zbora Carmen manet z zborovodjem Primo\u017eem Ker\u0161tanjem, ki \u017eeli poslu\u0161alcem predstaviti kopico prelepih skladb za \u017eenske zbore, ki so jih napisali skladatelji iz severnih delov Evrope, geografsko zajemajo podro\u010dje severno od 50\u00b0 zemljepisne \u0161irine, od Britanskega oto\u010dja na zahodu, preko Norve\u0161ke, \u0160vedske do Finske in Estonije na vzhodu. Vsebinsko sestavljajo program trije sklopi: sakralna glasba, uglasbitve literarnih del in skladbe, ki \u010drpajo navdih v ljudskem izro\u010dilu.<\/p>\n<p>Carmen manet ist der M\u00e4dchenchor des Gymnasiums in Kranj. Geleitet wird er von Primo\u017e Ker\u0161tanj, der auch den Frauenchor \u00bbRo\u017e\u00ab leitet. Der Chor errang eine Reihe von nationalen und internationalen Auszeichnungen; unter anderem nahm er im vergangenen Jahr am Open International Choral Competition in China teil und erzielte in allen Kategorien ausgezeichnete Erfolge. Das Konzert Lieder des Nordwindes beinhaltet ausschlie\u00dflich Lieder von Komponisten aus den L\u00e4ndern Nordeuropas (Norwegen, Schweden, Finnland, Estland).[\/vc_column_text][\/vc_column][\/vc_row]<\/p>\n","protected":false},"excerpt":{"rendered":"<p>[vc_row][vc_column][vc_column_text]Zbor \/ M\u00e4dchenchor Carmen manet, Kranj Zborovodja \/ Chorleiter: Primo\u017e Ker\u0161tanj Nedelja\/Sonntag, 15.9.2013 &#8211; 19.00 Podru\u017ena cerkev \u0160entpeter Filialkirche St. Peter bei St. Jakob i. R. &nbsp; PESEM SEVERNEGA VETRA LIEDER DES NORDWINDES Zbudi se, severni veter, in pridi, o ju\u017eni veter! Zapihaj nad mojim vrtom. Naj se raz\u0161irijo njegove di\u0161ave! Visoka pesem Nordwind, erwache! S\u00fcdwind, herbei! Durchweht [&hellip;]<\/p>\n","protected":false},"author":1,"featured_media":5604,"comment_status":"open","ping_status":"open","sticky":false,"template":"","format":"standard","meta":{"_acf_changed":false,"footnotes":""},"categories":[56],"tags":[62],"class_list":["post-5603","post","type-post","status-publish","format-standard","has-post-thumbnail","hentry","category-roz","tag-koncert"],"acf":[],"yoast_head":"<!-- This site is optimized with the Yoast SEO plugin v24.8.1 - https:\/\/yoast.com\/wordpress\/plugins\/seo\/ -->\n<title>PESEM SEVERNEGA VETRA \/ LIEDER DES NORDWINDES - RO\u017d - Slovensko prosvetno dru\u0161tvo<\/title>\n<meta name=\"robots\" content=\"index, follow, max-snippet:-1, max-image-preview:large, max-video-preview:-1\" \/>\n<link rel=\"canonical\" href=\"https:\/\/roz.si\/news\/roz\/pesem-severnega-vetra-lieder-des-nordwindes\/\" \/>\n<meta property=\"og:locale\" content=\"de_DE\" \/>\n<meta property=\"og:type\" content=\"article\" \/>\n<meta property=\"og:title\" content=\"PESEM SEVERNEGA VETRA \/ LIEDER DES NORDWINDES - RO\u017d - Slovensko prosvetno dru\u0161tvo\" \/>\n<meta property=\"og:description\" content=\"[vc_row][vc_column][vc_column_text]Zbor \/ M\u00e4dchenchor Carmen manet, Kranj Zborovodja \/ Chorleiter: Primo\u017e Ker\u0161tanj Nedelja\/Sonntag, 15.9.2013 &#8211; 19.00 Podru\u017ena cerkev \u0160entpeter Filialkirche St. Peter bei St. Jakob i. R. &nbsp; PESEM SEVERNEGA VETRA LIEDER DES NORDWINDES Zbudi se, severni veter, in pridi, o ju\u017eni veter! Zapihaj nad mojim vrtom. Naj se raz\u0161irijo njegove di\u0161ave! Visoka pesem Nordwind, erwache! S\u00fcdwind, herbei! Durchweht [&hellip;]\" \/>\n<meta property=\"og:url\" content=\"https:\/\/roz.si\/news\/roz\/pesem-severnega-vetra-lieder-des-nordwindes\/\" \/>\n<meta property=\"og:site_name\" content=\"RO\u017d - Slovensko prosvetno dru\u0161tvo\" \/>\n<meta property=\"article:published_time\" content=\"2021-03-03T11:07:07+00:00\" \/>\n<meta property=\"og:image\" content=\"https:\/\/roz.si\/wp-content\/uploads\/2021\/03\/csm_pesem-severnega-vetra_c8ec2432c9.png\" \/>\n\t<meta property=\"og:image:width\" content=\"423\" \/>\n\t<meta property=\"og:image:height\" content=\"600\" \/>\n\t<meta property=\"og:image:type\" content=\"image\/png\" \/>\n<meta name=\"author\" content=\"polonajencic@gmail.com\" \/>\n<meta name=\"twitter:card\" content=\"summary_large_image\" \/>\n<meta name=\"twitter:label1\" content=\"Verfasst von\" \/>\n\t<meta name=\"twitter:data1\" content=\"polonajencic@gmail.com\" \/>\n\t<meta name=\"twitter:label2\" content=\"Gesch\u00e4tzte Lesezeit\" \/>\n\t<meta name=\"twitter:data2\" content=\"1\u00a0Minute\" \/>\n<script type=\"application\/ld+json\" class=\"yoast-schema-graph\">{\"@context\":\"https:\/\/schema.org\",\"@graph\":[{\"@type\":\"Article\",\"@id\":\"https:\/\/roz.si\/news\/roz\/pesem-severnega-vetra-lieder-des-nordwindes\/#article\",\"isPartOf\":{\"@id\":\"https:\/\/roz.si\/news\/roz\/pesem-severnega-vetra-lieder-des-nordwindes\/\"},\"author\":{\"name\":\"polonajencic@gmail.com\",\"@id\":\"https:\/\/roz.si\/#\/schema\/person\/c17674bb115dc13e5ac70b99a5fe7d4e\"},\"headline\":\"PESEM SEVERNEGA VETRA \/ LIEDER DES NORDWINDES\",\"datePublished\":\"2021-03-03T11:07:07+00:00\",\"mainEntityOfPage\":{\"@id\":\"https:\/\/roz.si\/news\/roz\/pesem-severnega-vetra-lieder-des-nordwindes\/\"},\"wordCount\":245,\"commentCount\":0,\"publisher\":{\"@id\":\"https:\/\/roz.si\/#organization\"},\"image\":{\"@id\":\"https:\/\/roz.si\/news\/roz\/pesem-severnega-vetra-lieder-des-nordwindes\/#primaryimage\"},\"thumbnailUrl\":\"https:\/\/roz.si\/wp-content\/uploads\/2021\/03\/csm_pesem-severnega-vetra_c8ec2432c9.png\",\"keywords\":[\"Koncert\"],\"articleSection\":[\"ro\u017e\"],\"inLanguage\":\"de\",\"potentialAction\":[{\"@type\":\"CommentAction\",\"name\":\"Comment\",\"target\":[\"https:\/\/roz.si\/news\/roz\/pesem-severnega-vetra-lieder-des-nordwindes\/#respond\"]}]},{\"@type\":\"WebPage\",\"@id\":\"https:\/\/roz.si\/news\/roz\/pesem-severnega-vetra-lieder-des-nordwindes\/\",\"url\":\"https:\/\/roz.si\/news\/roz\/pesem-severnega-vetra-lieder-des-nordwindes\/\",\"name\":\"PESEM SEVERNEGA VETRA \/ LIEDER DES NORDWINDES - RO\u017d - Slovensko prosvetno dru\u0161tvo\",\"isPartOf\":{\"@id\":\"https:\/\/roz.si\/#website\"},\"primaryImageOfPage\":{\"@id\":\"https:\/\/roz.si\/news\/roz\/pesem-severnega-vetra-lieder-des-nordwindes\/#primaryimage\"},\"image\":{\"@id\":\"https:\/\/roz.si\/news\/roz\/pesem-severnega-vetra-lieder-des-nordwindes\/#primaryimage\"},\"thumbnailUrl\":\"https:\/\/roz.si\/wp-content\/uploads\/2021\/03\/csm_pesem-severnega-vetra_c8ec2432c9.png\",\"datePublished\":\"2021-03-03T11:07:07+00:00\",\"breadcrumb\":{\"@id\":\"https:\/\/roz.si\/news\/roz\/pesem-severnega-vetra-lieder-des-nordwindes\/#breadcrumb\"},\"inLanguage\":\"de\",\"potentialAction\":[{\"@type\":\"ReadAction\",\"target\":[\"https:\/\/roz.si\/news\/roz\/pesem-severnega-vetra-lieder-des-nordwindes\/\"]}]},{\"@type\":\"ImageObject\",\"inLanguage\":\"de\",\"@id\":\"https:\/\/roz.si\/news\/roz\/pesem-severnega-vetra-lieder-des-nordwindes\/#primaryimage\",\"url\":\"https:\/\/roz.si\/wp-content\/uploads\/2021\/03\/csm_pesem-severnega-vetra_c8ec2432c9.png\",\"contentUrl\":\"https:\/\/roz.si\/wp-content\/uploads\/2021\/03\/csm_pesem-severnega-vetra_c8ec2432c9.png\",\"width\":423,\"height\":600},{\"@type\":\"BreadcrumbList\",\"@id\":\"https:\/\/roz.si\/news\/roz\/pesem-severnega-vetra-lieder-des-nordwindes\/#breadcrumb\",\"itemListElement\":[{\"@type\":\"ListItem\",\"position\":1,\"name\":\"Home\",\"item\":\"https:\/\/roz.si\/de\/\"},{\"@type\":\"ListItem\",\"position\":2,\"name\":\"PESEM SEVERNEGA VETRA \/ LIEDER DES NORDWINDES\"}]},{\"@type\":\"WebSite\",\"@id\":\"https:\/\/roz.si\/#website\",\"url\":\"https:\/\/roz.si\/\",\"name\":\"RO\u017d - Slovensko prosvetno dru\u0161tvo\",\"description\":\"Slovensko prosvetno dru\u0161tvo Ro\u017e\",\"publisher\":{\"@id\":\"https:\/\/roz.si\/#organization\"},\"potentialAction\":[{\"@type\":\"SearchAction\",\"target\":{\"@type\":\"EntryPoint\",\"urlTemplate\":\"https:\/\/roz.si\/?s={search_term_string}\"},\"query-input\":{\"@type\":\"PropertyValueSpecification\",\"valueRequired\":true,\"valueName\":\"search_term_string\"}}],\"inLanguage\":\"de\"},{\"@type\":\"Organization\",\"@id\":\"https:\/\/roz.si\/#organization\",\"name\":\"RO\u017d - Slovensko prosvetno dru\u0161tvo\",\"url\":\"https:\/\/roz.si\/\",\"logo\":{\"@type\":\"ImageObject\",\"inLanguage\":\"de\",\"@id\":\"https:\/\/roz.si\/#\/schema\/logo\/image\/\",\"url\":\"https:\/\/roz.si\/wp-content\/uploads\/2022\/11\/ROZ_logo.ico\",\"contentUrl\":\"https:\/\/roz.si\/wp-content\/uploads\/2022\/11\/ROZ_logo.ico\",\"width\":199,\"height\":120,\"caption\":\"RO\u017d - Slovensko prosvetno dru\u0161tvo\"},\"image\":{\"@id\":\"https:\/\/roz.si\/#\/schema\/logo\/image\/\"}},{\"@type\":\"Person\",\"@id\":\"https:\/\/roz.si\/#\/schema\/person\/c17674bb115dc13e5ac70b99a5fe7d4e\",\"name\":\"polonajencic@gmail.com\",\"image\":{\"@type\":\"ImageObject\",\"inLanguage\":\"de\",\"@id\":\"https:\/\/roz.si\/#\/schema\/person\/image\/\",\"url\":\"https:\/\/secure.gravatar.com\/avatar\/7bdbe1292afd0a9772e0f495079f8ef952b2320efdaed099df74beba51b524fc?s=96&d=mm&r=g\",\"contentUrl\":\"https:\/\/secure.gravatar.com\/avatar\/7bdbe1292afd0a9772e0f495079f8ef952b2320efdaed099df74beba51b524fc?s=96&d=mm&r=g\",\"caption\":\"polonajencic@gmail.com\"},\"sameAs\":[\"http:\/\/roz.si\"],\"url\":\"https:\/\/roz.si\/de\/author\/polonajencicgmail-com\/\"}]}<\/script>\n<!-- \/ Yoast SEO plugin. -->","yoast_head_json":{"title":"PESEM SEVERNEGA VETRA \/ LIEDER DES NORDWINDES - RO\u017d - Slovensko prosvetno dru\u0161tvo","robots":{"index":"index","follow":"follow","max-snippet":"max-snippet:-1","max-image-preview":"max-image-preview:large","max-video-preview":"max-video-preview:-1"},"canonical":"https:\/\/roz.si\/news\/roz\/pesem-severnega-vetra-lieder-des-nordwindes\/","og_locale":"de_DE","og_type":"article","og_title":"PESEM SEVERNEGA VETRA \/ LIEDER DES NORDWINDES - RO\u017d - Slovensko prosvetno dru\u0161tvo","og_description":"[vc_row][vc_column][vc_column_text]Zbor \/ M\u00e4dchenchor Carmen manet, Kranj Zborovodja \/ Chorleiter: Primo\u017e Ker\u0161tanj Nedelja\/Sonntag, 15.9.2013 &#8211; 19.00 Podru\u017ena cerkev \u0160entpeter Filialkirche St. Peter bei St. Jakob i. R. &nbsp; PESEM SEVERNEGA VETRA LIEDER DES NORDWINDES Zbudi se, severni veter, in pridi, o ju\u017eni veter! Zapihaj nad mojim vrtom. Naj se raz\u0161irijo njegove di\u0161ave! Visoka pesem Nordwind, erwache! S\u00fcdwind, herbei! Durchweht [&hellip;]","og_url":"https:\/\/roz.si\/news\/roz\/pesem-severnega-vetra-lieder-des-nordwindes\/","og_site_name":"RO\u017d - Slovensko prosvetno dru\u0161tvo","article_published_time":"2021-03-03T11:07:07+00:00","og_image":[{"width":423,"height":600,"url":"https:\/\/roz.si\/wp-content\/uploads\/2021\/03\/csm_pesem-severnega-vetra_c8ec2432c9.png","type":"image\/png"}],"author":"polonajencic@gmail.com","twitter_card":"summary_large_image","twitter_misc":{"Verfasst von":"polonajencic@gmail.com","Gesch\u00e4tzte Lesezeit":"1\u00a0Minute"},"schema":{"@context":"https:\/\/schema.org","@graph":[{"@type":"Article","@id":"https:\/\/roz.si\/news\/roz\/pesem-severnega-vetra-lieder-des-nordwindes\/#article","isPartOf":{"@id":"https:\/\/roz.si\/news\/roz\/pesem-severnega-vetra-lieder-des-nordwindes\/"},"author":{"name":"polonajencic@gmail.com","@id":"https:\/\/roz.si\/#\/schema\/person\/c17674bb115dc13e5ac70b99a5fe7d4e"},"headline":"PESEM SEVERNEGA VETRA \/ LIEDER DES NORDWINDES","datePublished":"2021-03-03T11:07:07+00:00","mainEntityOfPage":{"@id":"https:\/\/roz.si\/news\/roz\/pesem-severnega-vetra-lieder-des-nordwindes\/"},"wordCount":245,"commentCount":0,"publisher":{"@id":"https:\/\/roz.si\/#organization"},"image":{"@id":"https:\/\/roz.si\/news\/roz\/pesem-severnega-vetra-lieder-des-nordwindes\/#primaryimage"},"thumbnailUrl":"https:\/\/roz.si\/wp-content\/uploads\/2021\/03\/csm_pesem-severnega-vetra_c8ec2432c9.png","keywords":["Koncert"],"articleSection":["ro\u017e"],"inLanguage":"de","potentialAction":[{"@type":"CommentAction","name":"Comment","target":["https:\/\/roz.si\/news\/roz\/pesem-severnega-vetra-lieder-des-nordwindes\/#respond"]}]},{"@type":"WebPage","@id":"https:\/\/roz.si\/news\/roz\/pesem-severnega-vetra-lieder-des-nordwindes\/","url":"https:\/\/roz.si\/news\/roz\/pesem-severnega-vetra-lieder-des-nordwindes\/","name":"PESEM SEVERNEGA VETRA \/ LIEDER DES NORDWINDES - RO\u017d - Slovensko prosvetno dru\u0161tvo","isPartOf":{"@id":"https:\/\/roz.si\/#website"},"primaryImageOfPage":{"@id":"https:\/\/roz.si\/news\/roz\/pesem-severnega-vetra-lieder-des-nordwindes\/#primaryimage"},"image":{"@id":"https:\/\/roz.si\/news\/roz\/pesem-severnega-vetra-lieder-des-nordwindes\/#primaryimage"},"thumbnailUrl":"https:\/\/roz.si\/wp-content\/uploads\/2021\/03\/csm_pesem-severnega-vetra_c8ec2432c9.png","datePublished":"2021-03-03T11:07:07+00:00","breadcrumb":{"@id":"https:\/\/roz.si\/news\/roz\/pesem-severnega-vetra-lieder-des-nordwindes\/#breadcrumb"},"inLanguage":"de","potentialAction":[{"@type":"ReadAction","target":["https:\/\/roz.si\/news\/roz\/pesem-severnega-vetra-lieder-des-nordwindes\/"]}]},{"@type":"ImageObject","inLanguage":"de","@id":"https:\/\/roz.si\/news\/roz\/pesem-severnega-vetra-lieder-des-nordwindes\/#primaryimage","url":"https:\/\/roz.si\/wp-content\/uploads\/2021\/03\/csm_pesem-severnega-vetra_c8ec2432c9.png","contentUrl":"https:\/\/roz.si\/wp-content\/uploads\/2021\/03\/csm_pesem-severnega-vetra_c8ec2432c9.png","width":423,"height":600},{"@type":"BreadcrumbList","@id":"https:\/\/roz.si\/news\/roz\/pesem-severnega-vetra-lieder-des-nordwindes\/#breadcrumb","itemListElement":[{"@type":"ListItem","position":1,"name":"Home","item":"https:\/\/roz.si\/de\/"},{"@type":"ListItem","position":2,"name":"PESEM SEVERNEGA VETRA \/ LIEDER DES NORDWINDES"}]},{"@type":"WebSite","@id":"https:\/\/roz.si\/#website","url":"https:\/\/roz.si\/","name":"RO\u017d - Slovensko prosvetno dru\u0161tvo","description":"Slovensko prosvetno dru\u0161tvo Ro\u017e","publisher":{"@id":"https:\/\/roz.si\/#organization"},"potentialAction":[{"@type":"SearchAction","target":{"@type":"EntryPoint","urlTemplate":"https:\/\/roz.si\/?s={search_term_string}"},"query-input":{"@type":"PropertyValueSpecification","valueRequired":true,"valueName":"search_term_string"}}],"inLanguage":"de"},{"@type":"Organization","@id":"https:\/\/roz.si\/#organization","name":"RO\u017d - Slovensko prosvetno dru\u0161tvo","url":"https:\/\/roz.si\/","logo":{"@type":"ImageObject","inLanguage":"de","@id":"https:\/\/roz.si\/#\/schema\/logo\/image\/","url":"https:\/\/roz.si\/wp-content\/uploads\/2022\/11\/ROZ_logo.ico","contentUrl":"https:\/\/roz.si\/wp-content\/uploads\/2022\/11\/ROZ_logo.ico","width":199,"height":120,"caption":"RO\u017d - Slovensko prosvetno dru\u0161tvo"},"image":{"@id":"https:\/\/roz.si\/#\/schema\/logo\/image\/"}},{"@type":"Person","@id":"https:\/\/roz.si\/#\/schema\/person\/c17674bb115dc13e5ac70b99a5fe7d4e","name":"polonajencic@gmail.com","image":{"@type":"ImageObject","inLanguage":"de","@id":"https:\/\/roz.si\/#\/schema\/person\/image\/","url":"https:\/\/secure.gravatar.com\/avatar\/7bdbe1292afd0a9772e0f495079f8ef952b2320efdaed099df74beba51b524fc?s=96&d=mm&r=g","contentUrl":"https:\/\/secure.gravatar.com\/avatar\/7bdbe1292afd0a9772e0f495079f8ef952b2320efdaed099df74beba51b524fc?s=96&d=mm&r=g","caption":"polonajencic@gmail.com"},"sameAs":["http:\/\/roz.si"],"url":"https:\/\/roz.si\/de\/author\/polonajencicgmail-com\/"}]}},"_links":{"self":[{"href":"https:\/\/roz.si\/de\/wp-json\/wp\/v2\/posts\/5603","targetHints":{"allow":["GET"]}}],"collection":[{"href":"https:\/\/roz.si\/de\/wp-json\/wp\/v2\/posts"}],"about":[{"href":"https:\/\/roz.si\/de\/wp-json\/wp\/v2\/types\/post"}],"author":[{"embeddable":true,"href":"https:\/\/roz.si\/de\/wp-json\/wp\/v2\/users\/1"}],"replies":[{"embeddable":true,"href":"https:\/\/roz.si\/de\/wp-json\/wp\/v2\/comments?post=5603"}],"version-history":[{"count":1,"href":"https:\/\/roz.si\/de\/wp-json\/wp\/v2\/posts\/5603\/revisions"}],"predecessor-version":[{"id":5608,"href":"https:\/\/roz.si\/de\/wp-json\/wp\/v2\/posts\/5603\/revisions\/5608"}],"wp:featuredmedia":[{"embeddable":true,"href":"https:\/\/roz.si\/de\/wp-json\/wp\/v2\/media\/5604"}],"wp:attachment":[{"href":"https:\/\/roz.si\/de\/wp-json\/wp\/v2\/media?parent=5603"}],"wp:term":[{"taxonomy":"category","embeddable":true,"href":"https:\/\/roz.si\/de\/wp-json\/wp\/v2\/categories?post=5603"},{"taxonomy":"post_tag","embeddable":true,"href":"https:\/\/roz.si\/de\/wp-json\/wp\/v2\/tags?post=5603"}],"curies":[{"name":"wp","href":"https:\/\/api.w.org\/{rel}","templated":true}]}}