{"id":5609,"date":"2021-03-03T11:10:24","date_gmt":"2021-03-03T11:10:24","guid":{"rendered":"http:\/\/roz.si\/?p=5609"},"modified":"2021-03-03T11:10:24","modified_gmt":"2021-03-03T11:10:24","slug":"raubzug-vlak-strahu-train-of-justice","status":"publish","type":"post","link":"https:\/\/roz.si\/de\/news\/teatr-trotamora\/raubzug-vlak-strahu-train-of-justice\/","title":{"rendered":"RAUBZUG &#8211; VLAK STRAHU &#8211; TRAIN OF JUSTICE"},"content":{"rendered":"<p>[vc_row][vc_column][vc_column_text]<b>ZWEISPRACHIGES EISENBAHNTHEATER<br \/>\nENTLANG DER K\u00c4RNTNER ROSENTALBAHN<\/b><\/p>\n<p><b>DVOJEZI\u010cNA GLEDALI\u0160KA PREDSTAVA<br \/>\nNA VLAKU VDOL\u017d RO\u017dANSKE PROGE<\/b><\/p>\n<p><a class=\"external-link-new-window\" title=\"www.unikum.ac.at\" href=\"http:\/\/www.unikum.ac.at\/\" target=\"_blank\" rel=\"noopener\">UNIKUM<\/a>\u00a0&#8211; UNIVERSIT\u00c4TSKULTURZENTRUM \/ KULTURNI CENTER UNIVERZE<br \/>\nTEATR TROTAMORA | TEATR ZORA<\/p>\n<hr \/>\n<p><b>21 &amp; 22 09 2013 | 10.57\u201318.07<\/b><br \/>\nHAUPTBAHNHOF KLAGENFURT\/CELOVEC<br \/>\nEINGANG BAHNHOFSPLATZ<\/p>\n<p>ROSENTALBAHN\/RO\u017dANSKA PROGA<br \/>\nKLAGENFURT\/CELOVEC-ROSENBACH\/PODRO\u017dCA<\/p>\n<hr \/>\n<p><a class=\"external-link-new-window\" title=\"Reservierung\" href=\"http:\/\/www.unikum.ac.at\/001_PROJEKTE_2012_FI\/01_WANDERUNG_ANMELDE_2012.htm\" target=\"_blank\" rel=\"noopener\">RESERVIERUNGSPFLICHTIG<\/a>\u00a0|\u00a0<a class=\"external-link-new-window\" title=\"prijava\" href=\"http:\/\/www.unikum.ac.at\/001_PROJEKTE_2012_FI\/01_WANDERUNG_ANMELDE_2012.htm\" target=\"_blank\" rel=\"noopener\">OBVEZNA REZERVACIJA<\/a><\/p>\n<hr \/>\n<p>RAUBZUG | VLAK STRAHU | TRAIN OF JUSTICE ist ein Projekt im Rahmen des Festivals<\/p>\n<hr \/>\n<p><b>MITWIRKENDE | SODELUJO\u010cI:<\/b><\/p>\n<p>TEATR TROTAMORA<br \/>\nTEATR ZORA<br \/>\nINKLUSIVTHEATER LEBENSHILFE LEDENITZEN\/LEDINCE<br \/>\nALI GAGGL<br \/>\nPRIMUS SITTER<br \/>\nMUSIK | GLASBA: JOZEJ \u0160TIKAR<br \/>\nREGIE | RE\u017dIJA: MARJAN \u0160TIKAR<br \/>\nREGIE- U. PRODUKTIONSASSISTENTIN | ASISTENTKA RE\u017dIJE IN ORGANIZACIJE: ALINA ZEICHEN<br \/>\nTECHNIK | TEHNIKA: KRISTIJAN REHSMANN \/ MARKO SITTER<br \/>\nU. V. A. | I. D.<\/p>\n<hr \/>\n<p>Das Trauma der Geschichte und die prek\u00e4re Gegenwart des K\u00e4rntner Rosentals\/Ro\u017e sind der Stoff eines mehrst\u00fcndigen \u00bbEisenbahndramas\u00ab der zweisprachigen Theatergruppe\u00a0<b>TROTAMORA<\/b>. Schauplatz ist die Bahnstrecke zwischen Klagenfurt\/Celovec und Rosenbach\/Podro\u017eca, die eine Landschaft des wirtschaftlichen Niedergangs und der kulturellen Widerspr\u00fcche durchquert. Erz\u00e4hlt wird die Geschichte einer noblen Reisegesellschaft auf der Fahrt ins Blaue, die sich bald mit sozialem Elend und dem Zorn der Ausgebeuteten konfrontiert sieht. So ger\u00e4t der Sonderzug allm\u00e4hlich ins Stocken und muss die Reise teilweise zu Fu\u00df fortgesetzt werden. Dabei kommt es zu Begegnungen mit den Armen und Ausgesto\u00dfenen der Gesellschaft, aber auch mit den HeldInnen des Alltags und mit Figuren aus der Traum- und Sagenwelt, die in rund 20 Bildern von \u00fcber 50 AkteuerInnen zur Darstellung gelangen.<br \/>\nVordergr\u00fcndig als turbulente Odyssee angelegt, thematisiert\u00a0<b>RAUBZUG<\/b>\u00a0nicht nur Aufruhr und Gewalt als Resultat sozialer Ungerechtigkeit, sondern auch Utopien von Gleichheit und Br\u00fcderlichkeit. Stilmittel sind satirisch \u00fcberh\u00f6hte Actionszenen, politische Texte, die zu Dialogen montiert werden, sowie poetische und musikalische Sequenzen, die dem Publikum \u2013 als Teil der Reisegesellschaft \u2013 assoziativen Freiraum lassen.<\/p>\n<p>Zgodovinske travme in negotova sedanjost Ro\u017ene doline na Koro\u0161kem\/Rosental so gradivo za ve\u010durno \u00bbdramo na vlaku\u00ab v izvedbi dvojezi\u010dne skupine teatr\u00a0<b>TROTAMORA<\/b>. Prizori\u0161\u010de je \u017eelezni\u0161ka proga, ki povezuje Celovec\/Klagenfurt s Podro\u017eco\/Rosenbach, ter pokrajina, ki jo zaznamujejo gospodarska kriza in kulturna protislovja. V zgodbi se skupina priviligiranih napoti na izlet, a se polagoma spopada s siroma\u0161tvom in z jezo poni\u017eanih. Tako posebni vlak kmalu obti\u010di in potniki morajo deloma naprej pe\u0161.<br \/>\nNavidezno zasnovan kot turbulentna odiseja,\u00a0<b>VLAK STRAHU<\/b>\u00a0ne obravnava le upor in nasilje kot rezultat krivi\u010dnosti dru\u017ebe, marve\u010d ponazarja tudi stremljenje po enakopravnosti in bratstvu. Kot stilna sredstva uporabljamo satiri\u010dno obarvane akcijske prizore, politi\u010dna besedila zmontirana v dialoge ter poeti\u010dne in glasbene sekvence, ki ob\u010dinstvu, katero je hkrati del potni\u0161ke dru\u017ebe, odpirajo prostor za asociacije.<\/p>\n<hr \/>\n<p><b>HINWEISE | NAPOTKI:<\/b><\/p>\n<ul>\n<li>Verpflichtende Anmeldung | obvezna prijava<\/li>\n<li>Unkostenbeitrag | prispevek: 50,\u2013 \/ 35,\u2013 (inkl. Zugfahrt, Labung und Abendessen | vo\u017enja z vlakom, jed in pija\u010da)<\/li>\n<li>Kartenabholung ab | izdaja vozovnic: 10.30, Hauptbahnhof Klagenfurt, Haupteingang | \u017eelezni\u0161ka postaja Celovec, glavni vhod<\/li>\n<li>Vorstellungsbeginn | za\u010detek predstave: 10.57, Bahnhofsplatz; Fahrplan\u00e4nderungen m\u00f6glich | spremembe voznega reda pridr\u017eane<\/li>\n<li>Anforderungen | oprema: Trittfestigkeit und Ausdauer; festliche Kleidung, festes Schuhwerk und Regenschutz | fizi\u010dna kondicija, prazni\u010dna obleka, pohodni\u0161ka obutev, pelerina<\/li>\n<li>Mindestalter | minimalna starost: 12 Jahre | 12 let<\/li>\n<li>Hunde d\u00fcrfen nicht mitgenommen werden. | Psi nimajo dostopa.<\/li>\n<li>Verk\u00f6stigung im Sonderzug | za hrano in pija\u010do je poskrbljeno na posebnem vlaku<\/li>\n<\/ul>\n<p><a class=\"external-link-new-window\" title=\"Reservierung\/prijava\" href=\"http:\/\/www.unikum.ac.at\/001_PROJEKTE_2012_FI\/01_WANDERUNG_ANMELDE_2012.htm\" target=\"_blank\" rel=\"noopener\">RESERVIERUNG | REZERVACIJA<\/a>[\/vc_column_text][\/vc_column][\/vc_row]<\/p>\n","protected":false},"excerpt":{"rendered":"<p>[vc_row][vc_column][vc_column_text]ZWEISPRACHIGES EISENBAHNTHEATER ENTLANG DER K\u00c4RNTNER ROSENTALBAHN DVOJEZI\u010cNA GLEDALI\u0160KA PREDSTAVA NA VLAKU VDOL\u017d RO\u017dANSKE PROGE UNIKUM\u00a0&#8211; UNIVERSIT\u00c4TSKULTURZENTRUM \/ KULTURNI CENTER UNIVERZE TEATR TROTAMORA | TEATR ZORA 21 &amp; 22 09 2013 | 10.57\u201318.07 HAUPTBAHNHOF KLAGENFURT\/CELOVEC EINGANG BAHNHOFSPLATZ ROSENTALBAHN\/RO\u017dANSKA PROGA KLAGENFURT\/CELOVEC-ROSENBACH\/PODRO\u017dCA RESERVIERUNGSPFLICHTIG\u00a0|\u00a0OBVEZNA REZERVACIJA RAUBZUG | VLAK STRAHU | TRAIN OF JUSTICE ist ein Projekt im Rahmen des Festivals MITWIRKENDE | [&hellip;]<\/p>\n","protected":false},"author":1,"featured_media":5610,"comment_status":"open","ping_status":"open","sticky":false,"template":"","format":"standard","meta":{"_acf_changed":false,"footnotes":""},"categories":[60,61],"tags":[65],"class_list":["post-5609","post","type-post","status-publish","format-standard","has-post-thumbnail","hentry","category-teatr-trotamora","category-teatr-zora","tag-teater"],"acf":[],"yoast_head":"<!-- This site is optimized with the Yoast SEO plugin v24.8.1 - https:\/\/yoast.com\/wordpress\/plugins\/seo\/ -->\n<title>RAUBZUG - VLAK STRAHU - TRAIN OF JUSTICE - RO\u017d - Slovensko prosvetno dru\u0161tvo<\/title>\n<meta name=\"robots\" content=\"index, follow, max-snippet:-1, max-image-preview:large, max-video-preview:-1\" \/>\n<link rel=\"canonical\" href=\"https:\/\/roz.si\/news\/teatr-trotamora\/raubzug-vlak-strahu-train-of-justice\/\" \/>\n<meta property=\"og:locale\" content=\"de_DE\" \/>\n<meta property=\"og:type\" content=\"article\" \/>\n<meta property=\"og:title\" content=\"RAUBZUG - VLAK STRAHU - TRAIN OF JUSTICE - RO\u017d - Slovensko prosvetno dru\u0161tvo\" \/>\n<meta property=\"og:description\" content=\"[vc_row][vc_column][vc_column_text]ZWEISPRACHIGES EISENBAHNTHEATER ENTLANG DER K\u00c4RNTNER ROSENTALBAHN DVOJEZI\u010cNA GLEDALI\u0160KA PREDSTAVA NA VLAKU VDOL\u017d RO\u017dANSKE PROGE UNIKUM\u00a0&#8211; UNIVERSIT\u00c4TSKULTURZENTRUM \/ KULTURNI CENTER UNIVERZE TEATR TROTAMORA | TEATR ZORA 21 &amp; 22 09 2013 | 10.57\u201318.07 HAUPTBAHNHOF KLAGENFURT\/CELOVEC EINGANG BAHNHOFSPLATZ ROSENTALBAHN\/RO\u017dANSKA PROGA KLAGENFURT\/CELOVEC-ROSENBACH\/PODRO\u017dCA RESERVIERUNGSPFLICHTIG\u00a0|\u00a0OBVEZNA REZERVACIJA RAUBZUG | VLAK STRAHU | TRAIN OF JUSTICE ist ein Projekt im Rahmen des Festivals MITWIRKENDE | [&hellip;]\" \/>\n<meta property=\"og:url\" content=\"https:\/\/roz.si\/news\/teatr-trotamora\/raubzug-vlak-strahu-train-of-justice\/\" \/>\n<meta property=\"og:site_name\" content=\"RO\u017d - Slovensko prosvetno dru\u0161tvo\" \/>\n<meta property=\"article:published_time\" content=\"2021-03-03T11:10:24+00:00\" \/>\n<meta property=\"og:image\" content=\"https:\/\/roz.si\/wp-content\/uploads\/2021\/03\/csm_vlak01_MarcoZwitter_ee02c3a0f2.jpg\" \/>\n\t<meta property=\"og:image:width\" content=\"800\" \/>\n\t<meta property=\"og:image:height\" content=\"534\" \/>\n\t<meta property=\"og:image:type\" content=\"image\/jpeg\" \/>\n<meta name=\"author\" content=\"polonajencic@gmail.com\" \/>\n<meta name=\"twitter:card\" content=\"summary_large_image\" \/>\n<meta name=\"twitter:label1\" content=\"Verfasst von\" \/>\n\t<meta name=\"twitter:data1\" content=\"polonajencic@gmail.com\" \/>\n\t<meta name=\"twitter:label2\" content=\"Gesch\u00e4tzte Lesezeit\" \/>\n\t<meta name=\"twitter:data2\" content=\"3\u00a0Minuten\" \/>\n<script type=\"application\/ld+json\" class=\"yoast-schema-graph\">{\"@context\":\"https:\/\/schema.org\",\"@graph\":[{\"@type\":\"Article\",\"@id\":\"https:\/\/roz.si\/news\/teatr-trotamora\/raubzug-vlak-strahu-train-of-justice\/#article\",\"isPartOf\":{\"@id\":\"https:\/\/roz.si\/news\/teatr-trotamora\/raubzug-vlak-strahu-train-of-justice\/\"},\"author\":{\"name\":\"polonajencic@gmail.com\",\"@id\":\"https:\/\/roz.si\/#\/schema\/person\/c17674bb115dc13e5ac70b99a5fe7d4e\"},\"headline\":\"RAUBZUG &#8211; VLAK STRAHU &#8211; TRAIN OF JUSTICE\",\"datePublished\":\"2021-03-03T11:10:24+00:00\",\"mainEntityOfPage\":{\"@id\":\"https:\/\/roz.si\/news\/teatr-trotamora\/raubzug-vlak-strahu-train-of-justice\/\"},\"wordCount\":554,\"commentCount\":0,\"publisher\":{\"@id\":\"https:\/\/roz.si\/#organization\"},\"image\":{\"@id\":\"https:\/\/roz.si\/news\/teatr-trotamora\/raubzug-vlak-strahu-train-of-justice\/#primaryimage\"},\"thumbnailUrl\":\"https:\/\/roz.si\/wp-content\/uploads\/2021\/03\/csm_vlak01_MarcoZwitter_ee02c3a0f2.jpg\",\"keywords\":[\"Teater\"],\"articleSection\":[\"teatr trotamora\",\"teatr zora\"],\"inLanguage\":\"de\",\"potentialAction\":[{\"@type\":\"CommentAction\",\"name\":\"Comment\",\"target\":[\"https:\/\/roz.si\/news\/teatr-trotamora\/raubzug-vlak-strahu-train-of-justice\/#respond\"]}]},{\"@type\":\"WebPage\",\"@id\":\"https:\/\/roz.si\/news\/teatr-trotamora\/raubzug-vlak-strahu-train-of-justice\/\",\"url\":\"https:\/\/roz.si\/news\/teatr-trotamora\/raubzug-vlak-strahu-train-of-justice\/\",\"name\":\"RAUBZUG - VLAK STRAHU - TRAIN OF JUSTICE - RO\u017d - Slovensko prosvetno dru\u0161tvo\",\"isPartOf\":{\"@id\":\"https:\/\/roz.si\/#website\"},\"primaryImageOfPage\":{\"@id\":\"https:\/\/roz.si\/news\/teatr-trotamora\/raubzug-vlak-strahu-train-of-justice\/#primaryimage\"},\"image\":{\"@id\":\"https:\/\/roz.si\/news\/teatr-trotamora\/raubzug-vlak-strahu-train-of-justice\/#primaryimage\"},\"thumbnailUrl\":\"https:\/\/roz.si\/wp-content\/uploads\/2021\/03\/csm_vlak01_MarcoZwitter_ee02c3a0f2.jpg\",\"datePublished\":\"2021-03-03T11:10:24+00:00\",\"breadcrumb\":{\"@id\":\"https:\/\/roz.si\/news\/teatr-trotamora\/raubzug-vlak-strahu-train-of-justice\/#breadcrumb\"},\"inLanguage\":\"de\",\"potentialAction\":[{\"@type\":\"ReadAction\",\"target\":[\"https:\/\/roz.si\/news\/teatr-trotamora\/raubzug-vlak-strahu-train-of-justice\/\"]}]},{\"@type\":\"ImageObject\",\"inLanguage\":\"de\",\"@id\":\"https:\/\/roz.si\/news\/teatr-trotamora\/raubzug-vlak-strahu-train-of-justice\/#primaryimage\",\"url\":\"https:\/\/roz.si\/wp-content\/uploads\/2021\/03\/csm_vlak01_MarcoZwitter_ee02c3a0f2.jpg\",\"contentUrl\":\"https:\/\/roz.si\/wp-content\/uploads\/2021\/03\/csm_vlak01_MarcoZwitter_ee02c3a0f2.jpg\",\"width\":800,\"height\":534},{\"@type\":\"BreadcrumbList\",\"@id\":\"https:\/\/roz.si\/news\/teatr-trotamora\/raubzug-vlak-strahu-train-of-justice\/#breadcrumb\",\"itemListElement\":[{\"@type\":\"ListItem\",\"position\":1,\"name\":\"Home\",\"item\":\"https:\/\/roz.si\/de\/\"},{\"@type\":\"ListItem\",\"position\":2,\"name\":\"RAUBZUG &#8211; VLAK STRAHU &#8211; TRAIN OF JUSTICE\"}]},{\"@type\":\"WebSite\",\"@id\":\"https:\/\/roz.si\/#website\",\"url\":\"https:\/\/roz.si\/\",\"name\":\"RO\u017d - Slovensko prosvetno dru\u0161tvo\",\"description\":\"Slovensko prosvetno dru\u0161tvo Ro\u017e\",\"publisher\":{\"@id\":\"https:\/\/roz.si\/#organization\"},\"potentialAction\":[{\"@type\":\"SearchAction\",\"target\":{\"@type\":\"EntryPoint\",\"urlTemplate\":\"https:\/\/roz.si\/?s={search_term_string}\"},\"query-input\":{\"@type\":\"PropertyValueSpecification\",\"valueRequired\":true,\"valueName\":\"search_term_string\"}}],\"inLanguage\":\"de\"},{\"@type\":\"Organization\",\"@id\":\"https:\/\/roz.si\/#organization\",\"name\":\"RO\u017d - Slovensko prosvetno dru\u0161tvo\",\"url\":\"https:\/\/roz.si\/\",\"logo\":{\"@type\":\"ImageObject\",\"inLanguage\":\"de\",\"@id\":\"https:\/\/roz.si\/#\/schema\/logo\/image\/\",\"url\":\"https:\/\/roz.si\/wp-content\/uploads\/2022\/11\/ROZ_logo.ico\",\"contentUrl\":\"https:\/\/roz.si\/wp-content\/uploads\/2022\/11\/ROZ_logo.ico\",\"width\":199,\"height\":120,\"caption\":\"RO\u017d - Slovensko prosvetno dru\u0161tvo\"},\"image\":{\"@id\":\"https:\/\/roz.si\/#\/schema\/logo\/image\/\"}},{\"@type\":\"Person\",\"@id\":\"https:\/\/roz.si\/#\/schema\/person\/c17674bb115dc13e5ac70b99a5fe7d4e\",\"name\":\"polonajencic@gmail.com\",\"image\":{\"@type\":\"ImageObject\",\"inLanguage\":\"de\",\"@id\":\"https:\/\/roz.si\/#\/schema\/person\/image\/\",\"url\":\"https:\/\/secure.gravatar.com\/avatar\/7bdbe1292afd0a9772e0f495079f8ef952b2320efdaed099df74beba51b524fc?s=96&d=mm&r=g\",\"contentUrl\":\"https:\/\/secure.gravatar.com\/avatar\/7bdbe1292afd0a9772e0f495079f8ef952b2320efdaed099df74beba51b524fc?s=96&d=mm&r=g\",\"caption\":\"polonajencic@gmail.com\"},\"sameAs\":[\"http:\/\/roz.si\"],\"url\":\"https:\/\/roz.si\/de\/author\/polonajencicgmail-com\/\"}]}<\/script>\n<!-- \/ Yoast SEO plugin. -->","yoast_head_json":{"title":"RAUBZUG - VLAK STRAHU - TRAIN OF JUSTICE - RO\u017d - Slovensko prosvetno dru\u0161tvo","robots":{"index":"index","follow":"follow","max-snippet":"max-snippet:-1","max-image-preview":"max-image-preview:large","max-video-preview":"max-video-preview:-1"},"canonical":"https:\/\/roz.si\/news\/teatr-trotamora\/raubzug-vlak-strahu-train-of-justice\/","og_locale":"de_DE","og_type":"article","og_title":"RAUBZUG - VLAK STRAHU - TRAIN OF JUSTICE - RO\u017d - Slovensko prosvetno dru\u0161tvo","og_description":"[vc_row][vc_column][vc_column_text]ZWEISPRACHIGES EISENBAHNTHEATER ENTLANG DER K\u00c4RNTNER ROSENTALBAHN DVOJEZI\u010cNA GLEDALI\u0160KA PREDSTAVA NA VLAKU VDOL\u017d RO\u017dANSKE PROGE UNIKUM\u00a0&#8211; UNIVERSIT\u00c4TSKULTURZENTRUM \/ KULTURNI CENTER UNIVERZE TEATR TROTAMORA | TEATR ZORA 21 &amp; 22 09 2013 | 10.57\u201318.07 HAUPTBAHNHOF KLAGENFURT\/CELOVEC EINGANG BAHNHOFSPLATZ ROSENTALBAHN\/RO\u017dANSKA PROGA KLAGENFURT\/CELOVEC-ROSENBACH\/PODRO\u017dCA RESERVIERUNGSPFLICHTIG\u00a0|\u00a0OBVEZNA REZERVACIJA RAUBZUG | VLAK STRAHU | TRAIN OF JUSTICE ist ein Projekt im Rahmen des Festivals MITWIRKENDE | [&hellip;]","og_url":"https:\/\/roz.si\/news\/teatr-trotamora\/raubzug-vlak-strahu-train-of-justice\/","og_site_name":"RO\u017d - Slovensko prosvetno dru\u0161tvo","article_published_time":"2021-03-03T11:10:24+00:00","og_image":[{"width":800,"height":534,"url":"https:\/\/roz.si\/wp-content\/uploads\/2021\/03\/csm_vlak01_MarcoZwitter_ee02c3a0f2.jpg","type":"image\/jpeg"}],"author":"polonajencic@gmail.com","twitter_card":"summary_large_image","twitter_misc":{"Verfasst von":"polonajencic@gmail.com","Gesch\u00e4tzte Lesezeit":"3\u00a0Minuten"},"schema":{"@context":"https:\/\/schema.org","@graph":[{"@type":"Article","@id":"https:\/\/roz.si\/news\/teatr-trotamora\/raubzug-vlak-strahu-train-of-justice\/#article","isPartOf":{"@id":"https:\/\/roz.si\/news\/teatr-trotamora\/raubzug-vlak-strahu-train-of-justice\/"},"author":{"name":"polonajencic@gmail.com","@id":"https:\/\/roz.si\/#\/schema\/person\/c17674bb115dc13e5ac70b99a5fe7d4e"},"headline":"RAUBZUG &#8211; VLAK STRAHU &#8211; TRAIN OF JUSTICE","datePublished":"2021-03-03T11:10:24+00:00","mainEntityOfPage":{"@id":"https:\/\/roz.si\/news\/teatr-trotamora\/raubzug-vlak-strahu-train-of-justice\/"},"wordCount":554,"commentCount":0,"publisher":{"@id":"https:\/\/roz.si\/#organization"},"image":{"@id":"https:\/\/roz.si\/news\/teatr-trotamora\/raubzug-vlak-strahu-train-of-justice\/#primaryimage"},"thumbnailUrl":"https:\/\/roz.si\/wp-content\/uploads\/2021\/03\/csm_vlak01_MarcoZwitter_ee02c3a0f2.jpg","keywords":["Teater"],"articleSection":["teatr trotamora","teatr zora"],"inLanguage":"de","potentialAction":[{"@type":"CommentAction","name":"Comment","target":["https:\/\/roz.si\/news\/teatr-trotamora\/raubzug-vlak-strahu-train-of-justice\/#respond"]}]},{"@type":"WebPage","@id":"https:\/\/roz.si\/news\/teatr-trotamora\/raubzug-vlak-strahu-train-of-justice\/","url":"https:\/\/roz.si\/news\/teatr-trotamora\/raubzug-vlak-strahu-train-of-justice\/","name":"RAUBZUG - VLAK STRAHU - TRAIN OF JUSTICE - RO\u017d - Slovensko prosvetno dru\u0161tvo","isPartOf":{"@id":"https:\/\/roz.si\/#website"},"primaryImageOfPage":{"@id":"https:\/\/roz.si\/news\/teatr-trotamora\/raubzug-vlak-strahu-train-of-justice\/#primaryimage"},"image":{"@id":"https:\/\/roz.si\/news\/teatr-trotamora\/raubzug-vlak-strahu-train-of-justice\/#primaryimage"},"thumbnailUrl":"https:\/\/roz.si\/wp-content\/uploads\/2021\/03\/csm_vlak01_MarcoZwitter_ee02c3a0f2.jpg","datePublished":"2021-03-03T11:10:24+00:00","breadcrumb":{"@id":"https:\/\/roz.si\/news\/teatr-trotamora\/raubzug-vlak-strahu-train-of-justice\/#breadcrumb"},"inLanguage":"de","potentialAction":[{"@type":"ReadAction","target":["https:\/\/roz.si\/news\/teatr-trotamora\/raubzug-vlak-strahu-train-of-justice\/"]}]},{"@type":"ImageObject","inLanguage":"de","@id":"https:\/\/roz.si\/news\/teatr-trotamora\/raubzug-vlak-strahu-train-of-justice\/#primaryimage","url":"https:\/\/roz.si\/wp-content\/uploads\/2021\/03\/csm_vlak01_MarcoZwitter_ee02c3a0f2.jpg","contentUrl":"https:\/\/roz.si\/wp-content\/uploads\/2021\/03\/csm_vlak01_MarcoZwitter_ee02c3a0f2.jpg","width":800,"height":534},{"@type":"BreadcrumbList","@id":"https:\/\/roz.si\/news\/teatr-trotamora\/raubzug-vlak-strahu-train-of-justice\/#breadcrumb","itemListElement":[{"@type":"ListItem","position":1,"name":"Home","item":"https:\/\/roz.si\/de\/"},{"@type":"ListItem","position":2,"name":"RAUBZUG &#8211; VLAK STRAHU &#8211; TRAIN OF JUSTICE"}]},{"@type":"WebSite","@id":"https:\/\/roz.si\/#website","url":"https:\/\/roz.si\/","name":"RO\u017d - Slovensko prosvetno dru\u0161tvo","description":"Slovensko prosvetno dru\u0161tvo Ro\u017e","publisher":{"@id":"https:\/\/roz.si\/#organization"},"potentialAction":[{"@type":"SearchAction","target":{"@type":"EntryPoint","urlTemplate":"https:\/\/roz.si\/?s={search_term_string}"},"query-input":{"@type":"PropertyValueSpecification","valueRequired":true,"valueName":"search_term_string"}}],"inLanguage":"de"},{"@type":"Organization","@id":"https:\/\/roz.si\/#organization","name":"RO\u017d - Slovensko prosvetno dru\u0161tvo","url":"https:\/\/roz.si\/","logo":{"@type":"ImageObject","inLanguage":"de","@id":"https:\/\/roz.si\/#\/schema\/logo\/image\/","url":"https:\/\/roz.si\/wp-content\/uploads\/2022\/11\/ROZ_logo.ico","contentUrl":"https:\/\/roz.si\/wp-content\/uploads\/2022\/11\/ROZ_logo.ico","width":199,"height":120,"caption":"RO\u017d - Slovensko prosvetno dru\u0161tvo"},"image":{"@id":"https:\/\/roz.si\/#\/schema\/logo\/image\/"}},{"@type":"Person","@id":"https:\/\/roz.si\/#\/schema\/person\/c17674bb115dc13e5ac70b99a5fe7d4e","name":"polonajencic@gmail.com","image":{"@type":"ImageObject","inLanguage":"de","@id":"https:\/\/roz.si\/#\/schema\/person\/image\/","url":"https:\/\/secure.gravatar.com\/avatar\/7bdbe1292afd0a9772e0f495079f8ef952b2320efdaed099df74beba51b524fc?s=96&d=mm&r=g","contentUrl":"https:\/\/secure.gravatar.com\/avatar\/7bdbe1292afd0a9772e0f495079f8ef952b2320efdaed099df74beba51b524fc?s=96&d=mm&r=g","caption":"polonajencic@gmail.com"},"sameAs":["http:\/\/roz.si"],"url":"https:\/\/roz.si\/de\/author\/polonajencicgmail-com\/"}]}},"_links":{"self":[{"href":"https:\/\/roz.si\/de\/wp-json\/wp\/v2\/posts\/5609","targetHints":{"allow":["GET"]}}],"collection":[{"href":"https:\/\/roz.si\/de\/wp-json\/wp\/v2\/posts"}],"about":[{"href":"https:\/\/roz.si\/de\/wp-json\/wp\/v2\/types\/post"}],"author":[{"embeddable":true,"href":"https:\/\/roz.si\/de\/wp-json\/wp\/v2\/users\/1"}],"replies":[{"embeddable":true,"href":"https:\/\/roz.si\/de\/wp-json\/wp\/v2\/comments?post=5609"}],"version-history":[{"count":2,"href":"https:\/\/roz.si\/de\/wp-json\/wp\/v2\/posts\/5609\/revisions"}],"predecessor-version":[{"id":5613,"href":"https:\/\/roz.si\/de\/wp-json\/wp\/v2\/posts\/5609\/revisions\/5613"}],"wp:featuredmedia":[{"embeddable":true,"href":"https:\/\/roz.si\/de\/wp-json\/wp\/v2\/media\/5610"}],"wp:attachment":[{"href":"https:\/\/roz.si\/de\/wp-json\/wp\/v2\/media?parent=5609"}],"wp:term":[{"taxonomy":"category","embeddable":true,"href":"https:\/\/roz.si\/de\/wp-json\/wp\/v2\/categories?post=5609"},{"taxonomy":"post_tag","embeddable":true,"href":"https:\/\/roz.si\/de\/wp-json\/wp\/v2\/tags?post=5609"}],"curies":[{"name":"wp","href":"https:\/\/api.w.org\/{rel}","templated":true}]}}