{"id":5614,"date":"2021-03-03T11:13:18","date_gmt":"2021-03-03T11:13:18","guid":{"rendered":"http:\/\/roz.si\/?p=5614"},"modified":"2021-03-03T11:13:18","modified_gmt":"2021-03-03T11:13:18","slug":"intermezzo","status":"publish","type":"post","link":"https:\/\/roz.si\/de\/news\/roz\/intermezzo\/","title":{"rendered":"Intermezzo"},"content":{"rendered":"<p>[vc_row][vc_column][vc_column_text]<b>MePZ<\/b><b>\u00a0Podjuna Pliberk meets Stefan Thaler<\/b><b><br \/>\nGemischter Chor MePZ Podjuna Pliberk meets Stefan Thaler<\/b><\/p>\n<p>sobota \/ Samstag, 26. 10. 2013, 20h<\/p>\n<p><i>Farov\u017e \u0160entjakob v Ro\u017eu<br \/>\nPfarrhof St. Jakob i. R.<\/i><\/p>\n<p>&nbsp;<\/p>\n<p><b>Stefan Thaler meets MePZ PODJUNA Pliberk<\/b><br \/>\nGlasba sre\u010da glasbo<\/p>\n<p>Intermezzo \u2013 glasbena medigra, duhovita uprizoritev zvokov in glasov, zvene\u010da menjava in preplet, sou\u010dinkovanje glasbenih elementov. Vse to je strnjeno v aktualnem projektu Me\u0161anega pevskega zbora Podjuna Pliberk. Stefan Thaler \u2013 jazz-glasbenik, skladatelj, prireditelj in MePZ PODJUNA Pliberk \u2013 dve samostojni enoti se pove\u017eeta v ve\u010djo, novo. Skladatelja sodobne ameri\u0161ke zborovske literature Eric Whitacre in Morten Lauridson ter nove priredbe tradicionalnih slovenskih narodnih pesmi so predmet umetni\u0161kega ustvarjanja pevk in pevcev zbora pod vodstvom Anje Kapun. Stefan Thaler posega vmes \u2013 lo\u010di, sestavi, razve\u017ee, vzpostavi stik, zmede, osvetli. Nastajajo zvokovne sledi, predejo se zvo\u010dne mre\u017ee, abstraktno izra\u017eanje se pove\u017ee z naravnimi glasovi. Glasbeni projekt brez besed, samoizpoveden, resno spro\u0161\u010den.<br \/>\nIntermezzo \u2013 \u017eiva iskra ustvarjalnega duha iz bogatega spektra glasbene raznolikosti. Izziv za ve\u010dglasno skupino in izvajalca ne\u0161tetih mo\u017enosti glasbenega izra\u017eanja.<\/p>\n<p><b>Stefan Thaler meets MePZ PODJUNA Pliberk<\/b><br \/>\nEine musikalische Begegnung<\/p>\n<p>Intermezzo nennt sich das aktuelle Projekt des gemischten Chores MePZ PODJUNA Pliberk. Ein Zwischenspiel, eine verspielte Klanggeschichte, eine musikalische Verflechtung, ein Austausch, ein Zusammenspiel. Stefan Thaler \u2013 Jazzmusiker, Komponist und Arrangeur \u2013 trifft auf den gemischten Chor MePZ PODJUNA Pliberk. Die S\u00e4ngerinnen und S\u00e4nger des Chores unter der Leitung von Anja Kapun singen zeitgen\u00f6ssische amerikanische Chorliteratur von Eric Whitacre und Morten Lauridsen sowie traditionelle slowenische Volkslieder in neuem Arrangement.<br \/>\nStefan Thaler spielt mit, greift ein, trennt, verbindet, l\u00f6st auf, verstrickt, verwirrt, erhellt. Tonspuren werden gelegt, Klangnetze gebildet, abstrakte Samples treffen auf nat\u00fcrliche Stimmen.<br \/>\nEin musikalisches Projekt ohne Worte, selbstredend, spielerisch ernsthaft.<br \/>\nIntermezzo \u2013 Ein Funke in der gro\u00dfen Vielfalt musikalischer Ausdrucksm\u00f6glichkeiten. Eine Herausforderung f\u00fcr ein vielstimmiges Ensemble und einen Produzenten mit unz\u00e4hligen Klangvarianten.<\/p>\n<p>[\/vc_column_text][\/vc_column][\/vc_row]<\/p>\n","protected":false},"excerpt":{"rendered":"<p>[vc_row][vc_column][vc_column_text]MePZ\u00a0Podjuna Pliberk meets Stefan Thaler Gemischter Chor MePZ Podjuna Pliberk meets Stefan Thaler sobota \/ Samstag, 26. 10. 2013, 20h Farov\u017e \u0160entjakob v Ro\u017eu Pfarrhof St. Jakob i. R. &nbsp; Stefan Thaler meets MePZ PODJUNA Pliberk Glasba sre\u010da glasbo Intermezzo \u2013 glasbena medigra, duhovita uprizoritev zvokov in glasov, zvene\u010da menjava in preplet, sou\u010dinkovanje glasbenih elementov. Vse to je [&hellip;]<\/p>\n","protected":false},"author":1,"featured_media":5615,"comment_status":"open","ping_status":"open","sticky":false,"template":"","format":"standard","meta":{"_acf_changed":false,"footnotes":""},"categories":[56],"tags":[62],"class_list":["post-5614","post","type-post","status-publish","format-standard","has-post-thumbnail","hentry","category-roz","tag-koncert"],"acf":[],"yoast_head":"<!-- This site is optimized with the Yoast SEO plugin v24.8.1 - https:\/\/yoast.com\/wordpress\/plugins\/seo\/ -->\n<title>Intermezzo - RO\u017d - Slovensko prosvetno dru\u0161tvo<\/title>\n<meta name=\"robots\" content=\"index, follow, max-snippet:-1, max-image-preview:large, max-video-preview:-1\" \/>\n<link rel=\"canonical\" href=\"https:\/\/roz.si\/news\/roz\/intermezzo\/\" \/>\n<meta property=\"og:locale\" content=\"de_DE\" \/>\n<meta property=\"og:type\" content=\"article\" \/>\n<meta property=\"og:title\" content=\"Intermezzo - RO\u017d - Slovensko prosvetno dru\u0161tvo\" \/>\n<meta property=\"og:description\" content=\"[vc_row][vc_column][vc_column_text]MePZ\u00a0Podjuna Pliberk meets Stefan Thaler Gemischter Chor MePZ Podjuna Pliberk meets Stefan Thaler sobota \/ Samstag, 26. 10. 2013, 20h Farov\u017e \u0160entjakob v Ro\u017eu Pfarrhof St. Jakob i. R. &nbsp; Stefan Thaler meets MePZ PODJUNA Pliberk Glasba sre\u010da glasbo Intermezzo \u2013 glasbena medigra, duhovita uprizoritev zvokov in glasov, zvene\u010da menjava in preplet, sou\u010dinkovanje glasbenih elementov. Vse to je [&hellip;]\" \/>\n<meta property=\"og:url\" content=\"https:\/\/roz.si\/news\/roz\/intermezzo\/\" \/>\n<meta property=\"og:site_name\" content=\"RO\u017d - Slovensko prosvetno dru\u0161tvo\" \/>\n<meta property=\"article:published_time\" content=\"2021-03-03T11:13:18+00:00\" \/>\n<meta property=\"og:image\" content=\"https:\/\/roz.si\/wp-content\/uploads\/2021\/03\/csm_plakat_intermezzo_sentjakob_c002ed7962.jpg\" \/>\n\t<meta property=\"og:image:width\" content=\"425\" \/>\n\t<meta property=\"og:image:height\" content=\"600\" \/>\n\t<meta property=\"og:image:type\" content=\"image\/jpeg\" \/>\n<meta name=\"author\" content=\"polonajencic@gmail.com\" \/>\n<meta name=\"twitter:card\" content=\"summary_large_image\" \/>\n<meta name=\"twitter:label1\" content=\"Verfasst von\" \/>\n\t<meta name=\"twitter:data1\" content=\"polonajencic@gmail.com\" \/>\n\t<meta name=\"twitter:label2\" content=\"Gesch\u00e4tzte Lesezeit\" \/>\n\t<meta name=\"twitter:data2\" content=\"2\u00a0Minuten\" \/>\n<script type=\"application\/ld+json\" class=\"yoast-schema-graph\">{\"@context\":\"https:\/\/schema.org\",\"@graph\":[{\"@type\":\"Article\",\"@id\":\"https:\/\/roz.si\/news\/roz\/intermezzo\/#article\",\"isPartOf\":{\"@id\":\"https:\/\/roz.si\/news\/roz\/intermezzo\/\"},\"author\":{\"name\":\"polonajencic@gmail.com\",\"@id\":\"https:\/\/roz.si\/#\/schema\/person\/c17674bb115dc13e5ac70b99a5fe7d4e\"},\"headline\":\"Intermezzo\",\"datePublished\":\"2021-03-03T11:13:18+00:00\",\"mainEntityOfPage\":{\"@id\":\"https:\/\/roz.si\/news\/roz\/intermezzo\/\"},\"wordCount\":334,\"commentCount\":0,\"publisher\":{\"@id\":\"https:\/\/roz.si\/#organization\"},\"image\":{\"@id\":\"https:\/\/roz.si\/news\/roz\/intermezzo\/#primaryimage\"},\"thumbnailUrl\":\"https:\/\/roz.si\/wp-content\/uploads\/2021\/03\/csm_plakat_intermezzo_sentjakob_c002ed7962.jpg\",\"keywords\":[\"Koncert\"],\"articleSection\":[\"ro\u017e\"],\"inLanguage\":\"de\",\"potentialAction\":[{\"@type\":\"CommentAction\",\"name\":\"Comment\",\"target\":[\"https:\/\/roz.si\/news\/roz\/intermezzo\/#respond\"]}]},{\"@type\":\"WebPage\",\"@id\":\"https:\/\/roz.si\/news\/roz\/intermezzo\/\",\"url\":\"https:\/\/roz.si\/news\/roz\/intermezzo\/\",\"name\":\"Intermezzo - RO\u017d - Slovensko prosvetno dru\u0161tvo\",\"isPartOf\":{\"@id\":\"https:\/\/roz.si\/#website\"},\"primaryImageOfPage\":{\"@id\":\"https:\/\/roz.si\/news\/roz\/intermezzo\/#primaryimage\"},\"image\":{\"@id\":\"https:\/\/roz.si\/news\/roz\/intermezzo\/#primaryimage\"},\"thumbnailUrl\":\"https:\/\/roz.si\/wp-content\/uploads\/2021\/03\/csm_plakat_intermezzo_sentjakob_c002ed7962.jpg\",\"datePublished\":\"2021-03-03T11:13:18+00:00\",\"breadcrumb\":{\"@id\":\"https:\/\/roz.si\/news\/roz\/intermezzo\/#breadcrumb\"},\"inLanguage\":\"de\",\"potentialAction\":[{\"@type\":\"ReadAction\",\"target\":[\"https:\/\/roz.si\/news\/roz\/intermezzo\/\"]}]},{\"@type\":\"ImageObject\",\"inLanguage\":\"de\",\"@id\":\"https:\/\/roz.si\/news\/roz\/intermezzo\/#primaryimage\",\"url\":\"https:\/\/roz.si\/wp-content\/uploads\/2021\/03\/csm_plakat_intermezzo_sentjakob_c002ed7962.jpg\",\"contentUrl\":\"https:\/\/roz.si\/wp-content\/uploads\/2021\/03\/csm_plakat_intermezzo_sentjakob_c002ed7962.jpg\",\"width\":425,\"height\":600},{\"@type\":\"BreadcrumbList\",\"@id\":\"https:\/\/roz.si\/news\/roz\/intermezzo\/#breadcrumb\",\"itemListElement\":[{\"@type\":\"ListItem\",\"position\":1,\"name\":\"Home\",\"item\":\"https:\/\/roz.si\/de\/\"},{\"@type\":\"ListItem\",\"position\":2,\"name\":\"Intermezzo\"}]},{\"@type\":\"WebSite\",\"@id\":\"https:\/\/roz.si\/#website\",\"url\":\"https:\/\/roz.si\/\",\"name\":\"RO\u017d - Slovensko prosvetno dru\u0161tvo\",\"description\":\"Slovensko prosvetno dru\u0161tvo Ro\u017e\",\"publisher\":{\"@id\":\"https:\/\/roz.si\/#organization\"},\"potentialAction\":[{\"@type\":\"SearchAction\",\"target\":{\"@type\":\"EntryPoint\",\"urlTemplate\":\"https:\/\/roz.si\/?s={search_term_string}\"},\"query-input\":{\"@type\":\"PropertyValueSpecification\",\"valueRequired\":true,\"valueName\":\"search_term_string\"}}],\"inLanguage\":\"de\"},{\"@type\":\"Organization\",\"@id\":\"https:\/\/roz.si\/#organization\",\"name\":\"RO\u017d - Slovensko prosvetno dru\u0161tvo\",\"url\":\"https:\/\/roz.si\/\",\"logo\":{\"@type\":\"ImageObject\",\"inLanguage\":\"de\",\"@id\":\"https:\/\/roz.si\/#\/schema\/logo\/image\/\",\"url\":\"https:\/\/roz.si\/wp-content\/uploads\/2022\/11\/ROZ_logo.ico\",\"contentUrl\":\"https:\/\/roz.si\/wp-content\/uploads\/2022\/11\/ROZ_logo.ico\",\"width\":199,\"height\":120,\"caption\":\"RO\u017d - Slovensko prosvetno dru\u0161tvo\"},\"image\":{\"@id\":\"https:\/\/roz.si\/#\/schema\/logo\/image\/\"}},{\"@type\":\"Person\",\"@id\":\"https:\/\/roz.si\/#\/schema\/person\/c17674bb115dc13e5ac70b99a5fe7d4e\",\"name\":\"polonajencic@gmail.com\",\"image\":{\"@type\":\"ImageObject\",\"inLanguage\":\"de\",\"@id\":\"https:\/\/roz.si\/#\/schema\/person\/image\/\",\"url\":\"https:\/\/secure.gravatar.com\/avatar\/7bdbe1292afd0a9772e0f495079f8ef952b2320efdaed099df74beba51b524fc?s=96&d=mm&r=g\",\"contentUrl\":\"https:\/\/secure.gravatar.com\/avatar\/7bdbe1292afd0a9772e0f495079f8ef952b2320efdaed099df74beba51b524fc?s=96&d=mm&r=g\",\"caption\":\"polonajencic@gmail.com\"},\"sameAs\":[\"http:\/\/roz.si\"],\"url\":\"https:\/\/roz.si\/de\/author\/polonajencicgmail-com\/\"}]}<\/script>\n<!-- \/ Yoast SEO plugin. -->","yoast_head_json":{"title":"Intermezzo - RO\u017d - Slovensko prosvetno dru\u0161tvo","robots":{"index":"index","follow":"follow","max-snippet":"max-snippet:-1","max-image-preview":"max-image-preview:large","max-video-preview":"max-video-preview:-1"},"canonical":"https:\/\/roz.si\/news\/roz\/intermezzo\/","og_locale":"de_DE","og_type":"article","og_title":"Intermezzo - RO\u017d - Slovensko prosvetno dru\u0161tvo","og_description":"[vc_row][vc_column][vc_column_text]MePZ\u00a0Podjuna Pliberk meets Stefan Thaler Gemischter Chor MePZ Podjuna Pliberk meets Stefan Thaler sobota \/ Samstag, 26. 10. 2013, 20h Farov\u017e \u0160entjakob v Ro\u017eu Pfarrhof St. Jakob i. R. &nbsp; Stefan Thaler meets MePZ PODJUNA Pliberk Glasba sre\u010da glasbo Intermezzo \u2013 glasbena medigra, duhovita uprizoritev zvokov in glasov, zvene\u010da menjava in preplet, sou\u010dinkovanje glasbenih elementov. Vse to je [&hellip;]","og_url":"https:\/\/roz.si\/news\/roz\/intermezzo\/","og_site_name":"RO\u017d - Slovensko prosvetno dru\u0161tvo","article_published_time":"2021-03-03T11:13:18+00:00","og_image":[{"width":425,"height":600,"url":"https:\/\/roz.si\/wp-content\/uploads\/2021\/03\/csm_plakat_intermezzo_sentjakob_c002ed7962.jpg","type":"image\/jpeg"}],"author":"polonajencic@gmail.com","twitter_card":"summary_large_image","twitter_misc":{"Verfasst von":"polonajencic@gmail.com","Gesch\u00e4tzte Lesezeit":"2\u00a0Minuten"},"schema":{"@context":"https:\/\/schema.org","@graph":[{"@type":"Article","@id":"https:\/\/roz.si\/news\/roz\/intermezzo\/#article","isPartOf":{"@id":"https:\/\/roz.si\/news\/roz\/intermezzo\/"},"author":{"name":"polonajencic@gmail.com","@id":"https:\/\/roz.si\/#\/schema\/person\/c17674bb115dc13e5ac70b99a5fe7d4e"},"headline":"Intermezzo","datePublished":"2021-03-03T11:13:18+00:00","mainEntityOfPage":{"@id":"https:\/\/roz.si\/news\/roz\/intermezzo\/"},"wordCount":334,"commentCount":0,"publisher":{"@id":"https:\/\/roz.si\/#organization"},"image":{"@id":"https:\/\/roz.si\/news\/roz\/intermezzo\/#primaryimage"},"thumbnailUrl":"https:\/\/roz.si\/wp-content\/uploads\/2021\/03\/csm_plakat_intermezzo_sentjakob_c002ed7962.jpg","keywords":["Koncert"],"articleSection":["ro\u017e"],"inLanguage":"de","potentialAction":[{"@type":"CommentAction","name":"Comment","target":["https:\/\/roz.si\/news\/roz\/intermezzo\/#respond"]}]},{"@type":"WebPage","@id":"https:\/\/roz.si\/news\/roz\/intermezzo\/","url":"https:\/\/roz.si\/news\/roz\/intermezzo\/","name":"Intermezzo - RO\u017d - Slovensko prosvetno dru\u0161tvo","isPartOf":{"@id":"https:\/\/roz.si\/#website"},"primaryImageOfPage":{"@id":"https:\/\/roz.si\/news\/roz\/intermezzo\/#primaryimage"},"image":{"@id":"https:\/\/roz.si\/news\/roz\/intermezzo\/#primaryimage"},"thumbnailUrl":"https:\/\/roz.si\/wp-content\/uploads\/2021\/03\/csm_plakat_intermezzo_sentjakob_c002ed7962.jpg","datePublished":"2021-03-03T11:13:18+00:00","breadcrumb":{"@id":"https:\/\/roz.si\/news\/roz\/intermezzo\/#breadcrumb"},"inLanguage":"de","potentialAction":[{"@type":"ReadAction","target":["https:\/\/roz.si\/news\/roz\/intermezzo\/"]}]},{"@type":"ImageObject","inLanguage":"de","@id":"https:\/\/roz.si\/news\/roz\/intermezzo\/#primaryimage","url":"https:\/\/roz.si\/wp-content\/uploads\/2021\/03\/csm_plakat_intermezzo_sentjakob_c002ed7962.jpg","contentUrl":"https:\/\/roz.si\/wp-content\/uploads\/2021\/03\/csm_plakat_intermezzo_sentjakob_c002ed7962.jpg","width":425,"height":600},{"@type":"BreadcrumbList","@id":"https:\/\/roz.si\/news\/roz\/intermezzo\/#breadcrumb","itemListElement":[{"@type":"ListItem","position":1,"name":"Home","item":"https:\/\/roz.si\/de\/"},{"@type":"ListItem","position":2,"name":"Intermezzo"}]},{"@type":"WebSite","@id":"https:\/\/roz.si\/#website","url":"https:\/\/roz.si\/","name":"RO\u017d - Slovensko prosvetno dru\u0161tvo","description":"Slovensko prosvetno dru\u0161tvo Ro\u017e","publisher":{"@id":"https:\/\/roz.si\/#organization"},"potentialAction":[{"@type":"SearchAction","target":{"@type":"EntryPoint","urlTemplate":"https:\/\/roz.si\/?s={search_term_string}"},"query-input":{"@type":"PropertyValueSpecification","valueRequired":true,"valueName":"search_term_string"}}],"inLanguage":"de"},{"@type":"Organization","@id":"https:\/\/roz.si\/#organization","name":"RO\u017d - Slovensko prosvetno dru\u0161tvo","url":"https:\/\/roz.si\/","logo":{"@type":"ImageObject","inLanguage":"de","@id":"https:\/\/roz.si\/#\/schema\/logo\/image\/","url":"https:\/\/roz.si\/wp-content\/uploads\/2022\/11\/ROZ_logo.ico","contentUrl":"https:\/\/roz.si\/wp-content\/uploads\/2022\/11\/ROZ_logo.ico","width":199,"height":120,"caption":"RO\u017d - Slovensko prosvetno dru\u0161tvo"},"image":{"@id":"https:\/\/roz.si\/#\/schema\/logo\/image\/"}},{"@type":"Person","@id":"https:\/\/roz.si\/#\/schema\/person\/c17674bb115dc13e5ac70b99a5fe7d4e","name":"polonajencic@gmail.com","image":{"@type":"ImageObject","inLanguage":"de","@id":"https:\/\/roz.si\/#\/schema\/person\/image\/","url":"https:\/\/secure.gravatar.com\/avatar\/7bdbe1292afd0a9772e0f495079f8ef952b2320efdaed099df74beba51b524fc?s=96&d=mm&r=g","contentUrl":"https:\/\/secure.gravatar.com\/avatar\/7bdbe1292afd0a9772e0f495079f8ef952b2320efdaed099df74beba51b524fc?s=96&d=mm&r=g","caption":"polonajencic@gmail.com"},"sameAs":["http:\/\/roz.si"],"url":"https:\/\/roz.si\/de\/author\/polonajencicgmail-com\/"}]}},"_links":{"self":[{"href":"https:\/\/roz.si\/de\/wp-json\/wp\/v2\/posts\/5614","targetHints":{"allow":["GET"]}}],"collection":[{"href":"https:\/\/roz.si\/de\/wp-json\/wp\/v2\/posts"}],"about":[{"href":"https:\/\/roz.si\/de\/wp-json\/wp\/v2\/types\/post"}],"author":[{"embeddable":true,"href":"https:\/\/roz.si\/de\/wp-json\/wp\/v2\/users\/1"}],"replies":[{"embeddable":true,"href":"https:\/\/roz.si\/de\/wp-json\/wp\/v2\/comments?post=5614"}],"version-history":[{"count":1,"href":"https:\/\/roz.si\/de\/wp-json\/wp\/v2\/posts\/5614\/revisions"}],"predecessor-version":[{"id":5619,"href":"https:\/\/roz.si\/de\/wp-json\/wp\/v2\/posts\/5614\/revisions\/5619"}],"wp:featuredmedia":[{"embeddable":true,"href":"https:\/\/roz.si\/de\/wp-json\/wp\/v2\/media\/5615"}],"wp:attachment":[{"href":"https:\/\/roz.si\/de\/wp-json\/wp\/v2\/media?parent=5614"}],"wp:term":[{"taxonomy":"category","embeddable":true,"href":"https:\/\/roz.si\/de\/wp-json\/wp\/v2\/categories?post=5614"},{"taxonomy":"post_tag","embeddable":true,"href":"https:\/\/roz.si\/de\/wp-json\/wp\/v2\/tags?post=5614"}],"curies":[{"name":"wp","href":"https:\/\/api.w.org\/{rel}","templated":true}]}}