{"id":5744,"date":"2021-03-04T18:26:25","date_gmt":"2021-03-04T18:26:25","guid":{"rendered":"http:\/\/roz.si\/?p=5744"},"modified":"2021-03-04T18:26:25","modified_gmt":"2021-03-04T18:26:25","slug":"izrazni-svet-afriske-kulture-die-ausdruckswelt-afrikas","status":"publish","type":"post","link":"https:\/\/roz.si\/de\/news\/roz\/izrazni-svet-afriske-kulture-die-ausdruckswelt-afrikas\/","title":{"rendered":"IZRAZNI SVET AFRI\u0160KE KULTURE \/ DIE AUSDRUCKSWELT AFRIKAS"},"content":{"rendered":"<p>[vc_row][vc_column][vc_column_text]<b>PLES GLASBA DOGODKI<br \/>\nTANZ UND GESANG<\/b><\/p>\n<p>Pevski zbor \/ Chor<br \/>\n<b>SANKOFA<\/b><\/p>\n<p>Plesno glasbeni nastop \/ Tanztheater<br \/>\n<b>STOPINJE<\/b><\/p>\n<p>Petek \/ Freitag<br \/>\n<b>27. 6. 14 \u2022 20.30<\/b><br \/>\nFarov\u017e \/ Pfarrhof<br \/>\nSt. Jakob\/\u0160entjakob<\/p>\n<p><b>Prijave na delavnice \/ Workshop Anmeldungen:<\/b><br \/>\ntel: 0680-133 2112<br \/>\ninfo@roz.si<\/p>\n<p><b>OBISK V AFRI\u0160KI VASI \u2013 plesno glasbena predstava za otroke<\/b>\u00a0 Popotnika se na domi\u0161ljijskem potovanju znajdeta v afri\u0161ki vasi, kjer sre\u010data va\u0161\u010danke, ki jima preko plesa in glasbe prika\u017eejo svoja vsakodnevna opravila. Va\u0161\u010danke ju skupaj z afri\u0161kim bobnarjem popeljejo v svet afri\u0161ke glasbe in njenih ritmov. Zaradi nepoznavanja njihovega jezika se popotnika z njimi sporazumevata s pomo\u010djo glasbe, plesa in gest. Tako spoznata utrip afri\u0161ke vasi.<br \/>\n<b><i>BESUCH IN EINEM AFRIKANISCHEN DORF \u2013 ein Tanztheater f\u00fcr Kinder<\/i><\/b><i>\u00a0 Zwei Touristen kommen auf einer imagin\u00e4ren Reise in ein afrikanisches Dorf, wo sie auf Frauen treffen, die ihnen singend und tanzend den Alltag in ihrem Dorf darstellen. Die Frauen f\u00fchren sie mit Hilfe von Trommlern in die Welt der afrikanischen Musik und ihrer Rhythmen. Da die Touristen die Sprache nicht beherrschen, kommunizieren sie mit den Einheimischen mit Hilfe von Musik, Tanz und Gesten. So erleben sie den Pulsschlag eines afrikanischen Dorfes.<\/i><\/p>\n<p><b>DELAVNICE<\/b>\u00a0 Udele\u017eenci bodo spoznavali elemente tradicionalnih plesov zahodne Afrike, urbane in sodobne plese, njihovo zgodovinsko ozadje in njihov pomen. Afri\u0161ki plesi so organski, zemeljski, omogo\u010dajo telesno sprostitev in zavedanje telesa. Primerni so za plesalce obeh spolov kot tudi za tiste brez plesnih izku\u0161enj. Pri plesu nas spremljajo bobnarji.<br \/>\n<b><i>WORKSHOPS<\/i><\/b><i>\u00a0 Die Teilnehmer werden Elemente des traditionellen westafrikanischen, des urbanen und modernen Tanzes kennenlernen.<\/i><\/p>\n<p><b>IZRAZNI SVET AFRI\u0160KE KULTURE<\/b>\u00a0 Pevski zbor SANKOFA vodi Dalanda Diallo \u2013 neodvisna plesalka in soustanoviteljica kulturno umetni\u0161kega dru\u0161tva Baobab. Zdru\u017euje Afri\u010dane, njihove potomce in prijatelje. Repertoar Sankofa obsega tradiconalne in sodobne afri\u0161ke pesmi, kot tudi avtorske pesmi \u010dlanov. Plesno glasbeni nastop STOPINJE je prikaz zanimivih tradicionalnih afri\u0161kih plesnih in pevskih vlo\u017ekov ob glasbeni spremljavi. Vklju\u010duje izku\u0161ene glasbenike, plesalce in pevko, ki bodo obiskovalcem prek energi\u010dnih plesnih miniatur prikazali so\u017eitje tradicionalne zahodnoafri\u0161ke in sodobne evropske kulture.<br \/>\n<b><i>DIE AUSDRUCKSWELT AFRIKAS<\/i><\/b><i>\u00a0 Die Leiterin des Chores SANKOFA ist Dalanda Diallo \u2013 T\u00e4nzerin und Mitbegr\u00fcnderin des Kulturvereines Baobab. Dessen Mitglieder sind Afrikaner, deren Nachkommen und Freunde. Gesungen werden traditionelle und zeitgen\u00f6ssische afrikanische Lieder, aber auch Lieder einiger Mitglieder. Die Mitglieder der Tanzgruppe STOPINJE sind Musiker, T\u00e4nzer und eine S\u00e4ngerin. Sie zeigen in energievollen Tanzminiaturen das Zusammenspiel traditioneller westafrikanischer mit zeitgen\u00f6ssischer europ\u00e4ischer Kultur.<\/i><\/p>\n<p><b>10.30\u00a0 Obisk v afri\u0161ki vasi \/ Besuch in einem afrikanischen Dorf<br \/>\n<\/b>\u00a0\u00a0\u00a0 \u00a0 \u00a0 \u00a0 \u00a0 \u00a0Predstava za otroke \/ Tanztheater f\u00fcr Kinder<b><br \/>\n14.30\u00a0 Delavnice \/ Workshops\u00a0<\/b><br \/>\nAfri\u0161ki ples in petje \/ Afrikanischer Tanz und Gesang<b><br \/>\n20.30\u00a0 Izrazni svet afri\u0161ke kulture \/ Die Ausdruckswelt Afrikas<br \/>\n<\/b>\u00a0\u00a0 \u00a0 \u00a0 \u00a0 \u00a0 \u00a0 Pevski zbor \/ Chor\u00a0<b>SANKOFA<\/b>\u00a0\u00a0 Plesno glasbeni nastop \/ Tanztheater\u00a0<b>STOPINJE<\/b>[\/vc_column_text][\/vc_column][\/vc_row]<\/p>\n","protected":false},"excerpt":{"rendered":"<p>[vc_row][vc_column][vc_column_text]PLES GLASBA DOGODKI TANZ UND GESANG Pevski zbor \/ Chor SANKOFA Plesno glasbeni nastop \/ Tanztheater STOPINJE Petek \/ Freitag 27. 6. 14 \u2022 20.30 Farov\u017e \/ Pfarrhof St. Jakob\/\u0160entjakob Prijave na delavnice \/ Workshop Anmeldungen: tel: 0680-133 2112 info@roz.si OBISK V AFRI\u0160KI VASI \u2013 plesno glasbena predstava za otroke\u00a0 Popotnika se na domi\u0161ljijskem potovanju znajdeta v afri\u0161ki [&hellip;]<\/p>\n","protected":false},"author":1,"featured_media":5745,"comment_status":"open","ping_status":"open","sticky":false,"template":"","format":"standard","meta":{"_acf_changed":false,"footnotes":""},"categories":[56],"tags":[62,65],"class_list":["post-5744","post","type-post","status-publish","format-standard","has-post-thumbnail","hentry","category-roz","tag-koncert","tag-teater"],"acf":[],"yoast_head":"<!-- This site is optimized with the Yoast SEO plugin v24.8.1 - https:\/\/yoast.com\/wordpress\/plugins\/seo\/ -->\n<title>IZRAZNI SVET AFRI\u0160KE KULTURE \/ DIE AUSDRUCKSWELT AFRIKAS - RO\u017d - Slovensko prosvetno dru\u0161tvo<\/title>\n<meta name=\"robots\" content=\"index, follow, max-snippet:-1, max-image-preview:large, max-video-preview:-1\" \/>\n<link rel=\"canonical\" href=\"https:\/\/roz.si\/news\/roz\/izrazni-svet-afriske-kulture-die-ausdruckswelt-afrikas\/\" \/>\n<meta property=\"og:locale\" content=\"de_DE\" \/>\n<meta property=\"og:type\" content=\"article\" \/>\n<meta property=\"og:title\" content=\"IZRAZNI SVET AFRI\u0160KE KULTURE \/ DIE AUSDRUCKSWELT AFRIKAS - RO\u017d - Slovensko prosvetno dru\u0161tvo\" \/>\n<meta property=\"og:description\" content=\"[vc_row][vc_column][vc_column_text]PLES GLASBA DOGODKI TANZ UND GESANG Pevski zbor \/ Chor SANKOFA Plesno glasbeni nastop \/ Tanztheater STOPINJE Petek \/ Freitag 27. 6. 14 \u2022 20.30 Farov\u017e \/ Pfarrhof St. Jakob\/\u0160entjakob Prijave na delavnice \/ Workshop Anmeldungen: tel: 0680-133 2112 info@roz.si OBISK V AFRI\u0160KI VASI \u2013 plesno glasbena predstava za otroke\u00a0 Popotnika se na domi\u0161ljijskem potovanju znajdeta v afri\u0161ki [&hellip;]\" \/>\n<meta property=\"og:url\" content=\"https:\/\/roz.si\/news\/roz\/izrazni-svet-afriske-kulture-die-ausdruckswelt-afrikas\/\" \/>\n<meta property=\"og:site_name\" content=\"RO\u017d - Slovensko prosvetno dru\u0161tvo\" \/>\n<meta property=\"article:published_time\" content=\"2021-03-04T18:26:25+00:00\" \/>\n<meta property=\"og:image\" content=\"https:\/\/roz.si\/wp-content\/uploads\/2021\/03\/csm_Vabilo_Afrika_A6_Seite_1_1000_708_16defdfa30.jpg\" \/>\n\t<meta property=\"og:image:width\" content=\"800\" \/>\n\t<meta property=\"og:image:height\" content=\"566\" \/>\n\t<meta property=\"og:image:type\" content=\"image\/jpeg\" \/>\n<meta name=\"author\" content=\"polonajencic@gmail.com\" \/>\n<meta name=\"twitter:card\" content=\"summary_large_image\" \/>\n<meta name=\"twitter:label1\" content=\"Verfasst von\" \/>\n\t<meta name=\"twitter:data1\" content=\"polonajencic@gmail.com\" \/>\n\t<meta name=\"twitter:label2\" content=\"Gesch\u00e4tzte Lesezeit\" \/>\n\t<meta name=\"twitter:data2\" content=\"2\u00a0Minuten\" \/>\n<script type=\"application\/ld+json\" class=\"yoast-schema-graph\">{\"@context\":\"https:\/\/schema.org\",\"@graph\":[{\"@type\":\"Article\",\"@id\":\"https:\/\/roz.si\/news\/roz\/izrazni-svet-afriske-kulture-die-ausdruckswelt-afrikas\/#article\",\"isPartOf\":{\"@id\":\"https:\/\/roz.si\/news\/roz\/izrazni-svet-afriske-kulture-die-ausdruckswelt-afrikas\/\"},\"author\":{\"name\":\"polonajencic@gmail.com\",\"@id\":\"https:\/\/roz.si\/#\/schema\/person\/c17674bb115dc13e5ac70b99a5fe7d4e\"},\"headline\":\"IZRAZNI SVET AFRI\u0160KE KULTURE \/ DIE AUSDRUCKSWELT AFRIKAS\",\"datePublished\":\"2021-03-04T18:26:25+00:00\",\"mainEntityOfPage\":{\"@id\":\"https:\/\/roz.si\/news\/roz\/izrazni-svet-afriske-kulture-die-ausdruckswelt-afrikas\/\"},\"wordCount\":479,\"commentCount\":0,\"publisher\":{\"@id\":\"https:\/\/roz.si\/#organization\"},\"image\":{\"@id\":\"https:\/\/roz.si\/news\/roz\/izrazni-svet-afriske-kulture-die-ausdruckswelt-afrikas\/#primaryimage\"},\"thumbnailUrl\":\"https:\/\/roz.si\/wp-content\/uploads\/2021\/03\/csm_Vabilo_Afrika_A6_Seite_1_1000_708_16defdfa30.jpg\",\"keywords\":[\"Koncert\",\"Teater\"],\"articleSection\":[\"ro\u017e\"],\"inLanguage\":\"de\",\"potentialAction\":[{\"@type\":\"CommentAction\",\"name\":\"Comment\",\"target\":[\"https:\/\/roz.si\/news\/roz\/izrazni-svet-afriske-kulture-die-ausdruckswelt-afrikas\/#respond\"]}]},{\"@type\":\"WebPage\",\"@id\":\"https:\/\/roz.si\/news\/roz\/izrazni-svet-afriske-kulture-die-ausdruckswelt-afrikas\/\",\"url\":\"https:\/\/roz.si\/news\/roz\/izrazni-svet-afriske-kulture-die-ausdruckswelt-afrikas\/\",\"name\":\"IZRAZNI SVET AFRI\u0160KE KULTURE \/ DIE AUSDRUCKSWELT AFRIKAS - RO\u017d - Slovensko prosvetno dru\u0161tvo\",\"isPartOf\":{\"@id\":\"https:\/\/roz.si\/#website\"},\"primaryImageOfPage\":{\"@id\":\"https:\/\/roz.si\/news\/roz\/izrazni-svet-afriske-kulture-die-ausdruckswelt-afrikas\/#primaryimage\"},\"image\":{\"@id\":\"https:\/\/roz.si\/news\/roz\/izrazni-svet-afriske-kulture-die-ausdruckswelt-afrikas\/#primaryimage\"},\"thumbnailUrl\":\"https:\/\/roz.si\/wp-content\/uploads\/2021\/03\/csm_Vabilo_Afrika_A6_Seite_1_1000_708_16defdfa30.jpg\",\"datePublished\":\"2021-03-04T18:26:25+00:00\",\"breadcrumb\":{\"@id\":\"https:\/\/roz.si\/news\/roz\/izrazni-svet-afriske-kulture-die-ausdruckswelt-afrikas\/#breadcrumb\"},\"inLanguage\":\"de\",\"potentialAction\":[{\"@type\":\"ReadAction\",\"target\":[\"https:\/\/roz.si\/news\/roz\/izrazni-svet-afriske-kulture-die-ausdruckswelt-afrikas\/\"]}]},{\"@type\":\"ImageObject\",\"inLanguage\":\"de\",\"@id\":\"https:\/\/roz.si\/news\/roz\/izrazni-svet-afriske-kulture-die-ausdruckswelt-afrikas\/#primaryimage\",\"url\":\"https:\/\/roz.si\/wp-content\/uploads\/2021\/03\/csm_Vabilo_Afrika_A6_Seite_1_1000_708_16defdfa30.jpg\",\"contentUrl\":\"https:\/\/roz.si\/wp-content\/uploads\/2021\/03\/csm_Vabilo_Afrika_A6_Seite_1_1000_708_16defdfa30.jpg\",\"width\":800,\"height\":566},{\"@type\":\"BreadcrumbList\",\"@id\":\"https:\/\/roz.si\/news\/roz\/izrazni-svet-afriske-kulture-die-ausdruckswelt-afrikas\/#breadcrumb\",\"itemListElement\":[{\"@type\":\"ListItem\",\"position\":1,\"name\":\"Home\",\"item\":\"https:\/\/roz.si\/de\/\"},{\"@type\":\"ListItem\",\"position\":2,\"name\":\"IZRAZNI SVET AFRI\u0160KE KULTURE \/ DIE AUSDRUCKSWELT AFRIKAS\"}]},{\"@type\":\"WebSite\",\"@id\":\"https:\/\/roz.si\/#website\",\"url\":\"https:\/\/roz.si\/\",\"name\":\"RO\u017d - Slovensko prosvetno dru\u0161tvo\",\"description\":\"Slovensko prosvetno dru\u0161tvo Ro\u017e\",\"publisher\":{\"@id\":\"https:\/\/roz.si\/#organization\"},\"potentialAction\":[{\"@type\":\"SearchAction\",\"target\":{\"@type\":\"EntryPoint\",\"urlTemplate\":\"https:\/\/roz.si\/?s={search_term_string}\"},\"query-input\":{\"@type\":\"PropertyValueSpecification\",\"valueRequired\":true,\"valueName\":\"search_term_string\"}}],\"inLanguage\":\"de\"},{\"@type\":\"Organization\",\"@id\":\"https:\/\/roz.si\/#organization\",\"name\":\"RO\u017d - Slovensko prosvetno dru\u0161tvo\",\"url\":\"https:\/\/roz.si\/\",\"logo\":{\"@type\":\"ImageObject\",\"inLanguage\":\"de\",\"@id\":\"https:\/\/roz.si\/#\/schema\/logo\/image\/\",\"url\":\"https:\/\/roz.si\/wp-content\/uploads\/2022\/11\/ROZ_logo.ico\",\"contentUrl\":\"https:\/\/roz.si\/wp-content\/uploads\/2022\/11\/ROZ_logo.ico\",\"width\":199,\"height\":120,\"caption\":\"RO\u017d - Slovensko prosvetno dru\u0161tvo\"},\"image\":{\"@id\":\"https:\/\/roz.si\/#\/schema\/logo\/image\/\"}},{\"@type\":\"Person\",\"@id\":\"https:\/\/roz.si\/#\/schema\/person\/c17674bb115dc13e5ac70b99a5fe7d4e\",\"name\":\"polonajencic@gmail.com\",\"image\":{\"@type\":\"ImageObject\",\"inLanguage\":\"de\",\"@id\":\"https:\/\/roz.si\/#\/schema\/person\/image\/\",\"url\":\"https:\/\/secure.gravatar.com\/avatar\/7bdbe1292afd0a9772e0f495079f8ef952b2320efdaed099df74beba51b524fc?s=96&d=mm&r=g\",\"contentUrl\":\"https:\/\/secure.gravatar.com\/avatar\/7bdbe1292afd0a9772e0f495079f8ef952b2320efdaed099df74beba51b524fc?s=96&d=mm&r=g\",\"caption\":\"polonajencic@gmail.com\"},\"sameAs\":[\"http:\/\/roz.si\"],\"url\":\"https:\/\/roz.si\/de\/author\/polonajencicgmail-com\/\"}]}<\/script>\n<!-- \/ Yoast SEO plugin. -->","yoast_head_json":{"title":"IZRAZNI SVET AFRI\u0160KE KULTURE \/ DIE AUSDRUCKSWELT AFRIKAS - RO\u017d - Slovensko prosvetno dru\u0161tvo","robots":{"index":"index","follow":"follow","max-snippet":"max-snippet:-1","max-image-preview":"max-image-preview:large","max-video-preview":"max-video-preview:-1"},"canonical":"https:\/\/roz.si\/news\/roz\/izrazni-svet-afriske-kulture-die-ausdruckswelt-afrikas\/","og_locale":"de_DE","og_type":"article","og_title":"IZRAZNI SVET AFRI\u0160KE KULTURE \/ DIE AUSDRUCKSWELT AFRIKAS - RO\u017d - Slovensko prosvetno dru\u0161tvo","og_description":"[vc_row][vc_column][vc_column_text]PLES GLASBA DOGODKI TANZ UND GESANG Pevski zbor \/ Chor SANKOFA Plesno glasbeni nastop \/ Tanztheater STOPINJE Petek \/ Freitag 27. 6. 14 \u2022 20.30 Farov\u017e \/ Pfarrhof St. Jakob\/\u0160entjakob Prijave na delavnice \/ Workshop Anmeldungen: tel: 0680-133 2112 info@roz.si OBISK V AFRI\u0160KI VASI \u2013 plesno glasbena predstava za otroke\u00a0 Popotnika se na domi\u0161ljijskem potovanju znajdeta v afri\u0161ki [&hellip;]","og_url":"https:\/\/roz.si\/news\/roz\/izrazni-svet-afriske-kulture-die-ausdruckswelt-afrikas\/","og_site_name":"RO\u017d - Slovensko prosvetno dru\u0161tvo","article_published_time":"2021-03-04T18:26:25+00:00","og_image":[{"width":800,"height":566,"url":"https:\/\/roz.si\/wp-content\/uploads\/2021\/03\/csm_Vabilo_Afrika_A6_Seite_1_1000_708_16defdfa30.jpg","type":"image\/jpeg"}],"author":"polonajencic@gmail.com","twitter_card":"summary_large_image","twitter_misc":{"Verfasst von":"polonajencic@gmail.com","Gesch\u00e4tzte Lesezeit":"2\u00a0Minuten"},"schema":{"@context":"https:\/\/schema.org","@graph":[{"@type":"Article","@id":"https:\/\/roz.si\/news\/roz\/izrazni-svet-afriske-kulture-die-ausdruckswelt-afrikas\/#article","isPartOf":{"@id":"https:\/\/roz.si\/news\/roz\/izrazni-svet-afriske-kulture-die-ausdruckswelt-afrikas\/"},"author":{"name":"polonajencic@gmail.com","@id":"https:\/\/roz.si\/#\/schema\/person\/c17674bb115dc13e5ac70b99a5fe7d4e"},"headline":"IZRAZNI SVET AFRI\u0160KE KULTURE \/ DIE AUSDRUCKSWELT AFRIKAS","datePublished":"2021-03-04T18:26:25+00:00","mainEntityOfPage":{"@id":"https:\/\/roz.si\/news\/roz\/izrazni-svet-afriske-kulture-die-ausdruckswelt-afrikas\/"},"wordCount":479,"commentCount":0,"publisher":{"@id":"https:\/\/roz.si\/#organization"},"image":{"@id":"https:\/\/roz.si\/news\/roz\/izrazni-svet-afriske-kulture-die-ausdruckswelt-afrikas\/#primaryimage"},"thumbnailUrl":"https:\/\/roz.si\/wp-content\/uploads\/2021\/03\/csm_Vabilo_Afrika_A6_Seite_1_1000_708_16defdfa30.jpg","keywords":["Koncert","Teater"],"articleSection":["ro\u017e"],"inLanguage":"de","potentialAction":[{"@type":"CommentAction","name":"Comment","target":["https:\/\/roz.si\/news\/roz\/izrazni-svet-afriske-kulture-die-ausdruckswelt-afrikas\/#respond"]}]},{"@type":"WebPage","@id":"https:\/\/roz.si\/news\/roz\/izrazni-svet-afriske-kulture-die-ausdruckswelt-afrikas\/","url":"https:\/\/roz.si\/news\/roz\/izrazni-svet-afriske-kulture-die-ausdruckswelt-afrikas\/","name":"IZRAZNI SVET AFRI\u0160KE KULTURE \/ DIE AUSDRUCKSWELT AFRIKAS - RO\u017d - Slovensko prosvetno dru\u0161tvo","isPartOf":{"@id":"https:\/\/roz.si\/#website"},"primaryImageOfPage":{"@id":"https:\/\/roz.si\/news\/roz\/izrazni-svet-afriske-kulture-die-ausdruckswelt-afrikas\/#primaryimage"},"image":{"@id":"https:\/\/roz.si\/news\/roz\/izrazni-svet-afriske-kulture-die-ausdruckswelt-afrikas\/#primaryimage"},"thumbnailUrl":"https:\/\/roz.si\/wp-content\/uploads\/2021\/03\/csm_Vabilo_Afrika_A6_Seite_1_1000_708_16defdfa30.jpg","datePublished":"2021-03-04T18:26:25+00:00","breadcrumb":{"@id":"https:\/\/roz.si\/news\/roz\/izrazni-svet-afriske-kulture-die-ausdruckswelt-afrikas\/#breadcrumb"},"inLanguage":"de","potentialAction":[{"@type":"ReadAction","target":["https:\/\/roz.si\/news\/roz\/izrazni-svet-afriske-kulture-die-ausdruckswelt-afrikas\/"]}]},{"@type":"ImageObject","inLanguage":"de","@id":"https:\/\/roz.si\/news\/roz\/izrazni-svet-afriske-kulture-die-ausdruckswelt-afrikas\/#primaryimage","url":"https:\/\/roz.si\/wp-content\/uploads\/2021\/03\/csm_Vabilo_Afrika_A6_Seite_1_1000_708_16defdfa30.jpg","contentUrl":"https:\/\/roz.si\/wp-content\/uploads\/2021\/03\/csm_Vabilo_Afrika_A6_Seite_1_1000_708_16defdfa30.jpg","width":800,"height":566},{"@type":"BreadcrumbList","@id":"https:\/\/roz.si\/news\/roz\/izrazni-svet-afriske-kulture-die-ausdruckswelt-afrikas\/#breadcrumb","itemListElement":[{"@type":"ListItem","position":1,"name":"Home","item":"https:\/\/roz.si\/de\/"},{"@type":"ListItem","position":2,"name":"IZRAZNI SVET AFRI\u0160KE KULTURE \/ DIE AUSDRUCKSWELT AFRIKAS"}]},{"@type":"WebSite","@id":"https:\/\/roz.si\/#website","url":"https:\/\/roz.si\/","name":"RO\u017d - Slovensko prosvetno dru\u0161tvo","description":"Slovensko prosvetno dru\u0161tvo Ro\u017e","publisher":{"@id":"https:\/\/roz.si\/#organization"},"potentialAction":[{"@type":"SearchAction","target":{"@type":"EntryPoint","urlTemplate":"https:\/\/roz.si\/?s={search_term_string}"},"query-input":{"@type":"PropertyValueSpecification","valueRequired":true,"valueName":"search_term_string"}}],"inLanguage":"de"},{"@type":"Organization","@id":"https:\/\/roz.si\/#organization","name":"RO\u017d - Slovensko prosvetno dru\u0161tvo","url":"https:\/\/roz.si\/","logo":{"@type":"ImageObject","inLanguage":"de","@id":"https:\/\/roz.si\/#\/schema\/logo\/image\/","url":"https:\/\/roz.si\/wp-content\/uploads\/2022\/11\/ROZ_logo.ico","contentUrl":"https:\/\/roz.si\/wp-content\/uploads\/2022\/11\/ROZ_logo.ico","width":199,"height":120,"caption":"RO\u017d - Slovensko prosvetno dru\u0161tvo"},"image":{"@id":"https:\/\/roz.si\/#\/schema\/logo\/image\/"}},{"@type":"Person","@id":"https:\/\/roz.si\/#\/schema\/person\/c17674bb115dc13e5ac70b99a5fe7d4e","name":"polonajencic@gmail.com","image":{"@type":"ImageObject","inLanguage":"de","@id":"https:\/\/roz.si\/#\/schema\/person\/image\/","url":"https:\/\/secure.gravatar.com\/avatar\/7bdbe1292afd0a9772e0f495079f8ef952b2320efdaed099df74beba51b524fc?s=96&d=mm&r=g","contentUrl":"https:\/\/secure.gravatar.com\/avatar\/7bdbe1292afd0a9772e0f495079f8ef952b2320efdaed099df74beba51b524fc?s=96&d=mm&r=g","caption":"polonajencic@gmail.com"},"sameAs":["http:\/\/roz.si"],"url":"https:\/\/roz.si\/de\/author\/polonajencicgmail-com\/"}]}},"_links":{"self":[{"href":"https:\/\/roz.si\/de\/wp-json\/wp\/v2\/posts\/5744","targetHints":{"allow":["GET"]}}],"collection":[{"href":"https:\/\/roz.si\/de\/wp-json\/wp\/v2\/posts"}],"about":[{"href":"https:\/\/roz.si\/de\/wp-json\/wp\/v2\/types\/post"}],"author":[{"embeddable":true,"href":"https:\/\/roz.si\/de\/wp-json\/wp\/v2\/users\/1"}],"replies":[{"embeddable":true,"href":"https:\/\/roz.si\/de\/wp-json\/wp\/v2\/comments?post=5744"}],"version-history":[{"count":1,"href":"https:\/\/roz.si\/de\/wp-json\/wp\/v2\/posts\/5744\/revisions"}],"predecessor-version":[{"id":5749,"href":"https:\/\/roz.si\/de\/wp-json\/wp\/v2\/posts\/5744\/revisions\/5749"}],"wp:featuredmedia":[{"embeddable":true,"href":"https:\/\/roz.si\/de\/wp-json\/wp\/v2\/media\/5745"}],"wp:attachment":[{"href":"https:\/\/roz.si\/de\/wp-json\/wp\/v2\/media?parent=5744"}],"wp:term":[{"taxonomy":"category","embeddable":true,"href":"https:\/\/roz.si\/de\/wp-json\/wp\/v2\/categories?post=5744"},{"taxonomy":"post_tag","embeddable":true,"href":"https:\/\/roz.si\/de\/wp-json\/wp\/v2\/tags?post=5744"}],"curies":[{"name":"wp","href":"https:\/\/api.w.org\/{rel}","templated":true}]}}