{"id":5876,"date":"2021-03-12T10:55:56","date_gmt":"2021-03-12T10:55:56","guid":{"rendered":"http:\/\/roz.si\/?p=5876"},"modified":"2021-03-12T10:55:56","modified_gmt":"2021-03-12T10:55:56","slug":"jez-der-damm","status":"publish","type":"post","link":"https:\/\/roz.si\/de\/news\/roz\/jez-der-damm\/","title":{"rendered":"JEZ &#8211; DER DAMM"},"content":{"rendered":"<p>[vc_row][vc_column][vc_column_text]ELENA MESSNER \u2022 DOMINIK SRIENC<br \/>\n<b>JEZ &#8211; DER DAMM<\/b><br \/>\n<i>Dvojezi\u010dna dramska intervencija<br \/>\nZweisprachige theatralische Intervention<\/i><\/p>\n<p>RE\u017dIJA: MARJAN \u0160TIKAR<\/p>\n<p><b>PE\/FR 2. 10.\u00a0\u2022 20h<br \/>\nSO\/SA 3. 10.\u00a0\u2022 20h<br \/>\n<\/b>Farov\u017e \u0160entjakob v Ro\u017eu<br \/>\nPfarrsaal St. Jakob i. R.<\/p>\n<p>Rezervacija kart \/ Kartenreservierungen:<br \/>\ntel. 0680\/133 2 112<\/p>\n<p class=\"align-center\">Elena Messner\u00a0\u2022 Dominik Srienc<br \/>\n<b>JEZ &#8211; DER DAMM<\/b><\/p>\n<p class=\"align-center\">Dvojezi\u010dna dramska intervencija o izpraznjenem<br \/>\nban\u010dnem ra\u010dunu na\u0161e svobode, o ve\u010dnem grajenju<br \/>\njeza in o slamnatem jeziku<br \/>\nZweisprachige theatralische Intervention zur Frage<br \/>\ndes leerger\u00e4umten Kontos unserer Freiheit, des<br \/>\newigen Dammbaus und einer Sprache aus Stroh<\/p>\n<p>\u00bbJez\u00ab se spu\u0161\u010da v negotov trenutek antifa\u0161isti\u010dnega boja, ki traja vse do danes. Svoboda od vsega za\u010detka ni cela, je zaje\u017eena in ogro\u017eena. Jez ni dovolj trden, da bi vzdr\u017eal te\u017eo in pritisk okupatorja, nasilja, pregona, zatiranja in smrti. Ko se zru\u0161i, pride na dan nemo\u010d upora. Iz naplavljenega blata vstaja skorumpirana politika, ki nadaljuje s politiko zatiranja in vlada, ki gradi na sporih in stra\u0161ilih. \u00bbJez\u00ab naj zbudi razmislek o vpra\u0161anju po dana\u0161nji svobodi. Edino kar ostane je s slamo nakopi\u010den jezik.<\/p>\n<p>\u00bbDer Damm\u00ab taucht in eine unsichere Zeit des antifaschistischen Befreiungskampfes ab, der bis heute stattfindet. Die Freiheit ist von vornherein ein bedrohtes, instabiles Konstrukt. Der Damm ist nicht stark genug, um dem Druck der Besatzungsmacht, der Gewalt, Vertreibung, Unterdr\u00fcckung und dem Tod zu widerstehen. Nachdem der Damm bricht, zeigt sich die Schw\u00e4che des Widerstandes. Aus dem Schlamm erhebt sich eine korrumpierte Politik, die wieder auf Unterdr\u00fcckung setzt und eine Regierung, die auf Streit und Angst aufbaut. \u00bbDer Damm\u00ab soll zum Nachdenken \u00fcber die Frage der Freiheit heute anregen. Was am Ende \u00fcbrigbleibt, ist die hoch aufget\u00fcrmte Strohsprache.<\/p>\n<p><i>\u00bbRe\u017eiser Marjan \u0160tikar je s skupino anga\u017eiranih akterjev raz\u0161iril pogled na razmi\u0161ljanja o svobodi. Pribli\u017eal jih je z zornega kota, ki zdale\u010d presega prostor in \u010das, ter tako postane dragocena vrednota, ki nam je sicer ob vsaki prilo\u017enosti na jeziku, ne da bi se zavedali, da si je treba za svobodo tudi danes vztrajno in zavestno prizadevati.\u00ab (ORF, Volksgruppen.at)<\/i><\/p>\n<p><i>\u00bbSo ein starkes Theater habe ich seit Handkes Publikumsbeschimpfung nicht mehr gesehen. Eine Wucht. Es wird alle vom Hocker hauen.\u00ab (Michael Steppan, Kulturmanager und Kulturjournalist, Wien)<\/i><\/p>\n<p><i>\u00bb&#8230; \u00bbdramska intervencija\u00ab \u0161tudentskih gledali\u0161kih igralcev, ki so na oder pri\u010darali eksplozivno predstavo \u2013 ekonomska okupacija in grajenje metafori\u010dnih jezov na obrisih stare celine so strahovi novih generacij.\u00ab (Novice)<\/i><\/p>\n<p><i>\u00bbJenseits des klassischen Theaters angesiedelt ist \u00bbJez \u2013 Der Damm\u00ab eine vielschichtige, dramatische Intervention, die ein Nachdenken \u00fcber die Frage der Freiheit heute anregt.\u00ab (Wiener Zeitung)<\/i><\/p>\n<p><i>\u00bbNa odru se dogaja ve\u010d prizorov hkrati, gledalec mora izbirati, slovenska in nem\u0161ka beseda se prepletajo, mo\u010dne so navidez postranske scene, ki jim daje mo\u010dno izpoved dramsko besedilo, ki je deloma \u010dista poezija.\u00ab (Nedelja)<\/i><\/p>\n<p><b><br \/>\nIgrajo\/Es spielen:<\/b>\u00a0Marta Berchtold \u2219 Eva Hartmann \u2219 Jana Hedenik \u2219 Simon Inzko \u2219 Daniel<br \/>\nKaiser \u2219 Luca Mak \u2219 Alja\u017e Pestotnik \u2219 Anna Polzer \u2219 Katarina Schellander \u2219 Miriam Smolnik \u2219<br \/>\nSimon Srienc \u2219 Jana Trap \u2219 Dominik Urak \u2219 Julija Urban \u2013 \u010dlani Klubov slovenskih \u0161tudentk<br \/>\nin \u0161tudentov Dunaj\/Gradec\/Koro\u0161ka \/ Slowenische StudentInnen Wien\/Graz\/K\u00e4rnten<\/p>\n<p class=\"align-center\">Re\u017eija\/Regie: Marjan \u0160tikar<br \/>\nAsistentka re\u017eije in produkcije\/Regie- und Produktionsassistenz: Alina Zeichen<br \/>\nScenografija\/B\u00fchnenbild: Majda Krivograd<br \/>\nVisuals: David Vi\u0161nji\u0107<br \/>\nTehnika\/Technik: Kristijan Rehsmann, Marko Sitter<br \/>\nIzdelava scenografije\/Herstellung des B\u00fchnenbildes: Gregor Reichmann<br \/>\nGrafi\u010dno oblikovanje \/ Grafische Gestaltung: Samira Fux, Slavko Sticker<\/p>\n<p class=\"align-center\"><b>Prireditelji \/ Veranstalter: \u0160ENTJAKOB \u2013 SPD Ro\u017e \u2219 SPZ \u2219 KKZ<\/b><br \/>\nRezervacija kart\/Kartenreservierungen: tel. 0680\/133 2 112<\/p>\n<p>[\/vc_column_text][\/vc_column][\/vc_row]<\/p>\n","protected":false},"excerpt":{"rendered":"<p>[vc_row][vc_column][vc_column_text]ELENA MESSNER \u2022 DOMINIK SRIENC JEZ &#8211; DER DAMM Dvojezi\u010dna dramska intervencija Zweisprachige theatralische Intervention RE\u017dIJA: MARJAN \u0160TIKAR PE\/FR 2. 10.\u00a0\u2022 20h SO\/SA 3. 10.\u00a0\u2022 20h Farov\u017e \u0160entjakob v Ro\u017eu Pfarrsaal St. Jakob i. R. Rezervacija kart \/ Kartenreservierungen: tel. 0680\/133 2 112 Elena Messner\u00a0\u2022 Dominik Srienc JEZ &#8211; DER DAMM Dvojezi\u010dna dramska intervencija o izpraznjenem ban\u010dnem ra\u010dunu [&hellip;]<\/p>\n","protected":false},"author":1,"featured_media":5877,"comment_status":"open","ping_status":"open","sticky":false,"template":"","format":"standard","meta":{"_acf_changed":false,"footnotes":""},"categories":[56],"tags":[65],"class_list":["post-5876","post","type-post","status-publish","format-standard","has-post-thumbnail","hentry","category-roz","tag-teater"],"acf":[],"yoast_head":"<!-- This site is optimized with the Yoast SEO plugin v24.8.1 - https:\/\/yoast.com\/wordpress\/plugins\/seo\/ -->\n<title>JEZ - DER DAMM - RO\u017d - Slovensko prosvetno dru\u0161tvo<\/title>\n<meta name=\"robots\" content=\"index, follow, max-snippet:-1, max-image-preview:large, max-video-preview:-1\" \/>\n<link rel=\"canonical\" href=\"https:\/\/roz.si\/news\/roz\/jez-der-damm\/\" \/>\n<meta property=\"og:locale\" content=\"de_DE\" \/>\n<meta property=\"og:type\" content=\"article\" \/>\n<meta property=\"og:title\" content=\"JEZ - DER DAMM - RO\u017d - Slovensko prosvetno dru\u0161tvo\" \/>\n<meta property=\"og:description\" content=\"[vc_row][vc_column][vc_column_text]ELENA MESSNER \u2022 DOMINIK SRIENC JEZ &#8211; DER DAMM Dvojezi\u010dna dramska intervencija Zweisprachige theatralische Intervention RE\u017dIJA: MARJAN \u0160TIKAR PE\/FR 2. 10.\u00a0\u2022 20h SO\/SA 3. 10.\u00a0\u2022 20h Farov\u017e \u0160entjakob v Ro\u017eu Pfarrsaal St. Jakob i. R. Rezervacija kart \/ Kartenreservierungen: tel. 0680\/133 2 112 Elena Messner\u00a0\u2022 Dominik Srienc JEZ &#8211; DER DAMM Dvojezi\u010dna dramska intervencija o izpraznjenem ban\u010dnem ra\u010dunu [&hellip;]\" \/>\n<meta property=\"og:url\" content=\"https:\/\/roz.si\/news\/roz\/jez-der-damm\/\" \/>\n<meta property=\"og:site_name\" content=\"RO\u017d - Slovensko prosvetno dru\u0161tvo\" \/>\n<meta property=\"article:published_time\" content=\"2021-03-12T10:55:56+00:00\" \/>\n<meta property=\"og:image\" content=\"https:\/\/roz.si\/wp-content\/uploads\/2021\/03\/csm_JEZ_vabilo_sentjakob_334a928b45.jpg\" \/>\n\t<meta property=\"og:image:width\" content=\"423\" \/>\n\t<meta property=\"og:image:height\" content=\"600\" \/>\n\t<meta property=\"og:image:type\" content=\"image\/jpeg\" \/>\n<meta name=\"author\" content=\"polonajencic@gmail.com\" \/>\n<meta name=\"twitter:card\" content=\"summary_large_image\" \/>\n<meta name=\"twitter:label1\" content=\"Verfasst von\" \/>\n\t<meta name=\"twitter:data1\" content=\"polonajencic@gmail.com\" \/>\n\t<meta name=\"twitter:label2\" content=\"Gesch\u00e4tzte Lesezeit\" \/>\n\t<meta name=\"twitter:data2\" content=\"3\u00a0Minuten\" \/>\n<script type=\"application\/ld+json\" class=\"yoast-schema-graph\">{\"@context\":\"https:\/\/schema.org\",\"@graph\":[{\"@type\":\"Article\",\"@id\":\"https:\/\/roz.si\/news\/roz\/jez-der-damm\/#article\",\"isPartOf\":{\"@id\":\"https:\/\/roz.si\/news\/roz\/jez-der-damm\/\"},\"author\":{\"name\":\"polonajencic@gmail.com\",\"@id\":\"https:\/\/roz.si\/#\/schema\/person\/c17674bb115dc13e5ac70b99a5fe7d4e\"},\"headline\":\"JEZ &#8211; DER DAMM\",\"datePublished\":\"2021-03-12T10:55:56+00:00\",\"mainEntityOfPage\":{\"@id\":\"https:\/\/roz.si\/news\/roz\/jez-der-damm\/\"},\"wordCount\":592,\"commentCount\":0,\"publisher\":{\"@id\":\"https:\/\/roz.si\/#organization\"},\"image\":{\"@id\":\"https:\/\/roz.si\/news\/roz\/jez-der-damm\/#primaryimage\"},\"thumbnailUrl\":\"https:\/\/roz.si\/wp-content\/uploads\/2021\/03\/csm_JEZ_vabilo_sentjakob_334a928b45.jpg\",\"keywords\":[\"Teater\"],\"articleSection\":[\"ro\u017e\"],\"inLanguage\":\"de\",\"potentialAction\":[{\"@type\":\"CommentAction\",\"name\":\"Comment\",\"target\":[\"https:\/\/roz.si\/news\/roz\/jez-der-damm\/#respond\"]}]},{\"@type\":\"WebPage\",\"@id\":\"https:\/\/roz.si\/news\/roz\/jez-der-damm\/\",\"url\":\"https:\/\/roz.si\/news\/roz\/jez-der-damm\/\",\"name\":\"JEZ - DER DAMM - RO\u017d - Slovensko prosvetno dru\u0161tvo\",\"isPartOf\":{\"@id\":\"https:\/\/roz.si\/#website\"},\"primaryImageOfPage\":{\"@id\":\"https:\/\/roz.si\/news\/roz\/jez-der-damm\/#primaryimage\"},\"image\":{\"@id\":\"https:\/\/roz.si\/news\/roz\/jez-der-damm\/#primaryimage\"},\"thumbnailUrl\":\"https:\/\/roz.si\/wp-content\/uploads\/2021\/03\/csm_JEZ_vabilo_sentjakob_334a928b45.jpg\",\"datePublished\":\"2021-03-12T10:55:56+00:00\",\"breadcrumb\":{\"@id\":\"https:\/\/roz.si\/news\/roz\/jez-der-damm\/#breadcrumb\"},\"inLanguage\":\"de\",\"potentialAction\":[{\"@type\":\"ReadAction\",\"target\":[\"https:\/\/roz.si\/news\/roz\/jez-der-damm\/\"]}]},{\"@type\":\"ImageObject\",\"inLanguage\":\"de\",\"@id\":\"https:\/\/roz.si\/news\/roz\/jez-der-damm\/#primaryimage\",\"url\":\"https:\/\/roz.si\/wp-content\/uploads\/2021\/03\/csm_JEZ_vabilo_sentjakob_334a928b45.jpg\",\"contentUrl\":\"https:\/\/roz.si\/wp-content\/uploads\/2021\/03\/csm_JEZ_vabilo_sentjakob_334a928b45.jpg\",\"width\":423,\"height\":600},{\"@type\":\"BreadcrumbList\",\"@id\":\"https:\/\/roz.si\/news\/roz\/jez-der-damm\/#breadcrumb\",\"itemListElement\":[{\"@type\":\"ListItem\",\"position\":1,\"name\":\"Home\",\"item\":\"https:\/\/roz.si\/de\/\"},{\"@type\":\"ListItem\",\"position\":2,\"name\":\"JEZ &#8211; DER DAMM\"}]},{\"@type\":\"WebSite\",\"@id\":\"https:\/\/roz.si\/#website\",\"url\":\"https:\/\/roz.si\/\",\"name\":\"RO\u017d - Slovensko prosvetno dru\u0161tvo\",\"description\":\"Slovensko prosvetno dru\u0161tvo Ro\u017e\",\"publisher\":{\"@id\":\"https:\/\/roz.si\/#organization\"},\"potentialAction\":[{\"@type\":\"SearchAction\",\"target\":{\"@type\":\"EntryPoint\",\"urlTemplate\":\"https:\/\/roz.si\/?s={search_term_string}\"},\"query-input\":{\"@type\":\"PropertyValueSpecification\",\"valueRequired\":true,\"valueName\":\"search_term_string\"}}],\"inLanguage\":\"de\"},{\"@type\":\"Organization\",\"@id\":\"https:\/\/roz.si\/#organization\",\"name\":\"RO\u017d - Slovensko prosvetno dru\u0161tvo\",\"url\":\"https:\/\/roz.si\/\",\"logo\":{\"@type\":\"ImageObject\",\"inLanguage\":\"de\",\"@id\":\"https:\/\/roz.si\/#\/schema\/logo\/image\/\",\"url\":\"https:\/\/roz.si\/wp-content\/uploads\/2022\/11\/ROZ_logo.ico\",\"contentUrl\":\"https:\/\/roz.si\/wp-content\/uploads\/2022\/11\/ROZ_logo.ico\",\"width\":199,\"height\":120,\"caption\":\"RO\u017d - Slovensko prosvetno dru\u0161tvo\"},\"image\":{\"@id\":\"https:\/\/roz.si\/#\/schema\/logo\/image\/\"}},{\"@type\":\"Person\",\"@id\":\"https:\/\/roz.si\/#\/schema\/person\/c17674bb115dc13e5ac70b99a5fe7d4e\",\"name\":\"polonajencic@gmail.com\",\"image\":{\"@type\":\"ImageObject\",\"inLanguage\":\"de\",\"@id\":\"https:\/\/roz.si\/#\/schema\/person\/image\/\",\"url\":\"https:\/\/secure.gravatar.com\/avatar\/7bdbe1292afd0a9772e0f495079f8ef952b2320efdaed099df74beba51b524fc?s=96&d=mm&r=g\",\"contentUrl\":\"https:\/\/secure.gravatar.com\/avatar\/7bdbe1292afd0a9772e0f495079f8ef952b2320efdaed099df74beba51b524fc?s=96&d=mm&r=g\",\"caption\":\"polonajencic@gmail.com\"},\"sameAs\":[\"http:\/\/roz.si\"],\"url\":\"https:\/\/roz.si\/de\/author\/polonajencicgmail-com\/\"}]}<\/script>\n<!-- \/ Yoast SEO plugin. -->","yoast_head_json":{"title":"JEZ - DER DAMM - RO\u017d - Slovensko prosvetno dru\u0161tvo","robots":{"index":"index","follow":"follow","max-snippet":"max-snippet:-1","max-image-preview":"max-image-preview:large","max-video-preview":"max-video-preview:-1"},"canonical":"https:\/\/roz.si\/news\/roz\/jez-der-damm\/","og_locale":"de_DE","og_type":"article","og_title":"JEZ - DER DAMM - RO\u017d - Slovensko prosvetno dru\u0161tvo","og_description":"[vc_row][vc_column][vc_column_text]ELENA MESSNER \u2022 DOMINIK SRIENC JEZ &#8211; DER DAMM Dvojezi\u010dna dramska intervencija Zweisprachige theatralische Intervention RE\u017dIJA: MARJAN \u0160TIKAR PE\/FR 2. 10.\u00a0\u2022 20h SO\/SA 3. 10.\u00a0\u2022 20h Farov\u017e \u0160entjakob v Ro\u017eu Pfarrsaal St. Jakob i. R. Rezervacija kart \/ Kartenreservierungen: tel. 0680\/133 2 112 Elena Messner\u00a0\u2022 Dominik Srienc JEZ &#8211; DER DAMM Dvojezi\u010dna dramska intervencija o izpraznjenem ban\u010dnem ra\u010dunu [&hellip;]","og_url":"https:\/\/roz.si\/news\/roz\/jez-der-damm\/","og_site_name":"RO\u017d - Slovensko prosvetno dru\u0161tvo","article_published_time":"2021-03-12T10:55:56+00:00","og_image":[{"width":423,"height":600,"url":"https:\/\/roz.si\/wp-content\/uploads\/2021\/03\/csm_JEZ_vabilo_sentjakob_334a928b45.jpg","type":"image\/jpeg"}],"author":"polonajencic@gmail.com","twitter_card":"summary_large_image","twitter_misc":{"Verfasst von":"polonajencic@gmail.com","Gesch\u00e4tzte Lesezeit":"3\u00a0Minuten"},"schema":{"@context":"https:\/\/schema.org","@graph":[{"@type":"Article","@id":"https:\/\/roz.si\/news\/roz\/jez-der-damm\/#article","isPartOf":{"@id":"https:\/\/roz.si\/news\/roz\/jez-der-damm\/"},"author":{"name":"polonajencic@gmail.com","@id":"https:\/\/roz.si\/#\/schema\/person\/c17674bb115dc13e5ac70b99a5fe7d4e"},"headline":"JEZ &#8211; DER DAMM","datePublished":"2021-03-12T10:55:56+00:00","mainEntityOfPage":{"@id":"https:\/\/roz.si\/news\/roz\/jez-der-damm\/"},"wordCount":592,"commentCount":0,"publisher":{"@id":"https:\/\/roz.si\/#organization"},"image":{"@id":"https:\/\/roz.si\/news\/roz\/jez-der-damm\/#primaryimage"},"thumbnailUrl":"https:\/\/roz.si\/wp-content\/uploads\/2021\/03\/csm_JEZ_vabilo_sentjakob_334a928b45.jpg","keywords":["Teater"],"articleSection":["ro\u017e"],"inLanguage":"de","potentialAction":[{"@type":"CommentAction","name":"Comment","target":["https:\/\/roz.si\/news\/roz\/jez-der-damm\/#respond"]}]},{"@type":"WebPage","@id":"https:\/\/roz.si\/news\/roz\/jez-der-damm\/","url":"https:\/\/roz.si\/news\/roz\/jez-der-damm\/","name":"JEZ - DER DAMM - RO\u017d - Slovensko prosvetno dru\u0161tvo","isPartOf":{"@id":"https:\/\/roz.si\/#website"},"primaryImageOfPage":{"@id":"https:\/\/roz.si\/news\/roz\/jez-der-damm\/#primaryimage"},"image":{"@id":"https:\/\/roz.si\/news\/roz\/jez-der-damm\/#primaryimage"},"thumbnailUrl":"https:\/\/roz.si\/wp-content\/uploads\/2021\/03\/csm_JEZ_vabilo_sentjakob_334a928b45.jpg","datePublished":"2021-03-12T10:55:56+00:00","breadcrumb":{"@id":"https:\/\/roz.si\/news\/roz\/jez-der-damm\/#breadcrumb"},"inLanguage":"de","potentialAction":[{"@type":"ReadAction","target":["https:\/\/roz.si\/news\/roz\/jez-der-damm\/"]}]},{"@type":"ImageObject","inLanguage":"de","@id":"https:\/\/roz.si\/news\/roz\/jez-der-damm\/#primaryimage","url":"https:\/\/roz.si\/wp-content\/uploads\/2021\/03\/csm_JEZ_vabilo_sentjakob_334a928b45.jpg","contentUrl":"https:\/\/roz.si\/wp-content\/uploads\/2021\/03\/csm_JEZ_vabilo_sentjakob_334a928b45.jpg","width":423,"height":600},{"@type":"BreadcrumbList","@id":"https:\/\/roz.si\/news\/roz\/jez-der-damm\/#breadcrumb","itemListElement":[{"@type":"ListItem","position":1,"name":"Home","item":"https:\/\/roz.si\/de\/"},{"@type":"ListItem","position":2,"name":"JEZ &#8211; DER DAMM"}]},{"@type":"WebSite","@id":"https:\/\/roz.si\/#website","url":"https:\/\/roz.si\/","name":"RO\u017d - Slovensko prosvetno dru\u0161tvo","description":"Slovensko prosvetno dru\u0161tvo Ro\u017e","publisher":{"@id":"https:\/\/roz.si\/#organization"},"potentialAction":[{"@type":"SearchAction","target":{"@type":"EntryPoint","urlTemplate":"https:\/\/roz.si\/?s={search_term_string}"},"query-input":{"@type":"PropertyValueSpecification","valueRequired":true,"valueName":"search_term_string"}}],"inLanguage":"de"},{"@type":"Organization","@id":"https:\/\/roz.si\/#organization","name":"RO\u017d - Slovensko prosvetno dru\u0161tvo","url":"https:\/\/roz.si\/","logo":{"@type":"ImageObject","inLanguage":"de","@id":"https:\/\/roz.si\/#\/schema\/logo\/image\/","url":"https:\/\/roz.si\/wp-content\/uploads\/2022\/11\/ROZ_logo.ico","contentUrl":"https:\/\/roz.si\/wp-content\/uploads\/2022\/11\/ROZ_logo.ico","width":199,"height":120,"caption":"RO\u017d - Slovensko prosvetno dru\u0161tvo"},"image":{"@id":"https:\/\/roz.si\/#\/schema\/logo\/image\/"}},{"@type":"Person","@id":"https:\/\/roz.si\/#\/schema\/person\/c17674bb115dc13e5ac70b99a5fe7d4e","name":"polonajencic@gmail.com","image":{"@type":"ImageObject","inLanguage":"de","@id":"https:\/\/roz.si\/#\/schema\/person\/image\/","url":"https:\/\/secure.gravatar.com\/avatar\/7bdbe1292afd0a9772e0f495079f8ef952b2320efdaed099df74beba51b524fc?s=96&d=mm&r=g","contentUrl":"https:\/\/secure.gravatar.com\/avatar\/7bdbe1292afd0a9772e0f495079f8ef952b2320efdaed099df74beba51b524fc?s=96&d=mm&r=g","caption":"polonajencic@gmail.com"},"sameAs":["http:\/\/roz.si"],"url":"https:\/\/roz.si\/de\/author\/polonajencicgmail-com\/"}]}},"_links":{"self":[{"href":"https:\/\/roz.si\/de\/wp-json\/wp\/v2\/posts\/5876","targetHints":{"allow":["GET"]}}],"collection":[{"href":"https:\/\/roz.si\/de\/wp-json\/wp\/v2\/posts"}],"about":[{"href":"https:\/\/roz.si\/de\/wp-json\/wp\/v2\/types\/post"}],"author":[{"embeddable":true,"href":"https:\/\/roz.si\/de\/wp-json\/wp\/v2\/users\/1"}],"replies":[{"embeddable":true,"href":"https:\/\/roz.si\/de\/wp-json\/wp\/v2\/comments?post=5876"}],"version-history":[{"count":1,"href":"https:\/\/roz.si\/de\/wp-json\/wp\/v2\/posts\/5876\/revisions"}],"predecessor-version":[{"id":5881,"href":"https:\/\/roz.si\/de\/wp-json\/wp\/v2\/posts\/5876\/revisions\/5881"}],"wp:featuredmedia":[{"embeddable":true,"href":"https:\/\/roz.si\/de\/wp-json\/wp\/v2\/media\/5877"}],"wp:attachment":[{"href":"https:\/\/roz.si\/de\/wp-json\/wp\/v2\/media?parent=5876"}],"wp:term":[{"taxonomy":"category","embeddable":true,"href":"https:\/\/roz.si\/de\/wp-json\/wp\/v2\/categories?post=5876"},{"taxonomy":"post_tag","embeddable":true,"href":"https:\/\/roz.si\/de\/wp-json\/wp\/v2\/tags?post=5876"}],"curies":[{"name":"wp","href":"https:\/\/api.w.org\/{rel}","templated":true}]}}