{"id":5903,"date":"2021-03-12T11:08:02","date_gmt":"2021-03-12T11:08:02","guid":{"rendered":"http:\/\/roz.si\/?p=5903"},"modified":"2021-03-12T11:08:31","modified_gmt":"2021-03-12T11:08:31","slug":"anti-free-ze-literatur-gegen-den-frost-literatura-proti-mrazu-9","status":"publish","type":"post","link":"https:\/\/roz.si\/de\/news\/roz\/anti-free-ze-literatur-gegen-den-frost-literatura-proti-mrazu-9\/","title":{"rendered":"ANTI-FREE-ZE &#8211; Literatur gegen den Frost \/ Literatura proti mrazu"},"content":{"rendered":"<p>[vc_row][vc_column][vc_column_text]<b>SO|SA 14. 11. 2015\u00a0\u2022 19.30<\/b><\/p>\n<p><b>Maria Bartoloth &amp; Silvana Paletti<\/b><br \/>\n<i><b>\u00bbVeselje za srce mo? Meines Herzen Freude?\u00ab<\/b><\/i><\/p>\n<p><b>Maria Bartoloth,<\/b>\u00a0*1938 v Gorjah na Zilji. Dora\u0161\u010dala je v ziljskem nare\u010dju. Nem\u0161\u010dine se je nau\u010dila \u0161ele v \u0161oli. V svojih pesmih Bartoloth ohranja slovensko nare\u010dje in kulturo Ziljanov in tako pomaga, da ta duhovna kulturna dedi\u0161\u010dina ne utone v pozabi. Zato imajo njene pesmi poleg literarne vrednosti tudi velik kulturni in kulturnozgodovinski pomen.<br \/>\n<i><b>Maria Bartoloth,<\/b>\u00a0*1938 in G\u00f6riach\/Gorje im Gailtal. Sie wuchs mit dem slowenischen Gailtaler Dialekt auf. Die deutsche Sprache erlernte sie erst in der Schule. 1993 wurde sie f\u00fcr ihr dichterisches Schaffen von der Freien Akademie Feldkirchen mit dem MundArt Literaturpreis ausgezeichnet. Maria Bartoloth nahm mehrfach an Literaturtagungen und Lesungen teil.<\/i><br \/>\n1992 Pa Zila \u0161e v\u0259s\u010d\u0259s \u0161\u0259mi \u2013 Die Gail rauscht noch \u00e5llweil<br \/>\n2015 Zils\u030cc\u030c \u0259 pu\u0161\u0259lc\u030c \u2013 Pesmi s spodnje Zilje \/ Gedichte aus dem unteren Gailtal<\/p>\n<p><b>Silvana Paletti,<\/b>\u00a0*1947 v Reziji; je pesnica, pisateljica in pevka iz Rezije. Svoja literarna dela pi\u0161e v rezijan\u0161\u010dini, furlan\u0161\u010dini in italijan\u0161\u010dini. Je avtorica \u0161tevilnih oddaj na Radiu Trst A. Njene pesmi so bile objavljene v antologijah in revijah, prestavljene so tudi v knji\u017eno sloven\u0161\u010dino in prevedene v italijan\u0161\u010dino, furlan\u0161\u010dino, nem\u0161\u010dino, angle\u0161\u010dino in \u010de\u0161\u010dino. \u2013 Silvana svoje pesmi tudi poje, zato bo ve\u010der glasbeno spremljala kar sama s svojim petjem.<br \/>\n<i><b>Silvana Paletti,<\/b>\u00a0*1947 im Resia-Tal, in welchem sich \u00fcber Jahrhunderte eine eigenst\u00e4ndige slowenische Kultur und Sprache erhalten haben. S. Paletti gilt als die Stimme des Resia-Tales. In poetischen Bildern bringt sie die Zauberwelt zum Ausdruck. Ihre Metaphern erz\u00e4hlen von der Sch\u00f6nheit und den Schrecken der Natur, von Hunger und Tod, von Liebe und Leid. Nostalgie in zeitloser Sprache. \u2013 Silvana wird ihre Gedichte und Geschichten in ihrem resianischen Dialekt vortragen, mit deutscher \u00dcbertitelung! Silvana vertont ihre Gedichte selbst, deshalb wird sie den Abend auch musikalisch gestalten.<\/i><br \/>\n2003 Rozajanski ser\u010dni romonenj \/ La lingua resiana del cuore \/ Rezijanska sr\u010dna govorica<br \/>\n2011 Resia. Der Gesang der Erde<br \/>\n2014 Mali rug, CD<\/p>\n<p class=\"align-center\"><b>@ KulinarikA @<\/b><\/p>\n<p><b>SLIKE PROTI MRAZU \u00b7 BILDER GEGEN DEN FROST<\/b><br \/>\n<b>Silva Krivograd \u00b7 Simona Krajger \u00b7 Melina Kumer<\/b><\/p>\n<p>Vse tri \u017eivijo v \u0160mihelu in vse tri povezuje zaznamovanost s skupnim kulturnim ozadjem, s skupnim jezikom, s sloven\u0161\u010dino. Izhajajo\u010d iz slovenskega jezika je tako tudi na zorni kot mogo\u010de gledati z ve\u010d perspektiv, saj se v pridevniku zorni skriva zora, jutranja zarja kot za\u010detek novega dne, besedo kot pa je mogo\u010de razumeti tudi prostorsko, kot kot, iz katerega opazujemo.<br \/>\n<i>Alle drei leben und arbeiten in St. Michael ob Bleiburg\/\u0160mihel pri Pliberku. Vereint im gleichen kulturellen Kontext, findet jede ihren eigenen Zugang zur Kunst. Steine werden versetzt, Momentaufnahmen ver\u00e4ndert und Figuratives mit Abstraktem vereint.<\/i><\/p>\n<p><b>FAROV\u017d<br \/>\n\u0160entjakob\/St. Jakob i. R.<\/b>[\/vc_column_text][\/vc_column][\/vc_row]<\/p>\n","protected":false},"excerpt":{"rendered":"<p>[vc_row][vc_column][vc_column_text]SO|SA 14. 11. 2015\u00a0\u2022 19.30 Maria Bartoloth &amp; Silvana Paletti \u00bbVeselje za srce mo? Meines Herzen Freude?\u00ab Maria Bartoloth,\u00a0*1938 v Gorjah na Zilji. Dora\u0161\u010dala je v ziljskem nare\u010dju. Nem\u0161\u010dine se je nau\u010dila \u0161ele v \u0161oli. V svojih pesmih Bartoloth ohranja slovensko nare\u010dje in kulturo Ziljanov in tako pomaga, da ta duhovna kulturna dedi\u0161\u010dina ne utone v pozabi. Zato [&hellip;]<\/p>\n","protected":false},"author":1,"featured_media":5904,"comment_status":"open","ping_status":"open","sticky":false,"template":"","format":"standard","meta":{"_acf_changed":false,"footnotes":""},"categories":[56],"tags":[67,62],"class_list":["post-5903","post","type-post","status-publish","format-standard","has-post-thumbnail","hentry","category-roz","tag-branje","tag-koncert"],"acf":[],"yoast_head":"<!-- This site is optimized with the Yoast SEO plugin v24.8.1 - https:\/\/yoast.com\/wordpress\/plugins\/seo\/ -->\n<title>ANTI-FREE-ZE - Literatur gegen den Frost \/ Literatura proti mrazu - RO\u017d - Slovensko prosvetno dru\u0161tvo<\/title>\n<meta name=\"robots\" content=\"index, follow, max-snippet:-1, max-image-preview:large, max-video-preview:-1\" \/>\n<link rel=\"canonical\" href=\"https:\/\/roz.si\/news\/roz\/anti-free-ze-literatur-gegen-den-frost-literatura-proti-mrazu-9\/\" \/>\n<meta property=\"og:locale\" content=\"de_DE\" \/>\n<meta property=\"og:type\" content=\"article\" \/>\n<meta property=\"og:title\" content=\"ANTI-FREE-ZE - Literatur gegen den Frost \/ Literatura proti mrazu - RO\u017d - Slovensko prosvetno dru\u0161tvo\" \/>\n<meta property=\"og:description\" content=\"[vc_row][vc_column][vc_column_text]SO|SA 14. 11. 2015\u00a0\u2022 19.30 Maria Bartoloth &amp; Silvana Paletti \u00bbVeselje za srce mo? Meines Herzen Freude?\u00ab Maria Bartoloth,\u00a0*1938 v Gorjah na Zilji. Dora\u0161\u010dala je v ziljskem nare\u010dju. Nem\u0161\u010dine se je nau\u010dila \u0161ele v \u0161oli. V svojih pesmih Bartoloth ohranja slovensko nare\u010dje in kulturo Ziljanov in tako pomaga, da ta duhovna kulturna dedi\u0161\u010dina ne utone v pozabi. Zato [&hellip;]\" \/>\n<meta property=\"og:url\" content=\"https:\/\/roz.si\/news\/roz\/anti-free-ze-literatur-gegen-den-frost-literatura-proti-mrazu-9\/\" \/>\n<meta property=\"og:site_name\" content=\"RO\u017d - Slovensko prosvetno dru\u0161tvo\" \/>\n<meta property=\"article:published_time\" content=\"2021-03-12T11:08:02+00:00\" \/>\n<meta property=\"article:modified_time\" content=\"2021-03-12T11:08:31+00:00\" \/>\n<meta property=\"og:image\" content=\"https:\/\/roz.si\/wp-content\/uploads\/2021\/03\/csm_antifreeze_14-11-2015_c43f5d5c0d-1.jpg\" \/>\n\t<meta property=\"og:image:width\" content=\"212\" \/>\n\t<meta property=\"og:image:height\" content=\"600\" \/>\n\t<meta property=\"og:image:type\" content=\"image\/jpeg\" \/>\n<meta name=\"author\" content=\"polonajencic@gmail.com\" \/>\n<meta name=\"twitter:card\" content=\"summary_large_image\" \/>\n<meta name=\"twitter:label1\" content=\"Verfasst von\" \/>\n\t<meta name=\"twitter:data1\" content=\"polonajencic@gmail.com\" \/>\n\t<meta name=\"twitter:label2\" content=\"Gesch\u00e4tzte Lesezeit\" \/>\n\t<meta name=\"twitter:data2\" content=\"2\u00a0Minuten\" \/>\n<script type=\"application\/ld+json\" class=\"yoast-schema-graph\">{\"@context\":\"https:\/\/schema.org\",\"@graph\":[{\"@type\":\"Article\",\"@id\":\"https:\/\/roz.si\/news\/roz\/anti-free-ze-literatur-gegen-den-frost-literatura-proti-mrazu-9\/#article\",\"isPartOf\":{\"@id\":\"https:\/\/roz.si\/news\/roz\/anti-free-ze-literatur-gegen-den-frost-literatura-proti-mrazu-9\/\"},\"author\":{\"name\":\"polonajencic@gmail.com\",\"@id\":\"https:\/\/roz.si\/#\/schema\/person\/c17674bb115dc13e5ac70b99a5fe7d4e\"},\"headline\":\"ANTI-FREE-ZE &#8211; Literatur gegen den Frost \/ Literatura proti mrazu\",\"datePublished\":\"2021-03-12T11:08:02+00:00\",\"dateModified\":\"2021-03-12T11:08:31+00:00\",\"mainEntityOfPage\":{\"@id\":\"https:\/\/roz.si\/news\/roz\/anti-free-ze-literatur-gegen-den-frost-literatura-proti-mrazu-9\/\"},\"wordCount\":479,\"commentCount\":0,\"publisher\":{\"@id\":\"https:\/\/roz.si\/#organization\"},\"image\":{\"@id\":\"https:\/\/roz.si\/news\/roz\/anti-free-ze-literatur-gegen-den-frost-literatura-proti-mrazu-9\/#primaryimage\"},\"thumbnailUrl\":\"https:\/\/roz.si\/wp-content\/uploads\/2021\/03\/csm_antifreeze_14-11-2015_c43f5d5c0d-1.jpg\",\"keywords\":[\"Branje\",\"Koncert\"],\"articleSection\":[\"ro\u017e\"],\"inLanguage\":\"de\",\"potentialAction\":[{\"@type\":\"CommentAction\",\"name\":\"Comment\",\"target\":[\"https:\/\/roz.si\/news\/roz\/anti-free-ze-literatur-gegen-den-frost-literatura-proti-mrazu-9\/#respond\"]}]},{\"@type\":\"WebPage\",\"@id\":\"https:\/\/roz.si\/news\/roz\/anti-free-ze-literatur-gegen-den-frost-literatura-proti-mrazu-9\/\",\"url\":\"https:\/\/roz.si\/news\/roz\/anti-free-ze-literatur-gegen-den-frost-literatura-proti-mrazu-9\/\",\"name\":\"ANTI-FREE-ZE - Literatur gegen den Frost \/ Literatura proti mrazu - RO\u017d - Slovensko prosvetno dru\u0161tvo\",\"isPartOf\":{\"@id\":\"https:\/\/roz.si\/#website\"},\"primaryImageOfPage\":{\"@id\":\"https:\/\/roz.si\/news\/roz\/anti-free-ze-literatur-gegen-den-frost-literatura-proti-mrazu-9\/#primaryimage\"},\"image\":{\"@id\":\"https:\/\/roz.si\/news\/roz\/anti-free-ze-literatur-gegen-den-frost-literatura-proti-mrazu-9\/#primaryimage\"},\"thumbnailUrl\":\"https:\/\/roz.si\/wp-content\/uploads\/2021\/03\/csm_antifreeze_14-11-2015_c43f5d5c0d-1.jpg\",\"datePublished\":\"2021-03-12T11:08:02+00:00\",\"dateModified\":\"2021-03-12T11:08:31+00:00\",\"breadcrumb\":{\"@id\":\"https:\/\/roz.si\/news\/roz\/anti-free-ze-literatur-gegen-den-frost-literatura-proti-mrazu-9\/#breadcrumb\"},\"inLanguage\":\"de\",\"potentialAction\":[{\"@type\":\"ReadAction\",\"target\":[\"https:\/\/roz.si\/news\/roz\/anti-free-ze-literatur-gegen-den-frost-literatura-proti-mrazu-9\/\"]}]},{\"@type\":\"ImageObject\",\"inLanguage\":\"de\",\"@id\":\"https:\/\/roz.si\/news\/roz\/anti-free-ze-literatur-gegen-den-frost-literatura-proti-mrazu-9\/#primaryimage\",\"url\":\"https:\/\/roz.si\/wp-content\/uploads\/2021\/03\/csm_antifreeze_14-11-2015_c43f5d5c0d-1.jpg\",\"contentUrl\":\"https:\/\/roz.si\/wp-content\/uploads\/2021\/03\/csm_antifreeze_14-11-2015_c43f5d5c0d-1.jpg\",\"width\":212,\"height\":600},{\"@type\":\"BreadcrumbList\",\"@id\":\"https:\/\/roz.si\/news\/roz\/anti-free-ze-literatur-gegen-den-frost-literatura-proti-mrazu-9\/#breadcrumb\",\"itemListElement\":[{\"@type\":\"ListItem\",\"position\":1,\"name\":\"Home\",\"item\":\"https:\/\/roz.si\/de\/\"},{\"@type\":\"ListItem\",\"position\":2,\"name\":\"ANTI-FREE-ZE &#8211; Literatur gegen den Frost \/ Literatura proti mrazu\"}]},{\"@type\":\"WebSite\",\"@id\":\"https:\/\/roz.si\/#website\",\"url\":\"https:\/\/roz.si\/\",\"name\":\"RO\u017d - Slovensko prosvetno dru\u0161tvo\",\"description\":\"Slovensko prosvetno dru\u0161tvo Ro\u017e\",\"publisher\":{\"@id\":\"https:\/\/roz.si\/#organization\"},\"potentialAction\":[{\"@type\":\"SearchAction\",\"target\":{\"@type\":\"EntryPoint\",\"urlTemplate\":\"https:\/\/roz.si\/?s={search_term_string}\"},\"query-input\":{\"@type\":\"PropertyValueSpecification\",\"valueRequired\":true,\"valueName\":\"search_term_string\"}}],\"inLanguage\":\"de\"},{\"@type\":\"Organization\",\"@id\":\"https:\/\/roz.si\/#organization\",\"name\":\"RO\u017d - Slovensko prosvetno dru\u0161tvo\",\"url\":\"https:\/\/roz.si\/\",\"logo\":{\"@type\":\"ImageObject\",\"inLanguage\":\"de\",\"@id\":\"https:\/\/roz.si\/#\/schema\/logo\/image\/\",\"url\":\"https:\/\/roz.si\/wp-content\/uploads\/2022\/11\/ROZ_logo.ico\",\"contentUrl\":\"https:\/\/roz.si\/wp-content\/uploads\/2022\/11\/ROZ_logo.ico\",\"width\":199,\"height\":120,\"caption\":\"RO\u017d - Slovensko prosvetno dru\u0161tvo\"},\"image\":{\"@id\":\"https:\/\/roz.si\/#\/schema\/logo\/image\/\"}},{\"@type\":\"Person\",\"@id\":\"https:\/\/roz.si\/#\/schema\/person\/c17674bb115dc13e5ac70b99a5fe7d4e\",\"name\":\"polonajencic@gmail.com\",\"image\":{\"@type\":\"ImageObject\",\"inLanguage\":\"de\",\"@id\":\"https:\/\/roz.si\/#\/schema\/person\/image\/\",\"url\":\"https:\/\/secure.gravatar.com\/avatar\/7bdbe1292afd0a9772e0f495079f8ef952b2320efdaed099df74beba51b524fc?s=96&d=mm&r=g\",\"contentUrl\":\"https:\/\/secure.gravatar.com\/avatar\/7bdbe1292afd0a9772e0f495079f8ef952b2320efdaed099df74beba51b524fc?s=96&d=mm&r=g\",\"caption\":\"polonajencic@gmail.com\"},\"sameAs\":[\"http:\/\/roz.si\"],\"url\":\"https:\/\/roz.si\/de\/author\/polonajencicgmail-com\/\"}]}<\/script>\n<!-- \/ Yoast SEO plugin. -->","yoast_head_json":{"title":"ANTI-FREE-ZE - Literatur gegen den Frost \/ Literatura proti mrazu - RO\u017d - Slovensko prosvetno dru\u0161tvo","robots":{"index":"index","follow":"follow","max-snippet":"max-snippet:-1","max-image-preview":"max-image-preview:large","max-video-preview":"max-video-preview:-1"},"canonical":"https:\/\/roz.si\/news\/roz\/anti-free-ze-literatur-gegen-den-frost-literatura-proti-mrazu-9\/","og_locale":"de_DE","og_type":"article","og_title":"ANTI-FREE-ZE - Literatur gegen den Frost \/ Literatura proti mrazu - RO\u017d - Slovensko prosvetno dru\u0161tvo","og_description":"[vc_row][vc_column][vc_column_text]SO|SA 14. 11. 2015\u00a0\u2022 19.30 Maria Bartoloth &amp; Silvana Paletti \u00bbVeselje za srce mo? Meines Herzen Freude?\u00ab Maria Bartoloth,\u00a0*1938 v Gorjah na Zilji. Dora\u0161\u010dala je v ziljskem nare\u010dju. Nem\u0161\u010dine se je nau\u010dila \u0161ele v \u0161oli. V svojih pesmih Bartoloth ohranja slovensko nare\u010dje in kulturo Ziljanov in tako pomaga, da ta duhovna kulturna dedi\u0161\u010dina ne utone v pozabi. Zato [&hellip;]","og_url":"https:\/\/roz.si\/news\/roz\/anti-free-ze-literatur-gegen-den-frost-literatura-proti-mrazu-9\/","og_site_name":"RO\u017d - Slovensko prosvetno dru\u0161tvo","article_published_time":"2021-03-12T11:08:02+00:00","article_modified_time":"2021-03-12T11:08:31+00:00","og_image":[{"width":212,"height":600,"url":"https:\/\/roz.si\/wp-content\/uploads\/2021\/03\/csm_antifreeze_14-11-2015_c43f5d5c0d-1.jpg","type":"image\/jpeg"}],"author":"polonajencic@gmail.com","twitter_card":"summary_large_image","twitter_misc":{"Verfasst von":"polonajencic@gmail.com","Gesch\u00e4tzte Lesezeit":"2\u00a0Minuten"},"schema":{"@context":"https:\/\/schema.org","@graph":[{"@type":"Article","@id":"https:\/\/roz.si\/news\/roz\/anti-free-ze-literatur-gegen-den-frost-literatura-proti-mrazu-9\/#article","isPartOf":{"@id":"https:\/\/roz.si\/news\/roz\/anti-free-ze-literatur-gegen-den-frost-literatura-proti-mrazu-9\/"},"author":{"name":"polonajencic@gmail.com","@id":"https:\/\/roz.si\/#\/schema\/person\/c17674bb115dc13e5ac70b99a5fe7d4e"},"headline":"ANTI-FREE-ZE &#8211; Literatur gegen den Frost \/ Literatura proti mrazu","datePublished":"2021-03-12T11:08:02+00:00","dateModified":"2021-03-12T11:08:31+00:00","mainEntityOfPage":{"@id":"https:\/\/roz.si\/news\/roz\/anti-free-ze-literatur-gegen-den-frost-literatura-proti-mrazu-9\/"},"wordCount":479,"commentCount":0,"publisher":{"@id":"https:\/\/roz.si\/#organization"},"image":{"@id":"https:\/\/roz.si\/news\/roz\/anti-free-ze-literatur-gegen-den-frost-literatura-proti-mrazu-9\/#primaryimage"},"thumbnailUrl":"https:\/\/roz.si\/wp-content\/uploads\/2021\/03\/csm_antifreeze_14-11-2015_c43f5d5c0d-1.jpg","keywords":["Branje","Koncert"],"articleSection":["ro\u017e"],"inLanguage":"de","potentialAction":[{"@type":"CommentAction","name":"Comment","target":["https:\/\/roz.si\/news\/roz\/anti-free-ze-literatur-gegen-den-frost-literatura-proti-mrazu-9\/#respond"]}]},{"@type":"WebPage","@id":"https:\/\/roz.si\/news\/roz\/anti-free-ze-literatur-gegen-den-frost-literatura-proti-mrazu-9\/","url":"https:\/\/roz.si\/news\/roz\/anti-free-ze-literatur-gegen-den-frost-literatura-proti-mrazu-9\/","name":"ANTI-FREE-ZE - Literatur gegen den Frost \/ Literatura proti mrazu - RO\u017d - Slovensko prosvetno dru\u0161tvo","isPartOf":{"@id":"https:\/\/roz.si\/#website"},"primaryImageOfPage":{"@id":"https:\/\/roz.si\/news\/roz\/anti-free-ze-literatur-gegen-den-frost-literatura-proti-mrazu-9\/#primaryimage"},"image":{"@id":"https:\/\/roz.si\/news\/roz\/anti-free-ze-literatur-gegen-den-frost-literatura-proti-mrazu-9\/#primaryimage"},"thumbnailUrl":"https:\/\/roz.si\/wp-content\/uploads\/2021\/03\/csm_antifreeze_14-11-2015_c43f5d5c0d-1.jpg","datePublished":"2021-03-12T11:08:02+00:00","dateModified":"2021-03-12T11:08:31+00:00","breadcrumb":{"@id":"https:\/\/roz.si\/news\/roz\/anti-free-ze-literatur-gegen-den-frost-literatura-proti-mrazu-9\/#breadcrumb"},"inLanguage":"de","potentialAction":[{"@type":"ReadAction","target":["https:\/\/roz.si\/news\/roz\/anti-free-ze-literatur-gegen-den-frost-literatura-proti-mrazu-9\/"]}]},{"@type":"ImageObject","inLanguage":"de","@id":"https:\/\/roz.si\/news\/roz\/anti-free-ze-literatur-gegen-den-frost-literatura-proti-mrazu-9\/#primaryimage","url":"https:\/\/roz.si\/wp-content\/uploads\/2021\/03\/csm_antifreeze_14-11-2015_c43f5d5c0d-1.jpg","contentUrl":"https:\/\/roz.si\/wp-content\/uploads\/2021\/03\/csm_antifreeze_14-11-2015_c43f5d5c0d-1.jpg","width":212,"height":600},{"@type":"BreadcrumbList","@id":"https:\/\/roz.si\/news\/roz\/anti-free-ze-literatur-gegen-den-frost-literatura-proti-mrazu-9\/#breadcrumb","itemListElement":[{"@type":"ListItem","position":1,"name":"Home","item":"https:\/\/roz.si\/de\/"},{"@type":"ListItem","position":2,"name":"ANTI-FREE-ZE &#8211; Literatur gegen den Frost \/ Literatura proti mrazu"}]},{"@type":"WebSite","@id":"https:\/\/roz.si\/#website","url":"https:\/\/roz.si\/","name":"RO\u017d - Slovensko prosvetno dru\u0161tvo","description":"Slovensko prosvetno dru\u0161tvo Ro\u017e","publisher":{"@id":"https:\/\/roz.si\/#organization"},"potentialAction":[{"@type":"SearchAction","target":{"@type":"EntryPoint","urlTemplate":"https:\/\/roz.si\/?s={search_term_string}"},"query-input":{"@type":"PropertyValueSpecification","valueRequired":true,"valueName":"search_term_string"}}],"inLanguage":"de"},{"@type":"Organization","@id":"https:\/\/roz.si\/#organization","name":"RO\u017d - Slovensko prosvetno dru\u0161tvo","url":"https:\/\/roz.si\/","logo":{"@type":"ImageObject","inLanguage":"de","@id":"https:\/\/roz.si\/#\/schema\/logo\/image\/","url":"https:\/\/roz.si\/wp-content\/uploads\/2022\/11\/ROZ_logo.ico","contentUrl":"https:\/\/roz.si\/wp-content\/uploads\/2022\/11\/ROZ_logo.ico","width":199,"height":120,"caption":"RO\u017d - Slovensko prosvetno dru\u0161tvo"},"image":{"@id":"https:\/\/roz.si\/#\/schema\/logo\/image\/"}},{"@type":"Person","@id":"https:\/\/roz.si\/#\/schema\/person\/c17674bb115dc13e5ac70b99a5fe7d4e","name":"polonajencic@gmail.com","image":{"@type":"ImageObject","inLanguage":"de","@id":"https:\/\/roz.si\/#\/schema\/person\/image\/","url":"https:\/\/secure.gravatar.com\/avatar\/7bdbe1292afd0a9772e0f495079f8ef952b2320efdaed099df74beba51b524fc?s=96&d=mm&r=g","contentUrl":"https:\/\/secure.gravatar.com\/avatar\/7bdbe1292afd0a9772e0f495079f8ef952b2320efdaed099df74beba51b524fc?s=96&d=mm&r=g","caption":"polonajencic@gmail.com"},"sameAs":["http:\/\/roz.si"],"url":"https:\/\/roz.si\/de\/author\/polonajencicgmail-com\/"}]}},"_links":{"self":[{"href":"https:\/\/roz.si\/de\/wp-json\/wp\/v2\/posts\/5903","targetHints":{"allow":["GET"]}}],"collection":[{"href":"https:\/\/roz.si\/de\/wp-json\/wp\/v2\/posts"}],"about":[{"href":"https:\/\/roz.si\/de\/wp-json\/wp\/v2\/types\/post"}],"author":[{"embeddable":true,"href":"https:\/\/roz.si\/de\/wp-json\/wp\/v2\/users\/1"}],"replies":[{"embeddable":true,"href":"https:\/\/roz.si\/de\/wp-json\/wp\/v2\/comments?post=5903"}],"version-history":[{"count":2,"href":"https:\/\/roz.si\/de\/wp-json\/wp\/v2\/posts\/5903\/revisions"}],"predecessor-version":[{"id":5909,"href":"https:\/\/roz.si\/de\/wp-json\/wp\/v2\/posts\/5903\/revisions\/5909"}],"wp:featuredmedia":[{"embeddable":true,"href":"https:\/\/roz.si\/de\/wp-json\/wp\/v2\/media\/5904"}],"wp:attachment":[{"href":"https:\/\/roz.si\/de\/wp-json\/wp\/v2\/media?parent=5903"}],"wp:term":[{"taxonomy":"category","embeddable":true,"href":"https:\/\/roz.si\/de\/wp-json\/wp\/v2\/categories?post=5903"},{"taxonomy":"post_tag","embeddable":true,"href":"https:\/\/roz.si\/de\/wp-json\/wp\/v2\/tags?post=5903"}],"curies":[{"name":"wp","href":"https:\/\/api.w.org\/{rel}","templated":true}]}}