{"id":6055,"date":"2021-03-17T18:17:52","date_gmt":"2021-03-17T18:17:52","guid":{"rendered":"http:\/\/roz.si\/?p=6055"},"modified":"2021-03-17T18:17:52","modified_gmt":"2021-03-17T18:17:52","slug":"glasbeni-musik-recital","status":"publish","type":"post","link":"https:\/\/roz.si\/de\/news\/roz\/glasbeni-musik-recital\/","title":{"rendered":"glasbeni \/ musik RECITAL"},"content":{"rendered":"<p>[vc_row][vc_column][vc_column_text]<\/p>\n<h4>dru\u017eine \/ der Familie<br \/>\n\u0160LIBAR<\/h4>\n<p>Mirko hrp. &amp; acc.<br \/>\nLara p. &amp; vc.<br \/>\n\u017dan p. &amp; acc.<br \/>\n<b><br \/>\n<\/b><\/p>\n<p><b>SOBOTA \/ SAMSTAG<br \/>\n24. 9. 2016 \u22c5 19.30<br \/>\nPodru\u017ena cerkev \u0160entpeter<br \/>\nFilialkirche St. Peter bei St. Jakob i. R.<\/b><\/p>\n<p>info:<br \/>\n<a href=\"http:\/\/www.roz.si\/\" target=\"_blank\" rel=\"noopener\">www.roz.si<\/a><br \/>\ntel. 0680\/1332112<\/p>\n<p>&nbsp;<\/p>\n<p class=\"align-center\"><b>BAROCK \u2014 JAZZ<\/b><br \/>\nD. Scarlatti \u00b7 J. S. Bach<br \/>\nF. Chopin \u00b7 G. Goltermann<br \/>\nD. Popper \u00b7 J. Haydn \u00b7 F. Listz W.<br \/>\nA. Mozart \u00b7 A. Piazzolla<br \/>\nR. Galliano \u00b7 J. Derbenko<\/p>\n<p><b>MIRKO \u0160LIBAR<\/b><br \/>\nje zelo uspe\u0161en u\u010ditelj klavirske, kromati\u010dne in diatoni\u010dne harmonike. Svoje pedago\u0161ko znanje je poglabljal s stalnimi strokovnimi izobra\u017eevanji na podro\u010dju harmonike, vodenja harmonikarskega orkestra in pred\u0161olske glasbene vzgoje. Kot harmonikar, avtor in producent je sodeloval z razli\u010dnimi glasbenimi zasedbami in posnel raznovrstne glasbene projekte. Na Akademiji za glasbo v Ljubljani je z odliko magistriral iz klasi\u010dne harmonike na umetni\u0161ki, koncertni smeri in diplomiral iz \u010dembala. Na Sae Institute iz Amsterdama je diplomiral na smeri audio in\u017eeniring. Trenutno nadaljuje z magisterskim \u0161tudijem \u010dembala pri prof. Wolfgangu Gl\u00fcxamu ter koncertnih orgel pri prof. Wolfgangu Capku na Univerzi za upodabljajoc\u030co umetnost na Dunaju.<\/p>\n<p><i>\u2026 arbeitet mehr als 22 Jahre als vielseitiger Musiker und P\u00e4dagoge. Er spielt Konzertharmonika, Cembalo und Orgel in verschiedenen Besetzungen und Musikrichtungen.<\/i><\/p>\n<p><b>LARA \u0160LIBAR<\/b><br \/>\nje vsestransko nadarjena mlada glasbenica. Na Konzervatoriju za glasbo v Ljubljani se u\u010di klavir in violon\u010delo. Lara je zelo uspe\u0161no sodelovala na regijskem tekmovanju mladih pianistov v Ljubljani. V letu 2016 je nastopila v dvorani Slovenske filharmonije ljubljanskih glasbenih \u0161ol. Tudi kot violon\u010delistka redno nastopa na revijah in matinejah. Lara je ve\u010dkratna nagrajenka mednarodnih tekmovanj mladih violon\u010delistov in pianistov v Sloveniji in Italiji.<\/p>\n<p><i>\u2026 ist eine vielseitig begabte junge Musikerin. Am Musikkonservatorium in Ljubljana lernt sie Klavier bei Prof. Andreja Kosma\u010d und Violoncello bei Prof. Milan Hudnik. Sie erhielt schon mehrere Preise bei internationalen Wettbewerben junger Cellisten und Pianisten aus Slowenien und Italien. Sie tritt auch zusammen mit ihrem Vater und Bruder auf.<\/i><\/p>\n<p><b>\u017dAN \u0160LIBAR<\/b><br \/>\nse kromati\u010dno harmoniko u\u010di pri svojem o\u010detu prof. Mirku \u0160libarju, klavir in bobne pa na Kozervatoriju za glasbo v Ljubljani. V letu 2014 je kot harmonikar prejel 1. nagrado na dr\u017eavnem tekmovanju Slovenije Temsig. Je ve\u010dkratni prvonagrajenec mednarodnih harmonikarskih tekmovanj v Puli, Beltincih, Trevisu in Naborjetu. Kot pianist je prejel \u0161tevilna priznanja na razli\u010dnih mednarodnih in dr\u017eavnih tekmovanjih mladih pianistov. Lani je \u017dan s teatrom trotamora uspe\u0161no sodeloval v gledali\u0161ki predstavi Loiblsaga. Letos pa je posnel tudi nekaj skladb za Otro\u0161ki zbor Ro\u017ece na zgo\u0161\u010denki \u00bbRingarin\u010dica \u2013 Pesmi pri\u0161lekov\u00ab pod vodstvom Mirka Lepuschitza.<\/p>\n<p><i>\u2026 ist ein vielseitig begabter junger Musiker. Er lernt Harmonika bei seinem Vater Prof. \u0160libar, Klavier am Musikkonservatorium in Ljubljana. In den vergangenen Jahren erhielt er zahlreiche Preise bei internationalen Wettbewerben junger Pianisten. Er spielte bei der erfolgreichen Theaterproduktion Loiblsaga des ke-Theaters unter der Regie von Marjan \u0160tikar.<\/i>[\/vc_column_text][\/vc_column][\/vc_row]<\/p>\n","protected":false},"excerpt":{"rendered":"<p>[vc_row][vc_column][vc_column_text] dru\u017eine \/ der Familie \u0160LIBAR Mirko hrp. &amp; acc. Lara p. &amp; vc. \u017dan p. &amp; acc. SOBOTA \/ SAMSTAG 24. 9. 2016 \u22c5 19.30 Podru\u017ena cerkev \u0160entpeter Filialkirche St. Peter bei St. Jakob i. R. info: www.roz.si tel. 0680\/1332112 &nbsp; BAROCK \u2014 JAZZ D. Scarlatti \u00b7 J. S. Bach F. Chopin \u00b7 G. Goltermann D. Popper [&hellip;]<\/p>\n","protected":false},"author":1,"featured_media":6058,"comment_status":"open","ping_status":"open","sticky":false,"template":"","format":"standard","meta":{"_acf_changed":false,"footnotes":""},"categories":[56],"tags":[62],"class_list":["post-6055","post","type-post","status-publish","format-standard","has-post-thumbnail","hentry","category-roz","tag-koncert"],"acf":[],"yoast_head":"<!-- This site is optimized with the Yoast SEO plugin v24.8.1 - https:\/\/yoast.com\/wordpress\/plugins\/seo\/ -->\n<title>glasbeni \/ musik RECITAL - RO\u017d - Slovensko prosvetno dru\u0161tvo<\/title>\n<meta name=\"robots\" content=\"index, follow, max-snippet:-1, max-image-preview:large, max-video-preview:-1\" \/>\n<link rel=\"canonical\" href=\"https:\/\/roz.si\/news\/roz\/glasbeni-musik-recital\/\" \/>\n<meta property=\"og:locale\" content=\"de_DE\" \/>\n<meta property=\"og:type\" content=\"article\" \/>\n<meta property=\"og:title\" content=\"glasbeni \/ musik RECITAL - RO\u017d - Slovensko prosvetno dru\u0161tvo\" \/>\n<meta property=\"og:description\" content=\"[vc_row][vc_column][vc_column_text] dru\u017eine \/ der Familie \u0160LIBAR Mirko hrp. &amp; acc. Lara p. &amp; vc. \u017dan p. &amp; acc. SOBOTA \/ SAMSTAG 24. 9. 2016 \u22c5 19.30 Podru\u017ena cerkev \u0160entpeter Filialkirche St. Peter bei St. Jakob i. R. info: www.roz.si tel. 0680\/1332112 &nbsp; BAROCK \u2014 JAZZ D. Scarlatti \u00b7 J. S. Bach F. Chopin \u00b7 G. Goltermann D. Popper [&hellip;]\" \/>\n<meta property=\"og:url\" content=\"https:\/\/roz.si\/news\/roz\/glasbeni-musik-recital\/\" \/>\n<meta property=\"og:site_name\" content=\"RO\u017d - Slovensko prosvetno dru\u0161tvo\" \/>\n<meta property=\"article:published_time\" content=\"2021-03-17T18:17:52+00:00\" \/>\n<meta property=\"og:image\" content=\"https:\/\/roz.si\/wp-content\/uploads\/2021\/03\/csm_koncert_september2016_1a4b12eb03.jpg\" \/>\n\t<meta property=\"og:image:width\" content=\"196\" \/>\n\t<meta property=\"og:image:height\" content=\"600\" \/>\n\t<meta property=\"og:image:type\" content=\"image\/jpeg\" \/>\n<meta name=\"author\" content=\"polonajencic@gmail.com\" \/>\n<meta name=\"twitter:card\" content=\"summary_large_image\" \/>\n<meta name=\"twitter:label1\" content=\"Verfasst von\" \/>\n\t<meta name=\"twitter:data1\" content=\"polonajencic@gmail.com\" \/>\n\t<meta name=\"twitter:label2\" content=\"Gesch\u00e4tzte Lesezeit\" \/>\n\t<meta name=\"twitter:data2\" content=\"2\u00a0Minuten\" \/>\n<script type=\"application\/ld+json\" class=\"yoast-schema-graph\">{\"@context\":\"https:\/\/schema.org\",\"@graph\":[{\"@type\":\"Article\",\"@id\":\"https:\/\/roz.si\/news\/roz\/glasbeni-musik-recital\/#article\",\"isPartOf\":{\"@id\":\"https:\/\/roz.si\/news\/roz\/glasbeni-musik-recital\/\"},\"author\":{\"name\":\"polonajencic@gmail.com\",\"@id\":\"https:\/\/roz.si\/#\/schema\/person\/c17674bb115dc13e5ac70b99a5fe7d4e\"},\"headline\":\"glasbeni \/ musik RECITAL\",\"datePublished\":\"2021-03-17T18:17:52+00:00\",\"mainEntityOfPage\":{\"@id\":\"https:\/\/roz.si\/news\/roz\/glasbeni-musik-recital\/\"},\"wordCount\":489,\"commentCount\":0,\"publisher\":{\"@id\":\"https:\/\/roz.si\/#organization\"},\"image\":{\"@id\":\"https:\/\/roz.si\/news\/roz\/glasbeni-musik-recital\/#primaryimage\"},\"thumbnailUrl\":\"https:\/\/roz.si\/wp-content\/uploads\/2021\/03\/csm_koncert_september2016_1a4b12eb03.jpg\",\"keywords\":[\"Koncert\"],\"articleSection\":[\"ro\u017e\"],\"inLanguage\":\"de\",\"potentialAction\":[{\"@type\":\"CommentAction\",\"name\":\"Comment\",\"target\":[\"https:\/\/roz.si\/news\/roz\/glasbeni-musik-recital\/#respond\"]}]},{\"@type\":\"WebPage\",\"@id\":\"https:\/\/roz.si\/news\/roz\/glasbeni-musik-recital\/\",\"url\":\"https:\/\/roz.si\/news\/roz\/glasbeni-musik-recital\/\",\"name\":\"glasbeni \/ musik RECITAL - RO\u017d - Slovensko prosvetno dru\u0161tvo\",\"isPartOf\":{\"@id\":\"https:\/\/roz.si\/#website\"},\"primaryImageOfPage\":{\"@id\":\"https:\/\/roz.si\/news\/roz\/glasbeni-musik-recital\/#primaryimage\"},\"image\":{\"@id\":\"https:\/\/roz.si\/news\/roz\/glasbeni-musik-recital\/#primaryimage\"},\"thumbnailUrl\":\"https:\/\/roz.si\/wp-content\/uploads\/2021\/03\/csm_koncert_september2016_1a4b12eb03.jpg\",\"datePublished\":\"2021-03-17T18:17:52+00:00\",\"breadcrumb\":{\"@id\":\"https:\/\/roz.si\/news\/roz\/glasbeni-musik-recital\/#breadcrumb\"},\"inLanguage\":\"de\",\"potentialAction\":[{\"@type\":\"ReadAction\",\"target\":[\"https:\/\/roz.si\/news\/roz\/glasbeni-musik-recital\/\"]}]},{\"@type\":\"ImageObject\",\"inLanguage\":\"de\",\"@id\":\"https:\/\/roz.si\/news\/roz\/glasbeni-musik-recital\/#primaryimage\",\"url\":\"https:\/\/roz.si\/wp-content\/uploads\/2021\/03\/csm_koncert_september2016_1a4b12eb03.jpg\",\"contentUrl\":\"https:\/\/roz.si\/wp-content\/uploads\/2021\/03\/csm_koncert_september2016_1a4b12eb03.jpg\",\"width\":196,\"height\":600},{\"@type\":\"BreadcrumbList\",\"@id\":\"https:\/\/roz.si\/news\/roz\/glasbeni-musik-recital\/#breadcrumb\",\"itemListElement\":[{\"@type\":\"ListItem\",\"position\":1,\"name\":\"Home\",\"item\":\"https:\/\/roz.si\/de\/\"},{\"@type\":\"ListItem\",\"position\":2,\"name\":\"glasbeni \/ musik RECITAL\"}]},{\"@type\":\"WebSite\",\"@id\":\"https:\/\/roz.si\/#website\",\"url\":\"https:\/\/roz.si\/\",\"name\":\"RO\u017d - Slovensko prosvetno dru\u0161tvo\",\"description\":\"Slovensko prosvetno dru\u0161tvo Ro\u017e\",\"publisher\":{\"@id\":\"https:\/\/roz.si\/#organization\"},\"potentialAction\":[{\"@type\":\"SearchAction\",\"target\":{\"@type\":\"EntryPoint\",\"urlTemplate\":\"https:\/\/roz.si\/?s={search_term_string}\"},\"query-input\":{\"@type\":\"PropertyValueSpecification\",\"valueRequired\":true,\"valueName\":\"search_term_string\"}}],\"inLanguage\":\"de\"},{\"@type\":\"Organization\",\"@id\":\"https:\/\/roz.si\/#organization\",\"name\":\"RO\u017d - Slovensko prosvetno dru\u0161tvo\",\"url\":\"https:\/\/roz.si\/\",\"logo\":{\"@type\":\"ImageObject\",\"inLanguage\":\"de\",\"@id\":\"https:\/\/roz.si\/#\/schema\/logo\/image\/\",\"url\":\"https:\/\/roz.si\/wp-content\/uploads\/2022\/11\/ROZ_logo.ico\",\"contentUrl\":\"https:\/\/roz.si\/wp-content\/uploads\/2022\/11\/ROZ_logo.ico\",\"width\":199,\"height\":120,\"caption\":\"RO\u017d - Slovensko prosvetno dru\u0161tvo\"},\"image\":{\"@id\":\"https:\/\/roz.si\/#\/schema\/logo\/image\/\"}},{\"@type\":\"Person\",\"@id\":\"https:\/\/roz.si\/#\/schema\/person\/c17674bb115dc13e5ac70b99a5fe7d4e\",\"name\":\"polonajencic@gmail.com\",\"image\":{\"@type\":\"ImageObject\",\"inLanguage\":\"de\",\"@id\":\"https:\/\/roz.si\/#\/schema\/person\/image\/\",\"url\":\"https:\/\/secure.gravatar.com\/avatar\/7bdbe1292afd0a9772e0f495079f8ef952b2320efdaed099df74beba51b524fc?s=96&d=mm&r=g\",\"contentUrl\":\"https:\/\/secure.gravatar.com\/avatar\/7bdbe1292afd0a9772e0f495079f8ef952b2320efdaed099df74beba51b524fc?s=96&d=mm&r=g\",\"caption\":\"polonajencic@gmail.com\"},\"sameAs\":[\"http:\/\/roz.si\"],\"url\":\"https:\/\/roz.si\/de\/author\/polonajencicgmail-com\/\"}]}<\/script>\n<!-- \/ Yoast SEO plugin. -->","yoast_head_json":{"title":"glasbeni \/ musik RECITAL - RO\u017d - Slovensko prosvetno dru\u0161tvo","robots":{"index":"index","follow":"follow","max-snippet":"max-snippet:-1","max-image-preview":"max-image-preview:large","max-video-preview":"max-video-preview:-1"},"canonical":"https:\/\/roz.si\/news\/roz\/glasbeni-musik-recital\/","og_locale":"de_DE","og_type":"article","og_title":"glasbeni \/ musik RECITAL - RO\u017d - Slovensko prosvetno dru\u0161tvo","og_description":"[vc_row][vc_column][vc_column_text] dru\u017eine \/ der Familie \u0160LIBAR Mirko hrp. &amp; acc. Lara p. &amp; vc. \u017dan p. &amp; acc. SOBOTA \/ SAMSTAG 24. 9. 2016 \u22c5 19.30 Podru\u017ena cerkev \u0160entpeter Filialkirche St. Peter bei St. Jakob i. R. info: www.roz.si tel. 0680\/1332112 &nbsp; BAROCK \u2014 JAZZ D. Scarlatti \u00b7 J. S. Bach F. Chopin \u00b7 G. Goltermann D. Popper [&hellip;]","og_url":"https:\/\/roz.si\/news\/roz\/glasbeni-musik-recital\/","og_site_name":"RO\u017d - Slovensko prosvetno dru\u0161tvo","article_published_time":"2021-03-17T18:17:52+00:00","og_image":[{"width":196,"height":600,"url":"https:\/\/roz.si\/wp-content\/uploads\/2021\/03\/csm_koncert_september2016_1a4b12eb03.jpg","type":"image\/jpeg"}],"author":"polonajencic@gmail.com","twitter_card":"summary_large_image","twitter_misc":{"Verfasst von":"polonajencic@gmail.com","Gesch\u00e4tzte Lesezeit":"2\u00a0Minuten"},"schema":{"@context":"https:\/\/schema.org","@graph":[{"@type":"Article","@id":"https:\/\/roz.si\/news\/roz\/glasbeni-musik-recital\/#article","isPartOf":{"@id":"https:\/\/roz.si\/news\/roz\/glasbeni-musik-recital\/"},"author":{"name":"polonajencic@gmail.com","@id":"https:\/\/roz.si\/#\/schema\/person\/c17674bb115dc13e5ac70b99a5fe7d4e"},"headline":"glasbeni \/ musik RECITAL","datePublished":"2021-03-17T18:17:52+00:00","mainEntityOfPage":{"@id":"https:\/\/roz.si\/news\/roz\/glasbeni-musik-recital\/"},"wordCount":489,"commentCount":0,"publisher":{"@id":"https:\/\/roz.si\/#organization"},"image":{"@id":"https:\/\/roz.si\/news\/roz\/glasbeni-musik-recital\/#primaryimage"},"thumbnailUrl":"https:\/\/roz.si\/wp-content\/uploads\/2021\/03\/csm_koncert_september2016_1a4b12eb03.jpg","keywords":["Koncert"],"articleSection":["ro\u017e"],"inLanguage":"de","potentialAction":[{"@type":"CommentAction","name":"Comment","target":["https:\/\/roz.si\/news\/roz\/glasbeni-musik-recital\/#respond"]}]},{"@type":"WebPage","@id":"https:\/\/roz.si\/news\/roz\/glasbeni-musik-recital\/","url":"https:\/\/roz.si\/news\/roz\/glasbeni-musik-recital\/","name":"glasbeni \/ musik RECITAL - RO\u017d - Slovensko prosvetno dru\u0161tvo","isPartOf":{"@id":"https:\/\/roz.si\/#website"},"primaryImageOfPage":{"@id":"https:\/\/roz.si\/news\/roz\/glasbeni-musik-recital\/#primaryimage"},"image":{"@id":"https:\/\/roz.si\/news\/roz\/glasbeni-musik-recital\/#primaryimage"},"thumbnailUrl":"https:\/\/roz.si\/wp-content\/uploads\/2021\/03\/csm_koncert_september2016_1a4b12eb03.jpg","datePublished":"2021-03-17T18:17:52+00:00","breadcrumb":{"@id":"https:\/\/roz.si\/news\/roz\/glasbeni-musik-recital\/#breadcrumb"},"inLanguage":"de","potentialAction":[{"@type":"ReadAction","target":["https:\/\/roz.si\/news\/roz\/glasbeni-musik-recital\/"]}]},{"@type":"ImageObject","inLanguage":"de","@id":"https:\/\/roz.si\/news\/roz\/glasbeni-musik-recital\/#primaryimage","url":"https:\/\/roz.si\/wp-content\/uploads\/2021\/03\/csm_koncert_september2016_1a4b12eb03.jpg","contentUrl":"https:\/\/roz.si\/wp-content\/uploads\/2021\/03\/csm_koncert_september2016_1a4b12eb03.jpg","width":196,"height":600},{"@type":"BreadcrumbList","@id":"https:\/\/roz.si\/news\/roz\/glasbeni-musik-recital\/#breadcrumb","itemListElement":[{"@type":"ListItem","position":1,"name":"Home","item":"https:\/\/roz.si\/de\/"},{"@type":"ListItem","position":2,"name":"glasbeni \/ musik RECITAL"}]},{"@type":"WebSite","@id":"https:\/\/roz.si\/#website","url":"https:\/\/roz.si\/","name":"RO\u017d - Slovensko prosvetno dru\u0161tvo","description":"Slovensko prosvetno dru\u0161tvo Ro\u017e","publisher":{"@id":"https:\/\/roz.si\/#organization"},"potentialAction":[{"@type":"SearchAction","target":{"@type":"EntryPoint","urlTemplate":"https:\/\/roz.si\/?s={search_term_string}"},"query-input":{"@type":"PropertyValueSpecification","valueRequired":true,"valueName":"search_term_string"}}],"inLanguage":"de"},{"@type":"Organization","@id":"https:\/\/roz.si\/#organization","name":"RO\u017d - Slovensko prosvetno dru\u0161tvo","url":"https:\/\/roz.si\/","logo":{"@type":"ImageObject","inLanguage":"de","@id":"https:\/\/roz.si\/#\/schema\/logo\/image\/","url":"https:\/\/roz.si\/wp-content\/uploads\/2022\/11\/ROZ_logo.ico","contentUrl":"https:\/\/roz.si\/wp-content\/uploads\/2022\/11\/ROZ_logo.ico","width":199,"height":120,"caption":"RO\u017d - Slovensko prosvetno dru\u0161tvo"},"image":{"@id":"https:\/\/roz.si\/#\/schema\/logo\/image\/"}},{"@type":"Person","@id":"https:\/\/roz.si\/#\/schema\/person\/c17674bb115dc13e5ac70b99a5fe7d4e","name":"polonajencic@gmail.com","image":{"@type":"ImageObject","inLanguage":"de","@id":"https:\/\/roz.si\/#\/schema\/person\/image\/","url":"https:\/\/secure.gravatar.com\/avatar\/7bdbe1292afd0a9772e0f495079f8ef952b2320efdaed099df74beba51b524fc?s=96&d=mm&r=g","contentUrl":"https:\/\/secure.gravatar.com\/avatar\/7bdbe1292afd0a9772e0f495079f8ef952b2320efdaed099df74beba51b524fc?s=96&d=mm&r=g","caption":"polonajencic@gmail.com"},"sameAs":["http:\/\/roz.si"],"url":"https:\/\/roz.si\/de\/author\/polonajencicgmail-com\/"}]}},"_links":{"self":[{"href":"https:\/\/roz.si\/de\/wp-json\/wp\/v2\/posts\/6055","targetHints":{"allow":["GET"]}}],"collection":[{"href":"https:\/\/roz.si\/de\/wp-json\/wp\/v2\/posts"}],"about":[{"href":"https:\/\/roz.si\/de\/wp-json\/wp\/v2\/types\/post"}],"author":[{"embeddable":true,"href":"https:\/\/roz.si\/de\/wp-json\/wp\/v2\/users\/1"}],"replies":[{"embeddable":true,"href":"https:\/\/roz.si\/de\/wp-json\/wp\/v2\/comments?post=6055"}],"version-history":[{"count":1,"href":"https:\/\/roz.si\/de\/wp-json\/wp\/v2\/posts\/6055\/revisions"}],"predecessor-version":[{"id":6060,"href":"https:\/\/roz.si\/de\/wp-json\/wp\/v2\/posts\/6055\/revisions\/6060"}],"wp:featuredmedia":[{"embeddable":true,"href":"https:\/\/roz.si\/de\/wp-json\/wp\/v2\/media\/6058"}],"wp:attachment":[{"href":"https:\/\/roz.si\/de\/wp-json\/wp\/v2\/media?parent=6055"}],"wp:term":[{"taxonomy":"category","embeddable":true,"href":"https:\/\/roz.si\/de\/wp-json\/wp\/v2\/categories?post=6055"},{"taxonomy":"post_tag","embeddable":true,"href":"https:\/\/roz.si\/de\/wp-json\/wp\/v2\/tags?post=6055"}],"curies":[{"name":"wp","href":"https:\/\/api.w.org\/{rel}","templated":true}]}}