{"id":6638,"date":"2021-03-28T17:24:53","date_gmt":"2021-03-28T17:24:53","guid":{"rendered":"http:\/\/roz.si\/?p=6638"},"modified":"2021-03-28T17:25:54","modified_gmt":"2021-03-28T17:25:54","slug":"shiva-siva-2","status":"publish","type":"post","link":"https:\/\/roz.si\/de\/news\/zenski-zbor-roz\/shiva-siva-2\/","title":{"rendered":"SHIVA \u0160IVA"},"content":{"rendered":"<p>[vc_row][vc_column][vc_column_text]<\/p>\n<h4>Pesmi o delu<br \/>\nLieder von der Arbeit<\/h4>\n<p><i><b>\u017denski zbor \/ Frauenchor RO\u017d<\/b><\/i><\/p>\n<p><b>Multimediakoncert<br \/>\nDir.: Primo\u017e Ker\u0161tanj<br \/>\nR.: Marjan \u0160tikar<\/b><\/p>\n<p><b>Farov\u017e \u0160entjakob<br \/>\nPfarrhof St. Jakob i. R.<\/b><\/p>\n<p>\u010de\/Do 26. 10. &#8211; 20h<br \/>\nso\/Sa 4. 11. &#8211; 20h<br \/>\nne\/so 5. 11. &#8211; 15h<\/p>\n<p>Prireditelj \/ Veranstalter RO\u017d<br \/>\ninfo: 0680\/13 321 12 \u2022\u00a0<a>info(-\u00e4t-)roz.si<\/a><\/p>\n<p><b>Rezervacija vstopnic \/ Kartenreservierung: 0680\/13 321 12<\/b><\/p>\n<p>Ve\u010d kot dve leti so pevke s pomo\u010djo zborovodje Primo\u017ea Ker\u0161tanja zbirale pesmi, ki so se pele \u2013 in se morda kje \u0161e tudi danes pojejo \u2013 ob delu. Pesmi, ki opevajo izkori\u0161\u010danje delavk in delavcev, govorijo o su\u017enjih, pripovedujejo o ekonomski migraciji na\u0161ih prednikov, pa tudi pesmi, ki v sebi nosijo vesele vidike dela.<br \/>\nNabralo se je 17 pesmi iz vseh koncev sveta, iz razli\u010dnih dru\u017ebenih okolij, iz katerih veje tudi duh razli\u010dnih kultur, glasbenih tradicij in pogledov na ta svet, ki po eni strani tarna nad te\u017ekimi delovnimi pogoji, hkrati pa je nabit s takim vzdu\u0161jem, da bi \u010dlovek kar zaplesal. Na koncertu Shiva \u0161iva pevke pojejo znane pesmi v drugih preoblekah, manj znane ljudske pesmi, pa tudi na novo napisane in zlo\u017eene pesmi.<\/p>\n<p><b>Mit ihren \u00bbLiedern von der Arbeit\u00ab<\/b>\u00a0widmet sich der Frauenchor RO\u017d einem Thema, das in Zeiten von Pensionsaltersanhebung und Mindestsicherungsk\u00fcrzung aktueller kaum sein k\u00f6nnte und heute mehr Fragen aufwirft denn je. In 17 Liedern aus verschiedenen kulturellen und sozialen Umgebungen und in ebenso vielen verschiedenen Sprachen wird eine Arbeitswelt besungen, die h\u00e4ufig viel heiterer klingt, als die Realit\u00e4t, die sich dahinter verbirgt.<br \/>\nIst leichte Arbeit keine Arbeit? Darf, wer nicht arbeiten kann, auch essen? Was bliebe \u00fcbrig von der Arbeit, w\u00e4re sie nicht an monet\u00e4ren Lohnerwerb gekoppelt? Wird Arbeit erst zur Arbeit durch den Zwang? Solche Gedanken finden neben den Liedern ihren eigenen Platz, eingebettet in audio-visuell verst\u00f6rende Zwischenr\u00e4ume, stimmen ein, leiten \u00fcber, rei\u00dfen auf, ohne letztg\u00fcltige Antworten anzubieten.<br \/>\nDas Konzert Shiva \u0160iva wurde von der Sektion f\u00fcr Kunst und Kultur im Bundeskanzleramt im Rahmen des Projektes \u00bbzusammen:wachsen \u2013 Kunst und Integration\u00ab gef\u00f6rdert.<\/p>\n<p><i>dirigent \/ Dirigent:<br \/>\n<\/i>\u00a0\u00a0\u00a0\u00a0\u00a0\u00a0\u00a0\u00a0\u00a0\u00a0\u00a0\u00a0\u00a0\u00a0 Primo\u017e Ker\u0161tanj<i><br \/>\nre\u017eija \/ Regie:<br \/>\n<\/i>\u00a0\u00a0\u00a0\u00a0\u00a0\u00a0\u00a0\u00a0\u00a0\u00a0\u00a0\u00a0\u00a0\u00a0 Marjan \u0160tikar<i><br \/>\n<\/i><i>scenografija \/ B\u00fchnenbild:<\/i><br \/>\nMajda Krivograd<br \/>\n<i>kostumografija \/ Kost\u00fcmbild:<\/i><br \/>\nStanka Vauda<br \/>\n<i>stage music:<\/i><br \/>\nMatija Strni\u0161a<br \/>\n<i>live visuals:<\/i><br \/>\nIncredible Bob<br \/>\n<i>zvok in lu\u010d \/ Ton und Licht:<\/i>\u00a0Kristijan Rehsmann \u2022 Izidor Sticker \u2022 Marko Sitter<\/p>\n<p><i>vmesna besedila \/ Zwischentexte:<\/i><br \/>\nLaura Ippen, Silvia Jelinek, Simone Sch\u00f6nett<\/p>\n<p><b>\u017denski zbor &#8211; RO\u017d &#8211; Frauenchor:<\/b><br \/>\nKrista Jane\u017ei\u010d \u2022 Silvia Jelinek \u2022 Sonja Kolter \u2022 Nadja Krautzer \u2022 Terezija Krautzer \u2022 Andreja Lepuschitz \u2022 Iris Mikula-Bogensberger \u2022 Hanca P\u00f6rtsch \u2022 Eva Rasinger \u2022 Lisa Rasinger \u2022 Fini Ribitsch \u2022 Zalka Sitter \u2022 Sa\u0161a Schlapper \u2022 Martina Steiner \u2022 Breda Sticker \u2022 Leni Sticker \u2022 Rozka Sticker-Tratar \u2022 Margit Unterwalcher \u2022 Marion Urbajs \u2022 Elisabeth Wutti \u2022 Majda W\u00fcster<br \/>\ngosta\/G\u00e4ste: Noura Othman &amp; Farid Al Bitar (Syria\/Austria)<\/p>\n<p><i>recitatorke \/ Sprecherinnen:<br \/>\n<\/i>\u00a0 \u00a0 \u00a0 \u00a0 \u00a0 \u00a0 \u00a0\u00a0 Lena Kravcar, Magdalena Novak, Andrea Sticker, Lisa Walluschnigg[\/vc_column_text][\/vc_column][\/vc_row]<\/p>\n","protected":false},"excerpt":{"rendered":"<p>[vc_row][vc_column][vc_column_text] Pesmi o delu Lieder von der Arbeit \u017denski zbor \/ Frauenchor RO\u017d Multimediakoncert Dir.: Primo\u017e Ker\u0161tanj R.: Marjan \u0160tikar Farov\u017e \u0160entjakob Pfarrhof St. Jakob i. R. \u010de\/Do 26. 10. &#8211; 20h so\/Sa 4. 11. &#8211; 20h ne\/so 5. 11. &#8211; 15h Prireditelj \/ Veranstalter RO\u017d info: 0680\/13 321 12 \u2022\u00a0info(-\u00e4t-)roz.si Rezervacija vstopnic \/ Kartenreservierung: 0680\/13 321 12 [&hellip;]<\/p>\n","protected":false},"author":1,"featured_media":6645,"comment_status":"open","ping_status":"open","sticky":false,"template":"","format":"standard","meta":{"_acf_changed":false,"footnotes":""},"categories":[57],"tags":[62],"class_list":["post-6638","post","type-post","status-publish","format-standard","has-post-thumbnail","hentry","category-zenski-zbor-roz","tag-koncert"],"acf":[],"yoast_head":"<!-- This site is optimized with the Yoast SEO plugin v24.8.1 - https:\/\/yoast.com\/wordpress\/plugins\/seo\/ -->\n<title>SHIVA \u0160IVA - RO\u017d - Slovensko prosvetno dru\u0161tvo<\/title>\n<meta name=\"robots\" content=\"index, follow, max-snippet:-1, max-image-preview:large, max-video-preview:-1\" \/>\n<link rel=\"canonical\" href=\"https:\/\/roz.si\/news\/zenski-zbor-roz\/shiva-siva-2\/\" \/>\n<meta property=\"og:locale\" content=\"de_DE\" \/>\n<meta property=\"og:type\" content=\"article\" \/>\n<meta property=\"og:title\" content=\"SHIVA \u0160IVA - RO\u017d - Slovensko prosvetno dru\u0161tvo\" \/>\n<meta property=\"og:description\" content=\"[vc_row][vc_column][vc_column_text] Pesmi o delu Lieder von der Arbeit \u017denski zbor \/ Frauenchor RO\u017d Multimediakoncert Dir.: Primo\u017e Ker\u0161tanj R.: Marjan \u0160tikar Farov\u017e \u0160entjakob Pfarrhof St. Jakob i. R. \u010de\/Do 26. 10. &#8211; 20h so\/Sa 4. 11. &#8211; 20h ne\/so 5. 11. &#8211; 15h Prireditelj \/ Veranstalter RO\u017d info: 0680\/13 321 12 \u2022\u00a0info(-\u00e4t-)roz.si Rezervacija vstopnic \/ Kartenreservierung: 0680\/13 321 12 [&hellip;]\" \/>\n<meta property=\"og:url\" content=\"https:\/\/roz.si\/news\/zenski-zbor-roz\/shiva-siva-2\/\" \/>\n<meta property=\"og:site_name\" content=\"RO\u017d - Slovensko prosvetno dru\u0161tvo\" \/>\n<meta property=\"article:published_time\" content=\"2021-03-28T17:24:53+00:00\" \/>\n<meta property=\"article:modified_time\" content=\"2021-03-28T17:25:54+00:00\" \/>\n<meta property=\"og:image\" content=\"https:\/\/roz.si\/wp-content\/uploads\/2021\/03\/csm_plakat-shiva_A5_zadnji_termini_c8f09d9466.jpeg\" \/>\n\t<meta property=\"og:image:width\" content=\"423\" \/>\n\t<meta property=\"og:image:height\" content=\"600\" \/>\n\t<meta property=\"og:image:type\" content=\"image\/jpeg\" \/>\n<meta name=\"author\" content=\"polonajencic@gmail.com\" \/>\n<meta name=\"twitter:card\" content=\"summary_large_image\" \/>\n<meta name=\"twitter:label1\" content=\"Verfasst von\" \/>\n\t<meta name=\"twitter:data1\" content=\"polonajencic@gmail.com\" \/>\n\t<meta name=\"twitter:label2\" content=\"Gesch\u00e4tzte Lesezeit\" \/>\n\t<meta name=\"twitter:data2\" content=\"3\u00a0Minuten\" \/>\n<script type=\"application\/ld+json\" class=\"yoast-schema-graph\">{\"@context\":\"https:\/\/schema.org\",\"@graph\":[{\"@type\":\"Article\",\"@id\":\"https:\/\/roz.si\/news\/zenski-zbor-roz\/shiva-siva-2\/#article\",\"isPartOf\":{\"@id\":\"https:\/\/roz.si\/news\/zenski-zbor-roz\/shiva-siva-2\/\"},\"author\":{\"name\":\"polonajencic@gmail.com\",\"@id\":\"https:\/\/roz.si\/#\/schema\/person\/c17674bb115dc13e5ac70b99a5fe7d4e\"},\"headline\":\"SHIVA \u0160IVA\",\"datePublished\":\"2021-03-28T17:24:53+00:00\",\"dateModified\":\"2021-03-28T17:25:54+00:00\",\"mainEntityOfPage\":{\"@id\":\"https:\/\/roz.si\/news\/zenski-zbor-roz\/shiva-siva-2\/\"},\"wordCount\":479,\"commentCount\":0,\"publisher\":{\"@id\":\"https:\/\/roz.si\/#organization\"},\"image\":{\"@id\":\"https:\/\/roz.si\/news\/zenski-zbor-roz\/shiva-siva-2\/#primaryimage\"},\"thumbnailUrl\":\"https:\/\/roz.si\/wp-content\/uploads\/2021\/03\/csm_plakat-shiva_A5_zadnji_termini_c8f09d9466.jpeg\",\"keywords\":[\"Koncert\"],\"articleSection\":[\"\u017eenski zbor ro\u017e\"],\"inLanguage\":\"de\",\"potentialAction\":[{\"@type\":\"CommentAction\",\"name\":\"Comment\",\"target\":[\"https:\/\/roz.si\/news\/zenski-zbor-roz\/shiva-siva-2\/#respond\"]}]},{\"@type\":\"WebPage\",\"@id\":\"https:\/\/roz.si\/news\/zenski-zbor-roz\/shiva-siva-2\/\",\"url\":\"https:\/\/roz.si\/news\/zenski-zbor-roz\/shiva-siva-2\/\",\"name\":\"SHIVA \u0160IVA - RO\u017d - Slovensko prosvetno dru\u0161tvo\",\"isPartOf\":{\"@id\":\"https:\/\/roz.si\/#website\"},\"primaryImageOfPage\":{\"@id\":\"https:\/\/roz.si\/news\/zenski-zbor-roz\/shiva-siva-2\/#primaryimage\"},\"image\":{\"@id\":\"https:\/\/roz.si\/news\/zenski-zbor-roz\/shiva-siva-2\/#primaryimage\"},\"thumbnailUrl\":\"https:\/\/roz.si\/wp-content\/uploads\/2021\/03\/csm_plakat-shiva_A5_zadnji_termini_c8f09d9466.jpeg\",\"datePublished\":\"2021-03-28T17:24:53+00:00\",\"dateModified\":\"2021-03-28T17:25:54+00:00\",\"breadcrumb\":{\"@id\":\"https:\/\/roz.si\/news\/zenski-zbor-roz\/shiva-siva-2\/#breadcrumb\"},\"inLanguage\":\"de\",\"potentialAction\":[{\"@type\":\"ReadAction\",\"target\":[\"https:\/\/roz.si\/news\/zenski-zbor-roz\/shiva-siva-2\/\"]}]},{\"@type\":\"ImageObject\",\"inLanguage\":\"de\",\"@id\":\"https:\/\/roz.si\/news\/zenski-zbor-roz\/shiva-siva-2\/#primaryimage\",\"url\":\"https:\/\/roz.si\/wp-content\/uploads\/2021\/03\/csm_plakat-shiva_A5_zadnji_termini_c8f09d9466.jpeg\",\"contentUrl\":\"https:\/\/roz.si\/wp-content\/uploads\/2021\/03\/csm_plakat-shiva_A5_zadnji_termini_c8f09d9466.jpeg\",\"width\":423,\"height\":600},{\"@type\":\"BreadcrumbList\",\"@id\":\"https:\/\/roz.si\/news\/zenski-zbor-roz\/shiva-siva-2\/#breadcrumb\",\"itemListElement\":[{\"@type\":\"ListItem\",\"position\":1,\"name\":\"Home\",\"item\":\"https:\/\/roz.si\/de\/\"},{\"@type\":\"ListItem\",\"position\":2,\"name\":\"SHIVA \u0160IVA\"}]},{\"@type\":\"WebSite\",\"@id\":\"https:\/\/roz.si\/#website\",\"url\":\"https:\/\/roz.si\/\",\"name\":\"RO\u017d - Slovensko prosvetno dru\u0161tvo\",\"description\":\"Slovensko prosvetno dru\u0161tvo Ro\u017e\",\"publisher\":{\"@id\":\"https:\/\/roz.si\/#organization\"},\"potentialAction\":[{\"@type\":\"SearchAction\",\"target\":{\"@type\":\"EntryPoint\",\"urlTemplate\":\"https:\/\/roz.si\/?s={search_term_string}\"},\"query-input\":{\"@type\":\"PropertyValueSpecification\",\"valueRequired\":true,\"valueName\":\"search_term_string\"}}],\"inLanguage\":\"de\"},{\"@type\":\"Organization\",\"@id\":\"https:\/\/roz.si\/#organization\",\"name\":\"RO\u017d - Slovensko prosvetno dru\u0161tvo\",\"url\":\"https:\/\/roz.si\/\",\"logo\":{\"@type\":\"ImageObject\",\"inLanguage\":\"de\",\"@id\":\"https:\/\/roz.si\/#\/schema\/logo\/image\/\",\"url\":\"https:\/\/roz.si\/wp-content\/uploads\/2022\/11\/ROZ_logo.ico\",\"contentUrl\":\"https:\/\/roz.si\/wp-content\/uploads\/2022\/11\/ROZ_logo.ico\",\"width\":199,\"height\":120,\"caption\":\"RO\u017d - Slovensko prosvetno dru\u0161tvo\"},\"image\":{\"@id\":\"https:\/\/roz.si\/#\/schema\/logo\/image\/\"}},{\"@type\":\"Person\",\"@id\":\"https:\/\/roz.si\/#\/schema\/person\/c17674bb115dc13e5ac70b99a5fe7d4e\",\"name\":\"polonajencic@gmail.com\",\"image\":{\"@type\":\"ImageObject\",\"inLanguage\":\"de\",\"@id\":\"https:\/\/roz.si\/#\/schema\/person\/image\/\",\"url\":\"https:\/\/secure.gravatar.com\/avatar\/7bdbe1292afd0a9772e0f495079f8ef952b2320efdaed099df74beba51b524fc?s=96&d=mm&r=g\",\"contentUrl\":\"https:\/\/secure.gravatar.com\/avatar\/7bdbe1292afd0a9772e0f495079f8ef952b2320efdaed099df74beba51b524fc?s=96&d=mm&r=g\",\"caption\":\"polonajencic@gmail.com\"},\"sameAs\":[\"http:\/\/roz.si\"],\"url\":\"https:\/\/roz.si\/de\/author\/polonajencicgmail-com\/\"}]}<\/script>\n<!-- \/ Yoast SEO plugin. -->","yoast_head_json":{"title":"SHIVA \u0160IVA - RO\u017d - Slovensko prosvetno dru\u0161tvo","robots":{"index":"index","follow":"follow","max-snippet":"max-snippet:-1","max-image-preview":"max-image-preview:large","max-video-preview":"max-video-preview:-1"},"canonical":"https:\/\/roz.si\/news\/zenski-zbor-roz\/shiva-siva-2\/","og_locale":"de_DE","og_type":"article","og_title":"SHIVA \u0160IVA - RO\u017d - Slovensko prosvetno dru\u0161tvo","og_description":"[vc_row][vc_column][vc_column_text] Pesmi o delu Lieder von der Arbeit \u017denski zbor \/ Frauenchor RO\u017d Multimediakoncert Dir.: Primo\u017e Ker\u0161tanj R.: Marjan \u0160tikar Farov\u017e \u0160entjakob Pfarrhof St. Jakob i. R. \u010de\/Do 26. 10. &#8211; 20h so\/Sa 4. 11. &#8211; 20h ne\/so 5. 11. &#8211; 15h Prireditelj \/ Veranstalter RO\u017d info: 0680\/13 321 12 \u2022\u00a0info(-\u00e4t-)roz.si Rezervacija vstopnic \/ Kartenreservierung: 0680\/13 321 12 [&hellip;]","og_url":"https:\/\/roz.si\/news\/zenski-zbor-roz\/shiva-siva-2\/","og_site_name":"RO\u017d - Slovensko prosvetno dru\u0161tvo","article_published_time":"2021-03-28T17:24:53+00:00","article_modified_time":"2021-03-28T17:25:54+00:00","og_image":[{"width":423,"height":600,"url":"https:\/\/roz.si\/wp-content\/uploads\/2021\/03\/csm_plakat-shiva_A5_zadnji_termini_c8f09d9466.jpeg","type":"image\/jpeg"}],"author":"polonajencic@gmail.com","twitter_card":"summary_large_image","twitter_misc":{"Verfasst von":"polonajencic@gmail.com","Gesch\u00e4tzte Lesezeit":"3\u00a0Minuten"},"schema":{"@context":"https:\/\/schema.org","@graph":[{"@type":"Article","@id":"https:\/\/roz.si\/news\/zenski-zbor-roz\/shiva-siva-2\/#article","isPartOf":{"@id":"https:\/\/roz.si\/news\/zenski-zbor-roz\/shiva-siva-2\/"},"author":{"name":"polonajencic@gmail.com","@id":"https:\/\/roz.si\/#\/schema\/person\/c17674bb115dc13e5ac70b99a5fe7d4e"},"headline":"SHIVA \u0160IVA","datePublished":"2021-03-28T17:24:53+00:00","dateModified":"2021-03-28T17:25:54+00:00","mainEntityOfPage":{"@id":"https:\/\/roz.si\/news\/zenski-zbor-roz\/shiva-siva-2\/"},"wordCount":479,"commentCount":0,"publisher":{"@id":"https:\/\/roz.si\/#organization"},"image":{"@id":"https:\/\/roz.si\/news\/zenski-zbor-roz\/shiva-siva-2\/#primaryimage"},"thumbnailUrl":"https:\/\/roz.si\/wp-content\/uploads\/2021\/03\/csm_plakat-shiva_A5_zadnji_termini_c8f09d9466.jpeg","keywords":["Koncert"],"articleSection":["\u017eenski zbor ro\u017e"],"inLanguage":"de","potentialAction":[{"@type":"CommentAction","name":"Comment","target":["https:\/\/roz.si\/news\/zenski-zbor-roz\/shiva-siva-2\/#respond"]}]},{"@type":"WebPage","@id":"https:\/\/roz.si\/news\/zenski-zbor-roz\/shiva-siva-2\/","url":"https:\/\/roz.si\/news\/zenski-zbor-roz\/shiva-siva-2\/","name":"SHIVA \u0160IVA - RO\u017d - Slovensko prosvetno dru\u0161tvo","isPartOf":{"@id":"https:\/\/roz.si\/#website"},"primaryImageOfPage":{"@id":"https:\/\/roz.si\/news\/zenski-zbor-roz\/shiva-siva-2\/#primaryimage"},"image":{"@id":"https:\/\/roz.si\/news\/zenski-zbor-roz\/shiva-siva-2\/#primaryimage"},"thumbnailUrl":"https:\/\/roz.si\/wp-content\/uploads\/2021\/03\/csm_plakat-shiva_A5_zadnji_termini_c8f09d9466.jpeg","datePublished":"2021-03-28T17:24:53+00:00","dateModified":"2021-03-28T17:25:54+00:00","breadcrumb":{"@id":"https:\/\/roz.si\/news\/zenski-zbor-roz\/shiva-siva-2\/#breadcrumb"},"inLanguage":"de","potentialAction":[{"@type":"ReadAction","target":["https:\/\/roz.si\/news\/zenski-zbor-roz\/shiva-siva-2\/"]}]},{"@type":"ImageObject","inLanguage":"de","@id":"https:\/\/roz.si\/news\/zenski-zbor-roz\/shiva-siva-2\/#primaryimage","url":"https:\/\/roz.si\/wp-content\/uploads\/2021\/03\/csm_plakat-shiva_A5_zadnji_termini_c8f09d9466.jpeg","contentUrl":"https:\/\/roz.si\/wp-content\/uploads\/2021\/03\/csm_plakat-shiva_A5_zadnji_termini_c8f09d9466.jpeg","width":423,"height":600},{"@type":"BreadcrumbList","@id":"https:\/\/roz.si\/news\/zenski-zbor-roz\/shiva-siva-2\/#breadcrumb","itemListElement":[{"@type":"ListItem","position":1,"name":"Home","item":"https:\/\/roz.si\/de\/"},{"@type":"ListItem","position":2,"name":"SHIVA \u0160IVA"}]},{"@type":"WebSite","@id":"https:\/\/roz.si\/#website","url":"https:\/\/roz.si\/","name":"RO\u017d - Slovensko prosvetno dru\u0161tvo","description":"Slovensko prosvetno dru\u0161tvo Ro\u017e","publisher":{"@id":"https:\/\/roz.si\/#organization"},"potentialAction":[{"@type":"SearchAction","target":{"@type":"EntryPoint","urlTemplate":"https:\/\/roz.si\/?s={search_term_string}"},"query-input":{"@type":"PropertyValueSpecification","valueRequired":true,"valueName":"search_term_string"}}],"inLanguage":"de"},{"@type":"Organization","@id":"https:\/\/roz.si\/#organization","name":"RO\u017d - Slovensko prosvetno dru\u0161tvo","url":"https:\/\/roz.si\/","logo":{"@type":"ImageObject","inLanguage":"de","@id":"https:\/\/roz.si\/#\/schema\/logo\/image\/","url":"https:\/\/roz.si\/wp-content\/uploads\/2022\/11\/ROZ_logo.ico","contentUrl":"https:\/\/roz.si\/wp-content\/uploads\/2022\/11\/ROZ_logo.ico","width":199,"height":120,"caption":"RO\u017d - Slovensko prosvetno dru\u0161tvo"},"image":{"@id":"https:\/\/roz.si\/#\/schema\/logo\/image\/"}},{"@type":"Person","@id":"https:\/\/roz.si\/#\/schema\/person\/c17674bb115dc13e5ac70b99a5fe7d4e","name":"polonajencic@gmail.com","image":{"@type":"ImageObject","inLanguage":"de","@id":"https:\/\/roz.si\/#\/schema\/person\/image\/","url":"https:\/\/secure.gravatar.com\/avatar\/7bdbe1292afd0a9772e0f495079f8ef952b2320efdaed099df74beba51b524fc?s=96&d=mm&r=g","contentUrl":"https:\/\/secure.gravatar.com\/avatar\/7bdbe1292afd0a9772e0f495079f8ef952b2320efdaed099df74beba51b524fc?s=96&d=mm&r=g","caption":"polonajencic@gmail.com"},"sameAs":["http:\/\/roz.si"],"url":"https:\/\/roz.si\/de\/author\/polonajencicgmail-com\/"}]}},"_links":{"self":[{"href":"https:\/\/roz.si\/de\/wp-json\/wp\/v2\/posts\/6638","targetHints":{"allow":["GET"]}}],"collection":[{"href":"https:\/\/roz.si\/de\/wp-json\/wp\/v2\/posts"}],"about":[{"href":"https:\/\/roz.si\/de\/wp-json\/wp\/v2\/types\/post"}],"author":[{"embeddable":true,"href":"https:\/\/roz.si\/de\/wp-json\/wp\/v2\/users\/1"}],"replies":[{"embeddable":true,"href":"https:\/\/roz.si\/de\/wp-json\/wp\/v2\/comments?post=6638"}],"version-history":[{"count":1,"href":"https:\/\/roz.si\/de\/wp-json\/wp\/v2\/posts\/6638\/revisions"}],"predecessor-version":[{"id":6652,"href":"https:\/\/roz.si\/de\/wp-json\/wp\/v2\/posts\/6638\/revisions\/6652"}],"wp:featuredmedia":[{"embeddable":true,"href":"https:\/\/roz.si\/de\/wp-json\/wp\/v2\/media\/6645"}],"wp:attachment":[{"href":"https:\/\/roz.si\/de\/wp-json\/wp\/v2\/media?parent=6638"}],"wp:term":[{"taxonomy":"category","embeddable":true,"href":"https:\/\/roz.si\/de\/wp-json\/wp\/v2\/categories?post=6638"},{"taxonomy":"post_tag","embeddable":true,"href":"https:\/\/roz.si\/de\/wp-json\/wp\/v2\/tags?post=6638"}],"curies":[{"name":"wp","href":"https:\/\/api.w.org\/{rel}","templated":true}]}}