{"id":7029,"date":"2021-03-29T14:59:09","date_gmt":"2021-03-29T14:59:09","guid":{"rendered":"http:\/\/roz.si\/?p=7029"},"modified":"2021-03-29T17:32:09","modified_gmt":"2021-03-29T17:32:09","slug":"kesaj-tchave","status":"publish","type":"post","link":"https:\/\/roz.si\/de\/news\/roz\/kesaj-tchave\/","title":{"rendered":"KESAJ TCHAV\u00c8"},"content":{"rendered":"<p>[vc_row][vc_column][vc_column_text]<\/p>\n<h4>Musik und Tanz der Roma aus der Slowakei<br \/>\nGlasba in plesi Romov iz Slova\u0161ke<\/h4>\n<p><b>Sa\/sob, 29.6.2019<\/b><br \/>\n20:30h, Farov\u017e \u0160entjakob \/ Pfarrhof St. Jakob i.R.<\/p>\n<p>20h &#8211; Kino Janach<br \/>\nFinissage der Ausstellung VERMESSUNGSAMT \/<br \/>\ndokon\u010dno zaprtje razstave GEODETSKI URAD<\/p>\n<p>Eintritt\/vstopnina: 14.- \/ 10.- EUR<\/p>\n<p><b>K\u00e9saj Tchav\u00e9<\/b><br \/>\n<i>Kinder der Fee\/Otroci vile<\/i><\/p>\n<p>Mehr als 30 singende, musizierende und tanzende Roma, Kinder und junge Erwachsene zwischen 6 und 25 Jahren. Eigentlich sind es alles Menschen, denen niemand in der Slowakei auch nur den Hauch einer Zukunft zutraut. Doch Ivan Akimov, ihr Lehrer, holt sie aus den Barackensiedlungen, lehrt sie singen und tanzen und tourt mit ihnen durch ganz Europa.<\/p>\n<p><i>\u201ePerfekte Medizin gegen alles Graue und Traurige in der Welt &#8211; nur so und nicht besser kann man das beschreiben, was Kesaj Tchav\u00e9 auf die B\u00fchne bringen. Bei den atemberaubenden Spr\u00fcngen der Jungs und den Tanzeinlagen der M\u00e4dchen \u00e4chzen die B\u00fchnenbretter unter ihren F\u00fc\u00dfen. Nicht jeder gesungene Ton der Kombo sitzt, aber bei der Lebensfreude, die sie ausstrahlen,wird das nebens\u00e4chlich. Extase pur!\u201c<\/i><\/p>\n<p>K\u00e9saj Tchav\u00e9 &#8211; nad 30 \u010dlanska skupina Romov in Romkinj iz severno-vzhodne Slova\u0161ke, ki godejo, pojejo in ple\u0161ejo, da se \u0161ibijo odrske deske. So otroci in mladinci, ki jih zdru\u017euje njihov u\u010ditelj in mentor Ivan Akimov, ki jim poleg glasbe in plesa nudi tudi \u0161olsko izobrazbo tako, da so nekateri od njih uspeli kon\u010dati tudi univerzo. S svojo romsko glasbo in plesom osvajajo ob\u010dinstvo po celi Evropi.<br \/>\n\u201eOtroci vile\u201c so pa\u0161a za o\u010di in najbolj\u0161i lek proti sivini in \u017ealosti na svetu.\u201c<\/p>\n<p><i>\u201eSijajno je bilo. Plesali in igrali so dve uri, brez minute pavze, dokler jih niso zagrabili kr\u010di, se pokazale prve rane in se niso razbili kragulj\u010dki na rokah in se razleteli po odru. V zraku je bila neverjetna energija, ki je za seboj potegnila vse poslu\u0161alce.\u201c<\/i><\/p>\n<p>20h &#8211; Kino Janach<br \/>\n<b>Finissage der Ausstellung VERMESSUNGSAMT<br \/>\ndokon\u010dno zaprtje razstave GEODETSKI URAD<\/b><\/p>\n<p><i>Trotz aller Erkenntnisse der Wissenschaft: der Glaube an Menschenrassen ist kaum auszurotten. Das muss sich schleunigst \u00e4ndern.\u00a0\u00a0\u00a0\u00a0 Martin Gasser, Kleine Zeitung<\/i>[\/vc_column_text][\/vc_column][\/vc_row]<\/p>\n","protected":false},"excerpt":{"rendered":"<p>[vc_row][vc_column][vc_column_text] Musik und Tanz der Roma aus der Slowakei Glasba in plesi Romov iz Slova\u0161ke Sa\/sob, 29.6.2019 20:30h, Farov\u017e \u0160entjakob \/ Pfarrhof St. Jakob i.R. 20h &#8211; Kino Janach Finissage der Ausstellung VERMESSUNGSAMT \/ dokon\u010dno zaprtje razstave GEODETSKI URAD Eintritt\/vstopnina: 14.- \/ 10.- EUR K\u00e9saj Tchav\u00e9 Kinder der Fee\/Otroci vile Mehr als 30 singende, musizierende und tanzende Roma, [&hellip;]<\/p>\n","protected":false},"author":1,"featured_media":7032,"comment_status":"open","ping_status":"open","sticky":false,"template":"","format":"standard","meta":{"_acf_changed":false,"footnotes":""},"categories":[56],"tags":[62,68],"class_list":["post-7029","post","type-post","status-publish","format-standard","has-post-thumbnail","hentry","category-roz","tag-koncert","tag-razstava"],"acf":[],"yoast_head":"<!-- This site is optimized with the Yoast SEO plugin v24.8.1 - https:\/\/yoast.com\/wordpress\/plugins\/seo\/ -->\n<title>KESAJ TCHAV\u00c8 - RO\u017d - Slovensko prosvetno dru\u0161tvo<\/title>\n<meta name=\"robots\" content=\"index, follow, max-snippet:-1, max-image-preview:large, max-video-preview:-1\" \/>\n<link rel=\"canonical\" href=\"https:\/\/roz.si\/news\/roz\/kesaj-tchave\/\" \/>\n<meta property=\"og:locale\" content=\"de_DE\" \/>\n<meta property=\"og:type\" content=\"article\" \/>\n<meta property=\"og:title\" content=\"KESAJ TCHAV\u00c8 - RO\u017d - Slovensko prosvetno dru\u0161tvo\" \/>\n<meta property=\"og:description\" content=\"[vc_row][vc_column][vc_column_text] Musik und Tanz der Roma aus der Slowakei Glasba in plesi Romov iz Slova\u0161ke Sa\/sob, 29.6.2019 20:30h, Farov\u017e \u0160entjakob \/ Pfarrhof St. Jakob i.R. 20h &#8211; Kino Janach Finissage der Ausstellung VERMESSUNGSAMT \/ dokon\u010dno zaprtje razstave GEODETSKI URAD Eintritt\/vstopnina: 14.- \/ 10.- EUR K\u00e9saj Tchav\u00e9 Kinder der Fee\/Otroci vile Mehr als 30 singende, musizierende und tanzende Roma, [&hellip;]\" \/>\n<meta property=\"og:url\" content=\"https:\/\/roz.si\/news\/roz\/kesaj-tchave\/\" \/>\n<meta property=\"og:site_name\" content=\"RO\u017d - Slovensko prosvetno dru\u0161tvo\" \/>\n<meta property=\"article:published_time\" content=\"2021-03-29T14:59:09+00:00\" \/>\n<meta property=\"article:modified_time\" content=\"2021-03-29T17:32:09+00:00\" \/>\n<meta property=\"og:image\" content=\"https:\/\/roz.si\/wp-content\/uploads\/2021\/03\/csm_Kesaj_Tchave_20ce3a3dc7.jpeg\" \/>\n\t<meta property=\"og:image:width\" content=\"303\" \/>\n\t<meta property=\"og:image:height\" content=\"600\" \/>\n\t<meta property=\"og:image:type\" content=\"image\/jpeg\" \/>\n<meta name=\"author\" content=\"polonajencic@gmail.com\" \/>\n<meta name=\"twitter:card\" content=\"summary_large_image\" \/>\n<meta name=\"twitter:label1\" content=\"Verfasst von\" \/>\n\t<meta name=\"twitter:data1\" content=\"polonajencic@gmail.com\" \/>\n\t<meta name=\"twitter:label2\" content=\"Gesch\u00e4tzte Lesezeit\" \/>\n\t<meta name=\"twitter:data2\" content=\"2\u00a0Minuten\" \/>\n<script type=\"application\/ld+json\" class=\"yoast-schema-graph\">{\"@context\":\"https:\/\/schema.org\",\"@graph\":[{\"@type\":\"Article\",\"@id\":\"https:\/\/roz.si\/news\/roz\/kesaj-tchave\/#article\",\"isPartOf\":{\"@id\":\"https:\/\/roz.si\/news\/roz\/kesaj-tchave\/\"},\"author\":{\"name\":\"polonajencic@gmail.com\",\"@id\":\"https:\/\/roz.si\/#\/schema\/person\/c17674bb115dc13e5ac70b99a5fe7d4e\"},\"headline\":\"KESAJ TCHAV\u00c8\",\"datePublished\":\"2021-03-29T14:59:09+00:00\",\"dateModified\":\"2021-03-29T17:32:09+00:00\",\"mainEntityOfPage\":{\"@id\":\"https:\/\/roz.si\/news\/roz\/kesaj-tchave\/\"},\"wordCount\":365,\"commentCount\":0,\"publisher\":{\"@id\":\"https:\/\/roz.si\/#organization\"},\"image\":{\"@id\":\"https:\/\/roz.si\/news\/roz\/kesaj-tchave\/#primaryimage\"},\"thumbnailUrl\":\"https:\/\/roz.si\/wp-content\/uploads\/2021\/03\/csm_Kesaj_Tchave_20ce3a3dc7.jpeg\",\"keywords\":[\"Koncert\",\"Razstava\"],\"articleSection\":[\"ro\u017e\"],\"inLanguage\":\"de\",\"potentialAction\":[{\"@type\":\"CommentAction\",\"name\":\"Comment\",\"target\":[\"https:\/\/roz.si\/news\/roz\/kesaj-tchave\/#respond\"]}]},{\"@type\":\"WebPage\",\"@id\":\"https:\/\/roz.si\/news\/roz\/kesaj-tchave\/\",\"url\":\"https:\/\/roz.si\/news\/roz\/kesaj-tchave\/\",\"name\":\"KESAJ TCHAV\u00c8 - RO\u017d - Slovensko prosvetno dru\u0161tvo\",\"isPartOf\":{\"@id\":\"https:\/\/roz.si\/#website\"},\"primaryImageOfPage\":{\"@id\":\"https:\/\/roz.si\/news\/roz\/kesaj-tchave\/#primaryimage\"},\"image\":{\"@id\":\"https:\/\/roz.si\/news\/roz\/kesaj-tchave\/#primaryimage\"},\"thumbnailUrl\":\"https:\/\/roz.si\/wp-content\/uploads\/2021\/03\/csm_Kesaj_Tchave_20ce3a3dc7.jpeg\",\"datePublished\":\"2021-03-29T14:59:09+00:00\",\"dateModified\":\"2021-03-29T17:32:09+00:00\",\"breadcrumb\":{\"@id\":\"https:\/\/roz.si\/news\/roz\/kesaj-tchave\/#breadcrumb\"},\"inLanguage\":\"de\",\"potentialAction\":[{\"@type\":\"ReadAction\",\"target\":[\"https:\/\/roz.si\/news\/roz\/kesaj-tchave\/\"]}]},{\"@type\":\"ImageObject\",\"inLanguage\":\"de\",\"@id\":\"https:\/\/roz.si\/news\/roz\/kesaj-tchave\/#primaryimage\",\"url\":\"https:\/\/roz.si\/wp-content\/uploads\/2021\/03\/csm_Kesaj_Tchave_20ce3a3dc7.jpeg\",\"contentUrl\":\"https:\/\/roz.si\/wp-content\/uploads\/2021\/03\/csm_Kesaj_Tchave_20ce3a3dc7.jpeg\",\"width\":303,\"height\":600},{\"@type\":\"BreadcrumbList\",\"@id\":\"https:\/\/roz.si\/news\/roz\/kesaj-tchave\/#breadcrumb\",\"itemListElement\":[{\"@type\":\"ListItem\",\"position\":1,\"name\":\"Home\",\"item\":\"https:\/\/roz.si\/de\/\"},{\"@type\":\"ListItem\",\"position\":2,\"name\":\"KESAJ TCHAV\u00c8\"}]},{\"@type\":\"WebSite\",\"@id\":\"https:\/\/roz.si\/#website\",\"url\":\"https:\/\/roz.si\/\",\"name\":\"RO\u017d - Slovensko prosvetno dru\u0161tvo\",\"description\":\"Slovensko prosvetno dru\u0161tvo Ro\u017e\",\"publisher\":{\"@id\":\"https:\/\/roz.si\/#organization\"},\"potentialAction\":[{\"@type\":\"SearchAction\",\"target\":{\"@type\":\"EntryPoint\",\"urlTemplate\":\"https:\/\/roz.si\/?s={search_term_string}\"},\"query-input\":{\"@type\":\"PropertyValueSpecification\",\"valueRequired\":true,\"valueName\":\"search_term_string\"}}],\"inLanguage\":\"de\"},{\"@type\":\"Organization\",\"@id\":\"https:\/\/roz.si\/#organization\",\"name\":\"RO\u017d - Slovensko prosvetno dru\u0161tvo\",\"url\":\"https:\/\/roz.si\/\",\"logo\":{\"@type\":\"ImageObject\",\"inLanguage\":\"de\",\"@id\":\"https:\/\/roz.si\/#\/schema\/logo\/image\/\",\"url\":\"https:\/\/roz.si\/wp-content\/uploads\/2022\/11\/ROZ_logo.ico\",\"contentUrl\":\"https:\/\/roz.si\/wp-content\/uploads\/2022\/11\/ROZ_logo.ico\",\"width\":199,\"height\":120,\"caption\":\"RO\u017d - Slovensko prosvetno dru\u0161tvo\"},\"image\":{\"@id\":\"https:\/\/roz.si\/#\/schema\/logo\/image\/\"}},{\"@type\":\"Person\",\"@id\":\"https:\/\/roz.si\/#\/schema\/person\/c17674bb115dc13e5ac70b99a5fe7d4e\",\"name\":\"polonajencic@gmail.com\",\"image\":{\"@type\":\"ImageObject\",\"inLanguage\":\"de\",\"@id\":\"https:\/\/roz.si\/#\/schema\/person\/image\/\",\"url\":\"https:\/\/secure.gravatar.com\/avatar\/7bdbe1292afd0a9772e0f495079f8ef952b2320efdaed099df74beba51b524fc?s=96&d=mm&r=g\",\"contentUrl\":\"https:\/\/secure.gravatar.com\/avatar\/7bdbe1292afd0a9772e0f495079f8ef952b2320efdaed099df74beba51b524fc?s=96&d=mm&r=g\",\"caption\":\"polonajencic@gmail.com\"},\"sameAs\":[\"http:\/\/roz.si\"],\"url\":\"https:\/\/roz.si\/de\/author\/polonajencicgmail-com\/\"}]}<\/script>\n<!-- \/ Yoast SEO plugin. -->","yoast_head_json":{"title":"KESAJ TCHAV\u00c8 - RO\u017d - Slovensko prosvetno dru\u0161tvo","robots":{"index":"index","follow":"follow","max-snippet":"max-snippet:-1","max-image-preview":"max-image-preview:large","max-video-preview":"max-video-preview:-1"},"canonical":"https:\/\/roz.si\/news\/roz\/kesaj-tchave\/","og_locale":"de_DE","og_type":"article","og_title":"KESAJ TCHAV\u00c8 - RO\u017d - Slovensko prosvetno dru\u0161tvo","og_description":"[vc_row][vc_column][vc_column_text] Musik und Tanz der Roma aus der Slowakei Glasba in plesi Romov iz Slova\u0161ke Sa\/sob, 29.6.2019 20:30h, Farov\u017e \u0160entjakob \/ Pfarrhof St. Jakob i.R. 20h &#8211; Kino Janach Finissage der Ausstellung VERMESSUNGSAMT \/ dokon\u010dno zaprtje razstave GEODETSKI URAD Eintritt\/vstopnina: 14.- \/ 10.- EUR K\u00e9saj Tchav\u00e9 Kinder der Fee\/Otroci vile Mehr als 30 singende, musizierende und tanzende Roma, [&hellip;]","og_url":"https:\/\/roz.si\/news\/roz\/kesaj-tchave\/","og_site_name":"RO\u017d - Slovensko prosvetno dru\u0161tvo","article_published_time":"2021-03-29T14:59:09+00:00","article_modified_time":"2021-03-29T17:32:09+00:00","og_image":[{"width":303,"height":600,"url":"https:\/\/roz.si\/wp-content\/uploads\/2021\/03\/csm_Kesaj_Tchave_20ce3a3dc7.jpeg","type":"image\/jpeg"}],"author":"polonajencic@gmail.com","twitter_card":"summary_large_image","twitter_misc":{"Verfasst von":"polonajencic@gmail.com","Gesch\u00e4tzte Lesezeit":"2\u00a0Minuten"},"schema":{"@context":"https:\/\/schema.org","@graph":[{"@type":"Article","@id":"https:\/\/roz.si\/news\/roz\/kesaj-tchave\/#article","isPartOf":{"@id":"https:\/\/roz.si\/news\/roz\/kesaj-tchave\/"},"author":{"name":"polonajencic@gmail.com","@id":"https:\/\/roz.si\/#\/schema\/person\/c17674bb115dc13e5ac70b99a5fe7d4e"},"headline":"KESAJ TCHAV\u00c8","datePublished":"2021-03-29T14:59:09+00:00","dateModified":"2021-03-29T17:32:09+00:00","mainEntityOfPage":{"@id":"https:\/\/roz.si\/news\/roz\/kesaj-tchave\/"},"wordCount":365,"commentCount":0,"publisher":{"@id":"https:\/\/roz.si\/#organization"},"image":{"@id":"https:\/\/roz.si\/news\/roz\/kesaj-tchave\/#primaryimage"},"thumbnailUrl":"https:\/\/roz.si\/wp-content\/uploads\/2021\/03\/csm_Kesaj_Tchave_20ce3a3dc7.jpeg","keywords":["Koncert","Razstava"],"articleSection":["ro\u017e"],"inLanguage":"de","potentialAction":[{"@type":"CommentAction","name":"Comment","target":["https:\/\/roz.si\/news\/roz\/kesaj-tchave\/#respond"]}]},{"@type":"WebPage","@id":"https:\/\/roz.si\/news\/roz\/kesaj-tchave\/","url":"https:\/\/roz.si\/news\/roz\/kesaj-tchave\/","name":"KESAJ TCHAV\u00c8 - RO\u017d - Slovensko prosvetno dru\u0161tvo","isPartOf":{"@id":"https:\/\/roz.si\/#website"},"primaryImageOfPage":{"@id":"https:\/\/roz.si\/news\/roz\/kesaj-tchave\/#primaryimage"},"image":{"@id":"https:\/\/roz.si\/news\/roz\/kesaj-tchave\/#primaryimage"},"thumbnailUrl":"https:\/\/roz.si\/wp-content\/uploads\/2021\/03\/csm_Kesaj_Tchave_20ce3a3dc7.jpeg","datePublished":"2021-03-29T14:59:09+00:00","dateModified":"2021-03-29T17:32:09+00:00","breadcrumb":{"@id":"https:\/\/roz.si\/news\/roz\/kesaj-tchave\/#breadcrumb"},"inLanguage":"de","potentialAction":[{"@type":"ReadAction","target":["https:\/\/roz.si\/news\/roz\/kesaj-tchave\/"]}]},{"@type":"ImageObject","inLanguage":"de","@id":"https:\/\/roz.si\/news\/roz\/kesaj-tchave\/#primaryimage","url":"https:\/\/roz.si\/wp-content\/uploads\/2021\/03\/csm_Kesaj_Tchave_20ce3a3dc7.jpeg","contentUrl":"https:\/\/roz.si\/wp-content\/uploads\/2021\/03\/csm_Kesaj_Tchave_20ce3a3dc7.jpeg","width":303,"height":600},{"@type":"BreadcrumbList","@id":"https:\/\/roz.si\/news\/roz\/kesaj-tchave\/#breadcrumb","itemListElement":[{"@type":"ListItem","position":1,"name":"Home","item":"https:\/\/roz.si\/de\/"},{"@type":"ListItem","position":2,"name":"KESAJ TCHAV\u00c8"}]},{"@type":"WebSite","@id":"https:\/\/roz.si\/#website","url":"https:\/\/roz.si\/","name":"RO\u017d - Slovensko prosvetno dru\u0161tvo","description":"Slovensko prosvetno dru\u0161tvo Ro\u017e","publisher":{"@id":"https:\/\/roz.si\/#organization"},"potentialAction":[{"@type":"SearchAction","target":{"@type":"EntryPoint","urlTemplate":"https:\/\/roz.si\/?s={search_term_string}"},"query-input":{"@type":"PropertyValueSpecification","valueRequired":true,"valueName":"search_term_string"}}],"inLanguage":"de"},{"@type":"Organization","@id":"https:\/\/roz.si\/#organization","name":"RO\u017d - Slovensko prosvetno dru\u0161tvo","url":"https:\/\/roz.si\/","logo":{"@type":"ImageObject","inLanguage":"de","@id":"https:\/\/roz.si\/#\/schema\/logo\/image\/","url":"https:\/\/roz.si\/wp-content\/uploads\/2022\/11\/ROZ_logo.ico","contentUrl":"https:\/\/roz.si\/wp-content\/uploads\/2022\/11\/ROZ_logo.ico","width":199,"height":120,"caption":"RO\u017d - Slovensko prosvetno dru\u0161tvo"},"image":{"@id":"https:\/\/roz.si\/#\/schema\/logo\/image\/"}},{"@type":"Person","@id":"https:\/\/roz.si\/#\/schema\/person\/c17674bb115dc13e5ac70b99a5fe7d4e","name":"polonajencic@gmail.com","image":{"@type":"ImageObject","inLanguage":"de","@id":"https:\/\/roz.si\/#\/schema\/person\/image\/","url":"https:\/\/secure.gravatar.com\/avatar\/7bdbe1292afd0a9772e0f495079f8ef952b2320efdaed099df74beba51b524fc?s=96&d=mm&r=g","contentUrl":"https:\/\/secure.gravatar.com\/avatar\/7bdbe1292afd0a9772e0f495079f8ef952b2320efdaed099df74beba51b524fc?s=96&d=mm&r=g","caption":"polonajencic@gmail.com"},"sameAs":["http:\/\/roz.si"],"url":"https:\/\/roz.si\/de\/author\/polonajencicgmail-com\/"}]}},"_links":{"self":[{"href":"https:\/\/roz.si\/de\/wp-json\/wp\/v2\/posts\/7029","targetHints":{"allow":["GET"]}}],"collection":[{"href":"https:\/\/roz.si\/de\/wp-json\/wp\/v2\/posts"}],"about":[{"href":"https:\/\/roz.si\/de\/wp-json\/wp\/v2\/types\/post"}],"author":[{"embeddable":true,"href":"https:\/\/roz.si\/de\/wp-json\/wp\/v2\/users\/1"}],"replies":[{"embeddable":true,"href":"https:\/\/roz.si\/de\/wp-json\/wp\/v2\/comments?post=7029"}],"version-history":[{"count":1,"href":"https:\/\/roz.si\/de\/wp-json\/wp\/v2\/posts\/7029\/revisions"}],"predecessor-version":[{"id":7034,"href":"https:\/\/roz.si\/de\/wp-json\/wp\/v2\/posts\/7029\/revisions\/7034"}],"wp:featuredmedia":[{"embeddable":true,"href":"https:\/\/roz.si\/de\/wp-json\/wp\/v2\/media\/7032"}],"wp:attachment":[{"href":"https:\/\/roz.si\/de\/wp-json\/wp\/v2\/media?parent=7029"}],"wp:term":[{"taxonomy":"category","embeddable":true,"href":"https:\/\/roz.si\/de\/wp-json\/wp\/v2\/categories?post=7029"},{"taxonomy":"post_tag","embeddable":true,"href":"https:\/\/roz.si\/de\/wp-json\/wp\/v2\/tags?post=7029"}],"curies":[{"name":"wp","href":"https:\/\/api.w.org\/{rel}","templated":true}]}}